{"id":25039,"date":"2016-06-21T07:34:00","date_gmt":"2016-06-21T05:34:00","guid":{"rendered":"http:\/\/esplac.cat\/?p=10947"},"modified":"2019-10-15T18:16:42","modified_gmt":"2019-10-15T16:16:42","slug":"esplai-xirusplai-45-anys-deixant-petjada","status":"publish","type":"post","link":"https:\/\/www.esplac.cat\/es\/esplai-xirusplai-45-anys-deixant-petjada\/","title":{"rendered":"Esplai Xirusplai: 45 anys deixant petjada"},"content":{"rendered":"<h4>L&#8217;<a href=\"https:\/\/www.facebook.com\/xirusplai\/\" target=\"_blank\" rel=\"noopener noreferrer\">esplai Xirusplai<\/a> de Badalona compleix 45 anys de vida amb una festa plena d&#8217;activitats el pr\u00f2xim dissabte 25 de juny<\/h4>\n<p>A la d\u00e8cada dels 70, un grup de joves van decidir posar-se les piles i crear un espai on fer activitats per a infants i joves. Activitats relacionades amb l\u2019excursionisme, l\u2019entorn, la igualtat i la diversi\u00f3! Aquest espai acabaria sent el Xirusplai i mica en mica va anar agafant forma dins la ciutat de Badalona i guanyant import\u00e0ncia, fins al punt de ser un dels esplais fundadors d\u2019 Esplais Catalans, Esplac i una de les bases m\u00e9s importants d\u2019El C\u00edrcol!<\/p>\n<p>Molts infants han passat pel Xirus, moltes viv\u00e8ncies i aprenentatges que la nostra petjada va acumulant. \u2028Amb l\u2019energia de l\u2019esplai i un ex\u00e8rcit de monitores i monitors voluntaris, mitjan\u00e7ant el joc, la diversi\u00f3 i un fort esperit cr\u00edtic&#8230; eduquem en el lleure, eduquem per transformar!<\/p>\n<p>\u00c9s per aix\u00f2 que us volem convidar a la magn\u00edfica festa que hem organitzat per tal de celebrar amb tots i totes vosaltres el nostre 45\u00e8 aniversari.! Una festa organitzada per les monitores i monitors amb tota la il\u00b7lusi\u00f3 del m\u00f3n i pensant en els infants, joves i fam\u00edlies de l&#8217;esplai, de Badalona i d&#8217;arreu!\u2028\u2028 Aquesta \u00e9s la programaci\u00f3:<\/p>\n<p style=\"padding-left: 30px;\"><strong>17:00h TARDA DE M\u00c0GIA\u2028:\u00a0<\/strong>Comen\u00e7arem la jornada amb un espectacle de m\u00e0gia protagonitzat pel nostre monitor i mag Guillem Bautista! Un espectacle proper, diversi\u00f3 assegurada i interacci\u00f3 cont\u00ednua amb el p\u00fablic i els infants!<\/p>\n<p style=\"padding-left: 30px;\"><strong>18:00h XOCOLATADA:<\/strong> \u2028A l&#8217;hora de berenar farem una magn\u00edfica xocolatada amb melindros, acompanyada de m\u00fasica i bon ambient!<\/p>\n<p style=\"padding-left: 30px;\"><strong>18:30h ANIMACI\u00d3 INFANTIL\u2028:<\/strong> A remenar l&#8217;esquelet amb Els Somiatruites! Podrem gaudir d&#8217;un concert per als m\u00e9s xics i a ballar de valent!<\/p>\n<p style=\"padding-left: 30px;\"><strong>20:00h-22:00h VINYL SESSION\u2028:<\/strong> Sessi\u00f3 de m\u00fasica negra en vinil a c\u00e0rrec de Dimas selector. Des de el Blues de Filad\u00e8ldia fins al Disco-Funk de Chicago. Repassarem els hits que van marcar una \u00e8poca i un abans i un despr\u00e9s en la hist\u00f2ria de la m\u00fasica contempor\u00e0nia.<\/p>\n<p style=\"padding-left: 30px;\"><strong>22:00h NIT JOVE\u2028\u2028:<\/strong><\/p>\n<p style=\"padding-left: 30px;\">&#8211; A4 REGGAE ORCHESTRA: \u2028Aquesta banda de 9 membres duen la m\u00fasica jamaicana a la sang. Amb un repert\u00f2ri tocat a ritme de Reggae, Ska i Rocksteady, reivindiquen grans obres de la hist\u00f2ria de la m\u00fasica, que ens faran ballar sense parar!<\/p>\n<p style=\"padding-left: 30px;\">&#8211; SKAB\u00d2RIES\u2028: Un grup de 7 joves del Poblenou que donaran canya a ritme d&#8217;ska festiu i combatiu!<\/p>\n<p style=\"padding-left: 30px;\">&#8211; TROPICAL PARTY (DJ Nete)<\/p>\n<p>Som monis d&#8217;esplai i es no ens atura! PER MOLTS ANYS!<\/p>\n<p><a href=\"https:\/\/www.facebook.com\/events\/289163698137992\/\" target=\"_blank\" rel=\"noopener noreferrer\"><strong>Cliqueu aqu\u00ed per veure l&#8217;esdeveniment de Facebook de l&#8217;aniversari<\/strong><\/a><\/p>\n","protected":false},"excerpt":{"rendered":"<p>L&#8217;esplai Xirusplai de Badalona compleix 45 anys de vida amb [&hellip;]<\/p>\n","protected":false},"author":3,"featured_media":25040,"comment_status":"closed","ping_status":"open","sticky":false,"template":"","format":"standard","meta":{"om_disable_all_campaigns":false,"_monsterinsights_skip_tracking":false,"_monsterinsights_sitenote_active":false,"_monsterinsights_sitenote_note":"","_monsterinsights_sitenote_category":0,"_uf_show_specific_survey":0,"_uf_disable_surveys":false,"footnotes":""},"categories":[1110,1132],"tags":[757,236,146,667],"class_list":["post-25039","post","type-post","status-publish","format-standard","has-post-thumbnail","hentry","category-activitats-sectors","category-baix-besos","tag-45e-aniversari","tag-aniversaris","tag-sector-barcelones-nord","tag-xirusplai"],"yoast_head":"<!-- This site is optimized with the Yoast SEO plugin v27.4 - https:\/\/yoast.com\/product\/yoast-seo-wordpress\/ -->\n<title>Esplai Xirusplai: 45 anys deixant petjada - Esplac<\/title>\n<meta name=\"robots\" content=\"index, follow, max-snippet:-1, max-image-preview:large, max-video-preview:-1\" \/>\n<link rel=\"canonical\" href=\"https:\/\/www.esplac.cat\/esplai-xirusplai-45-anys-deixant-petjada\/\" \/>\n<meta property=\"og:locale\" content=\"es_ES\" \/>\n<meta property=\"og:type\" content=\"article\" \/>\n<meta property=\"og:title\" content=\"Esplai Xirusplai: 45 anys deixant petjada - Esplac\" \/>\n<meta property=\"og:description\" content=\"L&#8217;esplai Xirusplai de Badalona compleix 45 anys de vida amb [&hellip;]\" \/>\n<meta property=\"og:url\" content=\"https:\/\/www.esplac.cat\/esplai-xirusplai-45-anys-deixant-petjada\/\" \/>\n<meta property=\"og:site_name\" content=\"Esplac\" \/>\n<meta property=\"article:published_time\" content=\"2016-06-21T05:34:00+00:00\" \/>\n<meta property=\"article:modified_time\" content=\"2019-10-15T16:16:42+00:00\" \/>\n<meta property=\"og:image\" content=\"https:\/\/www.esplac.cat\/wp-content\/uploads\/2016\/06\/20160621_45anys-Xirusplai.jpg\" \/>\n\t<meta property=\"og:image:width\" content=\"847\" \/>\n\t<meta property=\"og:image:height\" content=\"350\" \/>\n\t<meta property=\"og:image:type\" content=\"image\/jpeg\" \/>\n<meta name=\"author\" content=\"Comunicaci\u00f3 Esplac\" \/>\n<meta name=\"twitter:card\" content=\"summary_large_image\" \/>\n<meta name=\"twitter:label1\" content=\"Escrito por\" \/>\n\t<meta name=\"twitter:data1\" content=\"Comunicaci\u00f3 Esplac\" \/>\n\t<meta name=\"twitter:label2\" content=\"Tiempo de lectura\" \/>\n\t<meta name=\"twitter:data2\" content=\"2 minutos\" \/>\n<script type=\"application\/ld+json\" class=\"yoast-schema-graph\">{\"@context\":\"https:\\\/\\\/schema.org\",\"@graph\":[{\"@type\":\"Article\",\"@id\":\"https:\\\/\\\/www.esplac.cat\\\/esplai-xirusplai-45-anys-deixant-petjada\\\/#article\",\"isPartOf\":{\"@id\":\"https:\\\/\\\/www.esplac.cat\\\/esplai-xirusplai-45-anys-deixant-petjada\\\/\"},\"author\":{\"name\":\"Comunicaci\u00f3 Esplac\",\"@id\":\"https:\\\/\\\/www.esplac.cat\\\/#\\\/schema\\\/person\\\/908383cf240be18b68f8855d0583faca\"},\"headline\":\"Esplai Xirusplai: 45 anys deixant petjada\",\"datePublished\":\"2016-06-21T05:34:00+00:00\",\"dateModified\":\"2019-10-15T16:16:42+00:00\",\"mainEntityOfPage\":{\"@id\":\"https:\\\/\\\/www.esplac.cat\\\/esplai-xirusplai-45-anys-deixant-petjada\\\/\"},\"wordCount\":461,\"publisher\":{\"@id\":\"https:\\\/\\\/www.esplac.cat\\\/#organization\"},\"image\":{\"@id\":\"https:\\\/\\\/www.esplac.cat\\\/esplai-xirusplai-45-anys-deixant-petjada\\\/#primaryimage\"},\"thumbnailUrl\":\"https:\\\/\\\/www.esplac.cat\\\/wp-content\\\/uploads\\\/2016\\\/06\\\/20160621_45anys-Xirusplai.jpg\",\"keywords\":[\"45\u00e8 aniversari\",\"aniversaris\",\"sector Barcelon\u00e8s Nord\",\"xirusplai\"],\"articleSection\":[\"Activitats sectors\",\"Sector Baix Bes\u00f2s\"],\"inLanguage\":\"es\"},{\"@type\":\"WebPage\",\"@id\":\"https:\\\/\\\/www.esplac.cat\\\/esplai-xirusplai-45-anys-deixant-petjada\\\/\",\"url\":\"https:\\\/\\\/www.esplac.cat\\\/esplai-xirusplai-45-anys-deixant-petjada\\\/\",\"name\":\"Esplai Xirusplai: 45 anys deixant petjada - Esplac\",\"isPartOf\":{\"@id\":\"https:\\\/\\\/www.esplac.cat\\\/#website\"},\"primaryImageOfPage\":{\"@id\":\"https:\\\/\\\/www.esplac.cat\\\/esplai-xirusplai-45-anys-deixant-petjada\\\/#primaryimage\"},\"image\":{\"@id\":\"https:\\\/\\\/www.esplac.cat\\\/esplai-xirusplai-45-anys-deixant-petjada\\\/#primaryimage\"},\"thumbnailUrl\":\"https:\\\/\\\/www.esplac.cat\\\/wp-content\\\/uploads\\\/2016\\\/06\\\/20160621_45anys-Xirusplai.jpg\",\"datePublished\":\"2016-06-21T05:34:00+00:00\",\"dateModified\":\"2019-10-15T16:16:42+00:00\",\"breadcrumb\":{\"@id\":\"https:\\\/\\\/www.esplac.cat\\\/esplai-xirusplai-45-anys-deixant-petjada\\\/#breadcrumb\"},\"inLanguage\":\"es\",\"potentialAction\":[{\"@type\":\"ReadAction\",\"target\":[\"https:\\\/\\\/www.esplac.cat\\\/esplai-xirusplai-45-anys-deixant-petjada\\\/\"]}]},{\"@type\":\"ImageObject\",\"inLanguage\":\"es\",\"@id\":\"https:\\\/\\\/www.esplac.cat\\\/esplai-xirusplai-45-anys-deixant-petjada\\\/#primaryimage\",\"url\":\"https:\\\/\\\/www.esplac.cat\\\/wp-content\\\/uploads\\\/2016\\\/06\\\/20160621_45anys-Xirusplai.jpg\",\"contentUrl\":\"https:\\\/\\\/www.esplac.cat\\\/wp-content\\\/uploads\\\/2016\\\/06\\\/20160621_45anys-Xirusplai.jpg\",\"width\":847,\"height\":350},{\"@type\":\"BreadcrumbList\",\"@id\":\"https:\\\/\\\/www.esplac.cat\\\/esplai-xirusplai-45-anys-deixant-petjada\\\/#breadcrumb\",\"itemListElement\":[{\"@type\":\"ListItem\",\"position\":1,\"name\":\"Inici\",\"item\":\"https:\\\/\\\/www.esplac.cat\\\/es\\\/\"},{\"@type\":\"ListItem\",\"position\":2,\"name\":\"Esplai Xirusplai: 45 anys deixant petjada\"}]},{\"@type\":\"WebSite\",\"@id\":\"https:\\\/\\\/www.esplac.cat\\\/#website\",\"url\":\"https:\\\/\\\/www.esplac.cat\\\/\",\"name\":\"Esplac\",\"description\":\"Esplais Catalans\",\"publisher\":{\"@id\":\"https:\\\/\\\/www.esplac.cat\\\/#organization\"},\"potentialAction\":[{\"@type\":\"SearchAction\",\"target\":{\"@type\":\"EntryPoint\",\"urlTemplate\":\"https:\\\/\\\/www.esplac.cat\\\/?s={search_term_string}\"},\"query-input\":{\"@type\":\"PropertyValueSpecification\",\"valueRequired\":true,\"valueName\":\"search_term_string\"}}],\"inLanguage\":\"es\"},{\"@type\":\"Organization\",\"@id\":\"https:\\\/\\\/www.esplac.cat\\\/#organization\",\"name\":\"Esplac\",\"url\":\"https:\\\/\\\/www.esplac.cat\\\/\",\"logo\":{\"@type\":\"ImageObject\",\"inLanguage\":\"es\",\"@id\":\"https:\\\/\\\/www.esplac.cat\\\/#\\\/schema\\\/logo\\\/image\\\/\",\"url\":\"https:\\\/\\\/www.esplac.cat\\\/wp-content\\\/uploads\\\/2019\\\/08\\\/logox2.png\",\"contentUrl\":\"https:\\\/\\\/www.esplac.cat\\\/wp-content\\\/uploads\\\/2019\\\/08\\\/logox2.png\",\"width\":600,\"height\":295,\"caption\":\"Esplac\"},\"image\":{\"@id\":\"https:\\\/\\\/www.esplac.cat\\\/#\\\/schema\\\/logo\\\/image\\\/\"}},{\"@type\":\"Person\",\"@id\":\"https:\\\/\\\/www.esplac.cat\\\/#\\\/schema\\\/person\\\/908383cf240be18b68f8855d0583faca\",\"name\":\"Comunicaci\u00f3 Esplac\",\"image\":{\"@type\":\"ImageObject\",\"inLanguage\":\"es\",\"@id\":\"https:\\\/\\\/secure.gravatar.com\\\/avatar\\\/7a4cf8feb412a76ea4a740ca02d95b06b2907b5a6c648c2dd0a1082a093c3141?s=96&d=mm&r=g\",\"url\":\"https:\\\/\\\/secure.gravatar.com\\\/avatar\\\/7a4cf8feb412a76ea4a740ca02d95b06b2907b5a6c648c2dd0a1082a093c3141?s=96&d=mm&r=g\",\"contentUrl\":\"https:\\\/\\\/secure.gravatar.com\\\/avatar\\\/7a4cf8feb412a76ea4a740ca02d95b06b2907b5a6c648c2dd0a1082a093c3141?s=96&d=mm&r=g\",\"caption\":\"Comunicaci\u00f3 Esplac\"}}]}<\/script>\n<!-- \/ Yoast SEO plugin. -->","yoast_head_json":{"title":"Esplai Xirusplai: 45 anys deixant petjada - Esplac","robots":{"index":"index","follow":"follow","max-snippet":"max-snippet:-1","max-image-preview":"max-image-preview:large","max-video-preview":"max-video-preview:-1"},"canonical":"https:\/\/www.esplac.cat\/esplai-xirusplai-45-anys-deixant-petjada\/","og_locale":"es_ES","og_type":"article","og_title":"Esplai Xirusplai: 45 anys deixant petjada - Esplac","og_description":"L&#8217;esplai Xirusplai de Badalona compleix 45 anys de vida amb [&hellip;]","og_url":"https:\/\/www.esplac.cat\/esplai-xirusplai-45-anys-deixant-petjada\/","og_site_name":"Esplac","article_published_time":"2016-06-21T05:34:00+00:00","article_modified_time":"2019-10-15T16:16:42+00:00","og_image":[{"width":847,"height":350,"url":"https:\/\/www.esplac.cat\/wp-content\/uploads\/2016\/06\/20160621_45anys-Xirusplai.jpg","type":"image\/jpeg"}],"author":"Comunicaci\u00f3 Esplac","twitter_card":"summary_large_image","twitter_misc":{"Escrito por":"Comunicaci\u00f3 Esplac","Tiempo de lectura":"2 minutos"},"schema":{"@context":"https:\/\/schema.org","@graph":[{"@type":"Article","@id":"https:\/\/www.esplac.cat\/esplai-xirusplai-45-anys-deixant-petjada\/#article","isPartOf":{"@id":"https:\/\/www.esplac.cat\/esplai-xirusplai-45-anys-deixant-petjada\/"},"author":{"name":"Comunicaci\u00f3 Esplac","@id":"https:\/\/www.esplac.cat\/#\/schema\/person\/908383cf240be18b68f8855d0583faca"},"headline":"Esplai Xirusplai: 45 anys deixant petjada","datePublished":"2016-06-21T05:34:00+00:00","dateModified":"2019-10-15T16:16:42+00:00","mainEntityOfPage":{"@id":"https:\/\/www.esplac.cat\/esplai-xirusplai-45-anys-deixant-petjada\/"},"wordCount":461,"publisher":{"@id":"https:\/\/www.esplac.cat\/#organization"},"image":{"@id":"https:\/\/www.esplac.cat\/esplai-xirusplai-45-anys-deixant-petjada\/#primaryimage"},"thumbnailUrl":"https:\/\/www.esplac.cat\/wp-content\/uploads\/2016\/06\/20160621_45anys-Xirusplai.jpg","keywords":["45\u00e8 aniversari","aniversaris","sector Barcelon\u00e8s Nord","xirusplai"],"articleSection":["Activitats sectors","Sector Baix Bes\u00f2s"],"inLanguage":"es"},{"@type":"WebPage","@id":"https:\/\/www.esplac.cat\/esplai-xirusplai-45-anys-deixant-petjada\/","url":"https:\/\/www.esplac.cat\/esplai-xirusplai-45-anys-deixant-petjada\/","name":"Esplai Xirusplai: 45 anys deixant petjada - Esplac","isPartOf":{"@id":"https:\/\/www.esplac.cat\/#website"},"primaryImageOfPage":{"@id":"https:\/\/www.esplac.cat\/esplai-xirusplai-45-anys-deixant-petjada\/#primaryimage"},"image":{"@id":"https:\/\/www.esplac.cat\/esplai-xirusplai-45-anys-deixant-petjada\/#primaryimage"},"thumbnailUrl":"https:\/\/www.esplac.cat\/wp-content\/uploads\/2016\/06\/20160621_45anys-Xirusplai.jpg","datePublished":"2016-06-21T05:34:00+00:00","dateModified":"2019-10-15T16:16:42+00:00","breadcrumb":{"@id":"https:\/\/www.esplac.cat\/esplai-xirusplai-45-anys-deixant-petjada\/#breadcrumb"},"inLanguage":"es","potentialAction":[{"@type":"ReadAction","target":["https:\/\/www.esplac.cat\/esplai-xirusplai-45-anys-deixant-petjada\/"]}]},{"@type":"ImageObject","inLanguage":"es","@id":"https:\/\/www.esplac.cat\/esplai-xirusplai-45-anys-deixant-petjada\/#primaryimage","url":"https:\/\/www.esplac.cat\/wp-content\/uploads\/2016\/06\/20160621_45anys-Xirusplai.jpg","contentUrl":"https:\/\/www.esplac.cat\/wp-content\/uploads\/2016\/06\/20160621_45anys-Xirusplai.jpg","width":847,"height":350},{"@type":"BreadcrumbList","@id":"https:\/\/www.esplac.cat\/esplai-xirusplai-45-anys-deixant-petjada\/#breadcrumb","itemListElement":[{"@type":"ListItem","position":1,"name":"Inici","item":"https:\/\/www.esplac.cat\/es\/"},{"@type":"ListItem","position":2,"name":"Esplai Xirusplai: 45 anys deixant petjada"}]},{"@type":"WebSite","@id":"https:\/\/www.esplac.cat\/#website","url":"https:\/\/www.esplac.cat\/","name":"Esplac","description":"Esplais Catalans","publisher":{"@id":"https:\/\/www.esplac.cat\/#organization"},"potentialAction":[{"@type":"SearchAction","target":{"@type":"EntryPoint","urlTemplate":"https:\/\/www.esplac.cat\/?s={search_term_string}"},"query-input":{"@type":"PropertyValueSpecification","valueRequired":true,"valueName":"search_term_string"}}],"inLanguage":"es"},{"@type":"Organization","@id":"https:\/\/www.esplac.cat\/#organization","name":"Esplac","url":"https:\/\/www.esplac.cat\/","logo":{"@type":"ImageObject","inLanguage":"es","@id":"https:\/\/www.esplac.cat\/#\/schema\/logo\/image\/","url":"https:\/\/www.esplac.cat\/wp-content\/uploads\/2019\/08\/logox2.png","contentUrl":"https:\/\/www.esplac.cat\/wp-content\/uploads\/2019\/08\/logox2.png","width":600,"height":295,"caption":"Esplac"},"image":{"@id":"https:\/\/www.esplac.cat\/#\/schema\/logo\/image\/"}},{"@type":"Person","@id":"https:\/\/www.esplac.cat\/#\/schema\/person\/908383cf240be18b68f8855d0583faca","name":"Comunicaci\u00f3 Esplac","image":{"@type":"ImageObject","inLanguage":"es","@id":"https:\/\/secure.gravatar.com\/avatar\/7a4cf8feb412a76ea4a740ca02d95b06b2907b5a6c648c2dd0a1082a093c3141?s=96&d=mm&r=g","url":"https:\/\/secure.gravatar.com\/avatar\/7a4cf8feb412a76ea4a740ca02d95b06b2907b5a6c648c2dd0a1082a093c3141?s=96&d=mm&r=g","contentUrl":"https:\/\/secure.gravatar.com\/avatar\/7a4cf8feb412a76ea4a740ca02d95b06b2907b5a6c648c2dd0a1082a093c3141?s=96&d=mm&r=g","caption":"Comunicaci\u00f3 Esplac"}}]}},"_links":{"self":[{"href":"https:\/\/www.esplac.cat\/es\/wp-json\/wp\/v2\/posts\/25039","targetHints":{"allow":["GET"]}}],"collection":[{"href":"https:\/\/www.esplac.cat\/es\/wp-json\/wp\/v2\/posts"}],"about":[{"href":"https:\/\/www.esplac.cat\/es\/wp-json\/wp\/v2\/types\/post"}],"author":[{"embeddable":true,"href":"https:\/\/www.esplac.cat\/es\/wp-json\/wp\/v2\/users\/3"}],"replies":[{"embeddable":true,"href":"https:\/\/www.esplac.cat\/es\/wp-json\/wp\/v2\/comments?post=25039"}],"version-history":[{"count":0,"href":"https:\/\/www.esplac.cat\/es\/wp-json\/wp\/v2\/posts\/25039\/revisions"}],"wp:featuredmedia":[{"embeddable":true,"href":"https:\/\/www.esplac.cat\/es\/wp-json\/wp\/v2\/media\/25040"}],"wp:attachment":[{"href":"https:\/\/www.esplac.cat\/es\/wp-json\/wp\/v2\/media?parent=25039"}],"wp:term":[{"taxonomy":"category","embeddable":true,"href":"https:\/\/www.esplac.cat\/es\/wp-json\/wp\/v2\/categories?post=25039"},{"taxonomy":"post_tag","embeddable":true,"href":"https:\/\/www.esplac.cat\/es\/wp-json\/wp\/v2\/tags?post=25039"}],"curies":[{"name":"wp","href":"https:\/\/api.w.org\/{rel}","templated":true}]}}