{"id":25041,"date":"2016-06-20T14:44:38","date_gmt":"2016-06-20T12:44:38","guid":{"rendered":"http:\/\/esplac.cat\/?p=10933"},"modified":"2019-10-15T18:16:43","modified_gmt":"2019-10-15T16:16:43","slug":"ultim-gran-comite-del-curs-ple-de-valoracions-i-propostes-pel-proxim-curs","status":"publish","type":"post","link":"https:\/\/www.esplac.cat\/es\/ultim-gran-comite-del-curs-ple-de-valoracions-i-propostes-pel-proxim-curs\/","title":{"rendered":"\u00daltim Gran Comit\u00e8 del curs ple de valoracions i propostes pel pr\u00f2xim pla de treball!"},"content":{"rendered":"<h4 style=\"text-align: justify;\">M\u00e9s de 30 dirigents d&#8217;Esplais Catalans van realitzar el darrer Gran Comit\u00e8 abans de l&#8217;estiu a l&#8217;esplai La Tribu de Matar\u00f3, on van valorar el curs i van plantejar els objectius pels futurs projectes dels esplais del curs 2016-17<\/h4>\n<p style=\"text-align: justify;\">Arriba l&#8217;estiu i \u00e9s temps de preparar\u00a0els campaments, col\u00f2nies i rutes i gaudir de les vacances amb l&#8217;esplai, la fam\u00edlia i els amics. Per\u00f2, abans, \u00e9s important aturar-se i mirar qu\u00e8 s&#8217;ha fet fins ara i cap a on volem anar, per engegar amb nous projectes i energia el curs vinent. Aix\u00f2 \u00e9s el que es va fer ahir\u00a0al Gran Comit\u00e8 d&#8217;Esplais Catalans, quart i \u00faltim d&#8217;aquest curs, on l&#8217;Equip de Direcci\u00f3 i els Equips Generals dels diferents sectors geogr\u00e0fics (en total, m\u00e9s de 30 persones) van\u00a0valorar els projectes realitzats fins ara i van\u00a0proposar i debatre millores de cara al curs vinent, en base a les propostes fetes pels esplais en les diferents reunions de sector.<\/p>\n<p style=\"text-align: justify;\">En aquest espai es van\u00a0consolidar les bases per a la renovaci\u00f3\u00a0del Reglament de R\u00e8gim Intern i els Estatuts de l&#8217;associaci\u00f3 gr\u00e0cies a les aportacions\u00a0dels esplais. Tamb\u00e9 es van\u00a0realitzar\u00a0diferents din\u00e0miques per pensar\u00a0com treballem l&#8217;apropament entre\u00a0dirigents i la resta de monitores i monitors dels esplais.<\/p>\n<p style=\"text-align: justify;\">Un dels plats forts de la reuni\u00f3 de dirigents va ser el moment de\u00a0repassar tots els projectes realitzats per Esplais Catalans durant el curs, destacant punts forts i febles i plantejant si cadascun d&#8217;ells t\u00e9\u00a0continu\u00eftat i quins objectius hauria de marcar-se\u00a0de cara al pr\u00f2xim curs.<\/p>\n<p style=\"text-align: justify;\">A m\u00e9s, els i les dirigents van traslladar la valoraci\u00f3 dels esplais sobre la Monifesta&#8217;t 2016 de Berga i van poder compartir quin \u00e9s l&#8217;estat del relleu dins dels Equips Generals de cada sector de cara al curs vinent.<\/p>\n<p style=\"text-align: justify;\">Una jornada molt profitosa, plena de debats, feina i cohesi\u00f3, un dia\u00a0per a\u00a0fer balan\u00e7 i mirar cap al futur. Ara toca seguir treballant tots els\u00a0projectes als sectors i als esplais! Som\u00a0#monisimparables!<\/p>\n\n","protected":false},"excerpt":{"rendered":"<p>M\u00e9s de 30 dirigents d&#8217;Esplais Catalans van realitzar el darrer [&hellip;]<\/p>\n","protected":false},"author":3,"featured_media":25048,"comment_status":"closed","ping_status":"open","sticky":false,"template":"","format":"standard","meta":{"om_disable_all_campaigns":false,"_monsterinsights_skip_tracking":false,"_monsterinsights_sitenote_active":false,"_monsterinsights_sitenote_note":"","_monsterinsights_sitenote_category":0,"_uf_show_specific_survey":0,"_uf_disable_surveys":false,"footnotes":""},"categories":[1111,1],"tags":[671,756,148,750],"class_list":["post-25041","post","type-post","status-publish","format-standard","has-post-thumbnail","hentry","category-activitats-esplac","category-sense-categoria","tag-monisimparables","tag-dirgents","tag-gran-comite","tag-mataro"],"yoast_head":"<!-- This site is optimized with the Yoast SEO plugin v27.5 - https:\/\/yoast.com\/product\/yoast-seo-wordpress\/ -->\n<title>\u00daltim Gran Comit\u00e8 del curs ple de valoracions i propostes pel pr\u00f2xim pla de treball! - Esplac<\/title>\n<meta name=\"robots\" content=\"index, follow, max-snippet:-1, max-image-preview:large, max-video-preview:-1\" \/>\n<link rel=\"canonical\" href=\"https:\/\/www.esplac.cat\/ultim-gran-comite-del-curs-ple-de-valoracions-i-propostes-pel-proxim-curs\/\" \/>\n<meta property=\"og:locale\" content=\"es_ES\" \/>\n<meta property=\"og:type\" content=\"article\" \/>\n<meta property=\"og:title\" content=\"\u00daltim Gran Comit\u00e8 del curs ple de valoracions i propostes pel pr\u00f2xim pla de treball! - Esplac\" \/>\n<meta property=\"og:description\" content=\"M\u00e9s de 30 dirigents d&#8217;Esplais Catalans van realitzar el darrer [&hellip;]\" \/>\n<meta property=\"og:url\" content=\"https:\/\/www.esplac.cat\/ultim-gran-comite-del-curs-ple-de-valoracions-i-propostes-pel-proxim-curs\/\" \/>\n<meta property=\"og:site_name\" content=\"Esplac\" \/>\n<meta property=\"article:published_time\" content=\"2016-06-20T12:44:38+00:00\" \/>\n<meta property=\"article:modified_time\" content=\"2019-10-15T16:16:43+00:00\" \/>\n<meta property=\"og:image\" content=\"https:\/\/www.esplac.cat\/wp-content\/uploads\/2016\/06\/20160620_GC-juny.jpg\" \/>\n\t<meta property=\"og:image:width\" content=\"847\" \/>\n\t<meta property=\"og:image:height\" content=\"350\" \/>\n\t<meta property=\"og:image:type\" content=\"image\/jpeg\" \/>\n<meta name=\"author\" content=\"Comunicaci\u00f3 Esplac\" \/>\n<meta name=\"twitter:card\" content=\"summary_large_image\" \/>\n<meta name=\"twitter:label1\" content=\"Escrito por\" \/>\n\t<meta name=\"twitter:data1\" content=\"Comunicaci\u00f3 Esplac\" \/>\n\t<meta name=\"twitter:label2\" content=\"Tiempo de lectura\" \/>\n\t<meta name=\"twitter:data2\" content=\"2 minutos\" \/>\n<script type=\"application\/ld+json\" class=\"yoast-schema-graph\">{\"@context\":\"https:\\\/\\\/schema.org\",\"@graph\":[{\"@type\":\"Article\",\"@id\":\"https:\\\/\\\/www.esplac.cat\\\/ultim-gran-comite-del-curs-ple-de-valoracions-i-propostes-pel-proxim-curs\\\/#article\",\"isPartOf\":{\"@id\":\"https:\\\/\\\/www.esplac.cat\\\/ultim-gran-comite-del-curs-ple-de-valoracions-i-propostes-pel-proxim-curs\\\/\"},\"author\":{\"name\":\"Comunicaci\u00f3 Esplac\",\"@id\":\"https:\\\/\\\/www.esplac.cat\\\/#\\\/schema\\\/person\\\/908383cf240be18b68f8855d0583faca\"},\"headline\":\"\u00daltim Gran Comit\u00e8 del curs ple de valoracions i propostes pel pr\u00f2xim pla de treball!\",\"datePublished\":\"2016-06-20T12:44:38+00:00\",\"dateModified\":\"2019-10-15T16:16:43+00:00\",\"mainEntityOfPage\":{\"@id\":\"https:\\\/\\\/www.esplac.cat\\\/ultim-gran-comite-del-curs-ple-de-valoracions-i-propostes-pel-proxim-curs\\\/\"},\"wordCount\":371,\"publisher\":{\"@id\":\"https:\\\/\\\/www.esplac.cat\\\/#organization\"},\"image\":{\"@id\":\"https:\\\/\\\/www.esplac.cat\\\/ultim-gran-comite-del-curs-ple-de-valoracions-i-propostes-pel-proxim-curs\\\/#primaryimage\"},\"thumbnailUrl\":\"https:\\\/\\\/www.esplac.cat\\\/wp-content\\\/uploads\\\/2016\\\/06\\\/20160620_GC-juny.jpg\",\"keywords\":[\"#MonisImparables\",\"dirgents\",\"gran comite\",\"Matar\u00f3\"],\"articleSection\":[\"Activitats esplac\",\"Sense categoria\"],\"inLanguage\":\"es\"},{\"@type\":\"WebPage\",\"@id\":\"https:\\\/\\\/www.esplac.cat\\\/ultim-gran-comite-del-curs-ple-de-valoracions-i-propostes-pel-proxim-curs\\\/\",\"url\":\"https:\\\/\\\/www.esplac.cat\\\/ultim-gran-comite-del-curs-ple-de-valoracions-i-propostes-pel-proxim-curs\\\/\",\"name\":\"\u00daltim Gran Comit\u00e8 del curs ple de valoracions i propostes pel pr\u00f2xim pla de treball! - Esplac\",\"isPartOf\":{\"@id\":\"https:\\\/\\\/www.esplac.cat\\\/#website\"},\"primaryImageOfPage\":{\"@id\":\"https:\\\/\\\/www.esplac.cat\\\/ultim-gran-comite-del-curs-ple-de-valoracions-i-propostes-pel-proxim-curs\\\/#primaryimage\"},\"image\":{\"@id\":\"https:\\\/\\\/www.esplac.cat\\\/ultim-gran-comite-del-curs-ple-de-valoracions-i-propostes-pel-proxim-curs\\\/#primaryimage\"},\"thumbnailUrl\":\"https:\\\/\\\/www.esplac.cat\\\/wp-content\\\/uploads\\\/2016\\\/06\\\/20160620_GC-juny.jpg\",\"datePublished\":\"2016-06-20T12:44:38+00:00\",\"dateModified\":\"2019-10-15T16:16:43+00:00\",\"breadcrumb\":{\"@id\":\"https:\\\/\\\/www.esplac.cat\\\/ultim-gran-comite-del-curs-ple-de-valoracions-i-propostes-pel-proxim-curs\\\/#breadcrumb\"},\"inLanguage\":\"es\",\"potentialAction\":[{\"@type\":\"ReadAction\",\"target\":[\"https:\\\/\\\/www.esplac.cat\\\/ultim-gran-comite-del-curs-ple-de-valoracions-i-propostes-pel-proxim-curs\\\/\"]}]},{\"@type\":\"ImageObject\",\"inLanguage\":\"es\",\"@id\":\"https:\\\/\\\/www.esplac.cat\\\/ultim-gran-comite-del-curs-ple-de-valoracions-i-propostes-pel-proxim-curs\\\/#primaryimage\",\"url\":\"https:\\\/\\\/www.esplac.cat\\\/wp-content\\\/uploads\\\/2016\\\/06\\\/20160620_GC-juny.jpg\",\"contentUrl\":\"https:\\\/\\\/www.esplac.cat\\\/wp-content\\\/uploads\\\/2016\\\/06\\\/20160620_GC-juny.jpg\",\"width\":847,\"height\":350},{\"@type\":\"BreadcrumbList\",\"@id\":\"https:\\\/\\\/www.esplac.cat\\\/ultim-gran-comite-del-curs-ple-de-valoracions-i-propostes-pel-proxim-curs\\\/#breadcrumb\",\"itemListElement\":[{\"@type\":\"ListItem\",\"position\":1,\"name\":\"Inici\",\"item\":\"https:\\\/\\\/www.esplac.cat\\\/es\\\/\"},{\"@type\":\"ListItem\",\"position\":2,\"name\":\"\u00daltim Gran Comit\u00e8 del curs ple de valoracions i propostes pel pr\u00f2xim pla de treball!\"}]},{\"@type\":\"WebSite\",\"@id\":\"https:\\\/\\\/www.esplac.cat\\\/#website\",\"url\":\"https:\\\/\\\/www.esplac.cat\\\/\",\"name\":\"Esplac\",\"description\":\"Esplais Catalans\",\"publisher\":{\"@id\":\"https:\\\/\\\/www.esplac.cat\\\/#organization\"},\"potentialAction\":[{\"@type\":\"SearchAction\",\"target\":{\"@type\":\"EntryPoint\",\"urlTemplate\":\"https:\\\/\\\/www.esplac.cat\\\/?s={search_term_string}\"},\"query-input\":{\"@type\":\"PropertyValueSpecification\",\"valueRequired\":true,\"valueName\":\"search_term_string\"}}],\"inLanguage\":\"es\"},{\"@type\":\"Organization\",\"@id\":\"https:\\\/\\\/www.esplac.cat\\\/#organization\",\"name\":\"Esplac\",\"url\":\"https:\\\/\\\/www.esplac.cat\\\/\",\"logo\":{\"@type\":\"ImageObject\",\"inLanguage\":\"es\",\"@id\":\"https:\\\/\\\/www.esplac.cat\\\/#\\\/schema\\\/logo\\\/image\\\/\",\"url\":\"https:\\\/\\\/www.esplac.cat\\\/wp-content\\\/uploads\\\/2019\\\/08\\\/logox2.png\",\"contentUrl\":\"https:\\\/\\\/www.esplac.cat\\\/wp-content\\\/uploads\\\/2019\\\/08\\\/logox2.png\",\"width\":600,\"height\":295,\"caption\":\"Esplac\"},\"image\":{\"@id\":\"https:\\\/\\\/www.esplac.cat\\\/#\\\/schema\\\/logo\\\/image\\\/\"}},{\"@type\":\"Person\",\"@id\":\"https:\\\/\\\/www.esplac.cat\\\/#\\\/schema\\\/person\\\/908383cf240be18b68f8855d0583faca\",\"name\":\"Comunicaci\u00f3 Esplac\",\"image\":{\"@type\":\"ImageObject\",\"inLanguage\":\"es\",\"@id\":\"https:\\\/\\\/secure.gravatar.com\\\/avatar\\\/7a4cf8feb412a76ea4a740ca02d95b06b2907b5a6c648c2dd0a1082a093c3141?s=96&d=mm&r=g\",\"url\":\"https:\\\/\\\/secure.gravatar.com\\\/avatar\\\/7a4cf8feb412a76ea4a740ca02d95b06b2907b5a6c648c2dd0a1082a093c3141?s=96&d=mm&r=g\",\"contentUrl\":\"https:\\\/\\\/secure.gravatar.com\\\/avatar\\\/7a4cf8feb412a76ea4a740ca02d95b06b2907b5a6c648c2dd0a1082a093c3141?s=96&d=mm&r=g\",\"caption\":\"Comunicaci\u00f3 Esplac\"}}]}<\/script>\n<!-- \/ Yoast SEO plugin. -->","yoast_head_json":{"title":"\u00daltim Gran Comit\u00e8 del curs ple de valoracions i propostes pel pr\u00f2xim pla de treball! - Esplac","robots":{"index":"index","follow":"follow","max-snippet":"max-snippet:-1","max-image-preview":"max-image-preview:large","max-video-preview":"max-video-preview:-1"},"canonical":"https:\/\/www.esplac.cat\/ultim-gran-comite-del-curs-ple-de-valoracions-i-propostes-pel-proxim-curs\/","og_locale":"es_ES","og_type":"article","og_title":"\u00daltim Gran Comit\u00e8 del curs ple de valoracions i propostes pel pr\u00f2xim pla de treball! - Esplac","og_description":"M\u00e9s de 30 dirigents d&#8217;Esplais Catalans van realitzar el darrer [&hellip;]","og_url":"https:\/\/www.esplac.cat\/ultim-gran-comite-del-curs-ple-de-valoracions-i-propostes-pel-proxim-curs\/","og_site_name":"Esplac","article_published_time":"2016-06-20T12:44:38+00:00","article_modified_time":"2019-10-15T16:16:43+00:00","og_image":[{"width":847,"height":350,"url":"https:\/\/www.esplac.cat\/wp-content\/uploads\/2016\/06\/20160620_GC-juny.jpg","type":"image\/jpeg"}],"author":"Comunicaci\u00f3 Esplac","twitter_card":"summary_large_image","twitter_misc":{"Escrito por":"Comunicaci\u00f3 Esplac","Tiempo de lectura":"2 minutos"},"schema":{"@context":"https:\/\/schema.org","@graph":[{"@type":"Article","@id":"https:\/\/www.esplac.cat\/ultim-gran-comite-del-curs-ple-de-valoracions-i-propostes-pel-proxim-curs\/#article","isPartOf":{"@id":"https:\/\/www.esplac.cat\/ultim-gran-comite-del-curs-ple-de-valoracions-i-propostes-pel-proxim-curs\/"},"author":{"name":"Comunicaci\u00f3 Esplac","@id":"https:\/\/www.esplac.cat\/#\/schema\/person\/908383cf240be18b68f8855d0583faca"},"headline":"\u00daltim Gran Comit\u00e8 del curs ple de valoracions i propostes pel pr\u00f2xim pla de treball!","datePublished":"2016-06-20T12:44:38+00:00","dateModified":"2019-10-15T16:16:43+00:00","mainEntityOfPage":{"@id":"https:\/\/www.esplac.cat\/ultim-gran-comite-del-curs-ple-de-valoracions-i-propostes-pel-proxim-curs\/"},"wordCount":371,"publisher":{"@id":"https:\/\/www.esplac.cat\/#organization"},"image":{"@id":"https:\/\/www.esplac.cat\/ultim-gran-comite-del-curs-ple-de-valoracions-i-propostes-pel-proxim-curs\/#primaryimage"},"thumbnailUrl":"https:\/\/www.esplac.cat\/wp-content\/uploads\/2016\/06\/20160620_GC-juny.jpg","keywords":["#MonisImparables","dirgents","gran comite","Matar\u00f3"],"articleSection":["Activitats esplac","Sense categoria"],"inLanguage":"es"},{"@type":"WebPage","@id":"https:\/\/www.esplac.cat\/ultim-gran-comite-del-curs-ple-de-valoracions-i-propostes-pel-proxim-curs\/","url":"https:\/\/www.esplac.cat\/ultim-gran-comite-del-curs-ple-de-valoracions-i-propostes-pel-proxim-curs\/","name":"\u00daltim Gran Comit\u00e8 del curs ple de valoracions i propostes pel pr\u00f2xim pla de treball! - Esplac","isPartOf":{"@id":"https:\/\/www.esplac.cat\/#website"},"primaryImageOfPage":{"@id":"https:\/\/www.esplac.cat\/ultim-gran-comite-del-curs-ple-de-valoracions-i-propostes-pel-proxim-curs\/#primaryimage"},"image":{"@id":"https:\/\/www.esplac.cat\/ultim-gran-comite-del-curs-ple-de-valoracions-i-propostes-pel-proxim-curs\/#primaryimage"},"thumbnailUrl":"https:\/\/www.esplac.cat\/wp-content\/uploads\/2016\/06\/20160620_GC-juny.jpg","datePublished":"2016-06-20T12:44:38+00:00","dateModified":"2019-10-15T16:16:43+00:00","breadcrumb":{"@id":"https:\/\/www.esplac.cat\/ultim-gran-comite-del-curs-ple-de-valoracions-i-propostes-pel-proxim-curs\/#breadcrumb"},"inLanguage":"es","potentialAction":[{"@type":"ReadAction","target":["https:\/\/www.esplac.cat\/ultim-gran-comite-del-curs-ple-de-valoracions-i-propostes-pel-proxim-curs\/"]}]},{"@type":"ImageObject","inLanguage":"es","@id":"https:\/\/www.esplac.cat\/ultim-gran-comite-del-curs-ple-de-valoracions-i-propostes-pel-proxim-curs\/#primaryimage","url":"https:\/\/www.esplac.cat\/wp-content\/uploads\/2016\/06\/20160620_GC-juny.jpg","contentUrl":"https:\/\/www.esplac.cat\/wp-content\/uploads\/2016\/06\/20160620_GC-juny.jpg","width":847,"height":350},{"@type":"BreadcrumbList","@id":"https:\/\/www.esplac.cat\/ultim-gran-comite-del-curs-ple-de-valoracions-i-propostes-pel-proxim-curs\/#breadcrumb","itemListElement":[{"@type":"ListItem","position":1,"name":"Inici","item":"https:\/\/www.esplac.cat\/es\/"},{"@type":"ListItem","position":2,"name":"\u00daltim Gran Comit\u00e8 del curs ple de valoracions i propostes pel pr\u00f2xim pla de treball!"}]},{"@type":"WebSite","@id":"https:\/\/www.esplac.cat\/#website","url":"https:\/\/www.esplac.cat\/","name":"Esplac","description":"Esplais Catalans","publisher":{"@id":"https:\/\/www.esplac.cat\/#organization"},"potentialAction":[{"@type":"SearchAction","target":{"@type":"EntryPoint","urlTemplate":"https:\/\/www.esplac.cat\/?s={search_term_string}"},"query-input":{"@type":"PropertyValueSpecification","valueRequired":true,"valueName":"search_term_string"}}],"inLanguage":"es"},{"@type":"Organization","@id":"https:\/\/www.esplac.cat\/#organization","name":"Esplac","url":"https:\/\/www.esplac.cat\/","logo":{"@type":"ImageObject","inLanguage":"es","@id":"https:\/\/www.esplac.cat\/#\/schema\/logo\/image\/","url":"https:\/\/www.esplac.cat\/wp-content\/uploads\/2019\/08\/logox2.png","contentUrl":"https:\/\/www.esplac.cat\/wp-content\/uploads\/2019\/08\/logox2.png","width":600,"height":295,"caption":"Esplac"},"image":{"@id":"https:\/\/www.esplac.cat\/#\/schema\/logo\/image\/"}},{"@type":"Person","@id":"https:\/\/www.esplac.cat\/#\/schema\/person\/908383cf240be18b68f8855d0583faca","name":"Comunicaci\u00f3 Esplac","image":{"@type":"ImageObject","inLanguage":"es","@id":"https:\/\/secure.gravatar.com\/avatar\/7a4cf8feb412a76ea4a740ca02d95b06b2907b5a6c648c2dd0a1082a093c3141?s=96&d=mm&r=g","url":"https:\/\/secure.gravatar.com\/avatar\/7a4cf8feb412a76ea4a740ca02d95b06b2907b5a6c648c2dd0a1082a093c3141?s=96&d=mm&r=g","contentUrl":"https:\/\/secure.gravatar.com\/avatar\/7a4cf8feb412a76ea4a740ca02d95b06b2907b5a6c648c2dd0a1082a093c3141?s=96&d=mm&r=g","caption":"Comunicaci\u00f3 Esplac"}}]}},"_links":{"self":[{"href":"https:\/\/www.esplac.cat\/es\/wp-json\/wp\/v2\/posts\/25041","targetHints":{"allow":["GET"]}}],"collection":[{"href":"https:\/\/www.esplac.cat\/es\/wp-json\/wp\/v2\/posts"}],"about":[{"href":"https:\/\/www.esplac.cat\/es\/wp-json\/wp\/v2\/types\/post"}],"author":[{"embeddable":true,"href":"https:\/\/www.esplac.cat\/es\/wp-json\/wp\/v2\/users\/3"}],"replies":[{"embeddable":true,"href":"https:\/\/www.esplac.cat\/es\/wp-json\/wp\/v2\/comments?post=25041"}],"version-history":[{"count":0,"href":"https:\/\/www.esplac.cat\/es\/wp-json\/wp\/v2\/posts\/25041\/revisions"}],"wp:featuredmedia":[{"embeddable":true,"href":"https:\/\/www.esplac.cat\/es\/wp-json\/wp\/v2\/media\/25048"}],"wp:attachment":[{"href":"https:\/\/www.esplac.cat\/es\/wp-json\/wp\/v2\/media?parent=25041"}],"wp:term":[{"taxonomy":"category","embeddable":true,"href":"https:\/\/www.esplac.cat\/es\/wp-json\/wp\/v2\/categories?post=25041"},{"taxonomy":"post_tag","embeddable":true,"href":"https:\/\/www.esplac.cat\/es\/wp-json\/wp\/v2\/tags?post=25041"}],"curies":[{"name":"wp","href":"https:\/\/api.w.org\/{rel}","templated":true}]}}