{"id":25053,"date":"2016-06-13T10:21:06","date_gmt":"2016-06-13T08:21:06","guid":{"rendered":"http:\/\/esplac.cat\/?p=10885"},"modified":"2019-10-15T18:16:59","modified_gmt":"2019-10-15T16:16:59","slug":"les-veus-de-transformareducant-en-videos","status":"publish","type":"post","link":"https:\/\/www.esplac.cat\/es\/les-veus-de-transformareducant-en-videos\/","title":{"rendered":"Les veus de #TransformarEducant, en v\u00eddeos"},"content":{"rendered":"<p>Com b\u00e9 sabeu, el projecte <a href=\"http:\/\/esplac.cat\/transformar-educant\/\" target=\"_blank\" rel=\"noopener noreferrer\"><strong>\u00abTransformar educant\u00bb<\/strong><\/a>, que consta de l&#8217;elaboraci\u00f3 d&#8217;un estudi hist\u00f2ric i un documental, est\u00e0 en marxa. El primer pas despr\u00e9s de finalitzar l&#8217;estudi ha estat el de llan\u00e7ar una <a href=\"https:\/\/www.verkami.com\/projects\/14968-transformar-educant-el-documental-dels-esplais-catalans\" target=\"_blank\" rel=\"noopener noreferrer\">campanya de micromecenatge<\/a> que far\u00e0 possible part del futur documental dels esplais laics a Catalunya.<\/p>\n<p>La productora barcelonina <a href=\"https:\/\/www.facebook.com\/productoraCamilleZonca\/?fref=ts\" target=\"_blank\" rel=\"noopener noreferrer\">Camille Zonca<\/a> s\u00f3n els encarregats de realitzar aquest documental, que ara est\u00e0 en fase de desenvolupament. Camille, que van visitar-nos a la Monifesta&#8217;t, han elaborat els diferents v\u00eddeos per a la campanya, on podeu veure diferents veus del projecte animant-nos a participar del Verkami.<\/p>\n<p>l&#8217;Albert Claret, autor de l&#8217;estudi hist\u00f2ric, ens explica en qu\u00e8 ha consistit aquesta feina, qu\u00e8 en destaca i per qu\u00e8 \u00e9s important aquest projecte per als esplais catalans:<\/p>\n<div class=\"video-shortcode\"><iframe class=\"fusion-hidden\" data-privacy-type=\"youtube\" src=\"\" title=\"#TransformarEducant | Una hist\u00f2ria dels esplais (Albert Claret)\" width=\"1200\" height=\"675\" data-privacy-src=\"https:\/\/www.youtube.com\/embed\/COFR3lJpDDQ?feature=oembed\" frameborder=\"0\" allow=\"accelerometer; autoplay; encrypted-media; gyroscope; picture-in-picture\" allowfullscreen><\/iframe><div class=\"fusion-privacy-placeholder\" style=\"width:1200px; height:675px;\" data-privacy-type=\"youtube\"><div class=\"fusion-privacy-placeholder-content\"><div class=\"fusion-privacy-label\">For privacy reasons YouTube needs your permission to be loaded. For more details, please see our <a class=\"privacy-policy-link\" href=\"https:\/\/www.esplac.cat\/avis-legal\/\" rel=\"privacy-policy\">Av\u00eds Legal<\/a>.<\/div><a href=\"\" data-privacy-type=\"youtube\" class=\"fusion-button button-default fusion-button-default-size button fusion-privacy-consent\">I Accept<\/a><\/div><\/div><\/div>\n<p>Dues monis del Sector Maresme ens expliquen qu\u00e8 \u00e9s per a elles fer esplai, quin \u00e9s el paper del\/la moni i per qu\u00e8 cal col\u00b7laborar amb aquest projecte:<\/p>\n<div class=\"video-shortcode\"><iframe class=\"fusion-hidden\" data-privacy-type=\"youtube\" src=\"\" title=\"#TransformarEducant | Sector MARESME\" width=\"1200\" height=\"675\" data-privacy-src=\"https:\/\/www.youtube.com\/embed\/T5SYOYygzPE?feature=oembed\" frameborder=\"0\" allow=\"accelerometer; autoplay; encrypted-media; gyroscope; picture-in-picture\" allowfullscreen><\/iframe><div class=\"fusion-privacy-placeholder\" style=\"width:1200px; height:675px;\" data-privacy-type=\"youtube\"><div class=\"fusion-privacy-placeholder-content\"><div class=\"fusion-privacy-label\">For privacy reasons YouTube needs your permission to be loaded. For more details, please see our <a class=\"privacy-policy-link\" href=\"https:\/\/www.esplac.cat\/avis-legal\/\" rel=\"privacy-policy\">Av\u00eds Legal<\/a>.<\/div><a href=\"\" data-privacy-type=\"youtube\" class=\"fusion-button button-default fusion-button-default-size button fusion-privacy-consent\">I Accept<\/a><\/div><\/div><\/div>\n<p>La M\u00f2nica i la Sara s\u00f3n monis del Sector Bages-Bergued\u00e0. Al v\u00eddeo ens parlen de l&#8217;esplai com a agent educatiu de canvi:<\/p>\n<div class=\"video-shortcode\"><iframe class=\"fusion-hidden\" data-privacy-type=\"youtube\" src=\"\" title=\"#TransformarEducant | Sector BAGES-BERGUED\u00c0\" width=\"1200\" height=\"675\" data-privacy-src=\"https:\/\/www.youtube.com\/embed\/9OQhG5tFmIA?feature=oembed\" frameborder=\"0\" allow=\"accelerometer; autoplay; encrypted-media; gyroscope; picture-in-picture\" allowfullscreen><\/iframe><div class=\"fusion-privacy-placeholder\" style=\"width:1200px; height:675px;\" data-privacy-type=\"youtube\"><div class=\"fusion-privacy-placeholder-content\"><div class=\"fusion-privacy-label\">For privacy reasons YouTube needs your permission to be loaded. For more details, please see our <a class=\"privacy-policy-link\" href=\"https:\/\/www.esplac.cat\/avis-legal\/\" rel=\"privacy-policy\">Av\u00eds Legal<\/a>.<\/div><a href=\"\" data-privacy-type=\"youtube\" class=\"fusion-button button-default fusion-button-default-size button fusion-privacy-consent\">I Accept<\/a><\/div><\/div><\/div>\n<p>El Joel i el Sergi, monitors d&#8217;esplais del sector Camp de Tarragona ens conviden a participar en el Verkami d&#8217;Esplac i expliquen per qu\u00e8 l&#8217;esplai \u00e9s molt m\u00e9s que els dissabtes a la tarda.<\/p>\n<div class=\"video-shortcode\"><iframe class=\"fusion-hidden\" data-privacy-type=\"youtube\" src=\"\" title=\"#TransformarEducant | Sector CAMP DE TARRAGONA\" width=\"1200\" height=\"675\" data-privacy-src=\"https:\/\/www.youtube.com\/embed\/08z7Y7Zk2nk?feature=oembed\" frameborder=\"0\" allow=\"accelerometer; autoplay; encrypted-media; gyroscope; picture-in-picture\" allowfullscreen><\/iframe><div class=\"fusion-privacy-placeholder\" style=\"width:1200px; height:675px;\" data-privacy-type=\"youtube\"><div class=\"fusion-privacy-placeholder-content\"><div class=\"fusion-privacy-label\">For privacy reasons YouTube needs your permission to be loaded. For more details, please see our <a class=\"privacy-policy-link\" href=\"https:\/\/www.esplac.cat\/avis-legal\/\" rel=\"privacy-policy\">Av\u00eds Legal<\/a>.<\/div><a href=\"\" data-privacy-type=\"youtube\" class=\"fusion-button button-default fusion-button-default-size button fusion-privacy-consent\">I Accept<\/a><\/div><\/div><\/div>\n<p>Tres monis d&#8217;esplais del sector Girona, creat fa un any, tamb\u00e9 es sumen a la campanya de Verkami per animar a tothom a col\u00b7laborar i aconseguir un documental que ho peti!<\/p>\n<div class=\"video-shortcode\"><iframe class=\"fusion-hidden\" data-privacy-type=\"youtube\" src=\"\" title=\"#TransformarEducant | Sector GIRONA\" width=\"1200\" height=\"675\" data-privacy-src=\"https:\/\/www.youtube.com\/embed\/O3Cx3KyIrp0?feature=oembed\" frameborder=\"0\" allow=\"accelerometer; autoplay; encrypted-media; gyroscope; picture-in-picture\" allowfullscreen><\/iframe><div class=\"fusion-privacy-placeholder\" style=\"width:1200px; height:675px;\" data-privacy-type=\"youtube\"><div class=\"fusion-privacy-placeholder-content\"><div class=\"fusion-privacy-label\">For privacy reasons YouTube needs your permission to be loaded. For more details, please see our <a class=\"privacy-policy-link\" href=\"https:\/\/www.esplac.cat\/avis-legal\/\" rel=\"privacy-policy\">Av\u00eds Legal<\/a>.<\/div><a href=\"\" data-privacy-type=\"youtube\" class=\"fusion-button button-default fusion-button-default-size button fusion-privacy-consent\">I Accept<\/a><\/div><\/div><\/div>\n<p>Al Sector Pened\u00e8s-Garraf, en V\u00edctor del <a class=\"profileLink\" href=\"https:\/\/www.facebook.com\/Centre-dEsplai-DRAC-M%C3%80GIC-316639538449965\/\" data-hovercard=\"\/ajax\/hovercard\/page.php?id=316639538449965\">Centre d&#8217;Esplai DRAC M\u00c0GIC<\/a> i la Joana del <a class=\"profileLink\" href=\"https:\/\/www.facebook.com\/esplaiMIV\/\" data-hovercard=\"\/ajax\/hovercard\/page.php?id=375007122574134\">MIV<\/a> expliquen per qu\u00e8 l&#8217;esplai \u00e9s amor i implicaci\u00f3.<\/p>\n<div class=\"video-shortcode\"><iframe class=\"fusion-hidden\" data-privacy-type=\"youtube\" src=\"\" title=\"#TransformarEducant | Sector PENED\u00c8S-GARRAF\" width=\"1200\" height=\"675\" data-privacy-src=\"https:\/\/www.youtube.com\/embed\/R7rl4_gj3Ng?feature=oembed\" frameborder=\"0\" allow=\"accelerometer; autoplay; encrypted-media; gyroscope; picture-in-picture\" allowfullscreen><\/iframe><div class=\"fusion-privacy-placeholder\" style=\"width:1200px; height:675px;\" data-privacy-type=\"youtube\"><div class=\"fusion-privacy-placeholder-content\"><div class=\"fusion-privacy-label\">For privacy reasons YouTube needs your permission to be loaded. For more details, please see our <a class=\"privacy-policy-link\" href=\"https:\/\/www.esplac.cat\/avis-legal\/\" rel=\"privacy-policy\">Av\u00eds Legal<\/a>.<\/div><a href=\"\" data-privacy-type=\"youtube\" class=\"fusion-button button-default fusion-button-default-size button fusion-privacy-consent\">I Accept<\/a><\/div><\/div><\/div>\n<p>El Dar\u00edo i l&#8217;Adri\u00e0 de l&#8217;esplai Eixam, del sector Vall\u00e8s, ens expliquen com viuen ells l&#8217;esplai i per qu\u00e8 \u00e9s important dotar-lo de reconeixement gr\u00e0cies a projectes com el d&#8217;aquest documental.<\/p>\n<div class=\"video-shortcode\"><iframe class=\"fusion-hidden\" data-privacy-type=\"youtube\" src=\"\" title=\"#TransformarEducant | Sector VALL\u00c8S\" width=\"1200\" height=\"675\" data-privacy-src=\"https:\/\/www.youtube.com\/embed\/DEwZFhGvWK8?feature=oembed\" frameborder=\"0\" allow=\"accelerometer; autoplay; encrypted-media; gyroscope; picture-in-picture\" allowfullscreen><\/iframe><div class=\"fusion-privacy-placeholder\" style=\"width:1200px; height:675px;\" data-privacy-type=\"youtube\"><div class=\"fusion-privacy-placeholder-content\"><div class=\"fusion-privacy-label\">For privacy reasons YouTube needs your permission to be loaded. For more details, please see our <a class=\"privacy-policy-link\" href=\"https:\/\/www.esplac.cat\/avis-legal\/\" rel=\"privacy-policy\">Av\u00eds Legal<\/a>.<\/div><a href=\"\" data-privacy-type=\"youtube\" class=\"fusion-button button-default fusion-button-default-size button fusion-privacy-consent\">I Accept<\/a><\/div><\/div><\/div>\n<p>En representaci\u00f3 del sector Barcelona, el Ricard de l&#8217;Esplai Xiroc ens explica la import\u00e0ncia de econ\u00e8ixer la tasca dels esplais&#8230; i ens canta una can\u00e7\u00f3!<\/p>\n<div class=\"video-shortcode\"><iframe class=\"fusion-hidden\" data-privacy-type=\"youtube\" src=\"\" title=\"#TransformarEducant | Sector BARCELONA\" width=\"1200\" height=\"675\" data-privacy-src=\"https:\/\/www.youtube.com\/embed\/Aa6KqOeHnJU?feature=oembed\" frameborder=\"0\" allow=\"accelerometer; autoplay; encrypted-media; gyroscope; picture-in-picture\" allowfullscreen><\/iframe><div class=\"fusion-privacy-placeholder\" style=\"width:1200px; height:675px;\" data-privacy-type=\"youtube\"><div class=\"fusion-privacy-placeholder-content\"><div class=\"fusion-privacy-label\">For privacy reasons YouTube needs your permission to be loaded. For more details, please see our <a class=\"privacy-policy-link\" href=\"https:\/\/www.esplac.cat\/avis-legal\/\" rel=\"privacy-policy\">Av\u00eds Legal<\/a>.<\/div><a href=\"\" data-privacy-type=\"youtube\" class=\"fusion-button button-default fusion-button-default-size button fusion-privacy-consent\">I Accept<\/a><\/div><\/div><\/div>\n<p>La Cora i el Pablo, del Centre Excursionista Puigcastellar, del sector Barcelon\u00e8s Nord, expliquen per qu\u00e8 els esplais revolucionem l&#8217;educaci\u00f3!<\/p>\n<div class=\"video-shortcode\"><iframe class=\"fusion-hidden\" data-privacy-type=\"youtube\" src=\"\" title=\"#TransformarEducant | Sector BARCELON\u00c8S NORD\" width=\"1200\" height=\"675\" data-privacy-src=\"https:\/\/www.youtube.com\/embed\/rVzVt2mqCtU?feature=oembed\" frameborder=\"0\" allow=\"accelerometer; autoplay; encrypted-media; gyroscope; picture-in-picture\" allowfullscreen><\/iframe><div class=\"fusion-privacy-placeholder\" style=\"width:1200px; height:675px;\" data-privacy-type=\"youtube\"><div class=\"fusion-privacy-placeholder-content\"><div class=\"fusion-privacy-label\">For privacy reasons YouTube needs your permission to be loaded. For more details, please see our <a class=\"privacy-policy-link\" href=\"https:\/\/www.esplac.cat\/avis-legal\/\" rel=\"privacy-policy\">Av\u00eds Legal<\/a>.<\/div><a href=\"\" data-privacy-type=\"youtube\" class=\"fusion-button button-default fusion-button-default-size button fusion-privacy-consent\">I Accept<\/a><\/div><\/div><\/div>\n<p>Si voleu escoltar totes aquestes veus i moltes altres, no us perdeu el v\u00eddeo global de difusi\u00f3 de la campanya. Aqu\u00ed, tant els Sectors, com la presidenta d&#8217;Esplais Catalans Irene Torrecilla, l&#8217;Albert Claret, autor del llibre, i la productora encarregada del documental, Camille Zonca, ens aporten les principals idees del projecte, les seves motivacions, qu\u00e8 significa l&#8217;esplai per a elles&#8230;<\/p>\n<div class=\"video-shortcode\"><iframe class=\"fusion-hidden\" data-privacy-type=\"youtube\" src=\"\" title=\"Col\u00b7labora amb #TransformarEducant, el documental dels Esplais Catalans\" width=\"1200\" height=\"675\" data-privacy-src=\"https:\/\/www.youtube.com\/embed\/qEJ4uj5JuY0?feature=oembed\" frameborder=\"0\" allow=\"accelerometer; autoplay; encrypted-media; gyroscope; picture-in-picture\" allowfullscreen><\/iframe><div class=\"fusion-privacy-placeholder\" style=\"width:1200px; height:675px;\" data-privacy-type=\"youtube\"><div class=\"fusion-privacy-placeholder-content\"><div class=\"fusion-privacy-label\">For privacy reasons YouTube needs your permission to be loaded. For more details, please see our <a class=\"privacy-policy-link\" href=\"https:\/\/www.esplac.cat\/avis-legal\/\" rel=\"privacy-policy\">Av\u00eds Legal<\/a>.<\/div><a href=\"\" data-privacy-type=\"youtube\" class=\"fusion-button button-default fusion-button-default-size button fusion-privacy-consent\">I Accept<\/a><\/div><\/div><\/div>\n<p>Us han conven\u00e7ut? Vosaltres tamb\u00e9 podeu col\u00b7laborar-hi i formar part de la hist\u00f2ria dels esplais!<\/p>\n<ul>\n<li>https:\/\/www.verkami.com\/projects\/14968-transformar-educant-el-documental-dels-esplais-catalans<\/li>\n<\/ul>\n<p>&nbsp;<\/p>\n","protected":false},"excerpt":{"rendered":"<p>Com b\u00e9 sabeu, el projecte \u00abTransformar educant\u00bb, que consta de [&hellip;]<\/p>\n","protected":false},"author":3,"featured_media":25054,"comment_status":"closed","ping_status":"open","sticky":false,"template":"","format":"standard","meta":{"om_disable_all_campaigns":false,"_monsterinsights_skip_tracking":false,"_monsterinsights_sitenote_active":false,"_monsterinsights_sitenote_note":"","_monsterinsights_sitenote_category":0,"_uf_show_specific_survey":0,"_uf_disable_surveys":false,"footnotes":""},"categories":[1111,1,1142],"tags":[754,719,755],"class_list":["post-25053","post","type-post","status-publish","format-standard","has-post-thumbnail","hentry","category-activitats-esplac","category-sense-categoria","category-transformar-educant-historia-dels-esplais","tag-sectors","tag-transformar-educant","tag-verkami-esplac"],"yoast_head":"<!-- This site is optimized with the Yoast SEO plugin v27.4 - https:\/\/yoast.com\/product\/yoast-seo-wordpress\/ -->\n<title>Les veus de #TransformarEducant, en v\u00eddeos - Esplac<\/title>\n<meta name=\"robots\" content=\"index, follow, max-snippet:-1, max-image-preview:large, max-video-preview:-1\" \/>\n<link rel=\"canonical\" href=\"https:\/\/www.esplac.cat\/les-veus-de-transformareducant-en-videos\/\" \/>\n<meta property=\"og:locale\" content=\"es_ES\" \/>\n<meta property=\"og:type\" content=\"article\" \/>\n<meta property=\"og:title\" content=\"Les veus de #TransformarEducant, en v\u00eddeos - Esplac\" \/>\n<meta property=\"og:description\" content=\"Com b\u00e9 sabeu, el projecte \u00abTransformar educant\u00bb, que consta de [&hellip;]\" \/>\n<meta property=\"og:url\" content=\"https:\/\/www.esplac.cat\/les-veus-de-transformareducant-en-videos\/\" \/>\n<meta property=\"og:site_name\" content=\"Esplac\" \/>\n<meta property=\"article:published_time\" content=\"2016-06-13T08:21:06+00:00\" \/>\n<meta property=\"article:modified_time\" content=\"2019-10-15T16:16:59+00:00\" \/>\n<meta property=\"og:image\" content=\"https:\/\/www.esplac.cat\/wp-content\/uploads\/2016\/06\/WEB2.jpg\" \/>\n\t<meta property=\"og:image:width\" content=\"847\" \/>\n\t<meta property=\"og:image:height\" content=\"350\" \/>\n\t<meta property=\"og:image:type\" content=\"image\/jpeg\" \/>\n<meta name=\"author\" content=\"Comunicaci\u00f3 Esplac\" \/>\n<meta name=\"twitter:card\" content=\"summary_large_image\" \/>\n<meta name=\"twitter:label1\" content=\"Escrito por\" \/>\n\t<meta name=\"twitter:data1\" content=\"Comunicaci\u00f3 Esplac\" \/>\n\t<meta name=\"twitter:label2\" content=\"Tiempo de lectura\" \/>\n\t<meta name=\"twitter:data2\" content=\"3 minutos\" \/>\n<script type=\"application\/ld+json\" class=\"yoast-schema-graph\">{\"@context\":\"https:\\\/\\\/schema.org\",\"@graph\":[{\"@type\":\"Article\",\"@id\":\"https:\\\/\\\/www.esplac.cat\\\/les-veus-de-transformareducant-en-videos\\\/#article\",\"isPartOf\":{\"@id\":\"https:\\\/\\\/www.esplac.cat\\\/les-veus-de-transformareducant-en-videos\\\/\"},\"author\":{\"name\":\"Comunicaci\u00f3 Esplac\",\"@id\":\"https:\\\/\\\/www.esplac.cat\\\/#\\\/schema\\\/person\\\/908383cf240be18b68f8855d0583faca\"},\"headline\":\"Les veus de #TransformarEducant, en v\u00eddeos\",\"datePublished\":\"2016-06-13T08:21:06+00:00\",\"dateModified\":\"2019-10-15T16:16:59+00:00\",\"mainEntityOfPage\":{\"@id\":\"https:\\\/\\\/www.esplac.cat\\\/les-veus-de-transformareducant-en-videos\\\/\"},\"wordCount\":550,\"publisher\":{\"@id\":\"https:\\\/\\\/www.esplac.cat\\\/#organization\"},\"image\":{\"@id\":\"https:\\\/\\\/www.esplac.cat\\\/les-veus-de-transformareducant-en-videos\\\/#primaryimage\"},\"thumbnailUrl\":\"https:\\\/\\\/www.esplac.cat\\\/wp-content\\\/uploads\\\/2016\\\/06\\\/WEB2.jpg\",\"keywords\":[\"sectors\",\"Transformar educant\",\"verkami esplac\"],\"articleSection\":[\"Activitats esplac\",\"Sense categoria\",\"Transformar educant: hist\u00f2ria dels esplais\"],\"inLanguage\":\"es\"},{\"@type\":\"WebPage\",\"@id\":\"https:\\\/\\\/www.esplac.cat\\\/les-veus-de-transformareducant-en-videos\\\/\",\"url\":\"https:\\\/\\\/www.esplac.cat\\\/les-veus-de-transformareducant-en-videos\\\/\",\"name\":\"Les veus de #TransformarEducant, en v\u00eddeos - Esplac\",\"isPartOf\":{\"@id\":\"https:\\\/\\\/www.esplac.cat\\\/#website\"},\"primaryImageOfPage\":{\"@id\":\"https:\\\/\\\/www.esplac.cat\\\/les-veus-de-transformareducant-en-videos\\\/#primaryimage\"},\"image\":{\"@id\":\"https:\\\/\\\/www.esplac.cat\\\/les-veus-de-transformareducant-en-videos\\\/#primaryimage\"},\"thumbnailUrl\":\"https:\\\/\\\/www.esplac.cat\\\/wp-content\\\/uploads\\\/2016\\\/06\\\/WEB2.jpg\",\"datePublished\":\"2016-06-13T08:21:06+00:00\",\"dateModified\":\"2019-10-15T16:16:59+00:00\",\"breadcrumb\":{\"@id\":\"https:\\\/\\\/www.esplac.cat\\\/les-veus-de-transformareducant-en-videos\\\/#breadcrumb\"},\"inLanguage\":\"es\",\"potentialAction\":[{\"@type\":\"ReadAction\",\"target\":[\"https:\\\/\\\/www.esplac.cat\\\/les-veus-de-transformareducant-en-videos\\\/\"]}]},{\"@type\":\"ImageObject\",\"inLanguage\":\"es\",\"@id\":\"https:\\\/\\\/www.esplac.cat\\\/les-veus-de-transformareducant-en-videos\\\/#primaryimage\",\"url\":\"https:\\\/\\\/www.esplac.cat\\\/wp-content\\\/uploads\\\/2016\\\/06\\\/WEB2.jpg\",\"contentUrl\":\"https:\\\/\\\/www.esplac.cat\\\/wp-content\\\/uploads\\\/2016\\\/06\\\/WEB2.jpg\",\"width\":847,\"height\":350},{\"@type\":\"BreadcrumbList\",\"@id\":\"https:\\\/\\\/www.esplac.cat\\\/les-veus-de-transformareducant-en-videos\\\/#breadcrumb\",\"itemListElement\":[{\"@type\":\"ListItem\",\"position\":1,\"name\":\"Inici\",\"item\":\"https:\\\/\\\/www.esplac.cat\\\/es\\\/\"},{\"@type\":\"ListItem\",\"position\":2,\"name\":\"Les veus de #TransformarEducant, en v\u00eddeos\"}]},{\"@type\":\"WebSite\",\"@id\":\"https:\\\/\\\/www.esplac.cat\\\/#website\",\"url\":\"https:\\\/\\\/www.esplac.cat\\\/\",\"name\":\"Esplac\",\"description\":\"Esplais Catalans\",\"publisher\":{\"@id\":\"https:\\\/\\\/www.esplac.cat\\\/#organization\"},\"potentialAction\":[{\"@type\":\"SearchAction\",\"target\":{\"@type\":\"EntryPoint\",\"urlTemplate\":\"https:\\\/\\\/www.esplac.cat\\\/?s={search_term_string}\"},\"query-input\":{\"@type\":\"PropertyValueSpecification\",\"valueRequired\":true,\"valueName\":\"search_term_string\"}}],\"inLanguage\":\"es\"},{\"@type\":\"Organization\",\"@id\":\"https:\\\/\\\/www.esplac.cat\\\/#organization\",\"name\":\"Esplac\",\"url\":\"https:\\\/\\\/www.esplac.cat\\\/\",\"logo\":{\"@type\":\"ImageObject\",\"inLanguage\":\"es\",\"@id\":\"https:\\\/\\\/www.esplac.cat\\\/#\\\/schema\\\/logo\\\/image\\\/\",\"url\":\"https:\\\/\\\/www.esplac.cat\\\/wp-content\\\/uploads\\\/2019\\\/08\\\/logox2.png\",\"contentUrl\":\"https:\\\/\\\/www.esplac.cat\\\/wp-content\\\/uploads\\\/2019\\\/08\\\/logox2.png\",\"width\":600,\"height\":295,\"caption\":\"Esplac\"},\"image\":{\"@id\":\"https:\\\/\\\/www.esplac.cat\\\/#\\\/schema\\\/logo\\\/image\\\/\"}},{\"@type\":\"Person\",\"@id\":\"https:\\\/\\\/www.esplac.cat\\\/#\\\/schema\\\/person\\\/908383cf240be18b68f8855d0583faca\",\"name\":\"Comunicaci\u00f3 Esplac\",\"image\":{\"@type\":\"ImageObject\",\"inLanguage\":\"es\",\"@id\":\"https:\\\/\\\/secure.gravatar.com\\\/avatar\\\/7a4cf8feb412a76ea4a740ca02d95b06b2907b5a6c648c2dd0a1082a093c3141?s=96&d=mm&r=g\",\"url\":\"https:\\\/\\\/secure.gravatar.com\\\/avatar\\\/7a4cf8feb412a76ea4a740ca02d95b06b2907b5a6c648c2dd0a1082a093c3141?s=96&d=mm&r=g\",\"contentUrl\":\"https:\\\/\\\/secure.gravatar.com\\\/avatar\\\/7a4cf8feb412a76ea4a740ca02d95b06b2907b5a6c648c2dd0a1082a093c3141?s=96&d=mm&r=g\",\"caption\":\"Comunicaci\u00f3 Esplac\"}}]}<\/script>\n<!-- \/ Yoast SEO plugin. -->","yoast_head_json":{"title":"Les veus de #TransformarEducant, en v\u00eddeos - Esplac","robots":{"index":"index","follow":"follow","max-snippet":"max-snippet:-1","max-image-preview":"max-image-preview:large","max-video-preview":"max-video-preview:-1"},"canonical":"https:\/\/www.esplac.cat\/les-veus-de-transformareducant-en-videos\/","og_locale":"es_ES","og_type":"article","og_title":"Les veus de #TransformarEducant, en v\u00eddeos - Esplac","og_description":"Com b\u00e9 sabeu, el projecte \u00abTransformar educant\u00bb, que consta de [&hellip;]","og_url":"https:\/\/www.esplac.cat\/les-veus-de-transformareducant-en-videos\/","og_site_name":"Esplac","article_published_time":"2016-06-13T08:21:06+00:00","article_modified_time":"2019-10-15T16:16:59+00:00","og_image":[{"width":847,"height":350,"url":"https:\/\/www.esplac.cat\/wp-content\/uploads\/2016\/06\/WEB2.jpg","type":"image\/jpeg"}],"author":"Comunicaci\u00f3 Esplac","twitter_card":"summary_large_image","twitter_misc":{"Escrito por":"Comunicaci\u00f3 Esplac","Tiempo de lectura":"3 minutos"},"schema":{"@context":"https:\/\/schema.org","@graph":[{"@type":"Article","@id":"https:\/\/www.esplac.cat\/les-veus-de-transformareducant-en-videos\/#article","isPartOf":{"@id":"https:\/\/www.esplac.cat\/les-veus-de-transformareducant-en-videos\/"},"author":{"name":"Comunicaci\u00f3 Esplac","@id":"https:\/\/www.esplac.cat\/#\/schema\/person\/908383cf240be18b68f8855d0583faca"},"headline":"Les veus de #TransformarEducant, en v\u00eddeos","datePublished":"2016-06-13T08:21:06+00:00","dateModified":"2019-10-15T16:16:59+00:00","mainEntityOfPage":{"@id":"https:\/\/www.esplac.cat\/les-veus-de-transformareducant-en-videos\/"},"wordCount":550,"publisher":{"@id":"https:\/\/www.esplac.cat\/#organization"},"image":{"@id":"https:\/\/www.esplac.cat\/les-veus-de-transformareducant-en-videos\/#primaryimage"},"thumbnailUrl":"https:\/\/www.esplac.cat\/wp-content\/uploads\/2016\/06\/WEB2.jpg","keywords":["sectors","Transformar educant","verkami esplac"],"articleSection":["Activitats esplac","Sense categoria","Transformar educant: hist\u00f2ria dels esplais"],"inLanguage":"es"},{"@type":"WebPage","@id":"https:\/\/www.esplac.cat\/les-veus-de-transformareducant-en-videos\/","url":"https:\/\/www.esplac.cat\/les-veus-de-transformareducant-en-videos\/","name":"Les veus de #TransformarEducant, en v\u00eddeos - Esplac","isPartOf":{"@id":"https:\/\/www.esplac.cat\/#website"},"primaryImageOfPage":{"@id":"https:\/\/www.esplac.cat\/les-veus-de-transformareducant-en-videos\/#primaryimage"},"image":{"@id":"https:\/\/www.esplac.cat\/les-veus-de-transformareducant-en-videos\/#primaryimage"},"thumbnailUrl":"https:\/\/www.esplac.cat\/wp-content\/uploads\/2016\/06\/WEB2.jpg","datePublished":"2016-06-13T08:21:06+00:00","dateModified":"2019-10-15T16:16:59+00:00","breadcrumb":{"@id":"https:\/\/www.esplac.cat\/les-veus-de-transformareducant-en-videos\/#breadcrumb"},"inLanguage":"es","potentialAction":[{"@type":"ReadAction","target":["https:\/\/www.esplac.cat\/les-veus-de-transformareducant-en-videos\/"]}]},{"@type":"ImageObject","inLanguage":"es","@id":"https:\/\/www.esplac.cat\/les-veus-de-transformareducant-en-videos\/#primaryimage","url":"https:\/\/www.esplac.cat\/wp-content\/uploads\/2016\/06\/WEB2.jpg","contentUrl":"https:\/\/www.esplac.cat\/wp-content\/uploads\/2016\/06\/WEB2.jpg","width":847,"height":350},{"@type":"BreadcrumbList","@id":"https:\/\/www.esplac.cat\/les-veus-de-transformareducant-en-videos\/#breadcrumb","itemListElement":[{"@type":"ListItem","position":1,"name":"Inici","item":"https:\/\/www.esplac.cat\/es\/"},{"@type":"ListItem","position":2,"name":"Les veus de #TransformarEducant, en v\u00eddeos"}]},{"@type":"WebSite","@id":"https:\/\/www.esplac.cat\/#website","url":"https:\/\/www.esplac.cat\/","name":"Esplac","description":"Esplais Catalans","publisher":{"@id":"https:\/\/www.esplac.cat\/#organization"},"potentialAction":[{"@type":"SearchAction","target":{"@type":"EntryPoint","urlTemplate":"https:\/\/www.esplac.cat\/?s={search_term_string}"},"query-input":{"@type":"PropertyValueSpecification","valueRequired":true,"valueName":"search_term_string"}}],"inLanguage":"es"},{"@type":"Organization","@id":"https:\/\/www.esplac.cat\/#organization","name":"Esplac","url":"https:\/\/www.esplac.cat\/","logo":{"@type":"ImageObject","inLanguage":"es","@id":"https:\/\/www.esplac.cat\/#\/schema\/logo\/image\/","url":"https:\/\/www.esplac.cat\/wp-content\/uploads\/2019\/08\/logox2.png","contentUrl":"https:\/\/www.esplac.cat\/wp-content\/uploads\/2019\/08\/logox2.png","width":600,"height":295,"caption":"Esplac"},"image":{"@id":"https:\/\/www.esplac.cat\/#\/schema\/logo\/image\/"}},{"@type":"Person","@id":"https:\/\/www.esplac.cat\/#\/schema\/person\/908383cf240be18b68f8855d0583faca","name":"Comunicaci\u00f3 Esplac","image":{"@type":"ImageObject","inLanguage":"es","@id":"https:\/\/secure.gravatar.com\/avatar\/7a4cf8feb412a76ea4a740ca02d95b06b2907b5a6c648c2dd0a1082a093c3141?s=96&d=mm&r=g","url":"https:\/\/secure.gravatar.com\/avatar\/7a4cf8feb412a76ea4a740ca02d95b06b2907b5a6c648c2dd0a1082a093c3141?s=96&d=mm&r=g","contentUrl":"https:\/\/secure.gravatar.com\/avatar\/7a4cf8feb412a76ea4a740ca02d95b06b2907b5a6c648c2dd0a1082a093c3141?s=96&d=mm&r=g","caption":"Comunicaci\u00f3 Esplac"}}]}},"_links":{"self":[{"href":"https:\/\/www.esplac.cat\/es\/wp-json\/wp\/v2\/posts\/25053","targetHints":{"allow":["GET"]}}],"collection":[{"href":"https:\/\/www.esplac.cat\/es\/wp-json\/wp\/v2\/posts"}],"about":[{"href":"https:\/\/www.esplac.cat\/es\/wp-json\/wp\/v2\/types\/post"}],"author":[{"embeddable":true,"href":"https:\/\/www.esplac.cat\/es\/wp-json\/wp\/v2\/users\/3"}],"replies":[{"embeddable":true,"href":"https:\/\/www.esplac.cat\/es\/wp-json\/wp\/v2\/comments?post=25053"}],"version-history":[{"count":0,"href":"https:\/\/www.esplac.cat\/es\/wp-json\/wp\/v2\/posts\/25053\/revisions"}],"wp:featuredmedia":[{"embeddable":true,"href":"https:\/\/www.esplac.cat\/es\/wp-json\/wp\/v2\/media\/25054"}],"wp:attachment":[{"href":"https:\/\/www.esplac.cat\/es\/wp-json\/wp\/v2\/media?parent=25053"}],"wp:term":[{"taxonomy":"category","embeddable":true,"href":"https:\/\/www.esplac.cat\/es\/wp-json\/wp\/v2\/categories?post=25053"},{"taxonomy":"post_tag","embeddable":true,"href":"https:\/\/www.esplac.cat\/es\/wp-json\/wp\/v2\/tags?post=25053"}],"curies":[{"name":"wp","href":"https:\/\/api.w.org\/{rel}","templated":true}]}}