{"id":25058,"date":"2016-06-10T09:19:08","date_gmt":"2016-06-10T07:19:08","guid":{"rendered":"http:\/\/esplac.cat\/?p=10865"},"modified":"2019-11-14T13:31:50","modified_gmt":"2019-11-14T11:31:50","slug":"bones-practiques-amb-perspectiva-de-genere","status":"publish","type":"post","link":"https:\/\/www.esplac.cat\/es\/bones-practiques-amb-perspectiva-de-genere\/","title":{"rendered":"Bones Pr\u00e0ctiques amb perspectiva de g\u00e8nere"},"content":{"rendered":"<h4 style=\"text-align: justify;\">Els tallers i les formacions de sector ofereixen activitats en perspectiva de g\u00e8nere que trenquen tab\u00fas i q\u00fcestionen el patriarcat<\/h4>\n<p style=\"text-align: justify;\">Els esplais tenen molt clar que, per transformar el m\u00f3n, cal combatre el patriarcat des de l\u2019arrel i per fer-ho, els esplais tenim una eina molt valuosa: l\u2019educaci\u00f3 en valors. <strong>Educar en perspectiva de g\u00e8nere i feminista ens ajuda a analitzar tot el que ens envolta i a nosaltres mateixes davant les desigualtats i les injust\u00edcies.<\/strong> Alhora, ens dotem d\u2019eines i recursos per afrontar els processos educatius fent visible aspectes que sovint queden invisibilitzats o normalitzats per a la societat actual. Al blog d\u2019<a href=\"https:\/\/ulleresperesquerrans.com\/\" target=\"_blank\" rel=\"noopener noreferrer\"><strong>Ulleres per esquerrans<\/strong><\/a> podeu trobar recursos, reflexions i cursos molt interessants per treballar en perspectiva feminista als esplais. Posar-se les ulleres liles implica pr\u00e0ctica i entrenament, \u00e9s un proc\u00e8s llarg d\u2019autoconeixement i apoderament col\u00b7lectiu, per\u00f2 els esplais ja han comen\u00e7at!<\/p>\n<p style=\"text-align: justify;\">Des d\u2019aquesta visi\u00f3, la diversitat d\u2019infants i joves que trobem en les activitats de sector \u00e9s id\u00f2nia per desenvolupar activitats en perspectiva de g\u00e8nere. A m\u00e9s, els i les monis dels diferents esplais poden complementar els seus coneixements i experi\u00e8ncies per dissenyar tallers o formacions molt m\u00e9s vivencials i enriquidores.<\/p>\n<p style=\"text-align: justify;\">En tenim molts exemples, per\u00f2 us parlarem dels tallers i formacions m\u00e9s recents que s\u2019han fet en les diferents trobades de sector.<\/p>\n<p style=\"text-align: justify;\">A la Trobada de Joves que va organitzar el <a href=\"http:\/\/esplac.cat\/sector-geografic-baix-llobregat\/\"><strong>Sector Baix Llobregat<\/strong><\/a>, el passat 9 i 10 d\u2019abril a Molins de Rei, es van desenvolupar diferents tallers, entre els quals <strong><span style=\"color: #000000;\"><a style=\"color: #000000;\" href=\"http:\/\/esplac.cat\/wp-content\/uploads\/2016\/06\/20160610_Taller_Sexualitat_TROBADA_JOVES_BLL.pdf\" target=\"_blank\" rel=\"noopener noreferrer\">un taller sobre sexualitat<\/a><\/span><\/strong>. El taller estava dinamitzat per monis per\u00f2 buscava la participaci\u00f3 activa de les joves. Despr\u00e8s d\u2019unes din\u00e0miques de coneixen\u00e7a per trencar el gel, es va fer un recull de dubtes i els anaven resolent entre les dinamitzadores i les buscadores, joves que tenien el rol de contrastar informaci\u00f3 a trav\u00e9s de recursos i la cerca per internet. El taller va permetre resoldre dubtes, trencar tab\u00fas i estereotips i construir una idea de sexualitat m\u00e9s real, sana, alegre i diversa.<\/p>\n<p style=\"text-align: justify;\">En les vesprades del passat 20 de maig del Sector Barcelona, es va desenvolupar dos espais formatius en perspectiva de g\u00e8nere, un sobre g\u00e8nere i sexualitat i l\u2019altre sobre micromasclismes a l\u2019esplai. El micromasclisme \u00e9s una forma de viol\u00e8ncia masclista, que sovint passa desapercebuda o que est\u00e0 socialment acceptada. El concepte sorgeix per fer visible i denunciar aquest masclisme m\u00e9s quotidi\u00e0 i normalitzat a la vida quotidiana, ja que s\u00f3n la base del sistema patriarcal i les agressions masclistes.<\/p>\n<p style=\"text-align: justify;\">El <a href=\"http:\/\/esplac.cat\/sector-geografic-valles\/\"><strong>Sector Vall\u00e8s<\/strong><\/a> tamb\u00e9 va fer <strong><span style=\"color: #000000;\"><a style=\"color: #000000;\" href=\"http:\/\/esplac.cat\/wp-content\/uploads\/2016\/06\/20160610_Formacio\u0301-de-Diversitat-Sexual.pdf\" target=\"_blank\" rel=\"noopener noreferrer\">una formaci\u00f3 sobre sexualitat i diversitat sexual<\/a><\/span><\/strong> a la Trobada de Joves el 5 i 6 de mar\u00e7 a Granollers. Primer van desenvolupar unes din\u00e0miques per introduir conceptes b\u00e0sics com, la difer\u00e8ncia entre identitat sexual i orientaci\u00f3 sexual, mascul\u00ed-femen\u00ed, heteronormativitat i no normativitat, etc. Seguidament van entrar m\u00e9s en mat\u00e8ria, per\u00f2 sense deixar d\u2019utilitzar una metodologia participativa, ja que la voluntat no era donar una classe magistral, sin\u00f3 generar reflexi\u00f3 a partir de les pr\u00f2pies viv\u00e8ncies. A partir de fragments del documental <a href=\"https:\/\/vimeo.com\/yeswefuck\" target=\"_blank\" rel=\"noopener noreferrer\">Yes, We fuck!<\/a> i del Teatre social, van poder treballar la diversitat sexual, les relacions sexo-afectives, analitzant la monog\u00e0mia, la polig\u00e0mia i el poliamor i altes aspectes de la sexualitat, com la pornografia, la masturbaci\u00f3, el sexe segur, l\u2019orgasme, etc.<\/p>\n<p style=\"text-align: justify;\">A la Trobada de Joves Intersectorial (Sector Pened\u00e8s-Garraf-Anoia, Sector Baix Llobregat i Sector Tarragona) que es va realitzar a Vilafranca el 5 i 6 de mar\u00e7 tamb\u00e9 \u00e9s va fer un taller de g\u00e8nere. En aquest cas es va utilitzar el <a href=\"https:\/\/ca.wikipedia.org\/wiki\/Teatre_imatge\">teatre-imatge<\/a> per explorar el propi cos i el contacte amb les altres persones. La viv\u00e8ncia va generar un clima de confian\u00e7a i respecte que va propiciar reflexions molt interessants de les joves participants. Com ens sentim amb el nostre cos? Com estimem i com ens estimem? Els mites de l\u2019amor rom\u00e0ntic i molt m\u00e9s. El simbolisme permet tractar temes que costa posar en paraules, donat que estimula directament l&#8217;imaginari i la irracionalitat. La interpretaci\u00f3 dep\u00e8n de la subjectivitat pr\u00f2pia de cadasc\u00fa i en posar-les en com\u00fa som conscients que cada persona veu coses diferents.<\/p>\n<p style=\"text-align: justify;\">Us animem a compartir les activitats que heu fet als esplais o als sectors en perspectiva de g\u00e8nere. Generar recursos \u00e9s un pas necessari per introduir la perspectiva de g\u00e8nere en la nostra acci\u00f3 educativa als esplais.<\/p>\n","protected":false},"excerpt":{"rendered":"<p>Els tallers i les formacions de sector ofereixen activitats en [&hellip;]<\/p>\n","protected":false},"author":3,"featured_media":25059,"comment_status":"closed","ping_status":"open","sticky":false,"template":"","format":"standard","meta":{"om_disable_all_campaigns":false,"_monsterinsights_skip_tracking":false,"_monsterinsights_sitenote_active":false,"_monsterinsights_sitenote_note":"","_monsterinsights_sitenote_category":0,"_uf_show_specific_survey":0,"_uf_disable_surveys":false,"footnotes":""},"categories":[1121,1163,1],"tags":[67,391,58,751,677],"class_list":["post-25058","post","type-post","status-publish","format-standard","has-post-thumbnail","hentry","category-bones-practiques-2","category-protocol","category-sense-categoria","tag-bones-practiques","tag-feminisme","tag-genere","tag-trobades-de-joves","tag-ulleres-per-esquerrans"],"yoast_head":"<!-- This site is optimized with the Yoast SEO plugin v27.4 - https:\/\/yoast.com\/product\/yoast-seo-wordpress\/ -->\n<title>Bones Pr\u00e0ctiques amb perspectiva de g\u00e8nere - Esplac<\/title>\n<meta name=\"robots\" content=\"index, follow, max-snippet:-1, max-image-preview:large, max-video-preview:-1\" \/>\n<link rel=\"canonical\" href=\"https:\/\/www.esplac.cat\/bones-practiques-amb-perspectiva-de-genere\/\" \/>\n<meta property=\"og:locale\" content=\"es_ES\" \/>\n<meta property=\"og:type\" content=\"article\" \/>\n<meta property=\"og:title\" content=\"Bones Pr\u00e0ctiques amb perspectiva de g\u00e8nere - Esplac\" \/>\n<meta property=\"og:description\" content=\"Els tallers i les formacions de sector ofereixen activitats en [&hellip;]\" \/>\n<meta property=\"og:url\" content=\"https:\/\/www.esplac.cat\/bones-practiques-amb-perspectiva-de-genere\/\" \/>\n<meta property=\"og:site_name\" content=\"Esplac\" \/>\n<meta property=\"article:published_time\" content=\"2016-06-10T07:19:08+00:00\" \/>\n<meta property=\"article:modified_time\" content=\"2019-11-14T11:31:50+00:00\" \/>\n<meta property=\"og:image\" content=\"https:\/\/www.esplac.cat\/wp-content\/uploads\/2016\/06\/20160610_BP-pers-genere.jpg\" \/>\n\t<meta property=\"og:image:width\" content=\"847\" \/>\n\t<meta property=\"og:image:height\" content=\"350\" \/>\n\t<meta property=\"og:image:type\" content=\"image\/jpeg\" \/>\n<meta name=\"author\" content=\"Comunicaci\u00f3 Esplac\" \/>\n<meta name=\"twitter:card\" content=\"summary_large_image\" \/>\n<meta name=\"twitter:label1\" content=\"Escrito por\" \/>\n\t<meta name=\"twitter:data1\" content=\"Comunicaci\u00f3 Esplac\" \/>\n\t<meta name=\"twitter:label2\" content=\"Tiempo de lectura\" \/>\n\t<meta name=\"twitter:data2\" content=\"4 minutos\" \/>\n<script type=\"application\/ld+json\" class=\"yoast-schema-graph\">{\"@context\":\"https:\\\/\\\/schema.org\",\"@graph\":[{\"@type\":\"Article\",\"@id\":\"https:\\\/\\\/www.esplac.cat\\\/bones-practiques-amb-perspectiva-de-genere\\\/#article\",\"isPartOf\":{\"@id\":\"https:\\\/\\\/www.esplac.cat\\\/bones-practiques-amb-perspectiva-de-genere\\\/\"},\"author\":{\"name\":\"Comunicaci\u00f3 Esplac\",\"@id\":\"https:\\\/\\\/www.esplac.cat\\\/#\\\/schema\\\/person\\\/908383cf240be18b68f8855d0583faca\"},\"headline\":\"Bones Pr\u00e0ctiques amb perspectiva de g\u00e8nere\",\"datePublished\":\"2016-06-10T07:19:08+00:00\",\"dateModified\":\"2019-11-14T11:31:50+00:00\",\"mainEntityOfPage\":{\"@id\":\"https:\\\/\\\/www.esplac.cat\\\/bones-practiques-amb-perspectiva-de-genere\\\/\"},\"wordCount\":772,\"publisher\":{\"@id\":\"https:\\\/\\\/www.esplac.cat\\\/#organization\"},\"image\":{\"@id\":\"https:\\\/\\\/www.esplac.cat\\\/bones-practiques-amb-perspectiva-de-genere\\\/#primaryimage\"},\"thumbnailUrl\":\"https:\\\/\\\/www.esplac.cat\\\/wp-content\\\/uploads\\\/2016\\\/06\\\/20160610_BP-pers-genere.jpg\",\"keywords\":[\"bones pr\u00e0ctiques\",\"feminisme\",\"g\u00e8nere\",\"trobades de joves\",\"Ulleres per esquerrans\"],\"articleSection\":[\"Bones pr\u00e0ctiques\",\"Protocol\",\"Sense categoria\"],\"inLanguage\":\"es\"},{\"@type\":\"WebPage\",\"@id\":\"https:\\\/\\\/www.esplac.cat\\\/bones-practiques-amb-perspectiva-de-genere\\\/\",\"url\":\"https:\\\/\\\/www.esplac.cat\\\/bones-practiques-amb-perspectiva-de-genere\\\/\",\"name\":\"Bones Pr\u00e0ctiques amb perspectiva de g\u00e8nere - Esplac\",\"isPartOf\":{\"@id\":\"https:\\\/\\\/www.esplac.cat\\\/#website\"},\"primaryImageOfPage\":{\"@id\":\"https:\\\/\\\/www.esplac.cat\\\/bones-practiques-amb-perspectiva-de-genere\\\/#primaryimage\"},\"image\":{\"@id\":\"https:\\\/\\\/www.esplac.cat\\\/bones-practiques-amb-perspectiva-de-genere\\\/#primaryimage\"},\"thumbnailUrl\":\"https:\\\/\\\/www.esplac.cat\\\/wp-content\\\/uploads\\\/2016\\\/06\\\/20160610_BP-pers-genere.jpg\",\"datePublished\":\"2016-06-10T07:19:08+00:00\",\"dateModified\":\"2019-11-14T11:31:50+00:00\",\"breadcrumb\":{\"@id\":\"https:\\\/\\\/www.esplac.cat\\\/bones-practiques-amb-perspectiva-de-genere\\\/#breadcrumb\"},\"inLanguage\":\"es\",\"potentialAction\":[{\"@type\":\"ReadAction\",\"target\":[\"https:\\\/\\\/www.esplac.cat\\\/bones-practiques-amb-perspectiva-de-genere\\\/\"]}]},{\"@type\":\"ImageObject\",\"inLanguage\":\"es\",\"@id\":\"https:\\\/\\\/www.esplac.cat\\\/bones-practiques-amb-perspectiva-de-genere\\\/#primaryimage\",\"url\":\"https:\\\/\\\/www.esplac.cat\\\/wp-content\\\/uploads\\\/2016\\\/06\\\/20160610_BP-pers-genere.jpg\",\"contentUrl\":\"https:\\\/\\\/www.esplac.cat\\\/wp-content\\\/uploads\\\/2016\\\/06\\\/20160610_BP-pers-genere.jpg\",\"width\":847,\"height\":350},{\"@type\":\"BreadcrumbList\",\"@id\":\"https:\\\/\\\/www.esplac.cat\\\/bones-practiques-amb-perspectiva-de-genere\\\/#breadcrumb\",\"itemListElement\":[{\"@type\":\"ListItem\",\"position\":1,\"name\":\"Inici\",\"item\":\"https:\\\/\\\/www.esplac.cat\\\/es\\\/\"},{\"@type\":\"ListItem\",\"position\":2,\"name\":\"Bones Pr\u00e0ctiques amb perspectiva de g\u00e8nere\"}]},{\"@type\":\"WebSite\",\"@id\":\"https:\\\/\\\/www.esplac.cat\\\/#website\",\"url\":\"https:\\\/\\\/www.esplac.cat\\\/\",\"name\":\"Esplac\",\"description\":\"Esplais Catalans\",\"publisher\":{\"@id\":\"https:\\\/\\\/www.esplac.cat\\\/#organization\"},\"potentialAction\":[{\"@type\":\"SearchAction\",\"target\":{\"@type\":\"EntryPoint\",\"urlTemplate\":\"https:\\\/\\\/www.esplac.cat\\\/?s={search_term_string}\"},\"query-input\":{\"@type\":\"PropertyValueSpecification\",\"valueRequired\":true,\"valueName\":\"search_term_string\"}}],\"inLanguage\":\"es\"},{\"@type\":\"Organization\",\"@id\":\"https:\\\/\\\/www.esplac.cat\\\/#organization\",\"name\":\"Esplac\",\"url\":\"https:\\\/\\\/www.esplac.cat\\\/\",\"logo\":{\"@type\":\"ImageObject\",\"inLanguage\":\"es\",\"@id\":\"https:\\\/\\\/www.esplac.cat\\\/#\\\/schema\\\/logo\\\/image\\\/\",\"url\":\"https:\\\/\\\/www.esplac.cat\\\/wp-content\\\/uploads\\\/2019\\\/08\\\/logox2.png\",\"contentUrl\":\"https:\\\/\\\/www.esplac.cat\\\/wp-content\\\/uploads\\\/2019\\\/08\\\/logox2.png\",\"width\":600,\"height\":295,\"caption\":\"Esplac\"},\"image\":{\"@id\":\"https:\\\/\\\/www.esplac.cat\\\/#\\\/schema\\\/logo\\\/image\\\/\"}},{\"@type\":\"Person\",\"@id\":\"https:\\\/\\\/www.esplac.cat\\\/#\\\/schema\\\/person\\\/908383cf240be18b68f8855d0583faca\",\"name\":\"Comunicaci\u00f3 Esplac\",\"image\":{\"@type\":\"ImageObject\",\"inLanguage\":\"es\",\"@id\":\"https:\\\/\\\/secure.gravatar.com\\\/avatar\\\/7a4cf8feb412a76ea4a740ca02d95b06b2907b5a6c648c2dd0a1082a093c3141?s=96&d=mm&r=g\",\"url\":\"https:\\\/\\\/secure.gravatar.com\\\/avatar\\\/7a4cf8feb412a76ea4a740ca02d95b06b2907b5a6c648c2dd0a1082a093c3141?s=96&d=mm&r=g\",\"contentUrl\":\"https:\\\/\\\/secure.gravatar.com\\\/avatar\\\/7a4cf8feb412a76ea4a740ca02d95b06b2907b5a6c648c2dd0a1082a093c3141?s=96&d=mm&r=g\",\"caption\":\"Comunicaci\u00f3 Esplac\"}}]}<\/script>\n<!-- \/ Yoast SEO plugin. -->","yoast_head_json":{"title":"Bones Pr\u00e0ctiques amb perspectiva de g\u00e8nere - Esplac","robots":{"index":"index","follow":"follow","max-snippet":"max-snippet:-1","max-image-preview":"max-image-preview:large","max-video-preview":"max-video-preview:-1"},"canonical":"https:\/\/www.esplac.cat\/bones-practiques-amb-perspectiva-de-genere\/","og_locale":"es_ES","og_type":"article","og_title":"Bones Pr\u00e0ctiques amb perspectiva de g\u00e8nere - Esplac","og_description":"Els tallers i les formacions de sector ofereixen activitats en [&hellip;]","og_url":"https:\/\/www.esplac.cat\/bones-practiques-amb-perspectiva-de-genere\/","og_site_name":"Esplac","article_published_time":"2016-06-10T07:19:08+00:00","article_modified_time":"2019-11-14T11:31:50+00:00","og_image":[{"width":847,"height":350,"url":"https:\/\/www.esplac.cat\/wp-content\/uploads\/2016\/06\/20160610_BP-pers-genere.jpg","type":"image\/jpeg"}],"author":"Comunicaci\u00f3 Esplac","twitter_card":"summary_large_image","twitter_misc":{"Escrito por":"Comunicaci\u00f3 Esplac","Tiempo de lectura":"4 minutos"},"schema":{"@context":"https:\/\/schema.org","@graph":[{"@type":"Article","@id":"https:\/\/www.esplac.cat\/bones-practiques-amb-perspectiva-de-genere\/#article","isPartOf":{"@id":"https:\/\/www.esplac.cat\/bones-practiques-amb-perspectiva-de-genere\/"},"author":{"name":"Comunicaci\u00f3 Esplac","@id":"https:\/\/www.esplac.cat\/#\/schema\/person\/908383cf240be18b68f8855d0583faca"},"headline":"Bones Pr\u00e0ctiques amb perspectiva de g\u00e8nere","datePublished":"2016-06-10T07:19:08+00:00","dateModified":"2019-11-14T11:31:50+00:00","mainEntityOfPage":{"@id":"https:\/\/www.esplac.cat\/bones-practiques-amb-perspectiva-de-genere\/"},"wordCount":772,"publisher":{"@id":"https:\/\/www.esplac.cat\/#organization"},"image":{"@id":"https:\/\/www.esplac.cat\/bones-practiques-amb-perspectiva-de-genere\/#primaryimage"},"thumbnailUrl":"https:\/\/www.esplac.cat\/wp-content\/uploads\/2016\/06\/20160610_BP-pers-genere.jpg","keywords":["bones pr\u00e0ctiques","feminisme","g\u00e8nere","trobades de joves","Ulleres per esquerrans"],"articleSection":["Bones pr\u00e0ctiques","Protocol","Sense categoria"],"inLanguage":"es"},{"@type":"WebPage","@id":"https:\/\/www.esplac.cat\/bones-practiques-amb-perspectiva-de-genere\/","url":"https:\/\/www.esplac.cat\/bones-practiques-amb-perspectiva-de-genere\/","name":"Bones Pr\u00e0ctiques amb perspectiva de g\u00e8nere - Esplac","isPartOf":{"@id":"https:\/\/www.esplac.cat\/#website"},"primaryImageOfPage":{"@id":"https:\/\/www.esplac.cat\/bones-practiques-amb-perspectiva-de-genere\/#primaryimage"},"image":{"@id":"https:\/\/www.esplac.cat\/bones-practiques-amb-perspectiva-de-genere\/#primaryimage"},"thumbnailUrl":"https:\/\/www.esplac.cat\/wp-content\/uploads\/2016\/06\/20160610_BP-pers-genere.jpg","datePublished":"2016-06-10T07:19:08+00:00","dateModified":"2019-11-14T11:31:50+00:00","breadcrumb":{"@id":"https:\/\/www.esplac.cat\/bones-practiques-amb-perspectiva-de-genere\/#breadcrumb"},"inLanguage":"es","potentialAction":[{"@type":"ReadAction","target":["https:\/\/www.esplac.cat\/bones-practiques-amb-perspectiva-de-genere\/"]}]},{"@type":"ImageObject","inLanguage":"es","@id":"https:\/\/www.esplac.cat\/bones-practiques-amb-perspectiva-de-genere\/#primaryimage","url":"https:\/\/www.esplac.cat\/wp-content\/uploads\/2016\/06\/20160610_BP-pers-genere.jpg","contentUrl":"https:\/\/www.esplac.cat\/wp-content\/uploads\/2016\/06\/20160610_BP-pers-genere.jpg","width":847,"height":350},{"@type":"BreadcrumbList","@id":"https:\/\/www.esplac.cat\/bones-practiques-amb-perspectiva-de-genere\/#breadcrumb","itemListElement":[{"@type":"ListItem","position":1,"name":"Inici","item":"https:\/\/www.esplac.cat\/es\/"},{"@type":"ListItem","position":2,"name":"Bones Pr\u00e0ctiques amb perspectiva de g\u00e8nere"}]},{"@type":"WebSite","@id":"https:\/\/www.esplac.cat\/#website","url":"https:\/\/www.esplac.cat\/","name":"Esplac","description":"Esplais Catalans","publisher":{"@id":"https:\/\/www.esplac.cat\/#organization"},"potentialAction":[{"@type":"SearchAction","target":{"@type":"EntryPoint","urlTemplate":"https:\/\/www.esplac.cat\/?s={search_term_string}"},"query-input":{"@type":"PropertyValueSpecification","valueRequired":true,"valueName":"search_term_string"}}],"inLanguage":"es"},{"@type":"Organization","@id":"https:\/\/www.esplac.cat\/#organization","name":"Esplac","url":"https:\/\/www.esplac.cat\/","logo":{"@type":"ImageObject","inLanguage":"es","@id":"https:\/\/www.esplac.cat\/#\/schema\/logo\/image\/","url":"https:\/\/www.esplac.cat\/wp-content\/uploads\/2019\/08\/logox2.png","contentUrl":"https:\/\/www.esplac.cat\/wp-content\/uploads\/2019\/08\/logox2.png","width":600,"height":295,"caption":"Esplac"},"image":{"@id":"https:\/\/www.esplac.cat\/#\/schema\/logo\/image\/"}},{"@type":"Person","@id":"https:\/\/www.esplac.cat\/#\/schema\/person\/908383cf240be18b68f8855d0583faca","name":"Comunicaci\u00f3 Esplac","image":{"@type":"ImageObject","inLanguage":"es","@id":"https:\/\/secure.gravatar.com\/avatar\/7a4cf8feb412a76ea4a740ca02d95b06b2907b5a6c648c2dd0a1082a093c3141?s=96&d=mm&r=g","url":"https:\/\/secure.gravatar.com\/avatar\/7a4cf8feb412a76ea4a740ca02d95b06b2907b5a6c648c2dd0a1082a093c3141?s=96&d=mm&r=g","contentUrl":"https:\/\/secure.gravatar.com\/avatar\/7a4cf8feb412a76ea4a740ca02d95b06b2907b5a6c648c2dd0a1082a093c3141?s=96&d=mm&r=g","caption":"Comunicaci\u00f3 Esplac"}}]}},"_links":{"self":[{"href":"https:\/\/www.esplac.cat\/es\/wp-json\/wp\/v2\/posts\/25058","targetHints":{"allow":["GET"]}}],"collection":[{"href":"https:\/\/www.esplac.cat\/es\/wp-json\/wp\/v2\/posts"}],"about":[{"href":"https:\/\/www.esplac.cat\/es\/wp-json\/wp\/v2\/types\/post"}],"author":[{"embeddable":true,"href":"https:\/\/www.esplac.cat\/es\/wp-json\/wp\/v2\/users\/3"}],"replies":[{"embeddable":true,"href":"https:\/\/www.esplac.cat\/es\/wp-json\/wp\/v2\/comments?post=25058"}],"version-history":[{"count":0,"href":"https:\/\/www.esplac.cat\/es\/wp-json\/wp\/v2\/posts\/25058\/revisions"}],"wp:featuredmedia":[{"embeddable":true,"href":"https:\/\/www.esplac.cat\/es\/wp-json\/wp\/v2\/media\/25059"}],"wp:attachment":[{"href":"https:\/\/www.esplac.cat\/es\/wp-json\/wp\/v2\/media?parent=25058"}],"wp:term":[{"taxonomy":"category","embeddable":true,"href":"https:\/\/www.esplac.cat\/es\/wp-json\/wp\/v2\/categories?post=25058"},{"taxonomy":"post_tag","embeddable":true,"href":"https:\/\/www.esplac.cat\/es\/wp-json\/wp\/v2\/tags?post=25058"}],"curies":[{"name":"wp","href":"https:\/\/api.w.org\/{rel}","templated":true}]}}