{"id":25063,"date":"2016-06-09T15:36:04","date_gmt":"2016-06-09T13:36:04","guid":{"rendered":"http:\/\/esplac.cat\/?p=10850"},"modified":"2019-10-15T18:19:00","modified_gmt":"2019-10-15T16:19:00","slug":"video-lesplai-garbi-de-mataro-celebra-el-seu-40e-aniversari","status":"publish","type":"post","link":"https:\/\/www.esplac.cat\/es\/video-lesplai-garbi-de-mataro-celebra-el-seu-40e-aniversari\/","title":{"rendered":"[V\u00cdDEO] L&#8217;esplai Garb\u00ed de Matar\u00f3 celebra el seu 40\u00e8 aniversari"},"content":{"rendered":"<h4 style=\"text-align: justify;\">El dissabte 11 de juny, infants i monis de l&#8217;esplai Garb\u00ed de Matar\u00f3 celebren 40 anys de vida amb activitats tot el dia a la pla\u00e7a de l&#8217;Ajuntament<\/h4>\n<p style=\"text-align: justify;\">L&#8217;esplai Garb\u00ed prepar\u00e0 una gran festa per dissabte vinent oberta a la ciutat pel seu 40\u00e8 aniversari: omplir\u00e0 la Pla\u00e7a de l&#8217;Ajuntament de Matar\u00f3 durant tot el dissabte 11 de juny i s&#8217;escampar\u00e0 per altres places de la ciutat. S\u00f3n moltes les persones que en 40 anys han passat per l&#8217;Esplai Garb\u00ed, i tamb\u00e9 s\u00f3n moltes les persones que b\u00e9 com a infant, jove, monitor, monitora o fam\u00edlia l&#8217;han fet cr\u00e9ixer. Totes estan convidades!<\/p>\n<p style=\"text-align: justify;\">La programaci\u00f3 del dia ser\u00e0 la seg\u00fcent:<br \/>\n&#8211; 10h: Activitats d&#8217;arreu del m\u00f3n (Les repartirem per diferents places del centre de la ciutat)<br \/>\n&#8211; 13.30h: Botifarrada popular<br \/>\n&#8211; 16h i durant tota la tarda: Gimcana oberta a la ciutat<br \/>\n&#8211; 18h: Berenar<br \/>\n&#8211; Tot seguit: Mur dels records<br \/>\n&#8211; 22h: Concerts i barra a preus populars<br \/>\n22h: Andana<br \/>\n23h: A4 Reggae Orchestra<br \/>\n00.30h: Dj Sunz &amp; Polok Selektah<\/p>\n<p style=\"text-align: justify;\">Us hi esperem a tots i a totes!<\/p>\n","protected":false},"excerpt":{"rendered":"<p>El dissabte 11 de juny, infants i monis de l&#8217;esplai [&hellip;]<\/p>\n","protected":false},"author":3,"featured_media":25064,"comment_status":"closed","ping_status":"open","sticky":false,"template":"","format":"standard","meta":{"om_disable_all_campaigns":false,"_monsterinsights_skip_tracking":false,"_monsterinsights_sitenote_active":false,"_monsterinsights_sitenote_note":"","_monsterinsights_sitenote_category":0,"_uf_show_specific_survey":0,"_uf_disable_surveys":false,"footnotes":""},"categories":[1110,1113],"tags":[126,541,55,750],"class_list":["post-25063","post","type-post","status-publish","format-standard","has-post-thumbnail","hentry","category-activitats-sectors","category-sector-maresme","tag-aniversari","tag-garbi","tag-maresme","tag-mataro"],"yoast_head":"<!-- This site is optimized with the Yoast SEO plugin v27.5 - https:\/\/yoast.com\/product\/yoast-seo-wordpress\/ -->\n<title>[V\u00cdDEO] L&#039;esplai Garb\u00ed de Matar\u00f3 celebra el seu 40\u00e8 aniversari - Esplac<\/title>\n<meta name=\"robots\" content=\"index, follow, max-snippet:-1, max-image-preview:large, max-video-preview:-1\" \/>\n<link rel=\"canonical\" href=\"https:\/\/www.esplac.cat\/video-lesplai-garbi-de-mataro-celebra-el-seu-40e-aniversari\/\" \/>\n<meta property=\"og:locale\" content=\"es_ES\" \/>\n<meta property=\"og:type\" content=\"article\" \/>\n<meta property=\"og:title\" content=\"[V\u00cdDEO] L&#039;esplai Garb\u00ed de Matar\u00f3 celebra el seu 40\u00e8 aniversari - Esplac\" \/>\n<meta property=\"og:description\" content=\"El dissabte 11 de juny, infants i monis de l&#8217;esplai [&hellip;]\" \/>\n<meta property=\"og:url\" content=\"https:\/\/www.esplac.cat\/video-lesplai-garbi-de-mataro-celebra-el-seu-40e-aniversari\/\" \/>\n<meta property=\"og:site_name\" content=\"Esplac\" \/>\n<meta property=\"article:published_time\" content=\"2016-06-09T13:36:04+00:00\" \/>\n<meta property=\"article:modified_time\" content=\"2019-10-15T16:19:00+00:00\" \/>\n<meta property=\"og:image\" content=\"https:\/\/www.esplac.cat\/wp-content\/uploads\/2016\/06\/20160609-40anys-garbi.jpg\" \/>\n\t<meta property=\"og:image:width\" content=\"847\" \/>\n\t<meta property=\"og:image:height\" content=\"351\" \/>\n\t<meta property=\"og:image:type\" content=\"image\/jpeg\" \/>\n<meta name=\"author\" content=\"Comunicaci\u00f3 Esplac\" \/>\n<meta name=\"twitter:card\" content=\"summary_large_image\" \/>\n<meta name=\"twitter:label1\" content=\"Escrito por\" \/>\n\t<meta name=\"twitter:data1\" content=\"Comunicaci\u00f3 Esplac\" \/>\n\t<meta name=\"twitter:label2\" content=\"Tiempo de lectura\" \/>\n\t<meta name=\"twitter:data2\" content=\"1 minuto\" \/>\n<script type=\"application\/ld+json\" class=\"yoast-schema-graph\">{\"@context\":\"https:\\\/\\\/schema.org\",\"@graph\":[{\"@type\":\"Article\",\"@id\":\"https:\\\/\\\/www.esplac.cat\\\/video-lesplai-garbi-de-mataro-celebra-el-seu-40e-aniversari\\\/#article\",\"isPartOf\":{\"@id\":\"https:\\\/\\\/www.esplac.cat\\\/video-lesplai-garbi-de-mataro-celebra-el-seu-40e-aniversari\\\/\"},\"author\":{\"name\":\"Comunicaci\u00f3 Esplac\",\"@id\":\"https:\\\/\\\/www.esplac.cat\\\/#\\\/schema\\\/person\\\/908383cf240be18b68f8855d0583faca\"},\"headline\":\"[V\u00cdDEO] L&#8217;esplai Garb\u00ed de Matar\u00f3 celebra el seu 40\u00e8 aniversari\",\"datePublished\":\"2016-06-09T13:36:04+00:00\",\"dateModified\":\"2019-10-15T16:19:00+00:00\",\"mainEntityOfPage\":{\"@id\":\"https:\\\/\\\/www.esplac.cat\\\/video-lesplai-garbi-de-mataro-celebra-el-seu-40e-aniversari\\\/\"},\"wordCount\":200,\"publisher\":{\"@id\":\"https:\\\/\\\/www.esplac.cat\\\/#organization\"},\"image\":{\"@id\":\"https:\\\/\\\/www.esplac.cat\\\/video-lesplai-garbi-de-mataro-celebra-el-seu-40e-aniversari\\\/#primaryimage\"},\"thumbnailUrl\":\"https:\\\/\\\/www.esplac.cat\\\/wp-content\\\/uploads\\\/2016\\\/06\\\/20160609-40anys-garbi.jpg\",\"keywords\":[\"aniversari\",\"garbi\",\"maresme\",\"Matar\u00f3\"],\"articleSection\":[\"Activitats sectors\",\"Sector Maresme\"],\"inLanguage\":\"es\"},{\"@type\":\"WebPage\",\"@id\":\"https:\\\/\\\/www.esplac.cat\\\/video-lesplai-garbi-de-mataro-celebra-el-seu-40e-aniversari\\\/\",\"url\":\"https:\\\/\\\/www.esplac.cat\\\/video-lesplai-garbi-de-mataro-celebra-el-seu-40e-aniversari\\\/\",\"name\":\"[V\u00cdDEO] L'esplai Garb\u00ed de Matar\u00f3 celebra el seu 40\u00e8 aniversari - Esplac\",\"isPartOf\":{\"@id\":\"https:\\\/\\\/www.esplac.cat\\\/#website\"},\"primaryImageOfPage\":{\"@id\":\"https:\\\/\\\/www.esplac.cat\\\/video-lesplai-garbi-de-mataro-celebra-el-seu-40e-aniversari\\\/#primaryimage\"},\"image\":{\"@id\":\"https:\\\/\\\/www.esplac.cat\\\/video-lesplai-garbi-de-mataro-celebra-el-seu-40e-aniversari\\\/#primaryimage\"},\"thumbnailUrl\":\"https:\\\/\\\/www.esplac.cat\\\/wp-content\\\/uploads\\\/2016\\\/06\\\/20160609-40anys-garbi.jpg\",\"datePublished\":\"2016-06-09T13:36:04+00:00\",\"dateModified\":\"2019-10-15T16:19:00+00:00\",\"breadcrumb\":{\"@id\":\"https:\\\/\\\/www.esplac.cat\\\/video-lesplai-garbi-de-mataro-celebra-el-seu-40e-aniversari\\\/#breadcrumb\"},\"inLanguage\":\"es\",\"potentialAction\":[{\"@type\":\"ReadAction\",\"target\":[\"https:\\\/\\\/www.esplac.cat\\\/video-lesplai-garbi-de-mataro-celebra-el-seu-40e-aniversari\\\/\"]}]},{\"@type\":\"ImageObject\",\"inLanguage\":\"es\",\"@id\":\"https:\\\/\\\/www.esplac.cat\\\/video-lesplai-garbi-de-mataro-celebra-el-seu-40e-aniversari\\\/#primaryimage\",\"url\":\"https:\\\/\\\/www.esplac.cat\\\/wp-content\\\/uploads\\\/2016\\\/06\\\/20160609-40anys-garbi.jpg\",\"contentUrl\":\"https:\\\/\\\/www.esplac.cat\\\/wp-content\\\/uploads\\\/2016\\\/06\\\/20160609-40anys-garbi.jpg\",\"width\":847,\"height\":351},{\"@type\":\"BreadcrumbList\",\"@id\":\"https:\\\/\\\/www.esplac.cat\\\/video-lesplai-garbi-de-mataro-celebra-el-seu-40e-aniversari\\\/#breadcrumb\",\"itemListElement\":[{\"@type\":\"ListItem\",\"position\":1,\"name\":\"Inici\",\"item\":\"https:\\\/\\\/www.esplac.cat\\\/es\\\/\"},{\"@type\":\"ListItem\",\"position\":2,\"name\":\"[V\u00cdDEO] L&#8217;esplai Garb\u00ed de Matar\u00f3 celebra el seu 40\u00e8 aniversari\"}]},{\"@type\":\"WebSite\",\"@id\":\"https:\\\/\\\/www.esplac.cat\\\/#website\",\"url\":\"https:\\\/\\\/www.esplac.cat\\\/\",\"name\":\"Esplac\",\"description\":\"Esplais Catalans\",\"publisher\":{\"@id\":\"https:\\\/\\\/www.esplac.cat\\\/#organization\"},\"potentialAction\":[{\"@type\":\"SearchAction\",\"target\":{\"@type\":\"EntryPoint\",\"urlTemplate\":\"https:\\\/\\\/www.esplac.cat\\\/?s={search_term_string}\"},\"query-input\":{\"@type\":\"PropertyValueSpecification\",\"valueRequired\":true,\"valueName\":\"search_term_string\"}}],\"inLanguage\":\"es\"},{\"@type\":\"Organization\",\"@id\":\"https:\\\/\\\/www.esplac.cat\\\/#organization\",\"name\":\"Esplac\",\"url\":\"https:\\\/\\\/www.esplac.cat\\\/\",\"logo\":{\"@type\":\"ImageObject\",\"inLanguage\":\"es\",\"@id\":\"https:\\\/\\\/www.esplac.cat\\\/#\\\/schema\\\/logo\\\/image\\\/\",\"url\":\"https:\\\/\\\/www.esplac.cat\\\/wp-content\\\/uploads\\\/2019\\\/08\\\/logox2.png\",\"contentUrl\":\"https:\\\/\\\/www.esplac.cat\\\/wp-content\\\/uploads\\\/2019\\\/08\\\/logox2.png\",\"width\":600,\"height\":295,\"caption\":\"Esplac\"},\"image\":{\"@id\":\"https:\\\/\\\/www.esplac.cat\\\/#\\\/schema\\\/logo\\\/image\\\/\"}},{\"@type\":\"Person\",\"@id\":\"https:\\\/\\\/www.esplac.cat\\\/#\\\/schema\\\/person\\\/908383cf240be18b68f8855d0583faca\",\"name\":\"Comunicaci\u00f3 Esplac\",\"image\":{\"@type\":\"ImageObject\",\"inLanguage\":\"es\",\"@id\":\"https:\\\/\\\/secure.gravatar.com\\\/avatar\\\/7a4cf8feb412a76ea4a740ca02d95b06b2907b5a6c648c2dd0a1082a093c3141?s=96&d=mm&r=g\",\"url\":\"https:\\\/\\\/secure.gravatar.com\\\/avatar\\\/7a4cf8feb412a76ea4a740ca02d95b06b2907b5a6c648c2dd0a1082a093c3141?s=96&d=mm&r=g\",\"contentUrl\":\"https:\\\/\\\/secure.gravatar.com\\\/avatar\\\/7a4cf8feb412a76ea4a740ca02d95b06b2907b5a6c648c2dd0a1082a093c3141?s=96&d=mm&r=g\",\"caption\":\"Comunicaci\u00f3 Esplac\"}}]}<\/script>\n<!-- \/ Yoast SEO plugin. -->","yoast_head_json":{"title":"[V\u00cdDEO] L'esplai Garb\u00ed de Matar\u00f3 celebra el seu 40\u00e8 aniversari - Esplac","robots":{"index":"index","follow":"follow","max-snippet":"max-snippet:-1","max-image-preview":"max-image-preview:large","max-video-preview":"max-video-preview:-1"},"canonical":"https:\/\/www.esplac.cat\/video-lesplai-garbi-de-mataro-celebra-el-seu-40e-aniversari\/","og_locale":"es_ES","og_type":"article","og_title":"[V\u00cdDEO] L'esplai Garb\u00ed de Matar\u00f3 celebra el seu 40\u00e8 aniversari - Esplac","og_description":"El dissabte 11 de juny, infants i monis de l&#8217;esplai [&hellip;]","og_url":"https:\/\/www.esplac.cat\/video-lesplai-garbi-de-mataro-celebra-el-seu-40e-aniversari\/","og_site_name":"Esplac","article_published_time":"2016-06-09T13:36:04+00:00","article_modified_time":"2019-10-15T16:19:00+00:00","og_image":[{"width":847,"height":351,"url":"https:\/\/www.esplac.cat\/wp-content\/uploads\/2016\/06\/20160609-40anys-garbi.jpg","type":"image\/jpeg"}],"author":"Comunicaci\u00f3 Esplac","twitter_card":"summary_large_image","twitter_misc":{"Escrito por":"Comunicaci\u00f3 Esplac","Tiempo de lectura":"1 minuto"},"schema":{"@context":"https:\/\/schema.org","@graph":[{"@type":"Article","@id":"https:\/\/www.esplac.cat\/video-lesplai-garbi-de-mataro-celebra-el-seu-40e-aniversari\/#article","isPartOf":{"@id":"https:\/\/www.esplac.cat\/video-lesplai-garbi-de-mataro-celebra-el-seu-40e-aniversari\/"},"author":{"name":"Comunicaci\u00f3 Esplac","@id":"https:\/\/www.esplac.cat\/#\/schema\/person\/908383cf240be18b68f8855d0583faca"},"headline":"[V\u00cdDEO] L&#8217;esplai Garb\u00ed de Matar\u00f3 celebra el seu 40\u00e8 aniversari","datePublished":"2016-06-09T13:36:04+00:00","dateModified":"2019-10-15T16:19:00+00:00","mainEntityOfPage":{"@id":"https:\/\/www.esplac.cat\/video-lesplai-garbi-de-mataro-celebra-el-seu-40e-aniversari\/"},"wordCount":200,"publisher":{"@id":"https:\/\/www.esplac.cat\/#organization"},"image":{"@id":"https:\/\/www.esplac.cat\/video-lesplai-garbi-de-mataro-celebra-el-seu-40e-aniversari\/#primaryimage"},"thumbnailUrl":"https:\/\/www.esplac.cat\/wp-content\/uploads\/2016\/06\/20160609-40anys-garbi.jpg","keywords":["aniversari","garbi","maresme","Matar\u00f3"],"articleSection":["Activitats sectors","Sector Maresme"],"inLanguage":"es"},{"@type":"WebPage","@id":"https:\/\/www.esplac.cat\/video-lesplai-garbi-de-mataro-celebra-el-seu-40e-aniversari\/","url":"https:\/\/www.esplac.cat\/video-lesplai-garbi-de-mataro-celebra-el-seu-40e-aniversari\/","name":"[V\u00cdDEO] L'esplai Garb\u00ed de Matar\u00f3 celebra el seu 40\u00e8 aniversari - Esplac","isPartOf":{"@id":"https:\/\/www.esplac.cat\/#website"},"primaryImageOfPage":{"@id":"https:\/\/www.esplac.cat\/video-lesplai-garbi-de-mataro-celebra-el-seu-40e-aniversari\/#primaryimage"},"image":{"@id":"https:\/\/www.esplac.cat\/video-lesplai-garbi-de-mataro-celebra-el-seu-40e-aniversari\/#primaryimage"},"thumbnailUrl":"https:\/\/www.esplac.cat\/wp-content\/uploads\/2016\/06\/20160609-40anys-garbi.jpg","datePublished":"2016-06-09T13:36:04+00:00","dateModified":"2019-10-15T16:19:00+00:00","breadcrumb":{"@id":"https:\/\/www.esplac.cat\/video-lesplai-garbi-de-mataro-celebra-el-seu-40e-aniversari\/#breadcrumb"},"inLanguage":"es","potentialAction":[{"@type":"ReadAction","target":["https:\/\/www.esplac.cat\/video-lesplai-garbi-de-mataro-celebra-el-seu-40e-aniversari\/"]}]},{"@type":"ImageObject","inLanguage":"es","@id":"https:\/\/www.esplac.cat\/video-lesplai-garbi-de-mataro-celebra-el-seu-40e-aniversari\/#primaryimage","url":"https:\/\/www.esplac.cat\/wp-content\/uploads\/2016\/06\/20160609-40anys-garbi.jpg","contentUrl":"https:\/\/www.esplac.cat\/wp-content\/uploads\/2016\/06\/20160609-40anys-garbi.jpg","width":847,"height":351},{"@type":"BreadcrumbList","@id":"https:\/\/www.esplac.cat\/video-lesplai-garbi-de-mataro-celebra-el-seu-40e-aniversari\/#breadcrumb","itemListElement":[{"@type":"ListItem","position":1,"name":"Inici","item":"https:\/\/www.esplac.cat\/es\/"},{"@type":"ListItem","position":2,"name":"[V\u00cdDEO] L&#8217;esplai Garb\u00ed de Matar\u00f3 celebra el seu 40\u00e8 aniversari"}]},{"@type":"WebSite","@id":"https:\/\/www.esplac.cat\/#website","url":"https:\/\/www.esplac.cat\/","name":"Esplac","description":"Esplais Catalans","publisher":{"@id":"https:\/\/www.esplac.cat\/#organization"},"potentialAction":[{"@type":"SearchAction","target":{"@type":"EntryPoint","urlTemplate":"https:\/\/www.esplac.cat\/?s={search_term_string}"},"query-input":{"@type":"PropertyValueSpecification","valueRequired":true,"valueName":"search_term_string"}}],"inLanguage":"es"},{"@type":"Organization","@id":"https:\/\/www.esplac.cat\/#organization","name":"Esplac","url":"https:\/\/www.esplac.cat\/","logo":{"@type":"ImageObject","inLanguage":"es","@id":"https:\/\/www.esplac.cat\/#\/schema\/logo\/image\/","url":"https:\/\/www.esplac.cat\/wp-content\/uploads\/2019\/08\/logox2.png","contentUrl":"https:\/\/www.esplac.cat\/wp-content\/uploads\/2019\/08\/logox2.png","width":600,"height":295,"caption":"Esplac"},"image":{"@id":"https:\/\/www.esplac.cat\/#\/schema\/logo\/image\/"}},{"@type":"Person","@id":"https:\/\/www.esplac.cat\/#\/schema\/person\/908383cf240be18b68f8855d0583faca","name":"Comunicaci\u00f3 Esplac","image":{"@type":"ImageObject","inLanguage":"es","@id":"https:\/\/secure.gravatar.com\/avatar\/7a4cf8feb412a76ea4a740ca02d95b06b2907b5a6c648c2dd0a1082a093c3141?s=96&d=mm&r=g","url":"https:\/\/secure.gravatar.com\/avatar\/7a4cf8feb412a76ea4a740ca02d95b06b2907b5a6c648c2dd0a1082a093c3141?s=96&d=mm&r=g","contentUrl":"https:\/\/secure.gravatar.com\/avatar\/7a4cf8feb412a76ea4a740ca02d95b06b2907b5a6c648c2dd0a1082a093c3141?s=96&d=mm&r=g","caption":"Comunicaci\u00f3 Esplac"}}]}},"_links":{"self":[{"href":"https:\/\/www.esplac.cat\/es\/wp-json\/wp\/v2\/posts\/25063","targetHints":{"allow":["GET"]}}],"collection":[{"href":"https:\/\/www.esplac.cat\/es\/wp-json\/wp\/v2\/posts"}],"about":[{"href":"https:\/\/www.esplac.cat\/es\/wp-json\/wp\/v2\/types\/post"}],"author":[{"embeddable":true,"href":"https:\/\/www.esplac.cat\/es\/wp-json\/wp\/v2\/users\/3"}],"replies":[{"embeddable":true,"href":"https:\/\/www.esplac.cat\/es\/wp-json\/wp\/v2\/comments?post=25063"}],"version-history":[{"count":0,"href":"https:\/\/www.esplac.cat\/es\/wp-json\/wp\/v2\/posts\/25063\/revisions"}],"wp:featuredmedia":[{"embeddable":true,"href":"https:\/\/www.esplac.cat\/es\/wp-json\/wp\/v2\/media\/25064"}],"wp:attachment":[{"href":"https:\/\/www.esplac.cat\/es\/wp-json\/wp\/v2\/media?parent=25063"}],"wp:term":[{"taxonomy":"category","embeddable":true,"href":"https:\/\/www.esplac.cat\/es\/wp-json\/wp\/v2\/categories?post=25063"},{"taxonomy":"post_tag","embeddable":true,"href":"https:\/\/www.esplac.cat\/es\/wp-json\/wp\/v2\/tags?post=25063"}],"curies":[{"name":"wp","href":"https:\/\/api.w.org\/{rel}","templated":true}]}}