{"id":25065,"date":"2016-06-06T11:00:03","date_gmt":"2016-06-06T09:00:03","guid":{"rendered":"http:\/\/esplac.cat\/?p=10874"},"modified":"2019-10-15T18:19:01","modified_gmt":"2019-10-15T16:19:01","slug":"vols-saber-que-hem-fet-al-grup-de-treball-deducacio-emocional-aquest-curs","status":"publish","type":"post","link":"https:\/\/www.esplac.cat\/es\/vols-saber-que-hem-fet-al-grup-de-treball-deducacio-emocional-aquest-curs\/","title":{"rendered":"Vols saber qu\u00e8 hem fet al Grup de Treball d&#8217;educaci\u00f3 emocional aquest curs?"},"content":{"rendered":"<h4 style=\"text-align: justify;\">El grup fa el tancament de curs amb una formaci\u00f3 i la valoraci\u00f3 de totes les accions proposades<\/h4>\n<p style=\"text-align: justify;\">El passat dimecres el Grup de Treball d&#8217;Educaci\u00f3 Emocional, va realitzar la segona part de la formaci\u00f3 iniciada al segon trimestre. Sota el marc de l&#8217;objectiu \u00abFormar-nos emocionalment\u00bb, es van treballar eines per a la pr\u00f2pia gesti\u00f3 emocional (exercicis respiratoris, risoter\u00e0pia i relaxaci\u00f3, entre d&#8217;altres).<\/p>\n<p style=\"text-align: justify;\">M\u00e9s enll\u00e0 de la formaci\u00f3, tamb\u00e9 va ser un bon moment per valorar el GdT, el seu recorregut i les accions de futur que es plantegen.<br \/>\nLa valoraci\u00f3 \u00e9s molt positiva, el grup ha crescut, s&#8217;ha consolidat la import\u00e0ncia de l&#8217;educaci\u00f3 emocional, com a necessitat inherent de les entitats i col\u00b7lectius que treballen des del lleure.<\/p>\n<p style=\"text-align: justify;\">Sobre els objectius treballats a curt termini pel Grup de Treball podem resumir:<\/p>\n<ol>\n<li style=\"text-align: justify;\">Ens hem format, i volem seguir-ho fent!<\/li>\n<li style=\"text-align: justify;\">Vam dinamitzar dues sessions d&#8217;Educaci\u00f3 Emocional en el marc de la Monifesta&#8217;t. La valoraci\u00f3 dels participants va ser \u00f2ptima, i es va copsar l&#8217;inter\u00e8s per seguir aprofundint en la gesti\u00f3 de les pr\u00f2pies emocions i les dels altres.<\/li>\n<li style=\"text-align: justify;\">Les reunions del GdT cada vegada m\u00e9s, esdevenen espais de debat, reflexi\u00f3 i creaci\u00f3 de discurs.<\/li>\n<\/ol>\n<h4 style=\"text-align: justify;\">I a partir d&#8217;ara qu\u00e8?<\/h4>\n<p style=\"text-align: justify;\">Doncs queden accions encara per acabar (recull de contes, guia d&#8217;activitats&#8230;), i altres propostes que cada vegada agafen m\u00e9s forma.<\/p>\n<p style=\"text-align: justify;\">Se&#8217;ns dubte per\u00f2, \u00a0queda la il\u00b7lusi\u00f3, l&#8217;entusiasme i la motivaci\u00f3 per seguir treballant, implicant a les monitores i consolidant el grup de treball, a qui cal agra\u00efr les ganes de fer-ho possible.<\/p>\n<p style=\"text-align: justify;\">Com sempre diem, no deixarem d&#8217;emocionar-nos, ingredient indispensable per seguir treballant l&#8217;Educaci\u00f3 Emocional als esplais.<\/p>\n<p style=\"text-align: justify;\">Est\u00e0s interessat en participar? Nom\u00e9s cal que et posis en contacte amb <strong>valles@esplac.cat.<\/strong><\/p>\n","protected":false},"excerpt":{"rendered":"<p>El grup fa el tancament de curs amb una formaci\u00f3 [&hellip;]<\/p>\n","protected":false},"author":3,"featured_media":25066,"comment_status":"closed","ping_status":"open","sticky":false,"template":"","format":"standard","meta":{"om_disable_all_campaigns":false,"_monsterinsights_skip_tracking":false,"_monsterinsights_sitenote_active":false,"_monsterinsights_sitenote_note":"","_monsterinsights_sitenote_category":0,"_uf_show_specific_survey":0,"_uf_disable_surveys":false,"footnotes":""},"categories":[1119,1],"tags":[415,614],"class_list":["post-25065","post","type-post","status-publish","format-standard","has-post-thumbnail","hentry","category-activitats-comissions-grups-de-treball","category-sense-categoria","tag-educacio-emocional","tag-grup-de-treball"],"yoast_head":"<!-- This site is optimized with the Yoast SEO plugin v27.5 - https:\/\/yoast.com\/product\/yoast-seo-wordpress\/ -->\n<title>Vols saber qu\u00e8 hem fet al Grup de Treball d&#039;educaci\u00f3 emocional aquest curs? - Esplac<\/title>\n<meta name=\"robots\" content=\"index, follow, max-snippet:-1, max-image-preview:large, max-video-preview:-1\" \/>\n<link rel=\"canonical\" href=\"https:\/\/www.esplac.cat\/en\/vols-saber-que-hem-fet-al-grup-de-treball-deducacio-emocional-aquest-curs\/\" \/>\n<meta property=\"og:locale\" content=\"es_ES\" \/>\n<meta property=\"og:type\" content=\"article\" \/>\n<meta property=\"og:title\" content=\"Vols saber qu\u00e8 hem fet al Grup de Treball d&#039;educaci\u00f3 emocional aquest curs? - Esplac\" \/>\n<meta property=\"og:description\" content=\"El grup fa el tancament de curs amb una formaci\u00f3 [&hellip;]\" \/>\n<meta property=\"og:url\" content=\"https:\/\/www.esplac.cat\/en\/vols-saber-que-hem-fet-al-grup-de-treball-deducacio-emocional-aquest-curs\/\" \/>\n<meta property=\"og:site_name\" content=\"Esplac\" \/>\n<meta property=\"article:published_time\" content=\"2016-06-06T09:00:03+00:00\" \/>\n<meta property=\"article:modified_time\" content=\"2019-10-15T16:19:01+00:00\" \/>\n<meta property=\"og:image\" content=\"https:\/\/www.esplac.cat\/wp-content\/uploads\/2016\/06\/20160606_gt-ed-emocional.jpg\" \/>\n\t<meta property=\"og:image:width\" content=\"847\" \/>\n\t<meta property=\"og:image:height\" content=\"350\" \/>\n\t<meta property=\"og:image:type\" content=\"image\/jpeg\" \/>\n<meta name=\"author\" content=\"Comunicaci\u00f3 Esplac\" \/>\n<meta name=\"twitter:card\" content=\"summary_large_image\" \/>\n<meta name=\"twitter:label1\" content=\"Escrito por\" \/>\n\t<meta name=\"twitter:data1\" content=\"Comunicaci\u00f3 Esplac\" \/>\n\t<meta name=\"twitter:label2\" content=\"Tiempo de lectura\" \/>\n\t<meta name=\"twitter:data2\" content=\"1 minuto\" \/>\n<script type=\"application\/ld+json\" class=\"yoast-schema-graph\">{\"@context\":\"https:\\\/\\\/schema.org\",\"@graph\":[{\"@type\":\"Article\",\"@id\":\"https:\\\/\\\/www.esplac.cat\\\/en\\\/vols-saber-que-hem-fet-al-grup-de-treball-deducacio-emocional-aquest-curs\\\/#article\",\"isPartOf\":{\"@id\":\"https:\\\/\\\/www.esplac.cat\\\/en\\\/vols-saber-que-hem-fet-al-grup-de-treball-deducacio-emocional-aquest-curs\\\/\"},\"author\":{\"name\":\"Comunicaci\u00f3 Esplac\",\"@id\":\"https:\\\/\\\/www.esplac.cat\\\/#\\\/schema\\\/person\\\/908383cf240be18b68f8855d0583faca\"},\"headline\":\"Vols saber qu\u00e8 hem fet al Grup de Treball d&#8217;educaci\u00f3 emocional aquest curs?\",\"datePublished\":\"2016-06-06T09:00:03+00:00\",\"dateModified\":\"2019-10-15T16:19:01+00:00\",\"mainEntityOfPage\":{\"@id\":\"https:\\\/\\\/www.esplac.cat\\\/en\\\/vols-saber-que-hem-fet-al-grup-de-treball-deducacio-emocional-aquest-curs\\\/\"},\"wordCount\":321,\"publisher\":{\"@id\":\"https:\\\/\\\/www.esplac.cat\\\/#organization\"},\"image\":{\"@id\":\"https:\\\/\\\/www.esplac.cat\\\/en\\\/vols-saber-que-hem-fet-al-grup-de-treball-deducacio-emocional-aquest-curs\\\/#primaryimage\"},\"thumbnailUrl\":\"https:\\\/\\\/www.esplac.cat\\\/wp-content\\\/uploads\\\/2016\\\/06\\\/20160606_gt-ed-emocional.jpg\",\"keywords\":[\"educaci\u00f3 emocional\",\"grup de treball\"],\"articleSection\":[\"Activitats comissions i grups de treball\",\"Sense categoria\"],\"inLanguage\":\"es\"},{\"@type\":\"WebPage\",\"@id\":\"https:\\\/\\\/www.esplac.cat\\\/en\\\/vols-saber-que-hem-fet-al-grup-de-treball-deducacio-emocional-aquest-curs\\\/\",\"url\":\"https:\\\/\\\/www.esplac.cat\\\/en\\\/vols-saber-que-hem-fet-al-grup-de-treball-deducacio-emocional-aquest-curs\\\/\",\"name\":\"Vols saber qu\u00e8 hem fet al Grup de Treball d'educaci\u00f3 emocional aquest curs? - Esplac\",\"isPartOf\":{\"@id\":\"https:\\\/\\\/www.esplac.cat\\\/#website\"},\"primaryImageOfPage\":{\"@id\":\"https:\\\/\\\/www.esplac.cat\\\/en\\\/vols-saber-que-hem-fet-al-grup-de-treball-deducacio-emocional-aquest-curs\\\/#primaryimage\"},\"image\":{\"@id\":\"https:\\\/\\\/www.esplac.cat\\\/en\\\/vols-saber-que-hem-fet-al-grup-de-treball-deducacio-emocional-aquest-curs\\\/#primaryimage\"},\"thumbnailUrl\":\"https:\\\/\\\/www.esplac.cat\\\/wp-content\\\/uploads\\\/2016\\\/06\\\/20160606_gt-ed-emocional.jpg\",\"datePublished\":\"2016-06-06T09:00:03+00:00\",\"dateModified\":\"2019-10-15T16:19:01+00:00\",\"breadcrumb\":{\"@id\":\"https:\\\/\\\/www.esplac.cat\\\/en\\\/vols-saber-que-hem-fet-al-grup-de-treball-deducacio-emocional-aquest-curs\\\/#breadcrumb\"},\"inLanguage\":\"es\",\"potentialAction\":[{\"@type\":\"ReadAction\",\"target\":[\"https:\\\/\\\/www.esplac.cat\\\/en\\\/vols-saber-que-hem-fet-al-grup-de-treball-deducacio-emocional-aquest-curs\\\/\"]}]},{\"@type\":\"ImageObject\",\"inLanguage\":\"es\",\"@id\":\"https:\\\/\\\/www.esplac.cat\\\/en\\\/vols-saber-que-hem-fet-al-grup-de-treball-deducacio-emocional-aquest-curs\\\/#primaryimage\",\"url\":\"https:\\\/\\\/www.esplac.cat\\\/wp-content\\\/uploads\\\/2016\\\/06\\\/20160606_gt-ed-emocional.jpg\",\"contentUrl\":\"https:\\\/\\\/www.esplac.cat\\\/wp-content\\\/uploads\\\/2016\\\/06\\\/20160606_gt-ed-emocional.jpg\",\"width\":847,\"height\":350},{\"@type\":\"BreadcrumbList\",\"@id\":\"https:\\\/\\\/www.esplac.cat\\\/en\\\/vols-saber-que-hem-fet-al-grup-de-treball-deducacio-emocional-aquest-curs\\\/#breadcrumb\",\"itemListElement\":[{\"@type\":\"ListItem\",\"position\":1,\"name\":\"Inici\",\"item\":\"https:\\\/\\\/www.esplac.cat\\\/es\\\/\"},{\"@type\":\"ListItem\",\"position\":2,\"name\":\"Vols saber qu\u00e8 hem fet al Grup de Treball d&#8217;educaci\u00f3 emocional aquest curs?\"}]},{\"@type\":\"WebSite\",\"@id\":\"https:\\\/\\\/www.esplac.cat\\\/#website\",\"url\":\"https:\\\/\\\/www.esplac.cat\\\/\",\"name\":\"Esplac\",\"description\":\"Esplais Catalans\",\"publisher\":{\"@id\":\"https:\\\/\\\/www.esplac.cat\\\/#organization\"},\"potentialAction\":[{\"@type\":\"SearchAction\",\"target\":{\"@type\":\"EntryPoint\",\"urlTemplate\":\"https:\\\/\\\/www.esplac.cat\\\/?s={search_term_string}\"},\"query-input\":{\"@type\":\"PropertyValueSpecification\",\"valueRequired\":true,\"valueName\":\"search_term_string\"}}],\"inLanguage\":\"es\"},{\"@type\":\"Organization\",\"@id\":\"https:\\\/\\\/www.esplac.cat\\\/#organization\",\"name\":\"Esplac\",\"url\":\"https:\\\/\\\/www.esplac.cat\\\/\",\"logo\":{\"@type\":\"ImageObject\",\"inLanguage\":\"es\",\"@id\":\"https:\\\/\\\/www.esplac.cat\\\/#\\\/schema\\\/logo\\\/image\\\/\",\"url\":\"https:\\\/\\\/www.esplac.cat\\\/wp-content\\\/uploads\\\/2019\\\/08\\\/logox2.png\",\"contentUrl\":\"https:\\\/\\\/www.esplac.cat\\\/wp-content\\\/uploads\\\/2019\\\/08\\\/logox2.png\",\"width\":600,\"height\":295,\"caption\":\"Esplac\"},\"image\":{\"@id\":\"https:\\\/\\\/www.esplac.cat\\\/#\\\/schema\\\/logo\\\/image\\\/\"}},{\"@type\":\"Person\",\"@id\":\"https:\\\/\\\/www.esplac.cat\\\/#\\\/schema\\\/person\\\/908383cf240be18b68f8855d0583faca\",\"name\":\"Comunicaci\u00f3 Esplac\",\"image\":{\"@type\":\"ImageObject\",\"inLanguage\":\"es\",\"@id\":\"https:\\\/\\\/secure.gravatar.com\\\/avatar\\\/7a4cf8feb412a76ea4a740ca02d95b06b2907b5a6c648c2dd0a1082a093c3141?s=96&d=mm&r=g\",\"url\":\"https:\\\/\\\/secure.gravatar.com\\\/avatar\\\/7a4cf8feb412a76ea4a740ca02d95b06b2907b5a6c648c2dd0a1082a093c3141?s=96&d=mm&r=g\",\"contentUrl\":\"https:\\\/\\\/secure.gravatar.com\\\/avatar\\\/7a4cf8feb412a76ea4a740ca02d95b06b2907b5a6c648c2dd0a1082a093c3141?s=96&d=mm&r=g\",\"caption\":\"Comunicaci\u00f3 Esplac\"}}]}<\/script>\n<!-- \/ Yoast SEO plugin. -->","yoast_head_json":{"title":"Vols saber qu\u00e8 hem fet al Grup de Treball d'educaci\u00f3 emocional aquest curs? - Esplac","robots":{"index":"index","follow":"follow","max-snippet":"max-snippet:-1","max-image-preview":"max-image-preview:large","max-video-preview":"max-video-preview:-1"},"canonical":"https:\/\/www.esplac.cat\/en\/vols-saber-que-hem-fet-al-grup-de-treball-deducacio-emocional-aquest-curs\/","og_locale":"es_ES","og_type":"article","og_title":"Vols saber qu\u00e8 hem fet al Grup de Treball d'educaci\u00f3 emocional aquest curs? - Esplac","og_description":"El grup fa el tancament de curs amb una formaci\u00f3 [&hellip;]","og_url":"https:\/\/www.esplac.cat\/en\/vols-saber-que-hem-fet-al-grup-de-treball-deducacio-emocional-aquest-curs\/","og_site_name":"Esplac","article_published_time":"2016-06-06T09:00:03+00:00","article_modified_time":"2019-10-15T16:19:01+00:00","og_image":[{"width":847,"height":350,"url":"https:\/\/www.esplac.cat\/wp-content\/uploads\/2016\/06\/20160606_gt-ed-emocional.jpg","type":"image\/jpeg"}],"author":"Comunicaci\u00f3 Esplac","twitter_card":"summary_large_image","twitter_misc":{"Escrito por":"Comunicaci\u00f3 Esplac","Tiempo de lectura":"1 minuto"},"schema":{"@context":"https:\/\/schema.org","@graph":[{"@type":"Article","@id":"https:\/\/www.esplac.cat\/en\/vols-saber-que-hem-fet-al-grup-de-treball-deducacio-emocional-aquest-curs\/#article","isPartOf":{"@id":"https:\/\/www.esplac.cat\/en\/vols-saber-que-hem-fet-al-grup-de-treball-deducacio-emocional-aquest-curs\/"},"author":{"name":"Comunicaci\u00f3 Esplac","@id":"https:\/\/www.esplac.cat\/#\/schema\/person\/908383cf240be18b68f8855d0583faca"},"headline":"Vols saber qu\u00e8 hem fet al Grup de Treball d&#8217;educaci\u00f3 emocional aquest curs?","datePublished":"2016-06-06T09:00:03+00:00","dateModified":"2019-10-15T16:19:01+00:00","mainEntityOfPage":{"@id":"https:\/\/www.esplac.cat\/en\/vols-saber-que-hem-fet-al-grup-de-treball-deducacio-emocional-aquest-curs\/"},"wordCount":321,"publisher":{"@id":"https:\/\/www.esplac.cat\/#organization"},"image":{"@id":"https:\/\/www.esplac.cat\/en\/vols-saber-que-hem-fet-al-grup-de-treball-deducacio-emocional-aquest-curs\/#primaryimage"},"thumbnailUrl":"https:\/\/www.esplac.cat\/wp-content\/uploads\/2016\/06\/20160606_gt-ed-emocional.jpg","keywords":["educaci\u00f3 emocional","grup de treball"],"articleSection":["Activitats comissions i grups de treball","Sense categoria"],"inLanguage":"es"},{"@type":"WebPage","@id":"https:\/\/www.esplac.cat\/en\/vols-saber-que-hem-fet-al-grup-de-treball-deducacio-emocional-aquest-curs\/","url":"https:\/\/www.esplac.cat\/en\/vols-saber-que-hem-fet-al-grup-de-treball-deducacio-emocional-aquest-curs\/","name":"Vols saber qu\u00e8 hem fet al Grup de Treball d'educaci\u00f3 emocional aquest curs? - Esplac","isPartOf":{"@id":"https:\/\/www.esplac.cat\/#website"},"primaryImageOfPage":{"@id":"https:\/\/www.esplac.cat\/en\/vols-saber-que-hem-fet-al-grup-de-treball-deducacio-emocional-aquest-curs\/#primaryimage"},"image":{"@id":"https:\/\/www.esplac.cat\/en\/vols-saber-que-hem-fet-al-grup-de-treball-deducacio-emocional-aquest-curs\/#primaryimage"},"thumbnailUrl":"https:\/\/www.esplac.cat\/wp-content\/uploads\/2016\/06\/20160606_gt-ed-emocional.jpg","datePublished":"2016-06-06T09:00:03+00:00","dateModified":"2019-10-15T16:19:01+00:00","breadcrumb":{"@id":"https:\/\/www.esplac.cat\/en\/vols-saber-que-hem-fet-al-grup-de-treball-deducacio-emocional-aquest-curs\/#breadcrumb"},"inLanguage":"es","potentialAction":[{"@type":"ReadAction","target":["https:\/\/www.esplac.cat\/en\/vols-saber-que-hem-fet-al-grup-de-treball-deducacio-emocional-aquest-curs\/"]}]},{"@type":"ImageObject","inLanguage":"es","@id":"https:\/\/www.esplac.cat\/en\/vols-saber-que-hem-fet-al-grup-de-treball-deducacio-emocional-aquest-curs\/#primaryimage","url":"https:\/\/www.esplac.cat\/wp-content\/uploads\/2016\/06\/20160606_gt-ed-emocional.jpg","contentUrl":"https:\/\/www.esplac.cat\/wp-content\/uploads\/2016\/06\/20160606_gt-ed-emocional.jpg","width":847,"height":350},{"@type":"BreadcrumbList","@id":"https:\/\/www.esplac.cat\/en\/vols-saber-que-hem-fet-al-grup-de-treball-deducacio-emocional-aquest-curs\/#breadcrumb","itemListElement":[{"@type":"ListItem","position":1,"name":"Inici","item":"https:\/\/www.esplac.cat\/es\/"},{"@type":"ListItem","position":2,"name":"Vols saber qu\u00e8 hem fet al Grup de Treball d&#8217;educaci\u00f3 emocional aquest curs?"}]},{"@type":"WebSite","@id":"https:\/\/www.esplac.cat\/#website","url":"https:\/\/www.esplac.cat\/","name":"Esplac","description":"Esplais Catalans","publisher":{"@id":"https:\/\/www.esplac.cat\/#organization"},"potentialAction":[{"@type":"SearchAction","target":{"@type":"EntryPoint","urlTemplate":"https:\/\/www.esplac.cat\/?s={search_term_string}"},"query-input":{"@type":"PropertyValueSpecification","valueRequired":true,"valueName":"search_term_string"}}],"inLanguage":"es"},{"@type":"Organization","@id":"https:\/\/www.esplac.cat\/#organization","name":"Esplac","url":"https:\/\/www.esplac.cat\/","logo":{"@type":"ImageObject","inLanguage":"es","@id":"https:\/\/www.esplac.cat\/#\/schema\/logo\/image\/","url":"https:\/\/www.esplac.cat\/wp-content\/uploads\/2019\/08\/logox2.png","contentUrl":"https:\/\/www.esplac.cat\/wp-content\/uploads\/2019\/08\/logox2.png","width":600,"height":295,"caption":"Esplac"},"image":{"@id":"https:\/\/www.esplac.cat\/#\/schema\/logo\/image\/"}},{"@type":"Person","@id":"https:\/\/www.esplac.cat\/#\/schema\/person\/908383cf240be18b68f8855d0583faca","name":"Comunicaci\u00f3 Esplac","image":{"@type":"ImageObject","inLanguage":"es","@id":"https:\/\/secure.gravatar.com\/avatar\/7a4cf8feb412a76ea4a740ca02d95b06b2907b5a6c648c2dd0a1082a093c3141?s=96&d=mm&r=g","url":"https:\/\/secure.gravatar.com\/avatar\/7a4cf8feb412a76ea4a740ca02d95b06b2907b5a6c648c2dd0a1082a093c3141?s=96&d=mm&r=g","contentUrl":"https:\/\/secure.gravatar.com\/avatar\/7a4cf8feb412a76ea4a740ca02d95b06b2907b5a6c648c2dd0a1082a093c3141?s=96&d=mm&r=g","caption":"Comunicaci\u00f3 Esplac"}}]}},"_links":{"self":[{"href":"https:\/\/www.esplac.cat\/es\/wp-json\/wp\/v2\/posts\/25065","targetHints":{"allow":["GET"]}}],"collection":[{"href":"https:\/\/www.esplac.cat\/es\/wp-json\/wp\/v2\/posts"}],"about":[{"href":"https:\/\/www.esplac.cat\/es\/wp-json\/wp\/v2\/types\/post"}],"author":[{"embeddable":true,"href":"https:\/\/www.esplac.cat\/es\/wp-json\/wp\/v2\/users\/3"}],"replies":[{"embeddable":true,"href":"https:\/\/www.esplac.cat\/es\/wp-json\/wp\/v2\/comments?post=25065"}],"version-history":[{"count":0,"href":"https:\/\/www.esplac.cat\/es\/wp-json\/wp\/v2\/posts\/25065\/revisions"}],"wp:featuredmedia":[{"embeddable":true,"href":"https:\/\/www.esplac.cat\/es\/wp-json\/wp\/v2\/media\/25066"}],"wp:attachment":[{"href":"https:\/\/www.esplac.cat\/es\/wp-json\/wp\/v2\/media?parent=25065"}],"wp:term":[{"taxonomy":"category","embeddable":true,"href":"https:\/\/www.esplac.cat\/es\/wp-json\/wp\/v2\/categories?post=25065"},{"taxonomy":"post_tag","embeddable":true,"href":"https:\/\/www.esplac.cat\/es\/wp-json\/wp\/v2\/tags?post=25065"}],"curies":[{"name":"wp","href":"https:\/\/api.w.org\/{rel}","templated":true}]}}