{"id":25103,"date":"2016-05-25T11:02:27","date_gmt":"2016-05-25T09:02:27","guid":{"rendered":"http:\/\/esplac.cat\/?p=10741"},"modified":"2019-10-15T18:20:00","modified_gmt":"2019-10-15T16:20:00","slug":"lesplai-peti-ki-peti-recupera-el-mercat-de-calaf","status":"publish","type":"post","link":"https:\/\/www.esplac.cat\/es\/lesplai-peti-ki-peti-recupera-el-mercat-de-calaf\/","title":{"rendered":"L&#8217;esplai Peti ki Peti recupera el Mercat de Calaf"},"content":{"rendered":"<p class=\"p1\" style=\"text-align: justify;\"><span class=\"s1\">Als monis i mones de l\u2019esplai Peti Ki Peti ens encanta participar de la vida social de la Palma, el nostre poble. Aprofitem qualsevol oportunitat per a fer una representaci\u00f3 teatral, col\u00b7laborar en l\u2019organitzaci\u00f3 d\u2019una festivitat, preparar un taller o organitzar un concert. Aquest any, per\u00f2, <strong>ens vam proposar de recuperar el Mercat de Calaf<\/strong>. <\/span><\/p>\n<p class=\"p1\" style=\"text-align: justify;\"><span class=\"s1\">Quan l\u2019antic esplai del nostre poble va comen\u00e7ar a consolidar-se, va passar l\u2019etapa de qualsevol esplai: la recerca d\u2019un espai o local on poder establir-se i oferir activitats amb m\u00e9s qualitat. R\u00e0pidament, va sortir la idea d\u2019instal\u00b7lar-se a la Petita Masia (tamb\u00e9 coneguda com la Peti), una casa que estava en venda i d\u2019on surt el nostre nom. Per\u00f2 l\u2019esplai no podia costejar-ne la compra, aix\u00ed que les fam\u00edlies van fer un avan\u00e7ament. \u00c9s per aix\u00f2 que els monitors i monitors <strong>van decidir celebrar una gran campanya econ\u00f2mica per retornar-los els diners, el Mercat de Calaf.<\/strong><\/span><\/p>\n<p class=\"p1\" style=\"text-align: justify;\"><span class=\"s1\">El Mercat de Calaf era una fira que aprofitava el bon temps de primavera per muntar una s\u00e8rie de jocs perqu\u00e8 tots els palmarencs i palmarenques passessin una estona d\u2019all\u00f2 m\u00e9s divertida. Podien jugar al joc dels vaixells, als dards, al picacigr\u00f3 o al bingo, i guanyar un munt de premis. Amb els anys aquesta activitat, la principal als inicis de l\u2019esplai, es va deixar de celebrar i m\u00e9s tard la Peti va tancar.<\/span><\/p>\n<p class=\"p1\" style=\"text-align: justify;\"><span class=\"s1\">D\u2019en\u00e7\u00e0 que l\u2019esplai es va reobrir, la Palma guardava l\u2019esperan\u00e7a de poder veure un altre cop el Mercat de Calaf en marxa. Vuit anys despr\u00e9s, amb la idea que els infants que ara van a la Peti puguessin\u00a0viure el que era el Mercat de Calaf i que els m\u00e9s grans gaudissin de nou\u00a0d\u2019aquesta festivitat tan particular, l\u2019equip de monis ens vam veure amb energia i vam posar-nos mans a l\u2019obra! El 22 de Maig vam poder retornar el Mercat de Calaf a la Palma, gr\u00e0cies a la col\u00b7laboraci\u00f3 d\u2019amics i amigues, ve\u00efnes i ve\u00efnes, joves de l\u2019esplai, exmonis, comerciants, l\u2019ajuntament i molt\u00edssima gent sense la qual no hagu\u00e9ssim pogut tirar endavant.<\/span><\/p>\n<p class=\"p1\" style=\"text-align: justify;\"><span class=\"s1\">Va ser una jornada d\u2019\u00e8xit total, i la pluja no va ens va impedir de poder veure la il\u00b7lusi\u00f3 als ulls dels m\u00e9s petits i dels m\u00e9s grans!<\/span><\/p>\n<p class=\"p1\" style=\"text-align: justify;\"><a href=\"http:\/\/esplac.cat\/wp-content\/uploads\/2016\/05\/20150525_Mercat-Calaf2-1.jpg\"><img decoding=\"async\" class=\"aligncenter wp-image-10744 size-large\" src=\"http:\/\/esplac.cat\/wp-content\/uploads\/2016\/05\/20150525_Mercat-Calaf2-1-1024x768.jpg\" alt=\"20150525_Mercat Calaf(2) (1)\" width=\"770\" height=\"578\" \/><\/a><\/p>\n","protected":false},"excerpt":{"rendered":"<p>Als monis i mones de l\u2019esplai Peti Ki Peti ens [&hellip;]<\/p>\n","protected":false},"author":3,"featured_media":25105,"comment_status":"closed","ping_status":"open","sticky":false,"template":"","format":"standard","meta":{"om_disable_all_campaigns":false,"_monsterinsights_skip_tracking":false,"_monsterinsights_sitenote_active":false,"_monsterinsights_sitenote_note":"","_monsterinsights_sitenote_category":0,"_uf_show_specific_survey":0,"_uf_disable_surveys":false,"footnotes":""},"categories":[1110,1124],"tags":[740,741,742,114],"class_list":["post-25103","post","type-post","status-publish","format-standard","has-post-thumbnail","hentry","category-activitats-sectors","category-sector-baix-llobregat","tag-mercat-de-calaf","tag-palma-de-cervello","tag-peti-ki-peti","tag-sector-baix-llobregat"],"yoast_head":"<!-- This site is optimized with the Yoast SEO plugin v27.5 - https:\/\/yoast.com\/product\/yoast-seo-wordpress\/ -->\n<title>L&#039;esplai Peti ki Peti recupera el Mercat de Calaf - Esplac<\/title>\n<meta name=\"robots\" content=\"index, follow, max-snippet:-1, max-image-preview:large, max-video-preview:-1\" \/>\n<link rel=\"canonical\" href=\"https:\/\/www.esplac.cat\/lesplai-peti-ki-peti-recupera-el-mercat-de-calaf\/\" \/>\n<meta property=\"og:locale\" content=\"es_ES\" \/>\n<meta property=\"og:type\" content=\"article\" \/>\n<meta property=\"og:title\" content=\"L&#039;esplai Peti ki Peti recupera el Mercat de Calaf - Esplac\" \/>\n<meta property=\"og:description\" content=\"Als monis i mones de l\u2019esplai Peti Ki Peti ens [&hellip;]\" \/>\n<meta property=\"og:url\" content=\"https:\/\/www.esplac.cat\/lesplai-peti-ki-peti-recupera-el-mercat-de-calaf\/\" \/>\n<meta property=\"og:site_name\" content=\"Esplac\" \/>\n<meta property=\"article:published_time\" content=\"2016-05-25T09:02:27+00:00\" \/>\n<meta property=\"article:modified_time\" content=\"2019-10-15T16:20:00+00:00\" \/>\n<meta property=\"og:image\" content=\"https:\/\/www.esplac.cat\/wp-content\/uploads\/2016\/05\/20160525_Mercat-Calaf.jpg\" \/>\n\t<meta property=\"og:image:width\" content=\"847\" \/>\n\t<meta property=\"og:image:height\" content=\"350\" \/>\n\t<meta property=\"og:image:type\" content=\"image\/jpeg\" \/>\n<meta name=\"author\" content=\"Comunicaci\u00f3 Esplac\" \/>\n<meta name=\"twitter:card\" content=\"summary_large_image\" \/>\n<meta name=\"twitter:label1\" content=\"Escrito por\" \/>\n\t<meta name=\"twitter:data1\" content=\"Comunicaci\u00f3 Esplac\" \/>\n\t<meta name=\"twitter:label2\" content=\"Tiempo de lectura\" \/>\n\t<meta name=\"twitter:data2\" content=\"2 minutos\" \/>\n<script type=\"application\/ld+json\" class=\"yoast-schema-graph\">{\"@context\":\"https:\\\/\\\/schema.org\",\"@graph\":[{\"@type\":\"Article\",\"@id\":\"https:\\\/\\\/www.esplac.cat\\\/lesplai-peti-ki-peti-recupera-el-mercat-de-calaf\\\/#article\",\"isPartOf\":{\"@id\":\"https:\\\/\\\/www.esplac.cat\\\/lesplai-peti-ki-peti-recupera-el-mercat-de-calaf\\\/\"},\"author\":{\"name\":\"Comunicaci\u00f3 Esplac\",\"@id\":\"https:\\\/\\\/www.esplac.cat\\\/#\\\/schema\\\/person\\\/908383cf240be18b68f8855d0583faca\"},\"headline\":\"L&#8217;esplai Peti ki Peti recupera el Mercat de Calaf\",\"datePublished\":\"2016-05-25T09:02:27+00:00\",\"dateModified\":\"2019-10-15T16:20:00+00:00\",\"mainEntityOfPage\":{\"@id\":\"https:\\\/\\\/www.esplac.cat\\\/lesplai-peti-ki-peti-recupera-el-mercat-de-calaf\\\/\"},\"wordCount\":419,\"publisher\":{\"@id\":\"https:\\\/\\\/www.esplac.cat\\\/#organization\"},\"image\":{\"@id\":\"https:\\\/\\\/www.esplac.cat\\\/lesplai-peti-ki-peti-recupera-el-mercat-de-calaf\\\/#primaryimage\"},\"thumbnailUrl\":\"https:\\\/\\\/www.esplac.cat\\\/wp-content\\\/uploads\\\/2016\\\/05\\\/20160525_Mercat-Calaf.jpg\",\"keywords\":[\"Mercat de Calaf\",\"Palma de Cervell\u00f3\",\"peti ki peti\",\"sector Baix Llobregat\"],\"articleSection\":[\"Activitats sectors\",\"Sector Baix Llobregat\"],\"inLanguage\":\"es\"},{\"@type\":\"WebPage\",\"@id\":\"https:\\\/\\\/www.esplac.cat\\\/lesplai-peti-ki-peti-recupera-el-mercat-de-calaf\\\/\",\"url\":\"https:\\\/\\\/www.esplac.cat\\\/lesplai-peti-ki-peti-recupera-el-mercat-de-calaf\\\/\",\"name\":\"L'esplai Peti ki Peti recupera el Mercat de Calaf - Esplac\",\"isPartOf\":{\"@id\":\"https:\\\/\\\/www.esplac.cat\\\/#website\"},\"primaryImageOfPage\":{\"@id\":\"https:\\\/\\\/www.esplac.cat\\\/lesplai-peti-ki-peti-recupera-el-mercat-de-calaf\\\/#primaryimage\"},\"image\":{\"@id\":\"https:\\\/\\\/www.esplac.cat\\\/lesplai-peti-ki-peti-recupera-el-mercat-de-calaf\\\/#primaryimage\"},\"thumbnailUrl\":\"https:\\\/\\\/www.esplac.cat\\\/wp-content\\\/uploads\\\/2016\\\/05\\\/20160525_Mercat-Calaf.jpg\",\"datePublished\":\"2016-05-25T09:02:27+00:00\",\"dateModified\":\"2019-10-15T16:20:00+00:00\",\"breadcrumb\":{\"@id\":\"https:\\\/\\\/www.esplac.cat\\\/lesplai-peti-ki-peti-recupera-el-mercat-de-calaf\\\/#breadcrumb\"},\"inLanguage\":\"es\",\"potentialAction\":[{\"@type\":\"ReadAction\",\"target\":[\"https:\\\/\\\/www.esplac.cat\\\/lesplai-peti-ki-peti-recupera-el-mercat-de-calaf\\\/\"]}]},{\"@type\":\"ImageObject\",\"inLanguage\":\"es\",\"@id\":\"https:\\\/\\\/www.esplac.cat\\\/lesplai-peti-ki-peti-recupera-el-mercat-de-calaf\\\/#primaryimage\",\"url\":\"https:\\\/\\\/www.esplac.cat\\\/wp-content\\\/uploads\\\/2016\\\/05\\\/20160525_Mercat-Calaf.jpg\",\"contentUrl\":\"https:\\\/\\\/www.esplac.cat\\\/wp-content\\\/uploads\\\/2016\\\/05\\\/20160525_Mercat-Calaf.jpg\",\"width\":847,\"height\":350},{\"@type\":\"BreadcrumbList\",\"@id\":\"https:\\\/\\\/www.esplac.cat\\\/lesplai-peti-ki-peti-recupera-el-mercat-de-calaf\\\/#breadcrumb\",\"itemListElement\":[{\"@type\":\"ListItem\",\"position\":1,\"name\":\"Inici\",\"item\":\"https:\\\/\\\/www.esplac.cat\\\/es\\\/\"},{\"@type\":\"ListItem\",\"position\":2,\"name\":\"L&#8217;esplai Peti ki Peti recupera el Mercat de Calaf\"}]},{\"@type\":\"WebSite\",\"@id\":\"https:\\\/\\\/www.esplac.cat\\\/#website\",\"url\":\"https:\\\/\\\/www.esplac.cat\\\/\",\"name\":\"Esplac\",\"description\":\"Esplais Catalans\",\"publisher\":{\"@id\":\"https:\\\/\\\/www.esplac.cat\\\/#organization\"},\"potentialAction\":[{\"@type\":\"SearchAction\",\"target\":{\"@type\":\"EntryPoint\",\"urlTemplate\":\"https:\\\/\\\/www.esplac.cat\\\/?s={search_term_string}\"},\"query-input\":{\"@type\":\"PropertyValueSpecification\",\"valueRequired\":true,\"valueName\":\"search_term_string\"}}],\"inLanguage\":\"es\"},{\"@type\":\"Organization\",\"@id\":\"https:\\\/\\\/www.esplac.cat\\\/#organization\",\"name\":\"Esplac\",\"url\":\"https:\\\/\\\/www.esplac.cat\\\/\",\"logo\":{\"@type\":\"ImageObject\",\"inLanguage\":\"es\",\"@id\":\"https:\\\/\\\/www.esplac.cat\\\/#\\\/schema\\\/logo\\\/image\\\/\",\"url\":\"https:\\\/\\\/www.esplac.cat\\\/wp-content\\\/uploads\\\/2019\\\/08\\\/logox2.png\",\"contentUrl\":\"https:\\\/\\\/www.esplac.cat\\\/wp-content\\\/uploads\\\/2019\\\/08\\\/logox2.png\",\"width\":600,\"height\":295,\"caption\":\"Esplac\"},\"image\":{\"@id\":\"https:\\\/\\\/www.esplac.cat\\\/#\\\/schema\\\/logo\\\/image\\\/\"}},{\"@type\":\"Person\",\"@id\":\"https:\\\/\\\/www.esplac.cat\\\/#\\\/schema\\\/person\\\/908383cf240be18b68f8855d0583faca\",\"name\":\"Comunicaci\u00f3 Esplac\",\"image\":{\"@type\":\"ImageObject\",\"inLanguage\":\"es\",\"@id\":\"https:\\\/\\\/secure.gravatar.com\\\/avatar\\\/7a4cf8feb412a76ea4a740ca02d95b06b2907b5a6c648c2dd0a1082a093c3141?s=96&d=mm&r=g\",\"url\":\"https:\\\/\\\/secure.gravatar.com\\\/avatar\\\/7a4cf8feb412a76ea4a740ca02d95b06b2907b5a6c648c2dd0a1082a093c3141?s=96&d=mm&r=g\",\"contentUrl\":\"https:\\\/\\\/secure.gravatar.com\\\/avatar\\\/7a4cf8feb412a76ea4a740ca02d95b06b2907b5a6c648c2dd0a1082a093c3141?s=96&d=mm&r=g\",\"caption\":\"Comunicaci\u00f3 Esplac\"}}]}<\/script>\n<!-- \/ Yoast SEO plugin. -->","yoast_head_json":{"title":"L'esplai Peti ki Peti recupera el Mercat de Calaf - Esplac","robots":{"index":"index","follow":"follow","max-snippet":"max-snippet:-1","max-image-preview":"max-image-preview:large","max-video-preview":"max-video-preview:-1"},"canonical":"https:\/\/www.esplac.cat\/lesplai-peti-ki-peti-recupera-el-mercat-de-calaf\/","og_locale":"es_ES","og_type":"article","og_title":"L'esplai Peti ki Peti recupera el Mercat de Calaf - Esplac","og_description":"Als monis i mones de l\u2019esplai Peti Ki Peti ens [&hellip;]","og_url":"https:\/\/www.esplac.cat\/lesplai-peti-ki-peti-recupera-el-mercat-de-calaf\/","og_site_name":"Esplac","article_published_time":"2016-05-25T09:02:27+00:00","article_modified_time":"2019-10-15T16:20:00+00:00","og_image":[{"width":847,"height":350,"url":"https:\/\/www.esplac.cat\/wp-content\/uploads\/2016\/05\/20160525_Mercat-Calaf.jpg","type":"image\/jpeg"}],"author":"Comunicaci\u00f3 Esplac","twitter_card":"summary_large_image","twitter_misc":{"Escrito por":"Comunicaci\u00f3 Esplac","Tiempo de lectura":"2 minutos"},"schema":{"@context":"https:\/\/schema.org","@graph":[{"@type":"Article","@id":"https:\/\/www.esplac.cat\/lesplai-peti-ki-peti-recupera-el-mercat-de-calaf\/#article","isPartOf":{"@id":"https:\/\/www.esplac.cat\/lesplai-peti-ki-peti-recupera-el-mercat-de-calaf\/"},"author":{"name":"Comunicaci\u00f3 Esplac","@id":"https:\/\/www.esplac.cat\/#\/schema\/person\/908383cf240be18b68f8855d0583faca"},"headline":"L&#8217;esplai Peti ki Peti recupera el Mercat de Calaf","datePublished":"2016-05-25T09:02:27+00:00","dateModified":"2019-10-15T16:20:00+00:00","mainEntityOfPage":{"@id":"https:\/\/www.esplac.cat\/lesplai-peti-ki-peti-recupera-el-mercat-de-calaf\/"},"wordCount":419,"publisher":{"@id":"https:\/\/www.esplac.cat\/#organization"},"image":{"@id":"https:\/\/www.esplac.cat\/lesplai-peti-ki-peti-recupera-el-mercat-de-calaf\/#primaryimage"},"thumbnailUrl":"https:\/\/www.esplac.cat\/wp-content\/uploads\/2016\/05\/20160525_Mercat-Calaf.jpg","keywords":["Mercat de Calaf","Palma de Cervell\u00f3","peti ki peti","sector Baix Llobregat"],"articleSection":["Activitats sectors","Sector Baix Llobregat"],"inLanguage":"es"},{"@type":"WebPage","@id":"https:\/\/www.esplac.cat\/lesplai-peti-ki-peti-recupera-el-mercat-de-calaf\/","url":"https:\/\/www.esplac.cat\/lesplai-peti-ki-peti-recupera-el-mercat-de-calaf\/","name":"L'esplai Peti ki Peti recupera el Mercat de Calaf - Esplac","isPartOf":{"@id":"https:\/\/www.esplac.cat\/#website"},"primaryImageOfPage":{"@id":"https:\/\/www.esplac.cat\/lesplai-peti-ki-peti-recupera-el-mercat-de-calaf\/#primaryimage"},"image":{"@id":"https:\/\/www.esplac.cat\/lesplai-peti-ki-peti-recupera-el-mercat-de-calaf\/#primaryimage"},"thumbnailUrl":"https:\/\/www.esplac.cat\/wp-content\/uploads\/2016\/05\/20160525_Mercat-Calaf.jpg","datePublished":"2016-05-25T09:02:27+00:00","dateModified":"2019-10-15T16:20:00+00:00","breadcrumb":{"@id":"https:\/\/www.esplac.cat\/lesplai-peti-ki-peti-recupera-el-mercat-de-calaf\/#breadcrumb"},"inLanguage":"es","potentialAction":[{"@type":"ReadAction","target":["https:\/\/www.esplac.cat\/lesplai-peti-ki-peti-recupera-el-mercat-de-calaf\/"]}]},{"@type":"ImageObject","inLanguage":"es","@id":"https:\/\/www.esplac.cat\/lesplai-peti-ki-peti-recupera-el-mercat-de-calaf\/#primaryimage","url":"https:\/\/www.esplac.cat\/wp-content\/uploads\/2016\/05\/20160525_Mercat-Calaf.jpg","contentUrl":"https:\/\/www.esplac.cat\/wp-content\/uploads\/2016\/05\/20160525_Mercat-Calaf.jpg","width":847,"height":350},{"@type":"BreadcrumbList","@id":"https:\/\/www.esplac.cat\/lesplai-peti-ki-peti-recupera-el-mercat-de-calaf\/#breadcrumb","itemListElement":[{"@type":"ListItem","position":1,"name":"Inici","item":"https:\/\/www.esplac.cat\/es\/"},{"@type":"ListItem","position":2,"name":"L&#8217;esplai Peti ki Peti recupera el Mercat de Calaf"}]},{"@type":"WebSite","@id":"https:\/\/www.esplac.cat\/#website","url":"https:\/\/www.esplac.cat\/","name":"Esplac","description":"Esplais Catalans","publisher":{"@id":"https:\/\/www.esplac.cat\/#organization"},"potentialAction":[{"@type":"SearchAction","target":{"@type":"EntryPoint","urlTemplate":"https:\/\/www.esplac.cat\/?s={search_term_string}"},"query-input":{"@type":"PropertyValueSpecification","valueRequired":true,"valueName":"search_term_string"}}],"inLanguage":"es"},{"@type":"Organization","@id":"https:\/\/www.esplac.cat\/#organization","name":"Esplac","url":"https:\/\/www.esplac.cat\/","logo":{"@type":"ImageObject","inLanguage":"es","@id":"https:\/\/www.esplac.cat\/#\/schema\/logo\/image\/","url":"https:\/\/www.esplac.cat\/wp-content\/uploads\/2019\/08\/logox2.png","contentUrl":"https:\/\/www.esplac.cat\/wp-content\/uploads\/2019\/08\/logox2.png","width":600,"height":295,"caption":"Esplac"},"image":{"@id":"https:\/\/www.esplac.cat\/#\/schema\/logo\/image\/"}},{"@type":"Person","@id":"https:\/\/www.esplac.cat\/#\/schema\/person\/908383cf240be18b68f8855d0583faca","name":"Comunicaci\u00f3 Esplac","image":{"@type":"ImageObject","inLanguage":"es","@id":"https:\/\/secure.gravatar.com\/avatar\/7a4cf8feb412a76ea4a740ca02d95b06b2907b5a6c648c2dd0a1082a093c3141?s=96&d=mm&r=g","url":"https:\/\/secure.gravatar.com\/avatar\/7a4cf8feb412a76ea4a740ca02d95b06b2907b5a6c648c2dd0a1082a093c3141?s=96&d=mm&r=g","contentUrl":"https:\/\/secure.gravatar.com\/avatar\/7a4cf8feb412a76ea4a740ca02d95b06b2907b5a6c648c2dd0a1082a093c3141?s=96&d=mm&r=g","caption":"Comunicaci\u00f3 Esplac"}}]}},"_links":{"self":[{"href":"https:\/\/www.esplac.cat\/es\/wp-json\/wp\/v2\/posts\/25103","targetHints":{"allow":["GET"]}}],"collection":[{"href":"https:\/\/www.esplac.cat\/es\/wp-json\/wp\/v2\/posts"}],"about":[{"href":"https:\/\/www.esplac.cat\/es\/wp-json\/wp\/v2\/types\/post"}],"author":[{"embeddable":true,"href":"https:\/\/www.esplac.cat\/es\/wp-json\/wp\/v2\/users\/3"}],"replies":[{"embeddable":true,"href":"https:\/\/www.esplac.cat\/es\/wp-json\/wp\/v2\/comments?post=25103"}],"version-history":[{"count":0,"href":"https:\/\/www.esplac.cat\/es\/wp-json\/wp\/v2\/posts\/25103\/revisions"}],"wp:featuredmedia":[{"embeddable":true,"href":"https:\/\/www.esplac.cat\/es\/wp-json\/wp\/v2\/media\/25105"}],"wp:attachment":[{"href":"https:\/\/www.esplac.cat\/es\/wp-json\/wp\/v2\/media?parent=25103"}],"wp:term":[{"taxonomy":"category","embeddable":true,"href":"https:\/\/www.esplac.cat\/es\/wp-json\/wp\/v2\/categories?post=25103"},{"taxonomy":"post_tag","embeddable":true,"href":"https:\/\/www.esplac.cat\/es\/wp-json\/wp\/v2\/tags?post=25103"}],"curies":[{"name":"wp","href":"https:\/\/api.w.org\/{rel}","templated":true}]}}