{"id":25113,"date":"2016-05-20T08:33:46","date_gmt":"2016-05-20T06:33:46","guid":{"rendered":"http:\/\/esplac.cat\/?p=10659"},"modified":"2019-10-15T18:20:09","modified_gmt":"2019-10-15T16:20:09","slug":"els-esplais-del-valles-coronen-tres-cims-del-territori-en-la-primera-edicio-de-els-tres-turons","status":"publish","type":"post","link":"https:\/\/www.esplac.cat\/es\/els-esplais-del-valles-coronen-tres-cims-del-territori-en-la-primera-edicio-de-els-tres-turons\/","title":{"rendered":"Els esplais del Vall\u00e8s coronen tres cims del territori en la primera edici\u00f3 de &#8216;Els Tres Turons&#8217;"},"content":{"rendered":"<h4 align=\"justify\">Per grups d&#8217;edat, els esplais van fer l\u2019ascens al <strong>Puigmadrona,<\/strong>\u00a0al <strong>Tagamanent<\/strong>\u00a0i al\u00a0<strong>Matagalls, i van culminar el cap de setmana amb una barbacoa formativa diumenge al mat\u00ed<\/strong><\/h4>\n<p align=\"justify\">Fent honor al poema de Pere Quart que diu \u00aben ma terra del Vall\u00e8s, tres turons fan una serra, quatre pins un bosc esp\u00e8s&#8230;\u00bb, el cap de setmana passat 6 esplais del Sector Vall\u00e8s van fer una sortida d\u2019un dia amb l\u2019objectiu d\u2019arribar al cim de tres muntanyes de la comarca.<\/p>\n<p align=\"justify\">Els participants es van dividir per grups d\u2019edat per pujar el cim m\u00e9s adequat al seu nivell. Aix\u00ed, els m\u00e9s menuts van fer l\u2019ascens al <strong>Puigmadrona<\/strong> (Vall\u00e8s Occidental), els mitjans i grans van pujar al <strong>Tagamanent<\/strong> (Vall\u00e8s Oriental) i els adolescents i joves van coronar el cim del <strong>Matagalls<\/strong> (Vall\u00e8s Oriental). Durant la pujada, els infants i joves havien de realitzar diferents activitats ambientades en la llegenda i l\u2019entorn d\u2019aquella muntanya i, un cop al cim, cada grup va desplegar la seva bandera del sector, creada especialment per a aquesta trobada.<\/p>\n\n<p align=\"justify\">Els tres turons \u00e9s la primera activitat que el sector realitza en un entorn natural i aquest fet va ser molt ben valorat per totes les persones participants.<\/p>\n<p align=\"justify\">A m\u00e9s, el diumenge al mat\u00ed, els monitors i monitores de 8 esplais, van participar a la quarta edici\u00f3 de la <strong>Formaci\u00f3 a la Brasa<\/strong>, que es va realitzar a Sant Cugat del Vall\u00e8s. Els monis van realitzar una formaci\u00f3 sobre economia solid\u00e0ria i consum responsable a c\u00e0rrec de l\u2019associaci\u00f3 <strong>Pam a Pam.<\/strong> Despr\u00e9s, van poder gaudir tots junts d\u2019un dinar a la gespa.<\/p>\n<p align=\"justify\">Va ser un cap de setmana intens, ple de noves emocions i nous coneixements, per culminar les activitats d\u2019aquest curs al Sector Vall\u00e8s!<\/p>\n","protected":false},"excerpt":{"rendered":"<p>Per grups d&#8217;edat, els esplais van fer l\u2019ascens al Puigmadrona,\u00a0al [&hellip;]<\/p>\n","protected":false},"author":3,"featured_media":25117,"comment_status":"closed","ping_status":"open","sticky":false,"template":"","format":"standard","meta":{"om_disable_all_campaigns":false,"_monsterinsights_skip_tracking":false,"_monsterinsights_sitenote_active":false,"_monsterinsights_sitenote_note":"","_monsterinsights_sitenote_category":0,"_uf_show_specific_survey":0,"_uf_disable_surveys":false,"footnotes":""},"categories":[1110,1137],"tags":[727,728,54,454,122,729],"class_list":["post-25113","post","type-post","status-publish","format-standard","has-post-thumbnail","hentry","category-activitats-sectors","category-sector-valles","tag-barbacoa-formativa","tag-cims","tag-formacio","tag-formacio-a-la-brasa","tag-sector-valles","tag-tres-turons"],"yoast_head":"<!-- This site is optimized with the Yoast SEO plugin v27.5 - https:\/\/yoast.com\/product\/yoast-seo-wordpress\/ -->\n<title>Els esplais del Vall\u00e8s coronen tres cims del territori en la primera edici\u00f3 de &#039;Els Tres Turons&#039; - Esplac<\/title>\n<meta name=\"robots\" content=\"index, follow, max-snippet:-1, max-image-preview:large, max-video-preview:-1\" \/>\n<link rel=\"canonical\" href=\"https:\/\/www.esplac.cat\/els-esplais-del-valles-coronen-tres-cims-del-territori-en-la-primera-edicio-de-els-tres-turons\/\" \/>\n<meta property=\"og:locale\" content=\"es_ES\" \/>\n<meta property=\"og:type\" content=\"article\" \/>\n<meta property=\"og:title\" content=\"Els esplais del Vall\u00e8s coronen tres cims del territori en la primera edici\u00f3 de &#039;Els Tres Turons&#039; - Esplac\" \/>\n<meta property=\"og:description\" content=\"Per grups d&#8217;edat, els esplais van fer l\u2019ascens al Puigmadrona,\u00a0al [&hellip;]\" \/>\n<meta property=\"og:url\" content=\"https:\/\/www.esplac.cat\/els-esplais-del-valles-coronen-tres-cims-del-territori-en-la-primera-edicio-de-els-tres-turons\/\" \/>\n<meta property=\"og:site_name\" content=\"Esplac\" \/>\n<meta property=\"article:published_time\" content=\"2016-05-20T06:33:46+00:00\" \/>\n<meta property=\"article:modified_time\" content=\"2019-10-15T16:20:09+00:00\" \/>\n<meta property=\"og:image\" content=\"https:\/\/www.esplac.cat\/wp-content\/uploads\/2016\/05\/20160520_3cims-1.jpg\" \/>\n\t<meta property=\"og:image:width\" content=\"847\" \/>\n\t<meta property=\"og:image:height\" content=\"351\" \/>\n\t<meta property=\"og:image:type\" content=\"image\/jpeg\" \/>\n<meta name=\"author\" content=\"Comunicaci\u00f3 Esplac\" \/>\n<meta name=\"twitter:card\" content=\"summary_large_image\" \/>\n<meta name=\"twitter:label1\" content=\"Escrito por\" \/>\n\t<meta name=\"twitter:data1\" content=\"Comunicaci\u00f3 Esplac\" \/>\n\t<meta name=\"twitter:label2\" content=\"Tiempo de lectura\" \/>\n\t<meta name=\"twitter:data2\" content=\"2 minutos\" \/>\n<script type=\"application\/ld+json\" class=\"yoast-schema-graph\">{\"@context\":\"https:\\\/\\\/schema.org\",\"@graph\":[{\"@type\":\"Article\",\"@id\":\"https:\\\/\\\/www.esplac.cat\\\/els-esplais-del-valles-coronen-tres-cims-del-territori-en-la-primera-edicio-de-els-tres-turons\\\/#article\",\"isPartOf\":{\"@id\":\"https:\\\/\\\/www.esplac.cat\\\/els-esplais-del-valles-coronen-tres-cims-del-territori-en-la-primera-edicio-de-els-tres-turons\\\/\"},\"author\":{\"name\":\"Comunicaci\u00f3 Esplac\",\"@id\":\"https:\\\/\\\/www.esplac.cat\\\/#\\\/schema\\\/person\\\/908383cf240be18b68f8855d0583faca\"},\"headline\":\"Els esplais del Vall\u00e8s coronen tres cims del territori en la primera edici\u00f3 de &#8216;Els Tres Turons&#8217;\",\"datePublished\":\"2016-05-20T06:33:46+00:00\",\"dateModified\":\"2019-10-15T16:20:09+00:00\",\"mainEntityOfPage\":{\"@id\":\"https:\\\/\\\/www.esplac.cat\\\/els-esplais-del-valles-coronen-tres-cims-del-territori-en-la-primera-edicio-de-els-tres-turons\\\/\"},\"wordCount\":333,\"publisher\":{\"@id\":\"https:\\\/\\\/www.esplac.cat\\\/#organization\"},\"image\":{\"@id\":\"https:\\\/\\\/www.esplac.cat\\\/els-esplais-del-valles-coronen-tres-cims-del-territori-en-la-primera-edicio-de-els-tres-turons\\\/#primaryimage\"},\"thumbnailUrl\":\"https:\\\/\\\/www.esplac.cat\\\/wp-content\\\/uploads\\\/2016\\\/05\\\/20160520_3cims-1.jpg\",\"keywords\":[\"barbacoa formativa\",\"cims\",\"formaci\u00f3\",\"formaci\u00f3 a la brasa\",\"sector Vall\u00e8s\",\"tres turons\"],\"articleSection\":[\"Activitats sectors\",\"Sector Vall\u00e8s\"],\"inLanguage\":\"es\"},{\"@type\":\"WebPage\",\"@id\":\"https:\\\/\\\/www.esplac.cat\\\/els-esplais-del-valles-coronen-tres-cims-del-territori-en-la-primera-edicio-de-els-tres-turons\\\/\",\"url\":\"https:\\\/\\\/www.esplac.cat\\\/els-esplais-del-valles-coronen-tres-cims-del-territori-en-la-primera-edicio-de-els-tres-turons\\\/\",\"name\":\"Els esplais del Vall\u00e8s coronen tres cims del territori en la primera edici\u00f3 de 'Els Tres Turons' - Esplac\",\"isPartOf\":{\"@id\":\"https:\\\/\\\/www.esplac.cat\\\/#website\"},\"primaryImageOfPage\":{\"@id\":\"https:\\\/\\\/www.esplac.cat\\\/els-esplais-del-valles-coronen-tres-cims-del-territori-en-la-primera-edicio-de-els-tres-turons\\\/#primaryimage\"},\"image\":{\"@id\":\"https:\\\/\\\/www.esplac.cat\\\/els-esplais-del-valles-coronen-tres-cims-del-territori-en-la-primera-edicio-de-els-tres-turons\\\/#primaryimage\"},\"thumbnailUrl\":\"https:\\\/\\\/www.esplac.cat\\\/wp-content\\\/uploads\\\/2016\\\/05\\\/20160520_3cims-1.jpg\",\"datePublished\":\"2016-05-20T06:33:46+00:00\",\"dateModified\":\"2019-10-15T16:20:09+00:00\",\"breadcrumb\":{\"@id\":\"https:\\\/\\\/www.esplac.cat\\\/els-esplais-del-valles-coronen-tres-cims-del-territori-en-la-primera-edicio-de-els-tres-turons\\\/#breadcrumb\"},\"inLanguage\":\"es\",\"potentialAction\":[{\"@type\":\"ReadAction\",\"target\":[\"https:\\\/\\\/www.esplac.cat\\\/els-esplais-del-valles-coronen-tres-cims-del-territori-en-la-primera-edicio-de-els-tres-turons\\\/\"]}]},{\"@type\":\"ImageObject\",\"inLanguage\":\"es\",\"@id\":\"https:\\\/\\\/www.esplac.cat\\\/els-esplais-del-valles-coronen-tres-cims-del-territori-en-la-primera-edicio-de-els-tres-turons\\\/#primaryimage\",\"url\":\"https:\\\/\\\/www.esplac.cat\\\/wp-content\\\/uploads\\\/2016\\\/05\\\/20160520_3cims-1.jpg\",\"contentUrl\":\"https:\\\/\\\/www.esplac.cat\\\/wp-content\\\/uploads\\\/2016\\\/05\\\/20160520_3cims-1.jpg\",\"width\":847,\"height\":351},{\"@type\":\"BreadcrumbList\",\"@id\":\"https:\\\/\\\/www.esplac.cat\\\/els-esplais-del-valles-coronen-tres-cims-del-territori-en-la-primera-edicio-de-els-tres-turons\\\/#breadcrumb\",\"itemListElement\":[{\"@type\":\"ListItem\",\"position\":1,\"name\":\"Inici\",\"item\":\"https:\\\/\\\/www.esplac.cat\\\/es\\\/\"},{\"@type\":\"ListItem\",\"position\":2,\"name\":\"Els esplais del Vall\u00e8s coronen tres cims del territori en la primera edici\u00f3 de &#8216;Els Tres Turons&#8217;\"}]},{\"@type\":\"WebSite\",\"@id\":\"https:\\\/\\\/www.esplac.cat\\\/#website\",\"url\":\"https:\\\/\\\/www.esplac.cat\\\/\",\"name\":\"Esplac\",\"description\":\"Esplais Catalans\",\"publisher\":{\"@id\":\"https:\\\/\\\/www.esplac.cat\\\/#organization\"},\"potentialAction\":[{\"@type\":\"SearchAction\",\"target\":{\"@type\":\"EntryPoint\",\"urlTemplate\":\"https:\\\/\\\/www.esplac.cat\\\/?s={search_term_string}\"},\"query-input\":{\"@type\":\"PropertyValueSpecification\",\"valueRequired\":true,\"valueName\":\"search_term_string\"}}],\"inLanguage\":\"es\"},{\"@type\":\"Organization\",\"@id\":\"https:\\\/\\\/www.esplac.cat\\\/#organization\",\"name\":\"Esplac\",\"url\":\"https:\\\/\\\/www.esplac.cat\\\/\",\"logo\":{\"@type\":\"ImageObject\",\"inLanguage\":\"es\",\"@id\":\"https:\\\/\\\/www.esplac.cat\\\/#\\\/schema\\\/logo\\\/image\\\/\",\"url\":\"https:\\\/\\\/www.esplac.cat\\\/wp-content\\\/uploads\\\/2019\\\/08\\\/logox2.png\",\"contentUrl\":\"https:\\\/\\\/www.esplac.cat\\\/wp-content\\\/uploads\\\/2019\\\/08\\\/logox2.png\",\"width\":600,\"height\":295,\"caption\":\"Esplac\"},\"image\":{\"@id\":\"https:\\\/\\\/www.esplac.cat\\\/#\\\/schema\\\/logo\\\/image\\\/\"}},{\"@type\":\"Person\",\"@id\":\"https:\\\/\\\/www.esplac.cat\\\/#\\\/schema\\\/person\\\/908383cf240be18b68f8855d0583faca\",\"name\":\"Comunicaci\u00f3 Esplac\",\"image\":{\"@type\":\"ImageObject\",\"inLanguage\":\"es\",\"@id\":\"https:\\\/\\\/secure.gravatar.com\\\/avatar\\\/7a4cf8feb412a76ea4a740ca02d95b06b2907b5a6c648c2dd0a1082a093c3141?s=96&d=mm&r=g\",\"url\":\"https:\\\/\\\/secure.gravatar.com\\\/avatar\\\/7a4cf8feb412a76ea4a740ca02d95b06b2907b5a6c648c2dd0a1082a093c3141?s=96&d=mm&r=g\",\"contentUrl\":\"https:\\\/\\\/secure.gravatar.com\\\/avatar\\\/7a4cf8feb412a76ea4a740ca02d95b06b2907b5a6c648c2dd0a1082a093c3141?s=96&d=mm&r=g\",\"caption\":\"Comunicaci\u00f3 Esplac\"}}]}<\/script>\n<!-- \/ Yoast SEO plugin. -->","yoast_head_json":{"title":"Els esplais del Vall\u00e8s coronen tres cims del territori en la primera edici\u00f3 de 'Els Tres Turons' - Esplac","robots":{"index":"index","follow":"follow","max-snippet":"max-snippet:-1","max-image-preview":"max-image-preview:large","max-video-preview":"max-video-preview:-1"},"canonical":"https:\/\/www.esplac.cat\/els-esplais-del-valles-coronen-tres-cims-del-territori-en-la-primera-edicio-de-els-tres-turons\/","og_locale":"es_ES","og_type":"article","og_title":"Els esplais del Vall\u00e8s coronen tres cims del territori en la primera edici\u00f3 de 'Els Tres Turons' - Esplac","og_description":"Per grups d&#8217;edat, els esplais van fer l\u2019ascens al Puigmadrona,\u00a0al [&hellip;]","og_url":"https:\/\/www.esplac.cat\/els-esplais-del-valles-coronen-tres-cims-del-territori-en-la-primera-edicio-de-els-tres-turons\/","og_site_name":"Esplac","article_published_time":"2016-05-20T06:33:46+00:00","article_modified_time":"2019-10-15T16:20:09+00:00","og_image":[{"width":847,"height":351,"url":"https:\/\/www.esplac.cat\/wp-content\/uploads\/2016\/05\/20160520_3cims-1.jpg","type":"image\/jpeg"}],"author":"Comunicaci\u00f3 Esplac","twitter_card":"summary_large_image","twitter_misc":{"Escrito por":"Comunicaci\u00f3 Esplac","Tiempo de lectura":"2 minutos"},"schema":{"@context":"https:\/\/schema.org","@graph":[{"@type":"Article","@id":"https:\/\/www.esplac.cat\/els-esplais-del-valles-coronen-tres-cims-del-territori-en-la-primera-edicio-de-els-tres-turons\/#article","isPartOf":{"@id":"https:\/\/www.esplac.cat\/els-esplais-del-valles-coronen-tres-cims-del-territori-en-la-primera-edicio-de-els-tres-turons\/"},"author":{"name":"Comunicaci\u00f3 Esplac","@id":"https:\/\/www.esplac.cat\/#\/schema\/person\/908383cf240be18b68f8855d0583faca"},"headline":"Els esplais del Vall\u00e8s coronen tres cims del territori en la primera edici\u00f3 de &#8216;Els Tres Turons&#8217;","datePublished":"2016-05-20T06:33:46+00:00","dateModified":"2019-10-15T16:20:09+00:00","mainEntityOfPage":{"@id":"https:\/\/www.esplac.cat\/els-esplais-del-valles-coronen-tres-cims-del-territori-en-la-primera-edicio-de-els-tres-turons\/"},"wordCount":333,"publisher":{"@id":"https:\/\/www.esplac.cat\/#organization"},"image":{"@id":"https:\/\/www.esplac.cat\/els-esplais-del-valles-coronen-tres-cims-del-territori-en-la-primera-edicio-de-els-tres-turons\/#primaryimage"},"thumbnailUrl":"https:\/\/www.esplac.cat\/wp-content\/uploads\/2016\/05\/20160520_3cims-1.jpg","keywords":["barbacoa formativa","cims","formaci\u00f3","formaci\u00f3 a la brasa","sector Vall\u00e8s","tres turons"],"articleSection":["Activitats sectors","Sector Vall\u00e8s"],"inLanguage":"es"},{"@type":"WebPage","@id":"https:\/\/www.esplac.cat\/els-esplais-del-valles-coronen-tres-cims-del-territori-en-la-primera-edicio-de-els-tres-turons\/","url":"https:\/\/www.esplac.cat\/els-esplais-del-valles-coronen-tres-cims-del-territori-en-la-primera-edicio-de-els-tres-turons\/","name":"Els esplais del Vall\u00e8s coronen tres cims del territori en la primera edici\u00f3 de 'Els Tres Turons' - Esplac","isPartOf":{"@id":"https:\/\/www.esplac.cat\/#website"},"primaryImageOfPage":{"@id":"https:\/\/www.esplac.cat\/els-esplais-del-valles-coronen-tres-cims-del-territori-en-la-primera-edicio-de-els-tres-turons\/#primaryimage"},"image":{"@id":"https:\/\/www.esplac.cat\/els-esplais-del-valles-coronen-tres-cims-del-territori-en-la-primera-edicio-de-els-tres-turons\/#primaryimage"},"thumbnailUrl":"https:\/\/www.esplac.cat\/wp-content\/uploads\/2016\/05\/20160520_3cims-1.jpg","datePublished":"2016-05-20T06:33:46+00:00","dateModified":"2019-10-15T16:20:09+00:00","breadcrumb":{"@id":"https:\/\/www.esplac.cat\/els-esplais-del-valles-coronen-tres-cims-del-territori-en-la-primera-edicio-de-els-tres-turons\/#breadcrumb"},"inLanguage":"es","potentialAction":[{"@type":"ReadAction","target":["https:\/\/www.esplac.cat\/els-esplais-del-valles-coronen-tres-cims-del-territori-en-la-primera-edicio-de-els-tres-turons\/"]}]},{"@type":"ImageObject","inLanguage":"es","@id":"https:\/\/www.esplac.cat\/els-esplais-del-valles-coronen-tres-cims-del-territori-en-la-primera-edicio-de-els-tres-turons\/#primaryimage","url":"https:\/\/www.esplac.cat\/wp-content\/uploads\/2016\/05\/20160520_3cims-1.jpg","contentUrl":"https:\/\/www.esplac.cat\/wp-content\/uploads\/2016\/05\/20160520_3cims-1.jpg","width":847,"height":351},{"@type":"BreadcrumbList","@id":"https:\/\/www.esplac.cat\/els-esplais-del-valles-coronen-tres-cims-del-territori-en-la-primera-edicio-de-els-tres-turons\/#breadcrumb","itemListElement":[{"@type":"ListItem","position":1,"name":"Inici","item":"https:\/\/www.esplac.cat\/es\/"},{"@type":"ListItem","position":2,"name":"Els esplais del Vall\u00e8s coronen tres cims del territori en la primera edici\u00f3 de &#8216;Els Tres Turons&#8217;"}]},{"@type":"WebSite","@id":"https:\/\/www.esplac.cat\/#website","url":"https:\/\/www.esplac.cat\/","name":"Esplac","description":"Esplais Catalans","publisher":{"@id":"https:\/\/www.esplac.cat\/#organization"},"potentialAction":[{"@type":"SearchAction","target":{"@type":"EntryPoint","urlTemplate":"https:\/\/www.esplac.cat\/?s={search_term_string}"},"query-input":{"@type":"PropertyValueSpecification","valueRequired":true,"valueName":"search_term_string"}}],"inLanguage":"es"},{"@type":"Organization","@id":"https:\/\/www.esplac.cat\/#organization","name":"Esplac","url":"https:\/\/www.esplac.cat\/","logo":{"@type":"ImageObject","inLanguage":"es","@id":"https:\/\/www.esplac.cat\/#\/schema\/logo\/image\/","url":"https:\/\/www.esplac.cat\/wp-content\/uploads\/2019\/08\/logox2.png","contentUrl":"https:\/\/www.esplac.cat\/wp-content\/uploads\/2019\/08\/logox2.png","width":600,"height":295,"caption":"Esplac"},"image":{"@id":"https:\/\/www.esplac.cat\/#\/schema\/logo\/image\/"}},{"@type":"Person","@id":"https:\/\/www.esplac.cat\/#\/schema\/person\/908383cf240be18b68f8855d0583faca","name":"Comunicaci\u00f3 Esplac","image":{"@type":"ImageObject","inLanguage":"es","@id":"https:\/\/secure.gravatar.com\/avatar\/7a4cf8feb412a76ea4a740ca02d95b06b2907b5a6c648c2dd0a1082a093c3141?s=96&d=mm&r=g","url":"https:\/\/secure.gravatar.com\/avatar\/7a4cf8feb412a76ea4a740ca02d95b06b2907b5a6c648c2dd0a1082a093c3141?s=96&d=mm&r=g","contentUrl":"https:\/\/secure.gravatar.com\/avatar\/7a4cf8feb412a76ea4a740ca02d95b06b2907b5a6c648c2dd0a1082a093c3141?s=96&d=mm&r=g","caption":"Comunicaci\u00f3 Esplac"}}]}},"_links":{"self":[{"href":"https:\/\/www.esplac.cat\/es\/wp-json\/wp\/v2\/posts\/25113","targetHints":{"allow":["GET"]}}],"collection":[{"href":"https:\/\/www.esplac.cat\/es\/wp-json\/wp\/v2\/posts"}],"about":[{"href":"https:\/\/www.esplac.cat\/es\/wp-json\/wp\/v2\/types\/post"}],"author":[{"embeddable":true,"href":"https:\/\/www.esplac.cat\/es\/wp-json\/wp\/v2\/users\/3"}],"replies":[{"embeddable":true,"href":"https:\/\/www.esplac.cat\/es\/wp-json\/wp\/v2\/comments?post=25113"}],"version-history":[{"count":0,"href":"https:\/\/www.esplac.cat\/es\/wp-json\/wp\/v2\/posts\/25113\/revisions"}],"wp:featuredmedia":[{"embeddable":true,"href":"https:\/\/www.esplac.cat\/es\/wp-json\/wp\/v2\/media\/25117"}],"wp:attachment":[{"href":"https:\/\/www.esplac.cat\/es\/wp-json\/wp\/v2\/media?parent=25113"}],"wp:term":[{"taxonomy":"category","embeddable":true,"href":"https:\/\/www.esplac.cat\/es\/wp-json\/wp\/v2\/categories?post=25113"},{"taxonomy":"post_tag","embeddable":true,"href":"https:\/\/www.esplac.cat\/es\/wp-json\/wp\/v2\/tags?post=25113"}],"curies":[{"name":"wp","href":"https:\/\/api.w.org\/{rel}","templated":true}]}}