{"id":25149,"date":"2016-10-11T16:04:38","date_gmt":"2016-10-11T14:04:38","guid":{"rendered":"http:\/\/www.esplac.cat\/?p=11235"},"modified":"2016-10-11T16:04:38","modified_gmt":"2016-10-11T14:04:38","slug":"periodisme-i-esplai-jornada-dinici-de-curs-de-la-revista-som-esplai","status":"publish","type":"post","link":"https:\/\/www.esplac.cat\/es\/periodisme-i-esplai-jornada-dinici-de-curs-de-la-revista-som-esplai\/","title":{"rendered":"Periodisme i esplai: jornada d&#8217;inici de curs de la revista Som Esplai"},"content":{"rendered":"<h4 style=\"text-align: justify;\"><strong>El 27 d&#8217;octubre a les 20.00h presentarem l&#8217;Anuari dels Silencis Medi\u00e0tics 2015 de M\u00e8diaCat i el nou curs de la revista <a class=\"_58cn\" href=\"https:\/\/www.facebook.com\/hashtag\/somesplai?source=feed_text&amp;story_id=1202650846424478\" data-ft=\"{&quot;tn&quot;:&quot;*N&quot;,&quot;type&quot;:104}\"><span class=\"_5afx\"><span class=\"_58cm\">Som Esplai<\/span><\/span><\/a> a l&#8217;Espai Jove Fontana (Gr\u00e0cia, Barcelona).<\/strong><\/h4>\n<p style=\"text-align: justify;\">Aquest curs, engeguem el grup de treball del Som Esplai, la revista digital d&#8217;Esplais Catalans amb un acte anomenat \u00abPeriodisme i esplai\u00bb, en qu\u00e8 aprofitarem per presentar el nou curs de la revista\u00a0i les noves idees i seccions!<\/p>\n<p style=\"text-align: justify;\">En aquesta presentaci\u00f3 comptarem amb l&#8217;<strong>Elisenda Rovira<\/strong>, periodista i coordinadora de l&#8217;<a href=\"http:\/\/www.media.cat\/anuari\/\" target=\"_blank\" rel=\"noopener noreferrer\"><strong>Anuari M\u00e8diaCat dels silencis Medi\u00e0tics 2015<\/strong><\/a>. Aquest projecte, que s&#8217;ha finan\u00e7at a trav\u00e9s del micromecenatge i en el qual Esplac hi hem participat, treu a la llum els temes que els mitjans de comunicaci\u00f3 convencionals han ignorat, infrarepresentat o censurat durant l\u2019\u00faltim any en format de reportatge d\u2019investigaci\u00f3.<\/p>\n<p style=\"text-align: justify;\">Aprofitarem aquest acte per fer un debat\/col\u00b7loqui sobre la comunicaci\u00f3 dins de l&#8217;associacionisme educatiu. A m\u00e9s, hi haur\u00e0 debat i pica-pica! No us ho perdeu!<\/p>\n<p style=\"text-align: justify;\"><strong>* Per limitacions d&#8217;espai a la sala, cal confirmar assist\u00e8ncia a esplac@esplac.cat<\/strong><\/p>\n<p style=\"text-align: justify;\"><span class=\"text_exposed_show\"><a href=\"http:\/\/www.esplac.cat\/wp-content\/uploads\/2016\/10\/SOMESPLAI_MEDIACAT_baixa-1.jpg\"><img decoding=\"async\" class=\"aligncenter size-large wp-image-11240\" src=\"http:\/\/www.esplac.cat\/wp-content\/uploads\/2016\/10\/SOMESPLAI_MEDIACAT_baixa-1-724x1024.jpg\" alt=\"somesplai_mediacat_baixa\" width=\"724\" height=\"1024\" \/><\/a><\/span><\/p>\n<p>&nbsp;<\/p>\n","protected":false},"excerpt":{"rendered":"<p>El 27 d&#8217;octubre a les 20.00h presentarem l&#8217;Anuari dels Silencis [&hellip;]<\/p>\n","protected":false},"author":3,"featured_media":25150,"comment_status":"closed","ping_status":"open","sticky":false,"template":"","format":"standard","meta":{"om_disable_all_campaigns":false,"_monsterinsights_skip_tracking":false,"_monsterinsights_sitenote_active":false,"_monsterinsights_sitenote_note":"","_monsterinsights_sitenote_category":0,"_uf_show_specific_survey":0,"_uf_disable_surveys":false,"footnotes":""},"categories":[1119,1111,1],"tags":[781,782,783,784,602],"class_list":["post-25149","post","type-post","status-publish","format-standard","has-post-thumbnail","hentry","category-activitats-comissions-grups-de-treball","category-activitats-esplac","category-sense-categoria","tag-elisensa-rovira","tag-media-cat","tag-periodisme","tag-revista-digital","tag-som-esplai"],"yoast_head":"<!-- This site is optimized with the Yoast SEO plugin v27.5 - https:\/\/yoast.com\/product\/yoast-seo-wordpress\/ -->\n<title>Periodisme i esplai: jornada d&#039;inici de curs de la revista Som Esplai - Esplac<\/title>\n<meta name=\"robots\" content=\"index, follow, max-snippet:-1, max-image-preview:large, max-video-preview:-1\" \/>\n<link rel=\"canonical\" href=\"https:\/\/www.esplac.cat\/periodisme-i-esplai-jornada-dinici-de-curs-de-la-revista-som-esplai\/\" \/>\n<meta property=\"og:locale\" content=\"es_ES\" \/>\n<meta property=\"og:type\" content=\"article\" \/>\n<meta property=\"og:title\" content=\"Periodisme i esplai: jornada d&#039;inici de curs de la revista Som Esplai - Esplac\" \/>\n<meta property=\"og:description\" content=\"El 27 d&#8217;octubre a les 20.00h presentarem l&#8217;Anuari dels Silencis [&hellip;]\" \/>\n<meta property=\"og:url\" content=\"https:\/\/www.esplac.cat\/periodisme-i-esplai-jornada-dinici-de-curs-de-la-revista-som-esplai\/\" \/>\n<meta property=\"og:site_name\" content=\"Esplac\" \/>\n<meta property=\"article:published_time\" content=\"2016-10-11T14:04:38+00:00\" \/>\n<meta property=\"og:image\" content=\"https:\/\/www.esplac.cat\/wp-content\/uploads\/2016\/10\/20161111_Revista-SomEsplai.jpg\" \/>\n\t<meta property=\"og:image:width\" content=\"847\" \/>\n\t<meta property=\"og:image:height\" content=\"350\" \/>\n\t<meta property=\"og:image:type\" content=\"image\/jpeg\" \/>\n<meta name=\"author\" content=\"Comunicaci\u00f3 Esplac\" \/>\n<meta name=\"twitter:card\" content=\"summary_large_image\" \/>\n<meta name=\"twitter:label1\" content=\"Escrito por\" \/>\n\t<meta name=\"twitter:data1\" content=\"Comunicaci\u00f3 Esplac\" \/>\n\t<meta name=\"twitter:label2\" content=\"Tiempo de lectura\" \/>\n\t<meta name=\"twitter:data2\" content=\"1 minuto\" \/>\n<script type=\"application\/ld+json\" class=\"yoast-schema-graph\">{\"@context\":\"https:\\\/\\\/schema.org\",\"@graph\":[{\"@type\":\"Article\",\"@id\":\"https:\\\/\\\/www.esplac.cat\\\/periodisme-i-esplai-jornada-dinici-de-curs-de-la-revista-som-esplai\\\/#article\",\"isPartOf\":{\"@id\":\"https:\\\/\\\/www.esplac.cat\\\/periodisme-i-esplai-jornada-dinici-de-curs-de-la-revista-som-esplai\\\/\"},\"author\":{\"name\":\"Comunicaci\u00f3 Esplac\",\"@id\":\"https:\\\/\\\/www.esplac.cat\\\/#\\\/schema\\\/person\\\/908383cf240be18b68f8855d0583faca\"},\"headline\":\"Periodisme i esplai: jornada d&#8217;inici de curs de la revista Som Esplai\",\"datePublished\":\"2016-10-11T14:04:38+00:00\",\"mainEntityOfPage\":{\"@id\":\"https:\\\/\\\/www.esplac.cat\\\/periodisme-i-esplai-jornada-dinici-de-curs-de-la-revista-som-esplai\\\/\"},\"wordCount\":198,\"publisher\":{\"@id\":\"https:\\\/\\\/www.esplac.cat\\\/#organization\"},\"image\":{\"@id\":\"https:\\\/\\\/www.esplac.cat\\\/periodisme-i-esplai-jornada-dinici-de-curs-de-la-revista-som-esplai\\\/#primaryimage\"},\"thumbnailUrl\":\"https:\\\/\\\/www.esplac.cat\\\/wp-content\\\/uploads\\\/2016\\\/10\\\/20161111_Revista-SomEsplai.jpg\",\"keywords\":[\"Elisensa Rovira\",\"Media Cat\",\"periodisme\",\"revista digital\",\"som esplai\"],\"articleSection\":[\"Activitats comissions i grups de treball\",\"Activitats esplac\",\"Sense categoria\"],\"inLanguage\":\"es\"},{\"@type\":\"WebPage\",\"@id\":\"https:\\\/\\\/www.esplac.cat\\\/periodisme-i-esplai-jornada-dinici-de-curs-de-la-revista-som-esplai\\\/\",\"url\":\"https:\\\/\\\/www.esplac.cat\\\/periodisme-i-esplai-jornada-dinici-de-curs-de-la-revista-som-esplai\\\/\",\"name\":\"Periodisme i esplai: jornada d'inici de curs de la revista Som Esplai - Esplac\",\"isPartOf\":{\"@id\":\"https:\\\/\\\/www.esplac.cat\\\/#website\"},\"primaryImageOfPage\":{\"@id\":\"https:\\\/\\\/www.esplac.cat\\\/periodisme-i-esplai-jornada-dinici-de-curs-de-la-revista-som-esplai\\\/#primaryimage\"},\"image\":{\"@id\":\"https:\\\/\\\/www.esplac.cat\\\/periodisme-i-esplai-jornada-dinici-de-curs-de-la-revista-som-esplai\\\/#primaryimage\"},\"thumbnailUrl\":\"https:\\\/\\\/www.esplac.cat\\\/wp-content\\\/uploads\\\/2016\\\/10\\\/20161111_Revista-SomEsplai.jpg\",\"datePublished\":\"2016-10-11T14:04:38+00:00\",\"breadcrumb\":{\"@id\":\"https:\\\/\\\/www.esplac.cat\\\/periodisme-i-esplai-jornada-dinici-de-curs-de-la-revista-som-esplai\\\/#breadcrumb\"},\"inLanguage\":\"es\",\"potentialAction\":[{\"@type\":\"ReadAction\",\"target\":[\"https:\\\/\\\/www.esplac.cat\\\/periodisme-i-esplai-jornada-dinici-de-curs-de-la-revista-som-esplai\\\/\"]}]},{\"@type\":\"ImageObject\",\"inLanguage\":\"es\",\"@id\":\"https:\\\/\\\/www.esplac.cat\\\/periodisme-i-esplai-jornada-dinici-de-curs-de-la-revista-som-esplai\\\/#primaryimage\",\"url\":\"https:\\\/\\\/www.esplac.cat\\\/wp-content\\\/uploads\\\/2016\\\/10\\\/20161111_Revista-SomEsplai.jpg\",\"contentUrl\":\"https:\\\/\\\/www.esplac.cat\\\/wp-content\\\/uploads\\\/2016\\\/10\\\/20161111_Revista-SomEsplai.jpg\",\"width\":847,\"height\":350},{\"@type\":\"BreadcrumbList\",\"@id\":\"https:\\\/\\\/www.esplac.cat\\\/periodisme-i-esplai-jornada-dinici-de-curs-de-la-revista-som-esplai\\\/#breadcrumb\",\"itemListElement\":[{\"@type\":\"ListItem\",\"position\":1,\"name\":\"Inici\",\"item\":\"https:\\\/\\\/www.esplac.cat\\\/es\\\/\"},{\"@type\":\"ListItem\",\"position\":2,\"name\":\"Periodisme i esplai: jornada d&#8217;inici de curs de la revista Som Esplai\"}]},{\"@type\":\"WebSite\",\"@id\":\"https:\\\/\\\/www.esplac.cat\\\/#website\",\"url\":\"https:\\\/\\\/www.esplac.cat\\\/\",\"name\":\"Esplac\",\"description\":\"Esplais Catalans\",\"publisher\":{\"@id\":\"https:\\\/\\\/www.esplac.cat\\\/#organization\"},\"potentialAction\":[{\"@type\":\"SearchAction\",\"target\":{\"@type\":\"EntryPoint\",\"urlTemplate\":\"https:\\\/\\\/www.esplac.cat\\\/?s={search_term_string}\"},\"query-input\":{\"@type\":\"PropertyValueSpecification\",\"valueRequired\":true,\"valueName\":\"search_term_string\"}}],\"inLanguage\":\"es\"},{\"@type\":\"Organization\",\"@id\":\"https:\\\/\\\/www.esplac.cat\\\/#organization\",\"name\":\"Esplac\",\"url\":\"https:\\\/\\\/www.esplac.cat\\\/\",\"logo\":{\"@type\":\"ImageObject\",\"inLanguage\":\"es\",\"@id\":\"https:\\\/\\\/www.esplac.cat\\\/#\\\/schema\\\/logo\\\/image\\\/\",\"url\":\"https:\\\/\\\/www.esplac.cat\\\/wp-content\\\/uploads\\\/2019\\\/08\\\/logox2.png\",\"contentUrl\":\"https:\\\/\\\/www.esplac.cat\\\/wp-content\\\/uploads\\\/2019\\\/08\\\/logox2.png\",\"width\":600,\"height\":295,\"caption\":\"Esplac\"},\"image\":{\"@id\":\"https:\\\/\\\/www.esplac.cat\\\/#\\\/schema\\\/logo\\\/image\\\/\"}},{\"@type\":\"Person\",\"@id\":\"https:\\\/\\\/www.esplac.cat\\\/#\\\/schema\\\/person\\\/908383cf240be18b68f8855d0583faca\",\"name\":\"Comunicaci\u00f3 Esplac\",\"image\":{\"@type\":\"ImageObject\",\"inLanguage\":\"es\",\"@id\":\"https:\\\/\\\/secure.gravatar.com\\\/avatar\\\/7a4cf8feb412a76ea4a740ca02d95b06b2907b5a6c648c2dd0a1082a093c3141?s=96&d=mm&r=g\",\"url\":\"https:\\\/\\\/secure.gravatar.com\\\/avatar\\\/7a4cf8feb412a76ea4a740ca02d95b06b2907b5a6c648c2dd0a1082a093c3141?s=96&d=mm&r=g\",\"contentUrl\":\"https:\\\/\\\/secure.gravatar.com\\\/avatar\\\/7a4cf8feb412a76ea4a740ca02d95b06b2907b5a6c648c2dd0a1082a093c3141?s=96&d=mm&r=g\",\"caption\":\"Comunicaci\u00f3 Esplac\"}}]}<\/script>\n<!-- \/ Yoast SEO plugin. -->","yoast_head_json":{"title":"Periodisme i esplai: jornada d'inici de curs de la revista Som Esplai - Esplac","robots":{"index":"index","follow":"follow","max-snippet":"max-snippet:-1","max-image-preview":"max-image-preview:large","max-video-preview":"max-video-preview:-1"},"canonical":"https:\/\/www.esplac.cat\/periodisme-i-esplai-jornada-dinici-de-curs-de-la-revista-som-esplai\/","og_locale":"es_ES","og_type":"article","og_title":"Periodisme i esplai: jornada d'inici de curs de la revista Som Esplai - Esplac","og_description":"El 27 d&#8217;octubre a les 20.00h presentarem l&#8217;Anuari dels Silencis [&hellip;]","og_url":"https:\/\/www.esplac.cat\/periodisme-i-esplai-jornada-dinici-de-curs-de-la-revista-som-esplai\/","og_site_name":"Esplac","article_published_time":"2016-10-11T14:04:38+00:00","og_image":[{"width":847,"height":350,"url":"https:\/\/www.esplac.cat\/wp-content\/uploads\/2016\/10\/20161111_Revista-SomEsplai.jpg","type":"image\/jpeg"}],"author":"Comunicaci\u00f3 Esplac","twitter_card":"summary_large_image","twitter_misc":{"Escrito por":"Comunicaci\u00f3 Esplac","Tiempo de lectura":"1 minuto"},"schema":{"@context":"https:\/\/schema.org","@graph":[{"@type":"Article","@id":"https:\/\/www.esplac.cat\/periodisme-i-esplai-jornada-dinici-de-curs-de-la-revista-som-esplai\/#article","isPartOf":{"@id":"https:\/\/www.esplac.cat\/periodisme-i-esplai-jornada-dinici-de-curs-de-la-revista-som-esplai\/"},"author":{"name":"Comunicaci\u00f3 Esplac","@id":"https:\/\/www.esplac.cat\/#\/schema\/person\/908383cf240be18b68f8855d0583faca"},"headline":"Periodisme i esplai: jornada d&#8217;inici de curs de la revista Som Esplai","datePublished":"2016-10-11T14:04:38+00:00","mainEntityOfPage":{"@id":"https:\/\/www.esplac.cat\/periodisme-i-esplai-jornada-dinici-de-curs-de-la-revista-som-esplai\/"},"wordCount":198,"publisher":{"@id":"https:\/\/www.esplac.cat\/#organization"},"image":{"@id":"https:\/\/www.esplac.cat\/periodisme-i-esplai-jornada-dinici-de-curs-de-la-revista-som-esplai\/#primaryimage"},"thumbnailUrl":"https:\/\/www.esplac.cat\/wp-content\/uploads\/2016\/10\/20161111_Revista-SomEsplai.jpg","keywords":["Elisensa Rovira","Media Cat","periodisme","revista digital","som esplai"],"articleSection":["Activitats comissions i grups de treball","Activitats esplac","Sense categoria"],"inLanguage":"es"},{"@type":"WebPage","@id":"https:\/\/www.esplac.cat\/periodisme-i-esplai-jornada-dinici-de-curs-de-la-revista-som-esplai\/","url":"https:\/\/www.esplac.cat\/periodisme-i-esplai-jornada-dinici-de-curs-de-la-revista-som-esplai\/","name":"Periodisme i esplai: jornada d'inici de curs de la revista Som Esplai - Esplac","isPartOf":{"@id":"https:\/\/www.esplac.cat\/#website"},"primaryImageOfPage":{"@id":"https:\/\/www.esplac.cat\/periodisme-i-esplai-jornada-dinici-de-curs-de-la-revista-som-esplai\/#primaryimage"},"image":{"@id":"https:\/\/www.esplac.cat\/periodisme-i-esplai-jornada-dinici-de-curs-de-la-revista-som-esplai\/#primaryimage"},"thumbnailUrl":"https:\/\/www.esplac.cat\/wp-content\/uploads\/2016\/10\/20161111_Revista-SomEsplai.jpg","datePublished":"2016-10-11T14:04:38+00:00","breadcrumb":{"@id":"https:\/\/www.esplac.cat\/periodisme-i-esplai-jornada-dinici-de-curs-de-la-revista-som-esplai\/#breadcrumb"},"inLanguage":"es","potentialAction":[{"@type":"ReadAction","target":["https:\/\/www.esplac.cat\/periodisme-i-esplai-jornada-dinici-de-curs-de-la-revista-som-esplai\/"]}]},{"@type":"ImageObject","inLanguage":"es","@id":"https:\/\/www.esplac.cat\/periodisme-i-esplai-jornada-dinici-de-curs-de-la-revista-som-esplai\/#primaryimage","url":"https:\/\/www.esplac.cat\/wp-content\/uploads\/2016\/10\/20161111_Revista-SomEsplai.jpg","contentUrl":"https:\/\/www.esplac.cat\/wp-content\/uploads\/2016\/10\/20161111_Revista-SomEsplai.jpg","width":847,"height":350},{"@type":"BreadcrumbList","@id":"https:\/\/www.esplac.cat\/periodisme-i-esplai-jornada-dinici-de-curs-de-la-revista-som-esplai\/#breadcrumb","itemListElement":[{"@type":"ListItem","position":1,"name":"Inici","item":"https:\/\/www.esplac.cat\/es\/"},{"@type":"ListItem","position":2,"name":"Periodisme i esplai: jornada d&#8217;inici de curs de la revista Som Esplai"}]},{"@type":"WebSite","@id":"https:\/\/www.esplac.cat\/#website","url":"https:\/\/www.esplac.cat\/","name":"Esplac","description":"Esplais Catalans","publisher":{"@id":"https:\/\/www.esplac.cat\/#organization"},"potentialAction":[{"@type":"SearchAction","target":{"@type":"EntryPoint","urlTemplate":"https:\/\/www.esplac.cat\/?s={search_term_string}"},"query-input":{"@type":"PropertyValueSpecification","valueRequired":true,"valueName":"search_term_string"}}],"inLanguage":"es"},{"@type":"Organization","@id":"https:\/\/www.esplac.cat\/#organization","name":"Esplac","url":"https:\/\/www.esplac.cat\/","logo":{"@type":"ImageObject","inLanguage":"es","@id":"https:\/\/www.esplac.cat\/#\/schema\/logo\/image\/","url":"https:\/\/www.esplac.cat\/wp-content\/uploads\/2019\/08\/logox2.png","contentUrl":"https:\/\/www.esplac.cat\/wp-content\/uploads\/2019\/08\/logox2.png","width":600,"height":295,"caption":"Esplac"},"image":{"@id":"https:\/\/www.esplac.cat\/#\/schema\/logo\/image\/"}},{"@type":"Person","@id":"https:\/\/www.esplac.cat\/#\/schema\/person\/908383cf240be18b68f8855d0583faca","name":"Comunicaci\u00f3 Esplac","image":{"@type":"ImageObject","inLanguage":"es","@id":"https:\/\/secure.gravatar.com\/avatar\/7a4cf8feb412a76ea4a740ca02d95b06b2907b5a6c648c2dd0a1082a093c3141?s=96&d=mm&r=g","url":"https:\/\/secure.gravatar.com\/avatar\/7a4cf8feb412a76ea4a740ca02d95b06b2907b5a6c648c2dd0a1082a093c3141?s=96&d=mm&r=g","contentUrl":"https:\/\/secure.gravatar.com\/avatar\/7a4cf8feb412a76ea4a740ca02d95b06b2907b5a6c648c2dd0a1082a093c3141?s=96&d=mm&r=g","caption":"Comunicaci\u00f3 Esplac"}}]}},"_links":{"self":[{"href":"https:\/\/www.esplac.cat\/es\/wp-json\/wp\/v2\/posts\/25149","targetHints":{"allow":["GET"]}}],"collection":[{"href":"https:\/\/www.esplac.cat\/es\/wp-json\/wp\/v2\/posts"}],"about":[{"href":"https:\/\/www.esplac.cat\/es\/wp-json\/wp\/v2\/types\/post"}],"author":[{"embeddable":true,"href":"https:\/\/www.esplac.cat\/es\/wp-json\/wp\/v2\/users\/3"}],"replies":[{"embeddable":true,"href":"https:\/\/www.esplac.cat\/es\/wp-json\/wp\/v2\/comments?post=25149"}],"version-history":[{"count":0,"href":"https:\/\/www.esplac.cat\/es\/wp-json\/wp\/v2\/posts\/25149\/revisions"}],"wp:featuredmedia":[{"embeddable":true,"href":"https:\/\/www.esplac.cat\/es\/wp-json\/wp\/v2\/media\/25150"}],"wp:attachment":[{"href":"https:\/\/www.esplac.cat\/es\/wp-json\/wp\/v2\/media?parent=25149"}],"wp:term":[{"taxonomy":"category","embeddable":true,"href":"https:\/\/www.esplac.cat\/es\/wp-json\/wp\/v2\/categories?post=25149"},{"taxonomy":"post_tag","embeddable":true,"href":"https:\/\/www.esplac.cat\/es\/wp-json\/wp\/v2\/tags?post=25149"}],"curies":[{"name":"wp","href":"https:\/\/api.w.org\/{rel}","templated":true}]}}