{"id":25156,"date":"2016-10-10T13:53:09","date_gmt":"2016-10-10T11:53:09","guid":{"rendered":"http:\/\/www.esplac.cat\/?p=11213"},"modified":"2016-10-10T13:53:09","modified_gmt":"2016-10-10T11:53:09","slug":"el-documental-transformar-educant-en-fase-de-postproduccio","status":"publish","type":"post","link":"https:\/\/www.esplac.cat\/es\/el-documental-transformar-educant-en-fase-de-postproduccio\/","title":{"rendered":"El documental \u00abTransformar educant\u00bb, en fase de postproducci\u00f3"},"content":{"rendered":"<h4 style=\"text-align: justify;\">Despr\u00e9s de l&#8217;<a href=\"http:\/\/www.verkami.com\/locale\/ca\/projects\/14968-transformar-educant-el-documental-dels-esplais-catalans\" target=\"_blank\" rel=\"noopener noreferrer\">\u00e8xit de la campanya de Verkami<\/a> de juny i juliol passat, el documental dels esplais catalans ja es troba en una fase molt avan\u00e7ada. Aquest dijous 13 d&#8217;octubre tindr\u00e0 lloc\u00a0un primer visionat del film a la seu d&#8217;Esplac per\u00a0a algunes de les mecenes.<\/h4>\n<p style=\"text-align: justify;\">Malgrat el silenci d&#8217;aquest estiu, us volem comunicar que no hem parat de treballar en el projecte del documental dels esplais \u00abTransformar Educant\u00bb, que ja est\u00e0 en fase de postproducci\u00f3!<\/p>\n<p style=\"text-align: justify;\">Durant aquests mesos de juliol i agost, l&#8217;equip de Camille Zonca ha rodat durant 6 dies a les diferents protagonistes del documental en diferents moments i espais (campaments a la muntanya, reunions de monis, trobada de fam\u00edlies, dinars, preparaci\u00f3 d&#8217;activitats, entrevistes&#8230;) i ja estan treballant en una versi\u00f3 del muntatge molt avan\u00e7ada, i ara enceten la feina de postproducci\u00f3 de so, retoc d&#8217;imatge i retoc fotogr\u00e0fic, entre d&#8217;altres.<\/p>\n<p style=\"text-align: justify;\">Aquest\u00a0<strong>dijous 13 d&#8217;octubre a les 20:00 hores<\/strong>, farem un primer visionat (test screening) a Barcelona d&#8217;aquesta versi\u00f3 molt avan\u00e7ada del documental, a la qual assistiran les mecenes que van fer l&#8217;aportaci\u00f3 de 60\u20ac al <span class=\"il\">Verkami <strong><span style=\"text-decoration: underline;\">(cal confirmar assist\u00e8ncia a esplac@esplac.cat)<\/span><\/strong><\/span>. Aquest visionat servir\u00e0 per donar opinions i fer sugger\u00e8ncies de millora que tindrem en compte alhora de fer el muntatge definitiu.<\/p>\n<p style=\"text-align: justify;\">El documental definitiu l\u2019estrenarem al\u00a0desembre 2016 (data per confirmar).<\/p>\n<p style=\"text-align: justify;\">Finalment les recompenses tant f\u00edsiques com digitals (DVD, llibre de la hist\u00f2ria dels esplais, enlla\u00e7 pel visionat del documental, pack de recursos\u2026) les enviarem a les mecenes\u00a0a partir de gener de 2017! Tamb\u00e9 en aquell moment programarem les projeccions del documental als diferents sectors i per als mecenes que tinguin aquesta recompensa.<\/p>\n<p style=\"text-align: justify;\">Seguirem informant-vos, doncs, de les properes passes del projecte!<\/p>\n","protected":false},"excerpt":{"rendered":"<p>Despr\u00e9s de l&#8217;\u00e8xit de la campanya de Verkami de juny [&hellip;]<\/p>\n","protected":false},"author":3,"featured_media":25157,"comment_status":"closed","ping_status":"open","sticky":false,"template":"","format":"standard","meta":{"om_disable_all_campaigns":false,"_monsterinsights_skip_tracking":false,"_monsterinsights_sitenote_active":false,"_monsterinsights_sitenote_note":"","_monsterinsights_sitenote_category":0,"_uf_show_specific_survey":0,"_uf_disable_surveys":false,"footnotes":""},"categories":[1111,1,1142],"tags":[697,576,256,775,719],"class_list":["post-25156","post","type-post","status-publish","format-standard","has-post-thumbnail","hentry","category-activitats-esplac","category-sense-categoria","category-transformar-educant-historia-dels-esplais","tag-camille-zonca","tag-documental","tag-historia-dels-esplais","tag-test-screening","tag-transformar-educant"],"yoast_head":"<!-- This site is optimized with the Yoast SEO plugin v27.4 - https:\/\/yoast.com\/product\/yoast-seo-wordpress\/ -->\n<title>El documental &quot;Transformar educant&quot;, en fase de postproducci\u00f3 - Esplac<\/title>\n<meta name=\"robots\" content=\"index, follow, max-snippet:-1, max-image-preview:large, max-video-preview:-1\" \/>\n<link rel=\"canonical\" href=\"https:\/\/www.esplac.cat\/el-documental-transformar-educant-en-fase-de-postproduccio\/\" \/>\n<meta property=\"og:locale\" content=\"es_ES\" \/>\n<meta property=\"og:type\" content=\"article\" \/>\n<meta property=\"og:title\" content=\"El documental &quot;Transformar educant&quot;, en fase de postproducci\u00f3 - Esplac\" \/>\n<meta property=\"og:description\" content=\"Despr\u00e9s de l&#8217;\u00e8xit de la campanya de Verkami de juny [&hellip;]\" \/>\n<meta property=\"og:url\" content=\"https:\/\/www.esplac.cat\/el-documental-transformar-educant-en-fase-de-postproduccio\/\" \/>\n<meta property=\"og:site_name\" content=\"Esplac\" \/>\n<meta property=\"article:published_time\" content=\"2016-10-10T11:53:09+00:00\" \/>\n<meta property=\"og:image\" content=\"https:\/\/www.esplac.cat\/wp-content\/uploads\/2016\/10\/20161010_Test-screening_docu.jpg\" \/>\n\t<meta property=\"og:image:width\" content=\"847\" \/>\n\t<meta property=\"og:image:height\" content=\"350\" \/>\n\t<meta property=\"og:image:type\" content=\"image\/jpeg\" \/>\n<meta name=\"author\" content=\"Comunicaci\u00f3 Esplac\" \/>\n<meta name=\"twitter:card\" content=\"summary_large_image\" \/>\n<meta name=\"twitter:label1\" content=\"Escrito por\" \/>\n\t<meta name=\"twitter:data1\" content=\"Comunicaci\u00f3 Esplac\" \/>\n\t<meta name=\"twitter:label2\" content=\"Tiempo de lectura\" \/>\n\t<meta name=\"twitter:data2\" content=\"1 minuto\" \/>\n<script type=\"application\/ld+json\" class=\"yoast-schema-graph\">{\"@context\":\"https:\\\/\\\/schema.org\",\"@graph\":[{\"@type\":\"Article\",\"@id\":\"https:\\\/\\\/www.esplac.cat\\\/el-documental-transformar-educant-en-fase-de-postproduccio\\\/#article\",\"isPartOf\":{\"@id\":\"https:\\\/\\\/www.esplac.cat\\\/el-documental-transformar-educant-en-fase-de-postproduccio\\\/\"},\"author\":{\"name\":\"Comunicaci\u00f3 Esplac\",\"@id\":\"https:\\\/\\\/www.esplac.cat\\\/#\\\/schema\\\/person\\\/908383cf240be18b68f8855d0583faca\"},\"headline\":\"El documental \u00abTransformar educant\u00bb, en fase de postproducci\u00f3\",\"datePublished\":\"2016-10-10T11:53:09+00:00\",\"mainEntityOfPage\":{\"@id\":\"https:\\\/\\\/www.esplac.cat\\\/el-documental-transformar-educant-en-fase-de-postproduccio\\\/\"},\"wordCount\":304,\"publisher\":{\"@id\":\"https:\\\/\\\/www.esplac.cat\\\/#organization\"},\"image\":{\"@id\":\"https:\\\/\\\/www.esplac.cat\\\/el-documental-transformar-educant-en-fase-de-postproduccio\\\/#primaryimage\"},\"thumbnailUrl\":\"https:\\\/\\\/www.esplac.cat\\\/wp-content\\\/uploads\\\/2016\\\/10\\\/20161010_Test-screening_docu.jpg\",\"keywords\":[\"Camille Zonca\",\"documental\",\"hist\u00f2ria dels esplais\",\"test screening\",\"Transformar educant\"],\"articleSection\":[\"Activitats esplac\",\"Sense categoria\",\"Transformar educant: hist\u00f2ria dels esplais\"],\"inLanguage\":\"es\"},{\"@type\":\"WebPage\",\"@id\":\"https:\\\/\\\/www.esplac.cat\\\/el-documental-transformar-educant-en-fase-de-postproduccio\\\/\",\"url\":\"https:\\\/\\\/www.esplac.cat\\\/el-documental-transformar-educant-en-fase-de-postproduccio\\\/\",\"name\":\"El documental \\\"Transformar educant\\\", en fase de postproducci\u00f3 - Esplac\",\"isPartOf\":{\"@id\":\"https:\\\/\\\/www.esplac.cat\\\/#website\"},\"primaryImageOfPage\":{\"@id\":\"https:\\\/\\\/www.esplac.cat\\\/el-documental-transformar-educant-en-fase-de-postproduccio\\\/#primaryimage\"},\"image\":{\"@id\":\"https:\\\/\\\/www.esplac.cat\\\/el-documental-transformar-educant-en-fase-de-postproduccio\\\/#primaryimage\"},\"thumbnailUrl\":\"https:\\\/\\\/www.esplac.cat\\\/wp-content\\\/uploads\\\/2016\\\/10\\\/20161010_Test-screening_docu.jpg\",\"datePublished\":\"2016-10-10T11:53:09+00:00\",\"breadcrumb\":{\"@id\":\"https:\\\/\\\/www.esplac.cat\\\/el-documental-transformar-educant-en-fase-de-postproduccio\\\/#breadcrumb\"},\"inLanguage\":\"es\",\"potentialAction\":[{\"@type\":\"ReadAction\",\"target\":[\"https:\\\/\\\/www.esplac.cat\\\/el-documental-transformar-educant-en-fase-de-postproduccio\\\/\"]}]},{\"@type\":\"ImageObject\",\"inLanguage\":\"es\",\"@id\":\"https:\\\/\\\/www.esplac.cat\\\/el-documental-transformar-educant-en-fase-de-postproduccio\\\/#primaryimage\",\"url\":\"https:\\\/\\\/www.esplac.cat\\\/wp-content\\\/uploads\\\/2016\\\/10\\\/20161010_Test-screening_docu.jpg\",\"contentUrl\":\"https:\\\/\\\/www.esplac.cat\\\/wp-content\\\/uploads\\\/2016\\\/10\\\/20161010_Test-screening_docu.jpg\",\"width\":847,\"height\":350},{\"@type\":\"BreadcrumbList\",\"@id\":\"https:\\\/\\\/www.esplac.cat\\\/el-documental-transformar-educant-en-fase-de-postproduccio\\\/#breadcrumb\",\"itemListElement\":[{\"@type\":\"ListItem\",\"position\":1,\"name\":\"Inici\",\"item\":\"https:\\\/\\\/www.esplac.cat\\\/es\\\/\"},{\"@type\":\"ListItem\",\"position\":2,\"name\":\"El documental &#8220;Transformar educant&#8221;, en fase de postproducci\u00f3\"}]},{\"@type\":\"WebSite\",\"@id\":\"https:\\\/\\\/www.esplac.cat\\\/#website\",\"url\":\"https:\\\/\\\/www.esplac.cat\\\/\",\"name\":\"Esplac\",\"description\":\"Esplais Catalans\",\"publisher\":{\"@id\":\"https:\\\/\\\/www.esplac.cat\\\/#organization\"},\"potentialAction\":[{\"@type\":\"SearchAction\",\"target\":{\"@type\":\"EntryPoint\",\"urlTemplate\":\"https:\\\/\\\/www.esplac.cat\\\/?s={search_term_string}\"},\"query-input\":{\"@type\":\"PropertyValueSpecification\",\"valueRequired\":true,\"valueName\":\"search_term_string\"}}],\"inLanguage\":\"es\"},{\"@type\":\"Organization\",\"@id\":\"https:\\\/\\\/www.esplac.cat\\\/#organization\",\"name\":\"Esplac\",\"url\":\"https:\\\/\\\/www.esplac.cat\\\/\",\"logo\":{\"@type\":\"ImageObject\",\"inLanguage\":\"es\",\"@id\":\"https:\\\/\\\/www.esplac.cat\\\/#\\\/schema\\\/logo\\\/image\\\/\",\"url\":\"https:\\\/\\\/www.esplac.cat\\\/wp-content\\\/uploads\\\/2019\\\/08\\\/logox2.png\",\"contentUrl\":\"https:\\\/\\\/www.esplac.cat\\\/wp-content\\\/uploads\\\/2019\\\/08\\\/logox2.png\",\"width\":600,\"height\":295,\"caption\":\"Esplac\"},\"image\":{\"@id\":\"https:\\\/\\\/www.esplac.cat\\\/#\\\/schema\\\/logo\\\/image\\\/\"}},{\"@type\":\"Person\",\"@id\":\"https:\\\/\\\/www.esplac.cat\\\/#\\\/schema\\\/person\\\/908383cf240be18b68f8855d0583faca\",\"name\":\"Comunicaci\u00f3 Esplac\",\"image\":{\"@type\":\"ImageObject\",\"inLanguage\":\"es\",\"@id\":\"https:\\\/\\\/secure.gravatar.com\\\/avatar\\\/7a4cf8feb412a76ea4a740ca02d95b06b2907b5a6c648c2dd0a1082a093c3141?s=96&d=mm&r=g\",\"url\":\"https:\\\/\\\/secure.gravatar.com\\\/avatar\\\/7a4cf8feb412a76ea4a740ca02d95b06b2907b5a6c648c2dd0a1082a093c3141?s=96&d=mm&r=g\",\"contentUrl\":\"https:\\\/\\\/secure.gravatar.com\\\/avatar\\\/7a4cf8feb412a76ea4a740ca02d95b06b2907b5a6c648c2dd0a1082a093c3141?s=96&d=mm&r=g\",\"caption\":\"Comunicaci\u00f3 Esplac\"}}]}<\/script>\n<!-- \/ Yoast SEO plugin. -->","yoast_head_json":{"title":"El documental \"Transformar educant\", en fase de postproducci\u00f3 - Esplac","robots":{"index":"index","follow":"follow","max-snippet":"max-snippet:-1","max-image-preview":"max-image-preview:large","max-video-preview":"max-video-preview:-1"},"canonical":"https:\/\/www.esplac.cat\/el-documental-transformar-educant-en-fase-de-postproduccio\/","og_locale":"es_ES","og_type":"article","og_title":"El documental \"Transformar educant\", en fase de postproducci\u00f3 - Esplac","og_description":"Despr\u00e9s de l&#8217;\u00e8xit de la campanya de Verkami de juny [&hellip;]","og_url":"https:\/\/www.esplac.cat\/el-documental-transformar-educant-en-fase-de-postproduccio\/","og_site_name":"Esplac","article_published_time":"2016-10-10T11:53:09+00:00","og_image":[{"width":847,"height":350,"url":"https:\/\/www.esplac.cat\/wp-content\/uploads\/2016\/10\/20161010_Test-screening_docu.jpg","type":"image\/jpeg"}],"author":"Comunicaci\u00f3 Esplac","twitter_card":"summary_large_image","twitter_misc":{"Escrito por":"Comunicaci\u00f3 Esplac","Tiempo de lectura":"1 minuto"},"schema":{"@context":"https:\/\/schema.org","@graph":[{"@type":"Article","@id":"https:\/\/www.esplac.cat\/el-documental-transformar-educant-en-fase-de-postproduccio\/#article","isPartOf":{"@id":"https:\/\/www.esplac.cat\/el-documental-transformar-educant-en-fase-de-postproduccio\/"},"author":{"name":"Comunicaci\u00f3 Esplac","@id":"https:\/\/www.esplac.cat\/#\/schema\/person\/908383cf240be18b68f8855d0583faca"},"headline":"El documental \u00abTransformar educant\u00bb, en fase de postproducci\u00f3","datePublished":"2016-10-10T11:53:09+00:00","mainEntityOfPage":{"@id":"https:\/\/www.esplac.cat\/el-documental-transformar-educant-en-fase-de-postproduccio\/"},"wordCount":304,"publisher":{"@id":"https:\/\/www.esplac.cat\/#organization"},"image":{"@id":"https:\/\/www.esplac.cat\/el-documental-transformar-educant-en-fase-de-postproduccio\/#primaryimage"},"thumbnailUrl":"https:\/\/www.esplac.cat\/wp-content\/uploads\/2016\/10\/20161010_Test-screening_docu.jpg","keywords":["Camille Zonca","documental","hist\u00f2ria dels esplais","test screening","Transformar educant"],"articleSection":["Activitats esplac","Sense categoria","Transformar educant: hist\u00f2ria dels esplais"],"inLanguage":"es"},{"@type":"WebPage","@id":"https:\/\/www.esplac.cat\/el-documental-transformar-educant-en-fase-de-postproduccio\/","url":"https:\/\/www.esplac.cat\/el-documental-transformar-educant-en-fase-de-postproduccio\/","name":"El documental \"Transformar educant\", en fase de postproducci\u00f3 - Esplac","isPartOf":{"@id":"https:\/\/www.esplac.cat\/#website"},"primaryImageOfPage":{"@id":"https:\/\/www.esplac.cat\/el-documental-transformar-educant-en-fase-de-postproduccio\/#primaryimage"},"image":{"@id":"https:\/\/www.esplac.cat\/el-documental-transformar-educant-en-fase-de-postproduccio\/#primaryimage"},"thumbnailUrl":"https:\/\/www.esplac.cat\/wp-content\/uploads\/2016\/10\/20161010_Test-screening_docu.jpg","datePublished":"2016-10-10T11:53:09+00:00","breadcrumb":{"@id":"https:\/\/www.esplac.cat\/el-documental-transformar-educant-en-fase-de-postproduccio\/#breadcrumb"},"inLanguage":"es","potentialAction":[{"@type":"ReadAction","target":["https:\/\/www.esplac.cat\/el-documental-transformar-educant-en-fase-de-postproduccio\/"]}]},{"@type":"ImageObject","inLanguage":"es","@id":"https:\/\/www.esplac.cat\/el-documental-transformar-educant-en-fase-de-postproduccio\/#primaryimage","url":"https:\/\/www.esplac.cat\/wp-content\/uploads\/2016\/10\/20161010_Test-screening_docu.jpg","contentUrl":"https:\/\/www.esplac.cat\/wp-content\/uploads\/2016\/10\/20161010_Test-screening_docu.jpg","width":847,"height":350},{"@type":"BreadcrumbList","@id":"https:\/\/www.esplac.cat\/el-documental-transformar-educant-en-fase-de-postproduccio\/#breadcrumb","itemListElement":[{"@type":"ListItem","position":1,"name":"Inici","item":"https:\/\/www.esplac.cat\/es\/"},{"@type":"ListItem","position":2,"name":"El documental &#8220;Transformar educant&#8221;, en fase de postproducci\u00f3"}]},{"@type":"WebSite","@id":"https:\/\/www.esplac.cat\/#website","url":"https:\/\/www.esplac.cat\/","name":"Esplac","description":"Esplais Catalans","publisher":{"@id":"https:\/\/www.esplac.cat\/#organization"},"potentialAction":[{"@type":"SearchAction","target":{"@type":"EntryPoint","urlTemplate":"https:\/\/www.esplac.cat\/?s={search_term_string}"},"query-input":{"@type":"PropertyValueSpecification","valueRequired":true,"valueName":"search_term_string"}}],"inLanguage":"es"},{"@type":"Organization","@id":"https:\/\/www.esplac.cat\/#organization","name":"Esplac","url":"https:\/\/www.esplac.cat\/","logo":{"@type":"ImageObject","inLanguage":"es","@id":"https:\/\/www.esplac.cat\/#\/schema\/logo\/image\/","url":"https:\/\/www.esplac.cat\/wp-content\/uploads\/2019\/08\/logox2.png","contentUrl":"https:\/\/www.esplac.cat\/wp-content\/uploads\/2019\/08\/logox2.png","width":600,"height":295,"caption":"Esplac"},"image":{"@id":"https:\/\/www.esplac.cat\/#\/schema\/logo\/image\/"}},{"@type":"Person","@id":"https:\/\/www.esplac.cat\/#\/schema\/person\/908383cf240be18b68f8855d0583faca","name":"Comunicaci\u00f3 Esplac","image":{"@type":"ImageObject","inLanguage":"es","@id":"https:\/\/secure.gravatar.com\/avatar\/7a4cf8feb412a76ea4a740ca02d95b06b2907b5a6c648c2dd0a1082a093c3141?s=96&d=mm&r=g","url":"https:\/\/secure.gravatar.com\/avatar\/7a4cf8feb412a76ea4a740ca02d95b06b2907b5a6c648c2dd0a1082a093c3141?s=96&d=mm&r=g","contentUrl":"https:\/\/secure.gravatar.com\/avatar\/7a4cf8feb412a76ea4a740ca02d95b06b2907b5a6c648c2dd0a1082a093c3141?s=96&d=mm&r=g","caption":"Comunicaci\u00f3 Esplac"}}]}},"_links":{"self":[{"href":"https:\/\/www.esplac.cat\/es\/wp-json\/wp\/v2\/posts\/25156","targetHints":{"allow":["GET"]}}],"collection":[{"href":"https:\/\/www.esplac.cat\/es\/wp-json\/wp\/v2\/posts"}],"about":[{"href":"https:\/\/www.esplac.cat\/es\/wp-json\/wp\/v2\/types\/post"}],"author":[{"embeddable":true,"href":"https:\/\/www.esplac.cat\/es\/wp-json\/wp\/v2\/users\/3"}],"replies":[{"embeddable":true,"href":"https:\/\/www.esplac.cat\/es\/wp-json\/wp\/v2\/comments?post=25156"}],"version-history":[{"count":0,"href":"https:\/\/www.esplac.cat\/es\/wp-json\/wp\/v2\/posts\/25156\/revisions"}],"wp:featuredmedia":[{"embeddable":true,"href":"https:\/\/www.esplac.cat\/es\/wp-json\/wp\/v2\/media\/25157"}],"wp:attachment":[{"href":"https:\/\/www.esplac.cat\/es\/wp-json\/wp\/v2\/media?parent=25156"}],"wp:term":[{"taxonomy":"category","embeddable":true,"href":"https:\/\/www.esplac.cat\/es\/wp-json\/wp\/v2\/categories?post=25156"},{"taxonomy":"post_tag","embeddable":true,"href":"https:\/\/www.esplac.cat\/es\/wp-json\/wp\/v2\/tags?post=25156"}],"curies":[{"name":"wp","href":"https:\/\/api.w.org\/{rel}","templated":true}]}}