{"id":25179,"date":"2016-09-21T16:28:35","date_gmt":"2016-09-21T14:28:35","guid":{"rendered":"http:\/\/www.esplac.cat\/?p=11098"},"modified":"2016-09-21T16:28:35","modified_gmt":"2016-09-21T14:28:35","slug":"itziar-perez-comissio-internacional-desplac-nou-membre-comissio-control-ifm-sei","status":"publish","type":"post","link":"https:\/\/www.esplac.cat\/es\/itziar-perez-comissio-internacional-desplac-nou-membre-comissio-control-ifm-sei\/","title":{"rendered":"Itziar P\u00e9rez, de la comissi\u00f3 d&#8217;internacional d&#8217;Esplac, nou membre de la Comissi\u00f3 de Control de l&#8217;IFM-SEI"},"content":{"rendered":"<h4 class=\"p1\" style=\"text-align: justify;\"><strong><span class=\"s1\">Al\u00a0Congress de l&#8217;IFM, equivalent a l&#8217;AGO d&#8217;Esplac, es va escollir\u00a0la nova Junta (Presidium), la Comissi\u00f3 de Control, la nova Secretaria General i es va aprovar el Pla de Treball pels propers tres anys. Itziar P\u00e9rez, membre de l&#8217;Equip General del Sector Barcelona i la Comissi\u00f3 Internacional d&#8217;Esplac, ser\u00e0 una de les tres persones que formar\u00e0 part\u00a0 de la Comissi\u00f3 de Control.<\/span><\/strong><\/h4>\n<p class=\"p1\" style=\"text-align: justify;\"><span class=\"s1\">Entre el 5 i el 8 d\u2019agost, ha tingut lloc el Congress, m\u00e0xim \u00f2rgan de decisi\u00f3 de l\u2019IFM-SEI que es reuneix un cop cada tres anys, equivalent a l\u2019AGO d\u2019Esplac, i que serveix per renovar el <a href=\"http:\/\/ifm-sei.org\/wp-content\/uploads\/2016\/02\/IFM-SEI-strategy-and-work-plan-2016-2019_revised.pdf\"><span class=\"s2\">Pla de Treball<\/span><\/a> pels propers anys, aprovar els pressupostos i la mem\u00f2ria econ\u00f2mica aix\u00ed com renovar els \u00f2rgans de direcci\u00f3 i control de l\u2019entitat. El Congress va servir tamb\u00e9 per aprovar un <a href=\"http:\/\/ifm-sei.org\/wp-content\/uploads\/2016\/08\/Code-of-conduct_adopted.pdf\"><span class=\"s2\">Codi de Conducta<\/span><\/a> que estableix els valors, pr\u00e0ctiques i normes m\u00ednimes que han de compartir les entitats federades a l\u2019IFM-SEI com el rebuig absolut al c\u00e0stig f\u00edsic envers els infants, per posar-ne un exemple. El Codi de Conducta tamb\u00e9 regula com es procedir\u00e0 envers les entitats que no el respectin. Aquest codi s\u2019ha estat treballant durant els darrers tres anys. En el Congress i en representaci\u00f3 d\u2019Esplac hi han participat tres membres de l\u2019Equip de Direcci\u00f3 i dues persones de la Comissi\u00f3 Internacional.<\/span><\/p>\n<p class=\"p1\" style=\"text-align: justify;\"><span class=\"s1\">Endem\u00e9s d\u2019aprovar i marcar les l\u00ednies de treball pels propers tres anys, el Congress tamb\u00e9 ha servit per renovar els <a href=\"http:\/\/ifm-sei.org\/contact\/\"><span class=\"s2\">c\u00e0rrecs de direcci\u00f3 i control<\/span><\/a>. En aquest sentit ha servit per escolliu un nou Presidium (Junta) formada per 11 persones, dues representants de cada regi\u00f3 (Europa, \u00c0sia, Orient Mitj\u00e0, \u00c0frica i Am\u00e8rica Llatina) i la presid\u00e8ncia. En aquest sentit l\u2019escollida nova presidenta \u00e9s <a href=\"https:\/\/www.facebook.com\/sylviasiqueiracampos\"><span class=\"s2\">Sylvia Siqueira<\/span><\/a><\/span><span class=\"s3\"> de l\u2019entitat Mirin Brasil.<\/span><\/p>\n<p class=\"p3\" style=\"text-align: justify;\"><span class=\"s1\">Igualment, es va procedir a renovar la Comissi\u00f3 de Control, \u00f2rgan format per tres persones que vetlla perqu\u00e8 el Presidium compleixi amb les seves responsabilitats aix\u00ed com per assegurar que es fa una bona gesti\u00f3 de l\u2019entitat. Destacar que Esplac v\u00e0rem presentar la candidatura de la <a href=\"https:\/\/www.facebook.com\/isiprezz?fref=pb_other\"><span class=\"s4\">Itziar P\u00e9rez <\/span><\/a>per ocupar una pla\u00e7a de la Comissi\u00f3 de Control, essent la candidata m\u00e9s votada. La Itziar forma actualment part de l\u2019Equip General del Sector Barcelona i de la Comissi\u00f3 Internacional, durant els darrers anys ha estat involucrada en diferents projectes de l\u2019IFM i de la Comissi\u00f3 Internacional.<\/span><\/p>\n<p class=\"p3\" style=\"text-align: justify;\"><span class=\"s1\">Finalment, tamb\u00e9 es va renovar el c\u00e0rrec de Secretaria General, en aquest cas l\u2019escollida va ser la <a href=\"https:\/\/www.facebook.com\/carlywalkerdawson?fref=ts\"><span class=\"s4\">Carly Walker-Dawson<\/span><\/a> de Wookcraf Folk, del Regne Unit.\u00a0<\/span><span class=\"s1\">El Campament i el Congress va ser un bon moment per fer xarxa amb les entitats membres de l\u2019IFM-SEI i donar a con\u00e8ixer el projecte d\u2019Esplais Catalans, alhora que estendre la nostra manera d\u2019educar transformant i veure el m\u00f3n.<\/span><\/p>\n<h4 class=\"p3\" style=\"text-align: justify;\"><strong>Despr\u00e9s de l&#8217;International Camp<\/strong><\/h4>\n<p class=\"p3\" style=\"text-align: justify;\">El Congress de l&#8217;IFM es va celebrar el mateix dia que finalitzava el campament internacional\u00a0d&#8217;aquesta organitzaci\u00f3, entre el 27 de juliol i el 5 d\u2019agost a Reinwarzhofen, a l\u2019estat federat alemany de Baviera. L\u2019<a href=\"https:\/\/www.ifm-camp-2016.org\/en\"><span class=\"s2\">International Camp \u201cWelcome to another world<\/span><\/a>\u201d \u00a0va estar organitzat conjuntament entre l\u2019IFM-SEI i els <a href=\"http:\/\/www.wir-falken.de\/ueber_uns\/spanisch.html\"><span class=\"s2\">Die Falken<\/span><\/a>.<\/p>\n<p class=\"p3\" style=\"text-align: justify;\">El campament van participat m\u00e9s de 2.500 infants i joves d\u2019arreu del m\u00f3n, i va comptar amb una \u00e0mplia representaci\u00f3 d\u2019Esplais Catalans a trav\u00e9s d\u2019infants i joves de 10 esplais dels sectors Vall\u00e8s, Barcelon\u00e8s Nord i Maresme. Durant el campament es van\u00a0dur a terme un gran nombre d\u2019activitats relacionades amb els drets dels infants, les economies alternatives, la realitat LGBTIQ*, la cultura de la pau, els drets de les dones, l\u2019antifeixisme, l\u2019antiracisme o la democr\u00e0cia. A banda dels participants Esplac vam\u00a0participar activament en l\u2019organitzaci\u00f3 del campament a trav\u00e9s de persones vinculades a la Comissi\u00f3 Internacional com ara la <strong>Cec\u00edlia Aranda,\u00a0<\/strong>que ha coordinat les delegacions d\u2019entitats europees, la <strong>Itziar P\u00e9rez,<\/strong> que ha estat responsable de les activitats dels drets dels infants, l\u2019<strong>Estel Buch,<\/strong> que ha coordinat el programa d\u2019activitats, i molts altres monis i exmonis d\u2019esplais d\u2019Esplac que han treballat molt per a qu\u00e8 el campament fos un \u00e8xit!<\/p>\n<p class=\"p4\" style=\"text-align: justify;\"><span class=\"s1\"><span class=\"Apple-converted-space\">\u00a0\u00a0<\/span><\/span><\/p>\n","protected":false},"excerpt":{"rendered":"<p>Al\u00a0Congress de l&#8217;IFM, equivalent a l&#8217;AGO d&#8217;Esplac, es va escollir\u00a0la [&hellip;]<\/p>\n","protected":false},"author":3,"featured_media":25180,"comment_status":"closed","ping_status":"open","sticky":false,"template":"","format":"standard","meta":{"om_disable_all_campaigns":false,"_monsterinsights_skip_tracking":false,"_monsterinsights_sitenote_active":false,"_monsterinsights_sitenote_note":"","_monsterinsights_sitenote_category":0,"_uf_show_specific_survey":0,"_uf_disable_surveys":false,"footnotes":""},"categories":[1112,1],"tags":[],"class_list":["post-25179","post","type-post","status-publish","format-standard","has-post-thumbnail","hentry","category-esplac-al-mon","category-sense-categoria"],"yoast_head":"<!-- This site is optimized with the Yoast SEO plugin v27.5 - https:\/\/yoast.com\/product\/yoast-seo-wordpress\/ -->\n<title>Itziar P\u00e9rez, de la comissi\u00f3 d&#039;internacional d&#039;Esplac, nou membre de la Comissi\u00f3 de Control de l&#039;IFM-SEI - Esplac<\/title>\n<meta name=\"robots\" content=\"index, follow, max-snippet:-1, max-image-preview:large, max-video-preview:-1\" \/>\n<link rel=\"canonical\" href=\"https:\/\/www.esplac.cat\/itziar-perez-comissio-internacional-desplac-nou-membre-comissio-control-ifm-sei\/\" \/>\n<meta property=\"og:locale\" content=\"es_ES\" \/>\n<meta property=\"og:type\" content=\"article\" \/>\n<meta property=\"og:title\" content=\"Itziar P\u00e9rez, de la comissi\u00f3 d&#039;internacional d&#039;Esplac, nou membre de la Comissi\u00f3 de Control de l&#039;IFM-SEI - Esplac\" \/>\n<meta property=\"og:description\" content=\"Al\u00a0Congress de l&#8217;IFM, equivalent a l&#8217;AGO d&#8217;Esplac, es va escollir\u00a0la [&hellip;]\" \/>\n<meta property=\"og:url\" content=\"https:\/\/www.esplac.cat\/itziar-perez-comissio-internacional-desplac-nou-membre-comissio-control-ifm-sei\/\" \/>\n<meta property=\"og:site_name\" content=\"Esplac\" \/>\n<meta property=\"article:published_time\" content=\"2016-09-21T14:28:35+00:00\" \/>\n<meta property=\"og:image\" content=\"https:\/\/www.esplac.cat\/wp-content\/uploads\/2016\/09\/20160921_IFMCongress.jpg\" \/>\n\t<meta property=\"og:image:width\" content=\"847\" \/>\n\t<meta property=\"og:image:height\" content=\"351\" \/>\n\t<meta property=\"og:image:type\" content=\"image\/jpeg\" \/>\n<meta name=\"author\" content=\"Comunicaci\u00f3 Esplac\" \/>\n<meta name=\"twitter:card\" content=\"summary_large_image\" \/>\n<meta name=\"twitter:label1\" content=\"Escrito por\" \/>\n\t<meta name=\"twitter:data1\" content=\"Comunicaci\u00f3 Esplac\" \/>\n\t<meta name=\"twitter:label2\" content=\"Tiempo de lectura\" \/>\n\t<meta name=\"twitter:data2\" content=\"4 minutos\" \/>\n<script type=\"application\/ld+json\" class=\"yoast-schema-graph\">{\"@context\":\"https:\\\/\\\/schema.org\",\"@graph\":[{\"@type\":\"Article\",\"@id\":\"https:\\\/\\\/www.esplac.cat\\\/itziar-perez-comissio-internacional-desplac-nou-membre-comissio-control-ifm-sei\\\/#article\",\"isPartOf\":{\"@id\":\"https:\\\/\\\/www.esplac.cat\\\/itziar-perez-comissio-internacional-desplac-nou-membre-comissio-control-ifm-sei\\\/\"},\"author\":{\"name\":\"Comunicaci\u00f3 Esplac\",\"@id\":\"https:\\\/\\\/www.esplac.cat\\\/#\\\/schema\\\/person\\\/908383cf240be18b68f8855d0583faca\"},\"headline\":\"Itziar P\u00e9rez, de la comissi\u00f3 d&#8217;internacional d&#8217;Esplac, nou membre de la Comissi\u00f3 de Control de l&#8217;IFM-SEI\",\"datePublished\":\"2016-09-21T14:28:35+00:00\",\"mainEntityOfPage\":{\"@id\":\"https:\\\/\\\/www.esplac.cat\\\/itziar-perez-comissio-internacional-desplac-nou-membre-comissio-control-ifm-sei\\\/\"},\"wordCount\":733,\"publisher\":{\"@id\":\"https:\\\/\\\/www.esplac.cat\\\/#organization\"},\"image\":{\"@id\":\"https:\\\/\\\/www.esplac.cat\\\/itziar-perez-comissio-internacional-desplac-nou-membre-comissio-control-ifm-sei\\\/#primaryimage\"},\"thumbnailUrl\":\"https:\\\/\\\/www.esplac.cat\\\/wp-content\\\/uploads\\\/2016\\\/09\\\/20160921_IFMCongress.jpg\",\"articleSection\":[\"Esplac al m\u00f3n\",\"Sense categoria\"],\"inLanguage\":\"es\"},{\"@type\":\"WebPage\",\"@id\":\"https:\\\/\\\/www.esplac.cat\\\/itziar-perez-comissio-internacional-desplac-nou-membre-comissio-control-ifm-sei\\\/\",\"url\":\"https:\\\/\\\/www.esplac.cat\\\/itziar-perez-comissio-internacional-desplac-nou-membre-comissio-control-ifm-sei\\\/\",\"name\":\"Itziar P\u00e9rez, de la comissi\u00f3 d'internacional d'Esplac, nou membre de la Comissi\u00f3 de Control de l'IFM-SEI - Esplac\",\"isPartOf\":{\"@id\":\"https:\\\/\\\/www.esplac.cat\\\/#website\"},\"primaryImageOfPage\":{\"@id\":\"https:\\\/\\\/www.esplac.cat\\\/itziar-perez-comissio-internacional-desplac-nou-membre-comissio-control-ifm-sei\\\/#primaryimage\"},\"image\":{\"@id\":\"https:\\\/\\\/www.esplac.cat\\\/itziar-perez-comissio-internacional-desplac-nou-membre-comissio-control-ifm-sei\\\/#primaryimage\"},\"thumbnailUrl\":\"https:\\\/\\\/www.esplac.cat\\\/wp-content\\\/uploads\\\/2016\\\/09\\\/20160921_IFMCongress.jpg\",\"datePublished\":\"2016-09-21T14:28:35+00:00\",\"breadcrumb\":{\"@id\":\"https:\\\/\\\/www.esplac.cat\\\/itziar-perez-comissio-internacional-desplac-nou-membre-comissio-control-ifm-sei\\\/#breadcrumb\"},\"inLanguage\":\"es\",\"potentialAction\":[{\"@type\":\"ReadAction\",\"target\":[\"https:\\\/\\\/www.esplac.cat\\\/itziar-perez-comissio-internacional-desplac-nou-membre-comissio-control-ifm-sei\\\/\"]}]},{\"@type\":\"ImageObject\",\"inLanguage\":\"es\",\"@id\":\"https:\\\/\\\/www.esplac.cat\\\/itziar-perez-comissio-internacional-desplac-nou-membre-comissio-control-ifm-sei\\\/#primaryimage\",\"url\":\"https:\\\/\\\/www.esplac.cat\\\/wp-content\\\/uploads\\\/2016\\\/09\\\/20160921_IFMCongress.jpg\",\"contentUrl\":\"https:\\\/\\\/www.esplac.cat\\\/wp-content\\\/uploads\\\/2016\\\/09\\\/20160921_IFMCongress.jpg\",\"width\":847,\"height\":351},{\"@type\":\"BreadcrumbList\",\"@id\":\"https:\\\/\\\/www.esplac.cat\\\/itziar-perez-comissio-internacional-desplac-nou-membre-comissio-control-ifm-sei\\\/#breadcrumb\",\"itemListElement\":[{\"@type\":\"ListItem\",\"position\":1,\"name\":\"Inici\",\"item\":\"https:\\\/\\\/www.esplac.cat\\\/es\\\/\"},{\"@type\":\"ListItem\",\"position\":2,\"name\":\"Itziar P\u00e9rez, de la comissi\u00f3 d&#8217;internacional d&#8217;Esplac, nou membre de la Comissi\u00f3 de Control de l&#8217;IFM-SEI\"}]},{\"@type\":\"WebSite\",\"@id\":\"https:\\\/\\\/www.esplac.cat\\\/#website\",\"url\":\"https:\\\/\\\/www.esplac.cat\\\/\",\"name\":\"Esplac\",\"description\":\"Esplais Catalans\",\"publisher\":{\"@id\":\"https:\\\/\\\/www.esplac.cat\\\/#organization\"},\"potentialAction\":[{\"@type\":\"SearchAction\",\"target\":{\"@type\":\"EntryPoint\",\"urlTemplate\":\"https:\\\/\\\/www.esplac.cat\\\/?s={search_term_string}\"},\"query-input\":{\"@type\":\"PropertyValueSpecification\",\"valueRequired\":true,\"valueName\":\"search_term_string\"}}],\"inLanguage\":\"es\"},{\"@type\":\"Organization\",\"@id\":\"https:\\\/\\\/www.esplac.cat\\\/#organization\",\"name\":\"Esplac\",\"url\":\"https:\\\/\\\/www.esplac.cat\\\/\",\"logo\":{\"@type\":\"ImageObject\",\"inLanguage\":\"es\",\"@id\":\"https:\\\/\\\/www.esplac.cat\\\/#\\\/schema\\\/logo\\\/image\\\/\",\"url\":\"https:\\\/\\\/www.esplac.cat\\\/wp-content\\\/uploads\\\/2019\\\/08\\\/logox2.png\",\"contentUrl\":\"https:\\\/\\\/www.esplac.cat\\\/wp-content\\\/uploads\\\/2019\\\/08\\\/logox2.png\",\"width\":600,\"height\":295,\"caption\":\"Esplac\"},\"image\":{\"@id\":\"https:\\\/\\\/www.esplac.cat\\\/#\\\/schema\\\/logo\\\/image\\\/\"}},{\"@type\":\"Person\",\"@id\":\"https:\\\/\\\/www.esplac.cat\\\/#\\\/schema\\\/person\\\/908383cf240be18b68f8855d0583faca\",\"name\":\"Comunicaci\u00f3 Esplac\",\"image\":{\"@type\":\"ImageObject\",\"inLanguage\":\"es\",\"@id\":\"https:\\\/\\\/secure.gravatar.com\\\/avatar\\\/7a4cf8feb412a76ea4a740ca02d95b06b2907b5a6c648c2dd0a1082a093c3141?s=96&d=mm&r=g\",\"url\":\"https:\\\/\\\/secure.gravatar.com\\\/avatar\\\/7a4cf8feb412a76ea4a740ca02d95b06b2907b5a6c648c2dd0a1082a093c3141?s=96&d=mm&r=g\",\"contentUrl\":\"https:\\\/\\\/secure.gravatar.com\\\/avatar\\\/7a4cf8feb412a76ea4a740ca02d95b06b2907b5a6c648c2dd0a1082a093c3141?s=96&d=mm&r=g\",\"caption\":\"Comunicaci\u00f3 Esplac\"}}]}<\/script>\n<!-- \/ Yoast SEO plugin. -->","yoast_head_json":{"title":"Itziar P\u00e9rez, de la comissi\u00f3 d'internacional d'Esplac, nou membre de la Comissi\u00f3 de Control de l'IFM-SEI - Esplac","robots":{"index":"index","follow":"follow","max-snippet":"max-snippet:-1","max-image-preview":"max-image-preview:large","max-video-preview":"max-video-preview:-1"},"canonical":"https:\/\/www.esplac.cat\/itziar-perez-comissio-internacional-desplac-nou-membre-comissio-control-ifm-sei\/","og_locale":"es_ES","og_type":"article","og_title":"Itziar P\u00e9rez, de la comissi\u00f3 d'internacional d'Esplac, nou membre de la Comissi\u00f3 de Control de l'IFM-SEI - Esplac","og_description":"Al\u00a0Congress de l&#8217;IFM, equivalent a l&#8217;AGO d&#8217;Esplac, es va escollir\u00a0la [&hellip;]","og_url":"https:\/\/www.esplac.cat\/itziar-perez-comissio-internacional-desplac-nou-membre-comissio-control-ifm-sei\/","og_site_name":"Esplac","article_published_time":"2016-09-21T14:28:35+00:00","og_image":[{"width":847,"height":351,"url":"https:\/\/www.esplac.cat\/wp-content\/uploads\/2016\/09\/20160921_IFMCongress.jpg","type":"image\/jpeg"}],"author":"Comunicaci\u00f3 Esplac","twitter_card":"summary_large_image","twitter_misc":{"Escrito por":"Comunicaci\u00f3 Esplac","Tiempo de lectura":"4 minutos"},"schema":{"@context":"https:\/\/schema.org","@graph":[{"@type":"Article","@id":"https:\/\/www.esplac.cat\/itziar-perez-comissio-internacional-desplac-nou-membre-comissio-control-ifm-sei\/#article","isPartOf":{"@id":"https:\/\/www.esplac.cat\/itziar-perez-comissio-internacional-desplac-nou-membre-comissio-control-ifm-sei\/"},"author":{"name":"Comunicaci\u00f3 Esplac","@id":"https:\/\/www.esplac.cat\/#\/schema\/person\/908383cf240be18b68f8855d0583faca"},"headline":"Itziar P\u00e9rez, de la comissi\u00f3 d&#8217;internacional d&#8217;Esplac, nou membre de la Comissi\u00f3 de Control de l&#8217;IFM-SEI","datePublished":"2016-09-21T14:28:35+00:00","mainEntityOfPage":{"@id":"https:\/\/www.esplac.cat\/itziar-perez-comissio-internacional-desplac-nou-membre-comissio-control-ifm-sei\/"},"wordCount":733,"publisher":{"@id":"https:\/\/www.esplac.cat\/#organization"},"image":{"@id":"https:\/\/www.esplac.cat\/itziar-perez-comissio-internacional-desplac-nou-membre-comissio-control-ifm-sei\/#primaryimage"},"thumbnailUrl":"https:\/\/www.esplac.cat\/wp-content\/uploads\/2016\/09\/20160921_IFMCongress.jpg","articleSection":["Esplac al m\u00f3n","Sense categoria"],"inLanguage":"es"},{"@type":"WebPage","@id":"https:\/\/www.esplac.cat\/itziar-perez-comissio-internacional-desplac-nou-membre-comissio-control-ifm-sei\/","url":"https:\/\/www.esplac.cat\/itziar-perez-comissio-internacional-desplac-nou-membre-comissio-control-ifm-sei\/","name":"Itziar P\u00e9rez, de la comissi\u00f3 d'internacional d'Esplac, nou membre de la Comissi\u00f3 de Control de l'IFM-SEI - Esplac","isPartOf":{"@id":"https:\/\/www.esplac.cat\/#website"},"primaryImageOfPage":{"@id":"https:\/\/www.esplac.cat\/itziar-perez-comissio-internacional-desplac-nou-membre-comissio-control-ifm-sei\/#primaryimage"},"image":{"@id":"https:\/\/www.esplac.cat\/itziar-perez-comissio-internacional-desplac-nou-membre-comissio-control-ifm-sei\/#primaryimage"},"thumbnailUrl":"https:\/\/www.esplac.cat\/wp-content\/uploads\/2016\/09\/20160921_IFMCongress.jpg","datePublished":"2016-09-21T14:28:35+00:00","breadcrumb":{"@id":"https:\/\/www.esplac.cat\/itziar-perez-comissio-internacional-desplac-nou-membre-comissio-control-ifm-sei\/#breadcrumb"},"inLanguage":"es","potentialAction":[{"@type":"ReadAction","target":["https:\/\/www.esplac.cat\/itziar-perez-comissio-internacional-desplac-nou-membre-comissio-control-ifm-sei\/"]}]},{"@type":"ImageObject","inLanguage":"es","@id":"https:\/\/www.esplac.cat\/itziar-perez-comissio-internacional-desplac-nou-membre-comissio-control-ifm-sei\/#primaryimage","url":"https:\/\/www.esplac.cat\/wp-content\/uploads\/2016\/09\/20160921_IFMCongress.jpg","contentUrl":"https:\/\/www.esplac.cat\/wp-content\/uploads\/2016\/09\/20160921_IFMCongress.jpg","width":847,"height":351},{"@type":"BreadcrumbList","@id":"https:\/\/www.esplac.cat\/itziar-perez-comissio-internacional-desplac-nou-membre-comissio-control-ifm-sei\/#breadcrumb","itemListElement":[{"@type":"ListItem","position":1,"name":"Inici","item":"https:\/\/www.esplac.cat\/es\/"},{"@type":"ListItem","position":2,"name":"Itziar P\u00e9rez, de la comissi\u00f3 d&#8217;internacional d&#8217;Esplac, nou membre de la Comissi\u00f3 de Control de l&#8217;IFM-SEI"}]},{"@type":"WebSite","@id":"https:\/\/www.esplac.cat\/#website","url":"https:\/\/www.esplac.cat\/","name":"Esplac","description":"Esplais Catalans","publisher":{"@id":"https:\/\/www.esplac.cat\/#organization"},"potentialAction":[{"@type":"SearchAction","target":{"@type":"EntryPoint","urlTemplate":"https:\/\/www.esplac.cat\/?s={search_term_string}"},"query-input":{"@type":"PropertyValueSpecification","valueRequired":true,"valueName":"search_term_string"}}],"inLanguage":"es"},{"@type":"Organization","@id":"https:\/\/www.esplac.cat\/#organization","name":"Esplac","url":"https:\/\/www.esplac.cat\/","logo":{"@type":"ImageObject","inLanguage":"es","@id":"https:\/\/www.esplac.cat\/#\/schema\/logo\/image\/","url":"https:\/\/www.esplac.cat\/wp-content\/uploads\/2019\/08\/logox2.png","contentUrl":"https:\/\/www.esplac.cat\/wp-content\/uploads\/2019\/08\/logox2.png","width":600,"height":295,"caption":"Esplac"},"image":{"@id":"https:\/\/www.esplac.cat\/#\/schema\/logo\/image\/"}},{"@type":"Person","@id":"https:\/\/www.esplac.cat\/#\/schema\/person\/908383cf240be18b68f8855d0583faca","name":"Comunicaci\u00f3 Esplac","image":{"@type":"ImageObject","inLanguage":"es","@id":"https:\/\/secure.gravatar.com\/avatar\/7a4cf8feb412a76ea4a740ca02d95b06b2907b5a6c648c2dd0a1082a093c3141?s=96&d=mm&r=g","url":"https:\/\/secure.gravatar.com\/avatar\/7a4cf8feb412a76ea4a740ca02d95b06b2907b5a6c648c2dd0a1082a093c3141?s=96&d=mm&r=g","contentUrl":"https:\/\/secure.gravatar.com\/avatar\/7a4cf8feb412a76ea4a740ca02d95b06b2907b5a6c648c2dd0a1082a093c3141?s=96&d=mm&r=g","caption":"Comunicaci\u00f3 Esplac"}}]}},"_links":{"self":[{"href":"https:\/\/www.esplac.cat\/es\/wp-json\/wp\/v2\/posts\/25179","targetHints":{"allow":["GET"]}}],"collection":[{"href":"https:\/\/www.esplac.cat\/es\/wp-json\/wp\/v2\/posts"}],"about":[{"href":"https:\/\/www.esplac.cat\/es\/wp-json\/wp\/v2\/types\/post"}],"author":[{"embeddable":true,"href":"https:\/\/www.esplac.cat\/es\/wp-json\/wp\/v2\/users\/3"}],"replies":[{"embeddable":true,"href":"https:\/\/www.esplac.cat\/es\/wp-json\/wp\/v2\/comments?post=25179"}],"version-history":[{"count":0,"href":"https:\/\/www.esplac.cat\/es\/wp-json\/wp\/v2\/posts\/25179\/revisions"}],"wp:featuredmedia":[{"embeddable":true,"href":"https:\/\/www.esplac.cat\/es\/wp-json\/wp\/v2\/media\/25180"}],"wp:attachment":[{"href":"https:\/\/www.esplac.cat\/es\/wp-json\/wp\/v2\/media?parent=25179"}],"wp:term":[{"taxonomy":"category","embeddable":true,"href":"https:\/\/www.esplac.cat\/es\/wp-json\/wp\/v2\/categories?post=25179"},{"taxonomy":"post_tag","embeddable":true,"href":"https:\/\/www.esplac.cat\/es\/wp-json\/wp\/v2\/tags?post=25179"}],"curies":[{"name":"wp","href":"https:\/\/api.w.org\/{rel}","templated":true}]}}