{"id":25221,"date":"2016-05-19T10:46:34","date_gmt":"2016-05-19T08:46:34","guid":{"rendered":"http:\/\/esplac.cat\/?p=10592"},"modified":"2016-05-19T10:46:34","modified_gmt":"2016-05-19T08:46:34","slug":"les-trobades-dinfants-del-sector-girona-tot-un-exit","status":"publish","type":"post","link":"https:\/\/www.esplac.cat\/es\/les-trobades-dinfants-del-sector-girona-tot-un-exit\/","title":{"rendered":"Les trobades d&#8217;infants del sector Girona, tot un \u00e8xit!"},"content":{"rendered":"<h4 style=\"text-align: justify;\">Els esplais del sector m\u00e9s jove van celebrar les seves dues primeres trobades d&#8217;infants a Vilablareix i a Llagostera<\/h4>\n<p style=\"text-align: justify;\">\u00c9s ben sabut que el sector Girona est\u00e0 en un molt bon moment, la motivaci\u00f3 cada dia va en augment, cosa que ha fet que les trobades d\u2019infants que s\u2019han celebrat durant aquesta primavera hagin estat tot un \u00e8xit!<\/p>\n<p style=\"text-align: justify;\">El passat 2 d\u2019abril, els infants, monitores i monitors dels esplais <strong>La Teranyina<\/strong>, <strong>Papu-Tisores<\/strong> i <strong>Kamono<\/strong> es van trobar a Vilablareix per celebrar la primera trobada d\u2019infants del curs. Va ser una trobada molt enriquidora per a tots els participants, ja que va servir per establir nexes, crear coneixen\u00e7a entre els infants dels diferents grups d\u2019edat, aix\u00ed com per passar un dia treballant junts amb la resta de monitores del sector.<\/p>\n<p style=\"text-align: justify;\">Amb els motors ja ben engegats, aquest passat cap de setmana, el 7 i 8 de maig, el sector ha tornat a celebrar una trobada, en aquest cas, una tancada a Llagostera, per incrementar els vincles creats a l\u2019anterior. Una de les activitats que m\u00e9s van gaudir els infants va ser una gimcana per tot el poble en la qual havien de procurar fer arribar sencer ni m\u00e9s ni menys que un ou, incl\u00fas fent-lo caure des del mirador de la pla\u00e7a de l\u2019 esgl\u00e9sia! D\u2019altra banda, les activitats de diumenge van ser decidides pels infants en una petita assamblea celebrada amb tots ells durant la trobada.<\/p>\n<p style=\"text-align: justify;\"><strong>El sector Girona va agafant for\u00e7a aix\u00ed que, agafeu-vos fort!<\/strong><\/p>\n","protected":false},"excerpt":{"rendered":"<p>Els esplais del sector m\u00e9s jove van celebrar les seves [&hellip;]<\/p>\n","protected":false},"author":3,"featured_media":25222,"comment_status":"closed","ping_status":"open","sticky":false,"template":"","format":"standard","meta":{"om_disable_all_campaigns":false,"_monsterinsights_skip_tracking":false,"_monsterinsights_sitenote_active":false,"_monsterinsights_sitenote_note":"","_monsterinsights_sitenote_category":0,"_uf_show_specific_survey":0,"_uf_disable_surveys":false,"footnotes":""},"categories":[1110,1130],"tags":[344,499,121,717,718],"class_list":["post-25221","post","type-post","status-publish","format-standard","has-post-thumbnail","hentry","category-activitats-sectors","category-sector-girona","tag-infants","tag-llagostera","tag-sector-girona","tag-trobades-dinfants","tag-vilablareix"],"yoast_head":"<!-- This site is optimized with the Yoast SEO plugin v27.4 - https:\/\/yoast.com\/product\/yoast-seo-wordpress\/ -->\n<title>Les trobades d&#039;infants del sector Girona, tot un \u00e8xit! - Esplac<\/title>\n<meta name=\"robots\" content=\"index, follow, max-snippet:-1, max-image-preview:large, max-video-preview:-1\" \/>\n<link rel=\"canonical\" href=\"https:\/\/www.esplac.cat\/les-trobades-dinfants-del-sector-girona-tot-un-exit\/\" \/>\n<meta property=\"og:locale\" content=\"es_ES\" \/>\n<meta property=\"og:type\" content=\"article\" \/>\n<meta property=\"og:title\" content=\"Les trobades d&#039;infants del sector Girona, tot un \u00e8xit! - Esplac\" \/>\n<meta property=\"og:description\" content=\"Els esplais del sector m\u00e9s jove van celebrar les seves [&hellip;]\" \/>\n<meta property=\"og:url\" content=\"https:\/\/www.esplac.cat\/les-trobades-dinfants-del-sector-girona-tot-un-exit\/\" \/>\n<meta property=\"og:site_name\" content=\"Esplac\" \/>\n<meta property=\"article:published_time\" content=\"2016-05-19T08:46:34+00:00\" \/>\n<meta property=\"og:image\" content=\"https:\/\/www.esplac.cat\/wp-content\/uploads\/2016\/05\/20160520_TI-Girona.jpg\" \/>\n\t<meta property=\"og:image:width\" content=\"847\" \/>\n\t<meta property=\"og:image:height\" content=\"351\" \/>\n\t<meta property=\"og:image:type\" content=\"image\/jpeg\" \/>\n<meta name=\"author\" content=\"Comunicaci\u00f3 Esplac\" \/>\n<meta name=\"twitter:card\" content=\"summary_large_image\" \/>\n<meta name=\"twitter:label1\" content=\"Escrito por\" \/>\n\t<meta name=\"twitter:data1\" content=\"Comunicaci\u00f3 Esplac\" \/>\n\t<meta name=\"twitter:label2\" content=\"Tiempo de lectura\" \/>\n\t<meta name=\"twitter:data2\" content=\"1 minuto\" \/>\n<script type=\"application\/ld+json\" class=\"yoast-schema-graph\">{\"@context\":\"https:\\\/\\\/schema.org\",\"@graph\":[{\"@type\":\"Article\",\"@id\":\"https:\\\/\\\/www.esplac.cat\\\/les-trobades-dinfants-del-sector-girona-tot-un-exit\\\/#article\",\"isPartOf\":{\"@id\":\"https:\\\/\\\/www.esplac.cat\\\/les-trobades-dinfants-del-sector-girona-tot-un-exit\\\/\"},\"author\":{\"name\":\"Comunicaci\u00f3 Esplac\",\"@id\":\"https:\\\/\\\/www.esplac.cat\\\/#\\\/schema\\\/person\\\/908383cf240be18b68f8855d0583faca\"},\"headline\":\"Les trobades d&#8217;infants del sector Girona, tot un \u00e8xit!\",\"datePublished\":\"2016-05-19T08:46:34+00:00\",\"mainEntityOfPage\":{\"@id\":\"https:\\\/\\\/www.esplac.cat\\\/les-trobades-dinfants-del-sector-girona-tot-un-exit\\\/\"},\"wordCount\":269,\"publisher\":{\"@id\":\"https:\\\/\\\/www.esplac.cat\\\/#organization\"},\"image\":{\"@id\":\"https:\\\/\\\/www.esplac.cat\\\/les-trobades-dinfants-del-sector-girona-tot-un-exit\\\/#primaryimage\"},\"thumbnailUrl\":\"https:\\\/\\\/www.esplac.cat\\\/wp-content\\\/uploads\\\/2016\\\/05\\\/20160520_TI-Girona.jpg\",\"keywords\":[\"infants\",\"llagostera\",\"sector Girona\",\"trobades d'infants\",\"Vilablareix\"],\"articleSection\":[\"Activitats sectors\",\"Sector Girona\"],\"inLanguage\":\"es\"},{\"@type\":\"WebPage\",\"@id\":\"https:\\\/\\\/www.esplac.cat\\\/les-trobades-dinfants-del-sector-girona-tot-un-exit\\\/\",\"url\":\"https:\\\/\\\/www.esplac.cat\\\/les-trobades-dinfants-del-sector-girona-tot-un-exit\\\/\",\"name\":\"Les trobades d'infants del sector Girona, tot un \u00e8xit! - Esplac\",\"isPartOf\":{\"@id\":\"https:\\\/\\\/www.esplac.cat\\\/#website\"},\"primaryImageOfPage\":{\"@id\":\"https:\\\/\\\/www.esplac.cat\\\/les-trobades-dinfants-del-sector-girona-tot-un-exit\\\/#primaryimage\"},\"image\":{\"@id\":\"https:\\\/\\\/www.esplac.cat\\\/les-trobades-dinfants-del-sector-girona-tot-un-exit\\\/#primaryimage\"},\"thumbnailUrl\":\"https:\\\/\\\/www.esplac.cat\\\/wp-content\\\/uploads\\\/2016\\\/05\\\/20160520_TI-Girona.jpg\",\"datePublished\":\"2016-05-19T08:46:34+00:00\",\"breadcrumb\":{\"@id\":\"https:\\\/\\\/www.esplac.cat\\\/les-trobades-dinfants-del-sector-girona-tot-un-exit\\\/#breadcrumb\"},\"inLanguage\":\"es\",\"potentialAction\":[{\"@type\":\"ReadAction\",\"target\":[\"https:\\\/\\\/www.esplac.cat\\\/les-trobades-dinfants-del-sector-girona-tot-un-exit\\\/\"]}]},{\"@type\":\"ImageObject\",\"inLanguage\":\"es\",\"@id\":\"https:\\\/\\\/www.esplac.cat\\\/les-trobades-dinfants-del-sector-girona-tot-un-exit\\\/#primaryimage\",\"url\":\"https:\\\/\\\/www.esplac.cat\\\/wp-content\\\/uploads\\\/2016\\\/05\\\/20160520_TI-Girona.jpg\",\"contentUrl\":\"https:\\\/\\\/www.esplac.cat\\\/wp-content\\\/uploads\\\/2016\\\/05\\\/20160520_TI-Girona.jpg\",\"width\":847,\"height\":351},{\"@type\":\"BreadcrumbList\",\"@id\":\"https:\\\/\\\/www.esplac.cat\\\/les-trobades-dinfants-del-sector-girona-tot-un-exit\\\/#breadcrumb\",\"itemListElement\":[{\"@type\":\"ListItem\",\"position\":1,\"name\":\"Inici\",\"item\":\"https:\\\/\\\/www.esplac.cat\\\/es\\\/\"},{\"@type\":\"ListItem\",\"position\":2,\"name\":\"Les trobades d&#8217;infants del sector Girona, tot un \u00e8xit!\"}]},{\"@type\":\"WebSite\",\"@id\":\"https:\\\/\\\/www.esplac.cat\\\/#website\",\"url\":\"https:\\\/\\\/www.esplac.cat\\\/\",\"name\":\"Esplac\",\"description\":\"Esplais Catalans\",\"publisher\":{\"@id\":\"https:\\\/\\\/www.esplac.cat\\\/#organization\"},\"potentialAction\":[{\"@type\":\"SearchAction\",\"target\":{\"@type\":\"EntryPoint\",\"urlTemplate\":\"https:\\\/\\\/www.esplac.cat\\\/?s={search_term_string}\"},\"query-input\":{\"@type\":\"PropertyValueSpecification\",\"valueRequired\":true,\"valueName\":\"search_term_string\"}}],\"inLanguage\":\"es\"},{\"@type\":\"Organization\",\"@id\":\"https:\\\/\\\/www.esplac.cat\\\/#organization\",\"name\":\"Esplac\",\"url\":\"https:\\\/\\\/www.esplac.cat\\\/\",\"logo\":{\"@type\":\"ImageObject\",\"inLanguage\":\"es\",\"@id\":\"https:\\\/\\\/www.esplac.cat\\\/#\\\/schema\\\/logo\\\/image\\\/\",\"url\":\"https:\\\/\\\/www.esplac.cat\\\/wp-content\\\/uploads\\\/2019\\\/08\\\/logox2.png\",\"contentUrl\":\"https:\\\/\\\/www.esplac.cat\\\/wp-content\\\/uploads\\\/2019\\\/08\\\/logox2.png\",\"width\":600,\"height\":295,\"caption\":\"Esplac\"},\"image\":{\"@id\":\"https:\\\/\\\/www.esplac.cat\\\/#\\\/schema\\\/logo\\\/image\\\/\"}},{\"@type\":\"Person\",\"@id\":\"https:\\\/\\\/www.esplac.cat\\\/#\\\/schema\\\/person\\\/908383cf240be18b68f8855d0583faca\",\"name\":\"Comunicaci\u00f3 Esplac\",\"image\":{\"@type\":\"ImageObject\",\"inLanguage\":\"es\",\"@id\":\"https:\\\/\\\/secure.gravatar.com\\\/avatar\\\/7a4cf8feb412a76ea4a740ca02d95b06b2907b5a6c648c2dd0a1082a093c3141?s=96&d=mm&r=g\",\"url\":\"https:\\\/\\\/secure.gravatar.com\\\/avatar\\\/7a4cf8feb412a76ea4a740ca02d95b06b2907b5a6c648c2dd0a1082a093c3141?s=96&d=mm&r=g\",\"contentUrl\":\"https:\\\/\\\/secure.gravatar.com\\\/avatar\\\/7a4cf8feb412a76ea4a740ca02d95b06b2907b5a6c648c2dd0a1082a093c3141?s=96&d=mm&r=g\",\"caption\":\"Comunicaci\u00f3 Esplac\"}}]}<\/script>\n<!-- \/ Yoast SEO plugin. -->","yoast_head_json":{"title":"Les trobades d'infants del sector Girona, tot un \u00e8xit! - Esplac","robots":{"index":"index","follow":"follow","max-snippet":"max-snippet:-1","max-image-preview":"max-image-preview:large","max-video-preview":"max-video-preview:-1"},"canonical":"https:\/\/www.esplac.cat\/les-trobades-dinfants-del-sector-girona-tot-un-exit\/","og_locale":"es_ES","og_type":"article","og_title":"Les trobades d'infants del sector Girona, tot un \u00e8xit! - Esplac","og_description":"Els esplais del sector m\u00e9s jove van celebrar les seves [&hellip;]","og_url":"https:\/\/www.esplac.cat\/les-trobades-dinfants-del-sector-girona-tot-un-exit\/","og_site_name":"Esplac","article_published_time":"2016-05-19T08:46:34+00:00","og_image":[{"width":847,"height":351,"url":"https:\/\/www.esplac.cat\/wp-content\/uploads\/2016\/05\/20160520_TI-Girona.jpg","type":"image\/jpeg"}],"author":"Comunicaci\u00f3 Esplac","twitter_card":"summary_large_image","twitter_misc":{"Escrito por":"Comunicaci\u00f3 Esplac","Tiempo de lectura":"1 minuto"},"schema":{"@context":"https:\/\/schema.org","@graph":[{"@type":"Article","@id":"https:\/\/www.esplac.cat\/les-trobades-dinfants-del-sector-girona-tot-un-exit\/#article","isPartOf":{"@id":"https:\/\/www.esplac.cat\/les-trobades-dinfants-del-sector-girona-tot-un-exit\/"},"author":{"name":"Comunicaci\u00f3 Esplac","@id":"https:\/\/www.esplac.cat\/#\/schema\/person\/908383cf240be18b68f8855d0583faca"},"headline":"Les trobades d&#8217;infants del sector Girona, tot un \u00e8xit!","datePublished":"2016-05-19T08:46:34+00:00","mainEntityOfPage":{"@id":"https:\/\/www.esplac.cat\/les-trobades-dinfants-del-sector-girona-tot-un-exit\/"},"wordCount":269,"publisher":{"@id":"https:\/\/www.esplac.cat\/#organization"},"image":{"@id":"https:\/\/www.esplac.cat\/les-trobades-dinfants-del-sector-girona-tot-un-exit\/#primaryimage"},"thumbnailUrl":"https:\/\/www.esplac.cat\/wp-content\/uploads\/2016\/05\/20160520_TI-Girona.jpg","keywords":["infants","llagostera","sector Girona","trobades d'infants","Vilablareix"],"articleSection":["Activitats sectors","Sector Girona"],"inLanguage":"es"},{"@type":"WebPage","@id":"https:\/\/www.esplac.cat\/les-trobades-dinfants-del-sector-girona-tot-un-exit\/","url":"https:\/\/www.esplac.cat\/les-trobades-dinfants-del-sector-girona-tot-un-exit\/","name":"Les trobades d'infants del sector Girona, tot un \u00e8xit! - Esplac","isPartOf":{"@id":"https:\/\/www.esplac.cat\/#website"},"primaryImageOfPage":{"@id":"https:\/\/www.esplac.cat\/les-trobades-dinfants-del-sector-girona-tot-un-exit\/#primaryimage"},"image":{"@id":"https:\/\/www.esplac.cat\/les-trobades-dinfants-del-sector-girona-tot-un-exit\/#primaryimage"},"thumbnailUrl":"https:\/\/www.esplac.cat\/wp-content\/uploads\/2016\/05\/20160520_TI-Girona.jpg","datePublished":"2016-05-19T08:46:34+00:00","breadcrumb":{"@id":"https:\/\/www.esplac.cat\/les-trobades-dinfants-del-sector-girona-tot-un-exit\/#breadcrumb"},"inLanguage":"es","potentialAction":[{"@type":"ReadAction","target":["https:\/\/www.esplac.cat\/les-trobades-dinfants-del-sector-girona-tot-un-exit\/"]}]},{"@type":"ImageObject","inLanguage":"es","@id":"https:\/\/www.esplac.cat\/les-trobades-dinfants-del-sector-girona-tot-un-exit\/#primaryimage","url":"https:\/\/www.esplac.cat\/wp-content\/uploads\/2016\/05\/20160520_TI-Girona.jpg","contentUrl":"https:\/\/www.esplac.cat\/wp-content\/uploads\/2016\/05\/20160520_TI-Girona.jpg","width":847,"height":351},{"@type":"BreadcrumbList","@id":"https:\/\/www.esplac.cat\/les-trobades-dinfants-del-sector-girona-tot-un-exit\/#breadcrumb","itemListElement":[{"@type":"ListItem","position":1,"name":"Inici","item":"https:\/\/www.esplac.cat\/es\/"},{"@type":"ListItem","position":2,"name":"Les trobades d&#8217;infants del sector Girona, tot un \u00e8xit!"}]},{"@type":"WebSite","@id":"https:\/\/www.esplac.cat\/#website","url":"https:\/\/www.esplac.cat\/","name":"Esplac","description":"Esplais Catalans","publisher":{"@id":"https:\/\/www.esplac.cat\/#organization"},"potentialAction":[{"@type":"SearchAction","target":{"@type":"EntryPoint","urlTemplate":"https:\/\/www.esplac.cat\/?s={search_term_string}"},"query-input":{"@type":"PropertyValueSpecification","valueRequired":true,"valueName":"search_term_string"}}],"inLanguage":"es"},{"@type":"Organization","@id":"https:\/\/www.esplac.cat\/#organization","name":"Esplac","url":"https:\/\/www.esplac.cat\/","logo":{"@type":"ImageObject","inLanguage":"es","@id":"https:\/\/www.esplac.cat\/#\/schema\/logo\/image\/","url":"https:\/\/www.esplac.cat\/wp-content\/uploads\/2019\/08\/logox2.png","contentUrl":"https:\/\/www.esplac.cat\/wp-content\/uploads\/2019\/08\/logox2.png","width":600,"height":295,"caption":"Esplac"},"image":{"@id":"https:\/\/www.esplac.cat\/#\/schema\/logo\/image\/"}},{"@type":"Person","@id":"https:\/\/www.esplac.cat\/#\/schema\/person\/908383cf240be18b68f8855d0583faca","name":"Comunicaci\u00f3 Esplac","image":{"@type":"ImageObject","inLanguage":"es","@id":"https:\/\/secure.gravatar.com\/avatar\/7a4cf8feb412a76ea4a740ca02d95b06b2907b5a6c648c2dd0a1082a093c3141?s=96&d=mm&r=g","url":"https:\/\/secure.gravatar.com\/avatar\/7a4cf8feb412a76ea4a740ca02d95b06b2907b5a6c648c2dd0a1082a093c3141?s=96&d=mm&r=g","contentUrl":"https:\/\/secure.gravatar.com\/avatar\/7a4cf8feb412a76ea4a740ca02d95b06b2907b5a6c648c2dd0a1082a093c3141?s=96&d=mm&r=g","caption":"Comunicaci\u00f3 Esplac"}}]}},"_links":{"self":[{"href":"https:\/\/www.esplac.cat\/es\/wp-json\/wp\/v2\/posts\/25221","targetHints":{"allow":["GET"]}}],"collection":[{"href":"https:\/\/www.esplac.cat\/es\/wp-json\/wp\/v2\/posts"}],"about":[{"href":"https:\/\/www.esplac.cat\/es\/wp-json\/wp\/v2\/types\/post"}],"author":[{"embeddable":true,"href":"https:\/\/www.esplac.cat\/es\/wp-json\/wp\/v2\/users\/3"}],"replies":[{"embeddable":true,"href":"https:\/\/www.esplac.cat\/es\/wp-json\/wp\/v2\/comments?post=25221"}],"version-history":[{"count":0,"href":"https:\/\/www.esplac.cat\/es\/wp-json\/wp\/v2\/posts\/25221\/revisions"}],"wp:featuredmedia":[{"embeddable":true,"href":"https:\/\/www.esplac.cat\/es\/wp-json\/wp\/v2\/media\/25222"}],"wp:attachment":[{"href":"https:\/\/www.esplac.cat\/es\/wp-json\/wp\/v2\/media?parent=25221"}],"wp:term":[{"taxonomy":"category","embeddable":true,"href":"https:\/\/www.esplac.cat\/es\/wp-json\/wp\/v2\/categories?post=25221"},{"taxonomy":"post_tag","embeddable":true,"href":"https:\/\/www.esplac.cat\/es\/wp-json\/wp\/v2\/tags?post=25221"}],"curies":[{"name":"wp","href":"https:\/\/api.w.org\/{rel}","templated":true}]}}