{"id":25227,"date":"2016-05-18T09:04:34","date_gmt":"2016-05-18T07:04:34","guid":{"rendered":"http:\/\/esplac.cat\/?p=10629"},"modified":"2022-04-27T09:53:00","modified_gmt":"2022-04-27T07:53:00","slug":"un-document-sobre-locals-dels-esplais-i-us-de-lespai-public","status":"publish","type":"post","link":"https:\/\/www.esplac.cat\/es\/un-document-sobre-locals-dels-esplais-i-us-de-lespai-public\/","title":{"rendered":"Presentem un informe sobre locals dels esplais i \u00fas de l&#8217;espai p\u00fablic"},"content":{"rendered":"<h4 align=\"justify\">Al llarg d\u2019aquest curs, el grup de Treball del Projecte Locals i espai p\u00fablic ha estat treballant en l\u2019elaboraci\u00f3 d\u2019un document, amb la finalitat de crear discurs, contingut i recursos sobre aquesta tem\u00e0tica.<\/h4>\n<p align=\"justify\">L&#8217;informe, que podeu descarregar-vos al final d&#8217;aquesta not\u00edcia,\u00a0tracta sobre diversos temes treballats en el grup de treball: l\u2019espai p\u00fablic i el seu \u00fas, ordenances de civisme d\u2019algunes poblacions i com afecten, els locals dels esplais i les condicions m\u00ednimes que haurien d\u2019estar garantides, aix\u00ed com demandes, exig\u00e8ncies i propostes que podem fer a les Administracions. Com per exemple: habilitar espais per les entitats, oferir convenis de qualitat als esplais per visibilitzar la seva tasca educativa, oferir locals sense prestaci\u00f3 econ\u00f2mica i un llarg, etc.<\/p>\n<p align=\"justify\">En definitiva, el document recull el discurs que mostra la federaci\u00f3 envers aquests temes i ofereix, a nivell m\u00e9s pr\u00e0ctic, un petit protocol de com realitzar una inst\u00e0ncia i el model conveni que vam publicar el curs passat.<\/p>\n<p align=\"justify\">Arran del treball del Grup de Treball, i en mode de resum, s\u2019han arribat a les seg\u00fcents conclusions:<\/p>\n<ul>\n<li>\n<p align=\"justify\">Pel que fa l\u2019espai p\u00fablic, s\u2019observa com algunes ordenances de civisme regulen l\u2019\u00fas de places i carrers, imposen normatives de conviv\u00e8ncia molt restrictives, i regulen a la baixa la participaci\u00f3 de les persones i entitats en aquests espais. Nosaltres concebem l\u2019espai p\u00fablic des d\u2019una mirada educativa, i entenem que cal donar-li nous significats.<\/p>\n<\/li>\n<\/ul>\n<ul>\n<li>\n<p align=\"justify\">Pel que fa als Locals, encara avui hi ha esplais que no disposen d\u2019un espai f\u00edsic o d\u2019altres que, tot i tenir-ne, es troben en males condicions, dificultats burocr\u00e0tiques o limitacions de temps i\/o espai. Exigim que les Administracions p\u00fabliques facilitin convenis amb els esplais en la cessi\u00f3 d\u2019un espai adequat, o b\u00e9 en la subvenci\u00f3 per l\u2019adquisici\u00f3 o l\u2019arrendament d\u2019aquests espais.<\/p>\n<\/li>\n<\/ul>\n<p align=\"justify\">Aprofitant la publicaci\u00f3 del document, creiem idoni recordar que aquest proper dissabte 21 de maig, <a href=\"http:\/\/esplac.cat\/el-localitzat-2016-sapropa\/\" target=\"_blank\" rel=\"noopener noreferrer\"><strong>Localitza\u2019t del sector Barcelona<\/strong><\/a> realitza un acte reivindicatiu per demanar m\u00e9s reconeixement a la tasca educativa de les entitats, i exigir locals dignes pels esplais. \u00c9s una bona oportunitat per sortir al carrer i visibilitzar la manca de locals adequats, davant la tasca social i transformadora que dissabte rere dissabte realitzen les monitores. Ens unim plenament a la reivindicaci\u00f3, i expressem que<\/p>\n<p align=\"justify\"><strong>NO VOLEM CAP ESPLAI SENSE LOCAL!<\/strong><\/p>\n<p align=\"justify\">Descarrega l&#8217;informe <span style=\"color: #f69d0b;\"><strong><a style=\"color: #f69d0b;\" href=\"https:\/\/www.esplac.cat\/wp-content\/uploads\/2016\/05\/LocalsEspaiPublic.pdf\">aqu\u00ed<\/a><\/strong><\/span>!<\/p>\n","protected":false},"excerpt":{"rendered":"<p>Al llarg d\u2019aquest curs, el grup de Treball del Projecte [&hellip;]<\/p>\n","protected":false},"author":3,"featured_media":25228,"comment_status":"closed","ping_status":"open","sticky":false,"template":"","format":"standard","meta":{"om_disable_all_campaigns":false,"_monsterinsights_skip_tracking":false,"_monsterinsights_sitenote_active":false,"_monsterinsights_sitenote_note":"","_monsterinsights_sitenote_category":0,"_uf_show_specific_survey":0,"_uf_disable_surveys":false,"footnotes":""},"categories":[1119,1111,1114,1],"tags":[613,208,615],"class_list":["post-25227","post","type-post","status-publish","format-standard","has-post-thumbnail","hentry","category-activitats-comissions-grups-de-treball","category-activitats-esplac","category-recursos","category-sense-categoria","tag-espai-public","tag-localitzat","tag-locals"],"yoast_head":"<!-- This site is optimized with the Yoast SEO plugin v27.5 - https:\/\/yoast.com\/product\/yoast-seo-wordpress\/ -->\n<title>Presentem un informe sobre locals dels esplais i \u00fas de l&#039;espai p\u00fablic - Esplac<\/title>\n<meta name=\"robots\" content=\"index, follow, max-snippet:-1, max-image-preview:large, max-video-preview:-1\" \/>\n<link rel=\"canonical\" href=\"https:\/\/www.esplac.cat\/un-document-sobre-locals-dels-esplais-i-us-de-lespai-public\/\" \/>\n<meta property=\"og:locale\" content=\"es_ES\" \/>\n<meta property=\"og:type\" content=\"article\" \/>\n<meta property=\"og:title\" content=\"Presentem un informe sobre locals dels esplais i \u00fas de l&#039;espai p\u00fablic - Esplac\" \/>\n<meta property=\"og:description\" content=\"Al llarg d\u2019aquest curs, el grup de Treball del Projecte [&hellip;]\" \/>\n<meta property=\"og:url\" content=\"https:\/\/www.esplac.cat\/un-document-sobre-locals-dels-esplais-i-us-de-lespai-public\/\" \/>\n<meta property=\"og:site_name\" content=\"Esplac\" \/>\n<meta property=\"article:published_time\" content=\"2016-05-18T07:04:34+00:00\" \/>\n<meta property=\"article:modified_time\" content=\"2022-04-27T07:53:00+00:00\" \/>\n<meta property=\"og:image\" content=\"https:\/\/www.esplac.cat\/wp-content\/uploads\/2016\/05\/20160518_informe-Locals.jpg\" \/>\n\t<meta property=\"og:image:width\" content=\"847\" \/>\n\t<meta property=\"og:image:height\" content=\"351\" \/>\n\t<meta property=\"og:image:type\" content=\"image\/jpeg\" \/>\n<meta name=\"author\" content=\"Comunicaci\u00f3 Esplac\" \/>\n<meta name=\"twitter:card\" content=\"summary_large_image\" \/>\n<meta name=\"twitter:label1\" content=\"Escrito por\" \/>\n\t<meta name=\"twitter:data1\" content=\"Comunicaci\u00f3 Esplac\" \/>\n\t<meta name=\"twitter:label2\" content=\"Tiempo de lectura\" \/>\n\t<meta name=\"twitter:data2\" content=\"2 minutos\" \/>\n<script type=\"application\/ld+json\" class=\"yoast-schema-graph\">{\"@context\":\"https:\\\/\\\/schema.org\",\"@graph\":[{\"@type\":\"Article\",\"@id\":\"https:\\\/\\\/www.esplac.cat\\\/un-document-sobre-locals-dels-esplais-i-us-de-lespai-public\\\/#article\",\"isPartOf\":{\"@id\":\"https:\\\/\\\/www.esplac.cat\\\/un-document-sobre-locals-dels-esplais-i-us-de-lespai-public\\\/\"},\"author\":{\"name\":\"Comunicaci\u00f3 Esplac\",\"@id\":\"https:\\\/\\\/www.esplac.cat\\\/#\\\/schema\\\/person\\\/908383cf240be18b68f8855d0583faca\"},\"headline\":\"Presentem un informe sobre locals dels esplais i \u00fas de l&#8217;espai p\u00fablic\",\"datePublished\":\"2016-05-18T07:04:34+00:00\",\"dateModified\":\"2022-04-27T07:53:00+00:00\",\"mainEntityOfPage\":{\"@id\":\"https:\\\/\\\/www.esplac.cat\\\/un-document-sobre-locals-dels-esplais-i-us-de-lespai-public\\\/\"},\"wordCount\":507,\"publisher\":{\"@id\":\"https:\\\/\\\/www.esplac.cat\\\/#organization\"},\"image\":{\"@id\":\"https:\\\/\\\/www.esplac.cat\\\/un-document-sobre-locals-dels-esplais-i-us-de-lespai-public\\\/#primaryimage\"},\"thumbnailUrl\":\"https:\\\/\\\/www.esplac.cat\\\/wp-content\\\/uploads\\\/2016\\\/05\\\/20160518_informe-Locals.jpg\",\"keywords\":[\"espai p\u00fablic\",\"localitza't\",\"locals\"],\"articleSection\":[\"Activitats comissions i grups de treball\",\"Activitats esplac\",\"Recursos\",\"Sense categoria\"],\"inLanguage\":\"es\"},{\"@type\":\"WebPage\",\"@id\":\"https:\\\/\\\/www.esplac.cat\\\/un-document-sobre-locals-dels-esplais-i-us-de-lespai-public\\\/\",\"url\":\"https:\\\/\\\/www.esplac.cat\\\/un-document-sobre-locals-dels-esplais-i-us-de-lespai-public\\\/\",\"name\":\"Presentem un informe sobre locals dels esplais i \u00fas de l'espai p\u00fablic - Esplac\",\"isPartOf\":{\"@id\":\"https:\\\/\\\/www.esplac.cat\\\/#website\"},\"primaryImageOfPage\":{\"@id\":\"https:\\\/\\\/www.esplac.cat\\\/un-document-sobre-locals-dels-esplais-i-us-de-lespai-public\\\/#primaryimage\"},\"image\":{\"@id\":\"https:\\\/\\\/www.esplac.cat\\\/un-document-sobre-locals-dels-esplais-i-us-de-lespai-public\\\/#primaryimage\"},\"thumbnailUrl\":\"https:\\\/\\\/www.esplac.cat\\\/wp-content\\\/uploads\\\/2016\\\/05\\\/20160518_informe-Locals.jpg\",\"datePublished\":\"2016-05-18T07:04:34+00:00\",\"dateModified\":\"2022-04-27T07:53:00+00:00\",\"breadcrumb\":{\"@id\":\"https:\\\/\\\/www.esplac.cat\\\/un-document-sobre-locals-dels-esplais-i-us-de-lespai-public\\\/#breadcrumb\"},\"inLanguage\":\"es\",\"potentialAction\":[{\"@type\":\"ReadAction\",\"target\":[\"https:\\\/\\\/www.esplac.cat\\\/un-document-sobre-locals-dels-esplais-i-us-de-lespai-public\\\/\"]}]},{\"@type\":\"ImageObject\",\"inLanguage\":\"es\",\"@id\":\"https:\\\/\\\/www.esplac.cat\\\/un-document-sobre-locals-dels-esplais-i-us-de-lespai-public\\\/#primaryimage\",\"url\":\"https:\\\/\\\/www.esplac.cat\\\/wp-content\\\/uploads\\\/2016\\\/05\\\/20160518_informe-Locals.jpg\",\"contentUrl\":\"https:\\\/\\\/www.esplac.cat\\\/wp-content\\\/uploads\\\/2016\\\/05\\\/20160518_informe-Locals.jpg\",\"width\":847,\"height\":351},{\"@type\":\"BreadcrumbList\",\"@id\":\"https:\\\/\\\/www.esplac.cat\\\/un-document-sobre-locals-dels-esplais-i-us-de-lespai-public\\\/#breadcrumb\",\"itemListElement\":[{\"@type\":\"ListItem\",\"position\":1,\"name\":\"Inici\",\"item\":\"https:\\\/\\\/www.esplac.cat\\\/es\\\/\"},{\"@type\":\"ListItem\",\"position\":2,\"name\":\"Presentem un informe sobre locals dels esplais i \u00fas de l&#8217;espai p\u00fablic\"}]},{\"@type\":\"WebSite\",\"@id\":\"https:\\\/\\\/www.esplac.cat\\\/#website\",\"url\":\"https:\\\/\\\/www.esplac.cat\\\/\",\"name\":\"Esplac\",\"description\":\"Esplais Catalans\",\"publisher\":{\"@id\":\"https:\\\/\\\/www.esplac.cat\\\/#organization\"},\"potentialAction\":[{\"@type\":\"SearchAction\",\"target\":{\"@type\":\"EntryPoint\",\"urlTemplate\":\"https:\\\/\\\/www.esplac.cat\\\/?s={search_term_string}\"},\"query-input\":{\"@type\":\"PropertyValueSpecification\",\"valueRequired\":true,\"valueName\":\"search_term_string\"}}],\"inLanguage\":\"es\"},{\"@type\":\"Organization\",\"@id\":\"https:\\\/\\\/www.esplac.cat\\\/#organization\",\"name\":\"Esplac\",\"url\":\"https:\\\/\\\/www.esplac.cat\\\/\",\"logo\":{\"@type\":\"ImageObject\",\"inLanguage\":\"es\",\"@id\":\"https:\\\/\\\/www.esplac.cat\\\/#\\\/schema\\\/logo\\\/image\\\/\",\"url\":\"https:\\\/\\\/www.esplac.cat\\\/wp-content\\\/uploads\\\/2019\\\/08\\\/logox2.png\",\"contentUrl\":\"https:\\\/\\\/www.esplac.cat\\\/wp-content\\\/uploads\\\/2019\\\/08\\\/logox2.png\",\"width\":600,\"height\":295,\"caption\":\"Esplac\"},\"image\":{\"@id\":\"https:\\\/\\\/www.esplac.cat\\\/#\\\/schema\\\/logo\\\/image\\\/\"}},{\"@type\":\"Person\",\"@id\":\"https:\\\/\\\/www.esplac.cat\\\/#\\\/schema\\\/person\\\/908383cf240be18b68f8855d0583faca\",\"name\":\"Comunicaci\u00f3 Esplac\",\"image\":{\"@type\":\"ImageObject\",\"inLanguage\":\"es\",\"@id\":\"https:\\\/\\\/secure.gravatar.com\\\/avatar\\\/7a4cf8feb412a76ea4a740ca02d95b06b2907b5a6c648c2dd0a1082a093c3141?s=96&d=mm&r=g\",\"url\":\"https:\\\/\\\/secure.gravatar.com\\\/avatar\\\/7a4cf8feb412a76ea4a740ca02d95b06b2907b5a6c648c2dd0a1082a093c3141?s=96&d=mm&r=g\",\"contentUrl\":\"https:\\\/\\\/secure.gravatar.com\\\/avatar\\\/7a4cf8feb412a76ea4a740ca02d95b06b2907b5a6c648c2dd0a1082a093c3141?s=96&d=mm&r=g\",\"caption\":\"Comunicaci\u00f3 Esplac\"}}]}<\/script>\n<!-- \/ Yoast SEO plugin. -->","yoast_head_json":{"title":"Presentem un informe sobre locals dels esplais i \u00fas de l'espai p\u00fablic - Esplac","robots":{"index":"index","follow":"follow","max-snippet":"max-snippet:-1","max-image-preview":"max-image-preview:large","max-video-preview":"max-video-preview:-1"},"canonical":"https:\/\/www.esplac.cat\/un-document-sobre-locals-dels-esplais-i-us-de-lespai-public\/","og_locale":"es_ES","og_type":"article","og_title":"Presentem un informe sobre locals dels esplais i \u00fas de l'espai p\u00fablic - Esplac","og_description":"Al llarg d\u2019aquest curs, el grup de Treball del Projecte [&hellip;]","og_url":"https:\/\/www.esplac.cat\/un-document-sobre-locals-dels-esplais-i-us-de-lespai-public\/","og_site_name":"Esplac","article_published_time":"2016-05-18T07:04:34+00:00","article_modified_time":"2022-04-27T07:53:00+00:00","og_image":[{"width":847,"height":351,"url":"https:\/\/www.esplac.cat\/wp-content\/uploads\/2016\/05\/20160518_informe-Locals.jpg","type":"image\/jpeg"}],"author":"Comunicaci\u00f3 Esplac","twitter_card":"summary_large_image","twitter_misc":{"Escrito por":"Comunicaci\u00f3 Esplac","Tiempo de lectura":"2 minutos"},"schema":{"@context":"https:\/\/schema.org","@graph":[{"@type":"Article","@id":"https:\/\/www.esplac.cat\/un-document-sobre-locals-dels-esplais-i-us-de-lespai-public\/#article","isPartOf":{"@id":"https:\/\/www.esplac.cat\/un-document-sobre-locals-dels-esplais-i-us-de-lespai-public\/"},"author":{"name":"Comunicaci\u00f3 Esplac","@id":"https:\/\/www.esplac.cat\/#\/schema\/person\/908383cf240be18b68f8855d0583faca"},"headline":"Presentem un informe sobre locals dels esplais i \u00fas de l&#8217;espai p\u00fablic","datePublished":"2016-05-18T07:04:34+00:00","dateModified":"2022-04-27T07:53:00+00:00","mainEntityOfPage":{"@id":"https:\/\/www.esplac.cat\/un-document-sobre-locals-dels-esplais-i-us-de-lespai-public\/"},"wordCount":507,"publisher":{"@id":"https:\/\/www.esplac.cat\/#organization"},"image":{"@id":"https:\/\/www.esplac.cat\/un-document-sobre-locals-dels-esplais-i-us-de-lespai-public\/#primaryimage"},"thumbnailUrl":"https:\/\/www.esplac.cat\/wp-content\/uploads\/2016\/05\/20160518_informe-Locals.jpg","keywords":["espai p\u00fablic","localitza't","locals"],"articleSection":["Activitats comissions i grups de treball","Activitats esplac","Recursos","Sense categoria"],"inLanguage":"es"},{"@type":"WebPage","@id":"https:\/\/www.esplac.cat\/un-document-sobre-locals-dels-esplais-i-us-de-lespai-public\/","url":"https:\/\/www.esplac.cat\/un-document-sobre-locals-dels-esplais-i-us-de-lespai-public\/","name":"Presentem un informe sobre locals dels esplais i \u00fas de l'espai p\u00fablic - Esplac","isPartOf":{"@id":"https:\/\/www.esplac.cat\/#website"},"primaryImageOfPage":{"@id":"https:\/\/www.esplac.cat\/un-document-sobre-locals-dels-esplais-i-us-de-lespai-public\/#primaryimage"},"image":{"@id":"https:\/\/www.esplac.cat\/un-document-sobre-locals-dels-esplais-i-us-de-lespai-public\/#primaryimage"},"thumbnailUrl":"https:\/\/www.esplac.cat\/wp-content\/uploads\/2016\/05\/20160518_informe-Locals.jpg","datePublished":"2016-05-18T07:04:34+00:00","dateModified":"2022-04-27T07:53:00+00:00","breadcrumb":{"@id":"https:\/\/www.esplac.cat\/un-document-sobre-locals-dels-esplais-i-us-de-lespai-public\/#breadcrumb"},"inLanguage":"es","potentialAction":[{"@type":"ReadAction","target":["https:\/\/www.esplac.cat\/un-document-sobre-locals-dels-esplais-i-us-de-lespai-public\/"]}]},{"@type":"ImageObject","inLanguage":"es","@id":"https:\/\/www.esplac.cat\/un-document-sobre-locals-dels-esplais-i-us-de-lespai-public\/#primaryimage","url":"https:\/\/www.esplac.cat\/wp-content\/uploads\/2016\/05\/20160518_informe-Locals.jpg","contentUrl":"https:\/\/www.esplac.cat\/wp-content\/uploads\/2016\/05\/20160518_informe-Locals.jpg","width":847,"height":351},{"@type":"BreadcrumbList","@id":"https:\/\/www.esplac.cat\/un-document-sobre-locals-dels-esplais-i-us-de-lespai-public\/#breadcrumb","itemListElement":[{"@type":"ListItem","position":1,"name":"Inici","item":"https:\/\/www.esplac.cat\/es\/"},{"@type":"ListItem","position":2,"name":"Presentem un informe sobre locals dels esplais i \u00fas de l&#8217;espai p\u00fablic"}]},{"@type":"WebSite","@id":"https:\/\/www.esplac.cat\/#website","url":"https:\/\/www.esplac.cat\/","name":"Esplac","description":"Esplais Catalans","publisher":{"@id":"https:\/\/www.esplac.cat\/#organization"},"potentialAction":[{"@type":"SearchAction","target":{"@type":"EntryPoint","urlTemplate":"https:\/\/www.esplac.cat\/?s={search_term_string}"},"query-input":{"@type":"PropertyValueSpecification","valueRequired":true,"valueName":"search_term_string"}}],"inLanguage":"es"},{"@type":"Organization","@id":"https:\/\/www.esplac.cat\/#organization","name":"Esplac","url":"https:\/\/www.esplac.cat\/","logo":{"@type":"ImageObject","inLanguage":"es","@id":"https:\/\/www.esplac.cat\/#\/schema\/logo\/image\/","url":"https:\/\/www.esplac.cat\/wp-content\/uploads\/2019\/08\/logox2.png","contentUrl":"https:\/\/www.esplac.cat\/wp-content\/uploads\/2019\/08\/logox2.png","width":600,"height":295,"caption":"Esplac"},"image":{"@id":"https:\/\/www.esplac.cat\/#\/schema\/logo\/image\/"}},{"@type":"Person","@id":"https:\/\/www.esplac.cat\/#\/schema\/person\/908383cf240be18b68f8855d0583faca","name":"Comunicaci\u00f3 Esplac","image":{"@type":"ImageObject","inLanguage":"es","@id":"https:\/\/secure.gravatar.com\/avatar\/7a4cf8feb412a76ea4a740ca02d95b06b2907b5a6c648c2dd0a1082a093c3141?s=96&d=mm&r=g","url":"https:\/\/secure.gravatar.com\/avatar\/7a4cf8feb412a76ea4a740ca02d95b06b2907b5a6c648c2dd0a1082a093c3141?s=96&d=mm&r=g","contentUrl":"https:\/\/secure.gravatar.com\/avatar\/7a4cf8feb412a76ea4a740ca02d95b06b2907b5a6c648c2dd0a1082a093c3141?s=96&d=mm&r=g","caption":"Comunicaci\u00f3 Esplac"}}]}},"_links":{"self":[{"href":"https:\/\/www.esplac.cat\/es\/wp-json\/wp\/v2\/posts\/25227","targetHints":{"allow":["GET"]}}],"collection":[{"href":"https:\/\/www.esplac.cat\/es\/wp-json\/wp\/v2\/posts"}],"about":[{"href":"https:\/\/www.esplac.cat\/es\/wp-json\/wp\/v2\/types\/post"}],"author":[{"embeddable":true,"href":"https:\/\/www.esplac.cat\/es\/wp-json\/wp\/v2\/users\/3"}],"replies":[{"embeddable":true,"href":"https:\/\/www.esplac.cat\/es\/wp-json\/wp\/v2\/comments?post=25227"}],"version-history":[{"count":0,"href":"https:\/\/www.esplac.cat\/es\/wp-json\/wp\/v2\/posts\/25227\/revisions"}],"wp:featuredmedia":[{"embeddable":true,"href":"https:\/\/www.esplac.cat\/es\/wp-json\/wp\/v2\/media\/25228"}],"wp:attachment":[{"href":"https:\/\/www.esplac.cat\/es\/wp-json\/wp\/v2\/media?parent=25227"}],"wp:term":[{"taxonomy":"category","embeddable":true,"href":"https:\/\/www.esplac.cat\/es\/wp-json\/wp\/v2\/categories?post=25227"},{"taxonomy":"post_tag","embeddable":true,"href":"https:\/\/www.esplac.cat\/es\/wp-json\/wp\/v2\/tags?post=25227"}],"curies":[{"name":"wp","href":"https:\/\/api.w.org\/{rel}","templated":true}]}}