{"id":25245,"date":"2016-05-03T13:43:17","date_gmt":"2016-05-03T11:43:17","guid":{"rendered":"http:\/\/esplac.cat\/?p=10555"},"modified":"2016-05-03T13:43:17","modified_gmt":"2016-05-03T11:43:17","slug":"km-0","status":"publish","type":"post","link":"https:\/\/www.esplac.cat\/es\/km-0\/","title":{"rendered":"Casals de Joves obre la trobada d&#8217;adolescents Km.0 a esplais i caus"},"content":{"rendered":"<h4 style=\"text-align: justify;\">El Km.0 \u00e9s una trobada d\u2019adolescents organitzada per Casals de Joves de Catalunya\u00a0pensada pels grups de joves que tenen\u00a0entre 15 i 18 anys amb relaci\u00f3 amb el moviment educatiu associatiu<\/h4>\n<p style=\"text-align: justify;\">La <strong><a href=\"http:\/\/espai.casaldejoves.org\/recurs\/trobada-dadolescents-km-0-2017\/\" target=\"_blank\" rel=\"noopener noreferrer\">trobada del Km.0<\/a><\/strong>, que es dur\u00e0 a terme durant un cap de setmana de febrer de 2017, comptar\u00e0 amb un programa que contindr\u00e0 tallers formatius (debats i an\u00e0lisi cr\u00edtica, xerrades, accions reivindicatives, tallers pr\u00e0ctics\u2026),\u00a0activitats de cohesi\u00f3 (jocs de confian\u00e7a, cooperaci\u00f3, esportius\u2026) i espais l\u00fadics (concerts, festes\u2026)!<\/p>\n<p style=\"text-align: justify;\">La finalitat de Casals de Joves \u00e9s la <strong>transformaci\u00f3 social<\/strong> i per aconseguir-ho l\u2019objectiu de la trobada\u00a0\u00e9s\u00a0<strong>educar en la participaci\u00f3<\/strong>, \u00e9s a dir, educar perqu\u00e8 els i les joves aprenguin a participar i a impactar en el seu entorn. L&#8217;activitat estar\u00e0 oberta tamb\u00e9 per joves d&#8217;esplais i caus i altres entitats de l&#8217;associacionisme educatiu.<\/p>\n<p style=\"text-align: justify;\"><a href=\"http:\/\/espai.casaldejoves.org\/recurs\/trobada-dadolescents-km-0-2017\/\"><strong>En aquesta p\u00e0gina trobareu m\u00e9s informaci\u00f3 sobre properes reunions i documents de suport del projecte.<\/strong><\/a><\/p>\n<h3 style=\"text-align: justify;\">Jornades fetes per i per a adolescents tamb\u00e9 a Esplac<\/h3>\n<p style=\"text-align: justify;\">A Esplais Catalans, tamb\u00e9 estem organitzant unes jornades de cara a desembre-gener de 2017 en qu\u00e8 adolescents i joves\u00a0sereu les protagonistes. P<span class=\"s1\">er aix\u00f2 us hem animat\u00a0a<\/span><span class=\"s2\"><b>\u00a0explicar com serien les vostres jornades ideals <a href=\"https:\/\/docs.google.com\/a\/esplac.cat\/forms\/d\/1p4JElNiDWcjagVJHgy3X6CAl2H4Y3kmfD5Y08P7K5Os\/edit?usp=drive_web\" target=\"_blank\" rel=\"noopener noreferrer\">a trav\u00e9s del seg\u00fcent formulari<\/a> fins al 15 de maig.<\/b><\/span><span class=\"s1\"> El formulari el podeu omplir tant individualment com col\u00b7lectivament amb els companys del vostre grup! <a href=\"http:\/\/esplac.cat\/com-tagradaria-que-fossin-les-jornades-dadolescents-desplac\/\" target=\"_blank\" rel=\"noopener noreferrer\"><strong>Cliqueu aqu\u00ed per llegir m\u00e9s\u00a0informaci\u00f3\u00a0d&#8217;aquestes jornades.\u00a0<\/strong><\/a><\/span><\/p>\n<p>&nbsp;<\/p>\n","protected":false},"excerpt":{"rendered":"<p>El Km.0 \u00e9s una trobada d\u2019adolescents organitzada per Casals de [&hellip;]<\/p>\n","protected":false},"author":3,"featured_media":25246,"comment_status":"closed","ping_status":"open","sticky":false,"template":"","format":"standard","meta":{"om_disable_all_campaigns":false,"_monsterinsights_skip_tracking":false,"_monsterinsights_sitenote_active":false,"_monsterinsights_sitenote_note":"","_monsterinsights_sitenote_category":0,"_uf_show_specific_survey":0,"_uf_disable_surveys":false,"footnotes":""},"categories":[1131,1],"tags":[51,166,40,417,134],"class_list":["post-25245","post","type-post","status-publish","format-standard","has-post-thumbnail","hentry","category-cursos-formacions","category-sense-categoria","tag-adolescents","tag-joves","tag-participacio","tag-participacio-juvenil","tag-transformacio-social"],"yoast_head":"<!-- This site is optimized with the Yoast SEO plugin v27.5 - https:\/\/yoast.com\/product\/yoast-seo-wordpress\/ -->\n<title>Casals de Joves obre la trobada d&#039;adolescents Km.0 a esplais i caus - Esplac<\/title>\n<meta name=\"robots\" content=\"index, follow, max-snippet:-1, max-image-preview:large, max-video-preview:-1\" \/>\n<link rel=\"canonical\" href=\"https:\/\/www.esplac.cat\/km-0\/\" \/>\n<meta property=\"og:locale\" content=\"es_ES\" \/>\n<meta property=\"og:type\" content=\"article\" \/>\n<meta property=\"og:title\" content=\"Casals de Joves obre la trobada d&#039;adolescents Km.0 a esplais i caus - Esplac\" \/>\n<meta property=\"og:description\" content=\"El Km.0 \u00e9s una trobada d\u2019adolescents organitzada per Casals de [&hellip;]\" \/>\n<meta property=\"og:url\" content=\"https:\/\/www.esplac.cat\/km-0\/\" \/>\n<meta property=\"og:site_name\" content=\"Esplac\" \/>\n<meta property=\"article:published_time\" content=\"2016-05-03T11:43:17+00:00\" \/>\n<meta property=\"og:image\" content=\"https:\/\/www.esplac.cat\/wp-content\/uploads\/2016\/05\/20160503_trobada-adoles-casals.jpg\" \/>\n\t<meta property=\"og:image:width\" content=\"847\" \/>\n\t<meta property=\"og:image:height\" content=\"351\" \/>\n\t<meta property=\"og:image:type\" content=\"image\/jpeg\" \/>\n<meta name=\"author\" content=\"Comunicaci\u00f3 Esplac\" \/>\n<meta name=\"twitter:card\" content=\"summary_large_image\" \/>\n<meta name=\"twitter:label1\" content=\"Escrito por\" \/>\n\t<meta name=\"twitter:data1\" content=\"Comunicaci\u00f3 Esplac\" \/>\n\t<meta name=\"twitter:label2\" content=\"Tiempo de lectura\" \/>\n\t<meta name=\"twitter:data2\" content=\"1 minuto\" \/>\n<script type=\"application\/ld+json\" class=\"yoast-schema-graph\">{\"@context\":\"https:\\\/\\\/schema.org\",\"@graph\":[{\"@type\":\"Article\",\"@id\":\"https:\\\/\\\/www.esplac.cat\\\/km-0\\\/#article\",\"isPartOf\":{\"@id\":\"https:\\\/\\\/www.esplac.cat\\\/km-0\\\/\"},\"author\":{\"name\":\"Comunicaci\u00f3 Esplac\",\"@id\":\"https:\\\/\\\/www.esplac.cat\\\/#\\\/schema\\\/person\\\/908383cf240be18b68f8855d0583faca\"},\"headline\":\"Casals de Joves obre la trobada d&#8217;adolescents Km.0 a esplais i caus\",\"datePublished\":\"2016-05-03T11:43:17+00:00\",\"mainEntityOfPage\":{\"@id\":\"https:\\\/\\\/www.esplac.cat\\\/km-0\\\/\"},\"wordCount\":255,\"publisher\":{\"@id\":\"https:\\\/\\\/www.esplac.cat\\\/#organization\"},\"image\":{\"@id\":\"https:\\\/\\\/www.esplac.cat\\\/km-0\\\/#primaryimage\"},\"thumbnailUrl\":\"https:\\\/\\\/www.esplac.cat\\\/wp-content\\\/uploads\\\/2016\\\/05\\\/20160503_trobada-adoles-casals.jpg\",\"keywords\":[\"adolescents\",\"joves\",\"participaci\u00f3\",\"participaci\u00f3 juvenil\",\"transformaci\u00f3 social\"],\"articleSection\":[\"Cursos i formacions\",\"Sense categoria\"],\"inLanguage\":\"es\"},{\"@type\":\"WebPage\",\"@id\":\"https:\\\/\\\/www.esplac.cat\\\/km-0\\\/\",\"url\":\"https:\\\/\\\/www.esplac.cat\\\/km-0\\\/\",\"name\":\"Casals de Joves obre la trobada d'adolescents Km.0 a esplais i caus - Esplac\",\"isPartOf\":{\"@id\":\"https:\\\/\\\/www.esplac.cat\\\/#website\"},\"primaryImageOfPage\":{\"@id\":\"https:\\\/\\\/www.esplac.cat\\\/km-0\\\/#primaryimage\"},\"image\":{\"@id\":\"https:\\\/\\\/www.esplac.cat\\\/km-0\\\/#primaryimage\"},\"thumbnailUrl\":\"https:\\\/\\\/www.esplac.cat\\\/wp-content\\\/uploads\\\/2016\\\/05\\\/20160503_trobada-adoles-casals.jpg\",\"datePublished\":\"2016-05-03T11:43:17+00:00\",\"breadcrumb\":{\"@id\":\"https:\\\/\\\/www.esplac.cat\\\/km-0\\\/#breadcrumb\"},\"inLanguage\":\"es\",\"potentialAction\":[{\"@type\":\"ReadAction\",\"target\":[\"https:\\\/\\\/www.esplac.cat\\\/km-0\\\/\"]}]},{\"@type\":\"ImageObject\",\"inLanguage\":\"es\",\"@id\":\"https:\\\/\\\/www.esplac.cat\\\/km-0\\\/#primaryimage\",\"url\":\"https:\\\/\\\/www.esplac.cat\\\/wp-content\\\/uploads\\\/2016\\\/05\\\/20160503_trobada-adoles-casals.jpg\",\"contentUrl\":\"https:\\\/\\\/www.esplac.cat\\\/wp-content\\\/uploads\\\/2016\\\/05\\\/20160503_trobada-adoles-casals.jpg\",\"width\":847,\"height\":351},{\"@type\":\"BreadcrumbList\",\"@id\":\"https:\\\/\\\/www.esplac.cat\\\/km-0\\\/#breadcrumb\",\"itemListElement\":[{\"@type\":\"ListItem\",\"position\":1,\"name\":\"Inici\",\"item\":\"https:\\\/\\\/www.esplac.cat\\\/es\\\/\"},{\"@type\":\"ListItem\",\"position\":2,\"name\":\"Casals de Joves obre la trobada d&#8217;adolescents Km.0 a esplais i caus\"}]},{\"@type\":\"WebSite\",\"@id\":\"https:\\\/\\\/www.esplac.cat\\\/#website\",\"url\":\"https:\\\/\\\/www.esplac.cat\\\/\",\"name\":\"Esplac\",\"description\":\"Esplais Catalans\",\"publisher\":{\"@id\":\"https:\\\/\\\/www.esplac.cat\\\/#organization\"},\"potentialAction\":[{\"@type\":\"SearchAction\",\"target\":{\"@type\":\"EntryPoint\",\"urlTemplate\":\"https:\\\/\\\/www.esplac.cat\\\/?s={search_term_string}\"},\"query-input\":{\"@type\":\"PropertyValueSpecification\",\"valueRequired\":true,\"valueName\":\"search_term_string\"}}],\"inLanguage\":\"es\"},{\"@type\":\"Organization\",\"@id\":\"https:\\\/\\\/www.esplac.cat\\\/#organization\",\"name\":\"Esplac\",\"url\":\"https:\\\/\\\/www.esplac.cat\\\/\",\"logo\":{\"@type\":\"ImageObject\",\"inLanguage\":\"es\",\"@id\":\"https:\\\/\\\/www.esplac.cat\\\/#\\\/schema\\\/logo\\\/image\\\/\",\"url\":\"https:\\\/\\\/www.esplac.cat\\\/wp-content\\\/uploads\\\/2019\\\/08\\\/logox2.png\",\"contentUrl\":\"https:\\\/\\\/www.esplac.cat\\\/wp-content\\\/uploads\\\/2019\\\/08\\\/logox2.png\",\"width\":600,\"height\":295,\"caption\":\"Esplac\"},\"image\":{\"@id\":\"https:\\\/\\\/www.esplac.cat\\\/#\\\/schema\\\/logo\\\/image\\\/\"}},{\"@type\":\"Person\",\"@id\":\"https:\\\/\\\/www.esplac.cat\\\/#\\\/schema\\\/person\\\/908383cf240be18b68f8855d0583faca\",\"name\":\"Comunicaci\u00f3 Esplac\",\"image\":{\"@type\":\"ImageObject\",\"inLanguage\":\"es\",\"@id\":\"https:\\\/\\\/secure.gravatar.com\\\/avatar\\\/7a4cf8feb412a76ea4a740ca02d95b06b2907b5a6c648c2dd0a1082a093c3141?s=96&d=mm&r=g\",\"url\":\"https:\\\/\\\/secure.gravatar.com\\\/avatar\\\/7a4cf8feb412a76ea4a740ca02d95b06b2907b5a6c648c2dd0a1082a093c3141?s=96&d=mm&r=g\",\"contentUrl\":\"https:\\\/\\\/secure.gravatar.com\\\/avatar\\\/7a4cf8feb412a76ea4a740ca02d95b06b2907b5a6c648c2dd0a1082a093c3141?s=96&d=mm&r=g\",\"caption\":\"Comunicaci\u00f3 Esplac\"}}]}<\/script>\n<!-- \/ Yoast SEO plugin. -->","yoast_head_json":{"title":"Casals de Joves obre la trobada d'adolescents Km.0 a esplais i caus - Esplac","robots":{"index":"index","follow":"follow","max-snippet":"max-snippet:-1","max-image-preview":"max-image-preview:large","max-video-preview":"max-video-preview:-1"},"canonical":"https:\/\/www.esplac.cat\/km-0\/","og_locale":"es_ES","og_type":"article","og_title":"Casals de Joves obre la trobada d'adolescents Km.0 a esplais i caus - Esplac","og_description":"El Km.0 \u00e9s una trobada d\u2019adolescents organitzada per Casals de [&hellip;]","og_url":"https:\/\/www.esplac.cat\/km-0\/","og_site_name":"Esplac","article_published_time":"2016-05-03T11:43:17+00:00","og_image":[{"width":847,"height":351,"url":"https:\/\/www.esplac.cat\/wp-content\/uploads\/2016\/05\/20160503_trobada-adoles-casals.jpg","type":"image\/jpeg"}],"author":"Comunicaci\u00f3 Esplac","twitter_card":"summary_large_image","twitter_misc":{"Escrito por":"Comunicaci\u00f3 Esplac","Tiempo de lectura":"1 minuto"},"schema":{"@context":"https:\/\/schema.org","@graph":[{"@type":"Article","@id":"https:\/\/www.esplac.cat\/km-0\/#article","isPartOf":{"@id":"https:\/\/www.esplac.cat\/km-0\/"},"author":{"name":"Comunicaci\u00f3 Esplac","@id":"https:\/\/www.esplac.cat\/#\/schema\/person\/908383cf240be18b68f8855d0583faca"},"headline":"Casals de Joves obre la trobada d&#8217;adolescents Km.0 a esplais i caus","datePublished":"2016-05-03T11:43:17+00:00","mainEntityOfPage":{"@id":"https:\/\/www.esplac.cat\/km-0\/"},"wordCount":255,"publisher":{"@id":"https:\/\/www.esplac.cat\/#organization"},"image":{"@id":"https:\/\/www.esplac.cat\/km-0\/#primaryimage"},"thumbnailUrl":"https:\/\/www.esplac.cat\/wp-content\/uploads\/2016\/05\/20160503_trobada-adoles-casals.jpg","keywords":["adolescents","joves","participaci\u00f3","participaci\u00f3 juvenil","transformaci\u00f3 social"],"articleSection":["Cursos i formacions","Sense categoria"],"inLanguage":"es"},{"@type":"WebPage","@id":"https:\/\/www.esplac.cat\/km-0\/","url":"https:\/\/www.esplac.cat\/km-0\/","name":"Casals de Joves obre la trobada d'adolescents Km.0 a esplais i caus - Esplac","isPartOf":{"@id":"https:\/\/www.esplac.cat\/#website"},"primaryImageOfPage":{"@id":"https:\/\/www.esplac.cat\/km-0\/#primaryimage"},"image":{"@id":"https:\/\/www.esplac.cat\/km-0\/#primaryimage"},"thumbnailUrl":"https:\/\/www.esplac.cat\/wp-content\/uploads\/2016\/05\/20160503_trobada-adoles-casals.jpg","datePublished":"2016-05-03T11:43:17+00:00","breadcrumb":{"@id":"https:\/\/www.esplac.cat\/km-0\/#breadcrumb"},"inLanguage":"es","potentialAction":[{"@type":"ReadAction","target":["https:\/\/www.esplac.cat\/km-0\/"]}]},{"@type":"ImageObject","inLanguage":"es","@id":"https:\/\/www.esplac.cat\/km-0\/#primaryimage","url":"https:\/\/www.esplac.cat\/wp-content\/uploads\/2016\/05\/20160503_trobada-adoles-casals.jpg","contentUrl":"https:\/\/www.esplac.cat\/wp-content\/uploads\/2016\/05\/20160503_trobada-adoles-casals.jpg","width":847,"height":351},{"@type":"BreadcrumbList","@id":"https:\/\/www.esplac.cat\/km-0\/#breadcrumb","itemListElement":[{"@type":"ListItem","position":1,"name":"Inici","item":"https:\/\/www.esplac.cat\/es\/"},{"@type":"ListItem","position":2,"name":"Casals de Joves obre la trobada d&#8217;adolescents Km.0 a esplais i caus"}]},{"@type":"WebSite","@id":"https:\/\/www.esplac.cat\/#website","url":"https:\/\/www.esplac.cat\/","name":"Esplac","description":"Esplais Catalans","publisher":{"@id":"https:\/\/www.esplac.cat\/#organization"},"potentialAction":[{"@type":"SearchAction","target":{"@type":"EntryPoint","urlTemplate":"https:\/\/www.esplac.cat\/?s={search_term_string}"},"query-input":{"@type":"PropertyValueSpecification","valueRequired":true,"valueName":"search_term_string"}}],"inLanguage":"es"},{"@type":"Organization","@id":"https:\/\/www.esplac.cat\/#organization","name":"Esplac","url":"https:\/\/www.esplac.cat\/","logo":{"@type":"ImageObject","inLanguage":"es","@id":"https:\/\/www.esplac.cat\/#\/schema\/logo\/image\/","url":"https:\/\/www.esplac.cat\/wp-content\/uploads\/2019\/08\/logox2.png","contentUrl":"https:\/\/www.esplac.cat\/wp-content\/uploads\/2019\/08\/logox2.png","width":600,"height":295,"caption":"Esplac"},"image":{"@id":"https:\/\/www.esplac.cat\/#\/schema\/logo\/image\/"}},{"@type":"Person","@id":"https:\/\/www.esplac.cat\/#\/schema\/person\/908383cf240be18b68f8855d0583faca","name":"Comunicaci\u00f3 Esplac","image":{"@type":"ImageObject","inLanguage":"es","@id":"https:\/\/secure.gravatar.com\/avatar\/7a4cf8feb412a76ea4a740ca02d95b06b2907b5a6c648c2dd0a1082a093c3141?s=96&d=mm&r=g","url":"https:\/\/secure.gravatar.com\/avatar\/7a4cf8feb412a76ea4a740ca02d95b06b2907b5a6c648c2dd0a1082a093c3141?s=96&d=mm&r=g","contentUrl":"https:\/\/secure.gravatar.com\/avatar\/7a4cf8feb412a76ea4a740ca02d95b06b2907b5a6c648c2dd0a1082a093c3141?s=96&d=mm&r=g","caption":"Comunicaci\u00f3 Esplac"}}]}},"_links":{"self":[{"href":"https:\/\/www.esplac.cat\/es\/wp-json\/wp\/v2\/posts\/25245","targetHints":{"allow":["GET"]}}],"collection":[{"href":"https:\/\/www.esplac.cat\/es\/wp-json\/wp\/v2\/posts"}],"about":[{"href":"https:\/\/www.esplac.cat\/es\/wp-json\/wp\/v2\/types\/post"}],"author":[{"embeddable":true,"href":"https:\/\/www.esplac.cat\/es\/wp-json\/wp\/v2\/users\/3"}],"replies":[{"embeddable":true,"href":"https:\/\/www.esplac.cat\/es\/wp-json\/wp\/v2\/comments?post=25245"}],"version-history":[{"count":0,"href":"https:\/\/www.esplac.cat\/es\/wp-json\/wp\/v2\/posts\/25245\/revisions"}],"wp:featuredmedia":[{"embeddable":true,"href":"https:\/\/www.esplac.cat\/es\/wp-json\/wp\/v2\/media\/25246"}],"wp:attachment":[{"href":"https:\/\/www.esplac.cat\/es\/wp-json\/wp\/v2\/media?parent=25245"}],"wp:term":[{"taxonomy":"category","embeddable":true,"href":"https:\/\/www.esplac.cat\/es\/wp-json\/wp\/v2\/categories?post=25245"},{"taxonomy":"post_tag","embeddable":true,"href":"https:\/\/www.esplac.cat\/es\/wp-json\/wp\/v2\/tags?post=25245"}],"curies":[{"name":"wp","href":"https:\/\/api.w.org\/{rel}","templated":true}]}}