{"id":25247,"date":"2016-05-03T11:58:05","date_gmt":"2016-05-03T09:58:05","guid":{"rendered":"http:\/\/esplac.cat\/?p=10552"},"modified":"2016-05-03T11:58:05","modified_gmt":"2016-05-03T09:58:05","slug":"les-konjuntivitis-espais-fomatius-autogestionats-en-marxa","status":"publish","type":"post","link":"https:\/\/www.esplac.cat\/es\/les-konjuntivitis-espais-fomatius-autogestionats-en-marxa\/","title":{"rendered":"Les Konjuntivitis: espais fomatius autogestionats en marxa!"},"content":{"rendered":"<p style=\"text-align: justify;\"><span style=\"font-weight: 400;\">Les <strong>Konjuntivitis<\/strong> s\u00f3n les trobades de grups d\u2019edat dels esplais de Barcelona. L\u2019objectiu d\u2019aquestes s\u00f3n promoure espais d\u2019intercanvi, coneixen\u00e7a i cohesi\u00f3 entre els infants i joves dels esplais. A m\u00e9s, les Konjuntivitis on hi participen joves, volem potenciar espais formatius autogestionats que responguin a interessos i necessitats de les participants.<\/span><\/p>\n<p style=\"text-align: justify;\"><span style=\"font-weight: 400;\">Aquest curs n\u2019organitzem 5, que es realitzaran el cap de setmana del 7 i 8 de maig (a excepci\u00f3 de la Konjuntivitis XICS-Petits, que ser\u00e0 el 28 i 29 de maig). Portem treballant en aquesta activitat des del mes de desembre, amb debats sobre la gesti\u00f3 dels grups d\u2019edat, promoci\u00f3 de la participaci\u00f3 i organitzaci\u00f3 de les mateixes trobades d\u2019edat. D\u2019aquesta manera, les Konjuntivitis seran:<\/span><\/p>\n<ul>\n<li style=\"font-weight: 400; text-align: justify;\"><b>Joves (6, 7 i 8 de maig)<\/b><span style=\"font-weight: 400;\">. Hi participaran els esplais C.E. Boix, Kasperle, L\u2019Olivera Rodona i SCV-El Clot. El planing de la konjuntivitis ha partit de l\u2019inter\u00e8s de les joves: divendres farem activitats de coneixen\u00e7a, dissabte formacions al mat\u00ed i tallers a la tarda (serigrafia-samarretes i formacions autogestionades) i diumenge, recollirem i marxarem. Estarem acampant al terreny de la casa de col\u00f2nies de El Mogent.<\/span><\/li>\n<li style=\"font-weight: 400; text-align: justify;\"><b>Grans 2 (7 i 8 de maig)<\/b><span style=\"font-weight: 400;\">: Els i les adolescents dels esplais Guineueta, Kasperle, La Platgeta de la Marina, Torxa, Totikap i Xang\u00f3 marxen cap a Vilassar de Dalt a participar de la seva Konjuntivitis. Aquesta tindr\u00e0 un centre d\u2019inter\u00e8s que girar\u00e0 per tal promoure el treball en equip.<\/span><\/li>\n<li style=\"font-weight: 400; text-align: justify;\"><b>Grans 1 (7 i 8 de maig)<\/b><span style=\"font-weight: 400;\">:<\/span><span style=\"font-weight: 400;\"> Els esplais C.E. Boix, SCV-El Clot i Totikap marxaran al terreny d\u2019acampada la Riba (a l\u2019Alt Camp). Despr\u00e9s d\u2019un proc\u00e9s participatiu on les adolescents dels esplais han proposat i decidit en assemblea quines activitats realitzaran durant el cap de setmana, les monitores ho lligaran tot al voltant de l\u2019educaci\u00f3 ambiental.<\/span><\/li>\n<li style=\"font-weight: 400; text-align: justify;\"><b>Mitjans (7 i 8 de maig)<\/b><span style=\"font-weight: 400;\">: Aniran a Caldes d\u2019Estrac, i dormiran al pavell\u00f3 municipal del municipi. Els grups de mitjans dels esplais Kasperle i la Platgeta de la Marina participaran d\u2019una trobada conjunta amb activitats i estones a la platja!<\/span><\/li>\n<li style=\"font-weight: 400; text-align: justify;\"><b>Xics-Petits (28 i 29 de maig)<\/b><span style=\"font-weight: 400;\">: Les m\u00e9s petites dels esplais de l\u2019Isard-Flor de Neu i Kasperle marxen a finals de maig a un c\u00e0mping de Blanes. La comissi\u00f3 de la konjuntivitis est\u00e0 preparant un cap de setmana molt imaginatiu on podran gaudir de l\u2019estiu que ja s\u2019apropa!<\/span><\/li>\n<\/ul>\n","protected":false},"excerpt":{"rendered":"<p>Les Konjuntivitis s\u00f3n les trobades de grups d\u2019edat dels esplais [&hellip;]<\/p>\n","protected":false},"author":3,"featured_media":25248,"comment_status":"closed","ping_status":"open","sticky":false,"template":"","format":"standard","meta":{"om_disable_all_campaigns":false,"_monsterinsights_skip_tracking":false,"_monsterinsights_sitenote_active":false,"_monsterinsights_sitenote_note":"","_monsterinsights_sitenote_category":0,"_uf_show_specific_survey":0,"_uf_disable_surveys":false,"footnotes":""},"categories":[1110,1131,1128],"tags":[605,282,119,709],"class_list":["post-25247","post","type-post","status-publish","format-standard","has-post-thumbnail","hentry","category-activitats-sectors","category-cursos-formacions","category-sector-barcelona","tag-grups-dedat","tag-konjuntivitis","tag-sector-barcelona","tag-trobades"],"yoast_head":"<!-- This site is optimized with the Yoast SEO plugin v27.5 - https:\/\/yoast.com\/product\/yoast-seo-wordpress\/ -->\n<title>Les Konjuntivitis: espais fomatius autogestionats en marxa! - Esplac<\/title>\n<meta name=\"robots\" content=\"index, follow, max-snippet:-1, max-image-preview:large, max-video-preview:-1\" \/>\n<link rel=\"canonical\" href=\"https:\/\/www.esplac.cat\/les-konjuntivitis-espais-fomatius-autogestionats-en-marxa\/\" \/>\n<meta property=\"og:locale\" content=\"es_ES\" \/>\n<meta property=\"og:type\" content=\"article\" \/>\n<meta property=\"og:title\" content=\"Les Konjuntivitis: espais fomatius autogestionats en marxa! - Esplac\" \/>\n<meta property=\"og:description\" content=\"Les Konjuntivitis s\u00f3n les trobades de grups d\u2019edat dels esplais [&hellip;]\" \/>\n<meta property=\"og:url\" content=\"https:\/\/www.esplac.cat\/les-konjuntivitis-espais-fomatius-autogestionats-en-marxa\/\" \/>\n<meta property=\"og:site_name\" content=\"Esplac\" \/>\n<meta property=\"article:published_time\" content=\"2016-05-03T09:58:05+00:00\" \/>\n<meta property=\"og:image\" content=\"https:\/\/www.esplac.cat\/wp-content\/uploads\/2016\/05\/20160603_Konjuntivitis-bcn16.jpg\" \/>\n\t<meta property=\"og:image:width\" content=\"847\" \/>\n\t<meta property=\"og:image:height\" content=\"351\" \/>\n\t<meta property=\"og:image:type\" content=\"image\/jpeg\" \/>\n<meta name=\"author\" content=\"Comunicaci\u00f3 Esplac\" \/>\n<meta name=\"twitter:card\" content=\"summary_large_image\" \/>\n<meta name=\"twitter:label1\" content=\"Escrito por\" \/>\n\t<meta name=\"twitter:data1\" content=\"Comunicaci\u00f3 Esplac\" \/>\n\t<meta name=\"twitter:label2\" content=\"Tiempo de lectura\" \/>\n\t<meta name=\"twitter:data2\" content=\"2 minutos\" \/>\n<script type=\"application\/ld+json\" class=\"yoast-schema-graph\">{\"@context\":\"https:\\\/\\\/schema.org\",\"@graph\":[{\"@type\":\"Article\",\"@id\":\"https:\\\/\\\/www.esplac.cat\\\/les-konjuntivitis-espais-fomatius-autogestionats-en-marxa\\\/#article\",\"isPartOf\":{\"@id\":\"https:\\\/\\\/www.esplac.cat\\\/les-konjuntivitis-espais-fomatius-autogestionats-en-marxa\\\/\"},\"author\":{\"name\":\"Comunicaci\u00f3 Esplac\",\"@id\":\"https:\\\/\\\/www.esplac.cat\\\/#\\\/schema\\\/person\\\/908383cf240be18b68f8855d0583faca\"},\"headline\":\"Les Konjuntivitis: espais fomatius autogestionats en marxa!\",\"datePublished\":\"2016-05-03T09:58:05+00:00\",\"mainEntityOfPage\":{\"@id\":\"https:\\\/\\\/www.esplac.cat\\\/les-konjuntivitis-espais-fomatius-autogestionats-en-marxa\\\/\"},\"wordCount\":400,\"publisher\":{\"@id\":\"https:\\\/\\\/www.esplac.cat\\\/#organization\"},\"image\":{\"@id\":\"https:\\\/\\\/www.esplac.cat\\\/les-konjuntivitis-espais-fomatius-autogestionats-en-marxa\\\/#primaryimage\"},\"thumbnailUrl\":\"https:\\\/\\\/www.esplac.cat\\\/wp-content\\\/uploads\\\/2016\\\/05\\\/20160603_Konjuntivitis-bcn16.jpg\",\"keywords\":[\"grups d'edat\",\"konjuntivitis\",\"sector Barcelona\",\"trobades\"],\"articleSection\":[\"Activitats sectors\",\"Cursos i formacions\",\"Sector Barcelona\"],\"inLanguage\":\"es\"},{\"@type\":\"WebPage\",\"@id\":\"https:\\\/\\\/www.esplac.cat\\\/les-konjuntivitis-espais-fomatius-autogestionats-en-marxa\\\/\",\"url\":\"https:\\\/\\\/www.esplac.cat\\\/les-konjuntivitis-espais-fomatius-autogestionats-en-marxa\\\/\",\"name\":\"Les Konjuntivitis: espais fomatius autogestionats en marxa! - Esplac\",\"isPartOf\":{\"@id\":\"https:\\\/\\\/www.esplac.cat\\\/#website\"},\"primaryImageOfPage\":{\"@id\":\"https:\\\/\\\/www.esplac.cat\\\/les-konjuntivitis-espais-fomatius-autogestionats-en-marxa\\\/#primaryimage\"},\"image\":{\"@id\":\"https:\\\/\\\/www.esplac.cat\\\/les-konjuntivitis-espais-fomatius-autogestionats-en-marxa\\\/#primaryimage\"},\"thumbnailUrl\":\"https:\\\/\\\/www.esplac.cat\\\/wp-content\\\/uploads\\\/2016\\\/05\\\/20160603_Konjuntivitis-bcn16.jpg\",\"datePublished\":\"2016-05-03T09:58:05+00:00\",\"breadcrumb\":{\"@id\":\"https:\\\/\\\/www.esplac.cat\\\/les-konjuntivitis-espais-fomatius-autogestionats-en-marxa\\\/#breadcrumb\"},\"inLanguage\":\"es\",\"potentialAction\":[{\"@type\":\"ReadAction\",\"target\":[\"https:\\\/\\\/www.esplac.cat\\\/les-konjuntivitis-espais-fomatius-autogestionats-en-marxa\\\/\"]}]},{\"@type\":\"ImageObject\",\"inLanguage\":\"es\",\"@id\":\"https:\\\/\\\/www.esplac.cat\\\/les-konjuntivitis-espais-fomatius-autogestionats-en-marxa\\\/#primaryimage\",\"url\":\"https:\\\/\\\/www.esplac.cat\\\/wp-content\\\/uploads\\\/2016\\\/05\\\/20160603_Konjuntivitis-bcn16.jpg\",\"contentUrl\":\"https:\\\/\\\/www.esplac.cat\\\/wp-content\\\/uploads\\\/2016\\\/05\\\/20160603_Konjuntivitis-bcn16.jpg\",\"width\":847,\"height\":351},{\"@type\":\"BreadcrumbList\",\"@id\":\"https:\\\/\\\/www.esplac.cat\\\/les-konjuntivitis-espais-fomatius-autogestionats-en-marxa\\\/#breadcrumb\",\"itemListElement\":[{\"@type\":\"ListItem\",\"position\":1,\"name\":\"Inici\",\"item\":\"https:\\\/\\\/www.esplac.cat\\\/es\\\/\"},{\"@type\":\"ListItem\",\"position\":2,\"name\":\"Les Konjuntivitis: espais fomatius autogestionats en marxa!\"}]},{\"@type\":\"WebSite\",\"@id\":\"https:\\\/\\\/www.esplac.cat\\\/#website\",\"url\":\"https:\\\/\\\/www.esplac.cat\\\/\",\"name\":\"Esplac\",\"description\":\"Esplais Catalans\",\"publisher\":{\"@id\":\"https:\\\/\\\/www.esplac.cat\\\/#organization\"},\"potentialAction\":[{\"@type\":\"SearchAction\",\"target\":{\"@type\":\"EntryPoint\",\"urlTemplate\":\"https:\\\/\\\/www.esplac.cat\\\/?s={search_term_string}\"},\"query-input\":{\"@type\":\"PropertyValueSpecification\",\"valueRequired\":true,\"valueName\":\"search_term_string\"}}],\"inLanguage\":\"es\"},{\"@type\":\"Organization\",\"@id\":\"https:\\\/\\\/www.esplac.cat\\\/#organization\",\"name\":\"Esplac\",\"url\":\"https:\\\/\\\/www.esplac.cat\\\/\",\"logo\":{\"@type\":\"ImageObject\",\"inLanguage\":\"es\",\"@id\":\"https:\\\/\\\/www.esplac.cat\\\/#\\\/schema\\\/logo\\\/image\\\/\",\"url\":\"https:\\\/\\\/www.esplac.cat\\\/wp-content\\\/uploads\\\/2019\\\/08\\\/logox2.png\",\"contentUrl\":\"https:\\\/\\\/www.esplac.cat\\\/wp-content\\\/uploads\\\/2019\\\/08\\\/logox2.png\",\"width\":600,\"height\":295,\"caption\":\"Esplac\"},\"image\":{\"@id\":\"https:\\\/\\\/www.esplac.cat\\\/#\\\/schema\\\/logo\\\/image\\\/\"}},{\"@type\":\"Person\",\"@id\":\"https:\\\/\\\/www.esplac.cat\\\/#\\\/schema\\\/person\\\/908383cf240be18b68f8855d0583faca\",\"name\":\"Comunicaci\u00f3 Esplac\",\"image\":{\"@type\":\"ImageObject\",\"inLanguage\":\"es\",\"@id\":\"https:\\\/\\\/secure.gravatar.com\\\/avatar\\\/7a4cf8feb412a76ea4a740ca02d95b06b2907b5a6c648c2dd0a1082a093c3141?s=96&d=mm&r=g\",\"url\":\"https:\\\/\\\/secure.gravatar.com\\\/avatar\\\/7a4cf8feb412a76ea4a740ca02d95b06b2907b5a6c648c2dd0a1082a093c3141?s=96&d=mm&r=g\",\"contentUrl\":\"https:\\\/\\\/secure.gravatar.com\\\/avatar\\\/7a4cf8feb412a76ea4a740ca02d95b06b2907b5a6c648c2dd0a1082a093c3141?s=96&d=mm&r=g\",\"caption\":\"Comunicaci\u00f3 Esplac\"}}]}<\/script>\n<!-- \/ Yoast SEO plugin. -->","yoast_head_json":{"title":"Les Konjuntivitis: espais fomatius autogestionats en marxa! - Esplac","robots":{"index":"index","follow":"follow","max-snippet":"max-snippet:-1","max-image-preview":"max-image-preview:large","max-video-preview":"max-video-preview:-1"},"canonical":"https:\/\/www.esplac.cat\/les-konjuntivitis-espais-fomatius-autogestionats-en-marxa\/","og_locale":"es_ES","og_type":"article","og_title":"Les Konjuntivitis: espais fomatius autogestionats en marxa! - Esplac","og_description":"Les Konjuntivitis s\u00f3n les trobades de grups d\u2019edat dels esplais [&hellip;]","og_url":"https:\/\/www.esplac.cat\/les-konjuntivitis-espais-fomatius-autogestionats-en-marxa\/","og_site_name":"Esplac","article_published_time":"2016-05-03T09:58:05+00:00","og_image":[{"width":847,"height":351,"url":"https:\/\/www.esplac.cat\/wp-content\/uploads\/2016\/05\/20160603_Konjuntivitis-bcn16.jpg","type":"image\/jpeg"}],"author":"Comunicaci\u00f3 Esplac","twitter_card":"summary_large_image","twitter_misc":{"Escrito por":"Comunicaci\u00f3 Esplac","Tiempo de lectura":"2 minutos"},"schema":{"@context":"https:\/\/schema.org","@graph":[{"@type":"Article","@id":"https:\/\/www.esplac.cat\/les-konjuntivitis-espais-fomatius-autogestionats-en-marxa\/#article","isPartOf":{"@id":"https:\/\/www.esplac.cat\/les-konjuntivitis-espais-fomatius-autogestionats-en-marxa\/"},"author":{"name":"Comunicaci\u00f3 Esplac","@id":"https:\/\/www.esplac.cat\/#\/schema\/person\/908383cf240be18b68f8855d0583faca"},"headline":"Les Konjuntivitis: espais fomatius autogestionats en marxa!","datePublished":"2016-05-03T09:58:05+00:00","mainEntityOfPage":{"@id":"https:\/\/www.esplac.cat\/les-konjuntivitis-espais-fomatius-autogestionats-en-marxa\/"},"wordCount":400,"publisher":{"@id":"https:\/\/www.esplac.cat\/#organization"},"image":{"@id":"https:\/\/www.esplac.cat\/les-konjuntivitis-espais-fomatius-autogestionats-en-marxa\/#primaryimage"},"thumbnailUrl":"https:\/\/www.esplac.cat\/wp-content\/uploads\/2016\/05\/20160603_Konjuntivitis-bcn16.jpg","keywords":["grups d'edat","konjuntivitis","sector Barcelona","trobades"],"articleSection":["Activitats sectors","Cursos i formacions","Sector Barcelona"],"inLanguage":"es"},{"@type":"WebPage","@id":"https:\/\/www.esplac.cat\/les-konjuntivitis-espais-fomatius-autogestionats-en-marxa\/","url":"https:\/\/www.esplac.cat\/les-konjuntivitis-espais-fomatius-autogestionats-en-marxa\/","name":"Les Konjuntivitis: espais fomatius autogestionats en marxa! - Esplac","isPartOf":{"@id":"https:\/\/www.esplac.cat\/#website"},"primaryImageOfPage":{"@id":"https:\/\/www.esplac.cat\/les-konjuntivitis-espais-fomatius-autogestionats-en-marxa\/#primaryimage"},"image":{"@id":"https:\/\/www.esplac.cat\/les-konjuntivitis-espais-fomatius-autogestionats-en-marxa\/#primaryimage"},"thumbnailUrl":"https:\/\/www.esplac.cat\/wp-content\/uploads\/2016\/05\/20160603_Konjuntivitis-bcn16.jpg","datePublished":"2016-05-03T09:58:05+00:00","breadcrumb":{"@id":"https:\/\/www.esplac.cat\/les-konjuntivitis-espais-fomatius-autogestionats-en-marxa\/#breadcrumb"},"inLanguage":"es","potentialAction":[{"@type":"ReadAction","target":["https:\/\/www.esplac.cat\/les-konjuntivitis-espais-fomatius-autogestionats-en-marxa\/"]}]},{"@type":"ImageObject","inLanguage":"es","@id":"https:\/\/www.esplac.cat\/les-konjuntivitis-espais-fomatius-autogestionats-en-marxa\/#primaryimage","url":"https:\/\/www.esplac.cat\/wp-content\/uploads\/2016\/05\/20160603_Konjuntivitis-bcn16.jpg","contentUrl":"https:\/\/www.esplac.cat\/wp-content\/uploads\/2016\/05\/20160603_Konjuntivitis-bcn16.jpg","width":847,"height":351},{"@type":"BreadcrumbList","@id":"https:\/\/www.esplac.cat\/les-konjuntivitis-espais-fomatius-autogestionats-en-marxa\/#breadcrumb","itemListElement":[{"@type":"ListItem","position":1,"name":"Inici","item":"https:\/\/www.esplac.cat\/es\/"},{"@type":"ListItem","position":2,"name":"Les Konjuntivitis: espais fomatius autogestionats en marxa!"}]},{"@type":"WebSite","@id":"https:\/\/www.esplac.cat\/#website","url":"https:\/\/www.esplac.cat\/","name":"Esplac","description":"Esplais Catalans","publisher":{"@id":"https:\/\/www.esplac.cat\/#organization"},"potentialAction":[{"@type":"SearchAction","target":{"@type":"EntryPoint","urlTemplate":"https:\/\/www.esplac.cat\/?s={search_term_string}"},"query-input":{"@type":"PropertyValueSpecification","valueRequired":true,"valueName":"search_term_string"}}],"inLanguage":"es"},{"@type":"Organization","@id":"https:\/\/www.esplac.cat\/#organization","name":"Esplac","url":"https:\/\/www.esplac.cat\/","logo":{"@type":"ImageObject","inLanguage":"es","@id":"https:\/\/www.esplac.cat\/#\/schema\/logo\/image\/","url":"https:\/\/www.esplac.cat\/wp-content\/uploads\/2019\/08\/logox2.png","contentUrl":"https:\/\/www.esplac.cat\/wp-content\/uploads\/2019\/08\/logox2.png","width":600,"height":295,"caption":"Esplac"},"image":{"@id":"https:\/\/www.esplac.cat\/#\/schema\/logo\/image\/"}},{"@type":"Person","@id":"https:\/\/www.esplac.cat\/#\/schema\/person\/908383cf240be18b68f8855d0583faca","name":"Comunicaci\u00f3 Esplac","image":{"@type":"ImageObject","inLanguage":"es","@id":"https:\/\/secure.gravatar.com\/avatar\/7a4cf8feb412a76ea4a740ca02d95b06b2907b5a6c648c2dd0a1082a093c3141?s=96&d=mm&r=g","url":"https:\/\/secure.gravatar.com\/avatar\/7a4cf8feb412a76ea4a740ca02d95b06b2907b5a6c648c2dd0a1082a093c3141?s=96&d=mm&r=g","contentUrl":"https:\/\/secure.gravatar.com\/avatar\/7a4cf8feb412a76ea4a740ca02d95b06b2907b5a6c648c2dd0a1082a093c3141?s=96&d=mm&r=g","caption":"Comunicaci\u00f3 Esplac"}}]}},"_links":{"self":[{"href":"https:\/\/www.esplac.cat\/es\/wp-json\/wp\/v2\/posts\/25247","targetHints":{"allow":["GET"]}}],"collection":[{"href":"https:\/\/www.esplac.cat\/es\/wp-json\/wp\/v2\/posts"}],"about":[{"href":"https:\/\/www.esplac.cat\/es\/wp-json\/wp\/v2\/types\/post"}],"author":[{"embeddable":true,"href":"https:\/\/www.esplac.cat\/es\/wp-json\/wp\/v2\/users\/3"}],"replies":[{"embeddable":true,"href":"https:\/\/www.esplac.cat\/es\/wp-json\/wp\/v2\/comments?post=25247"}],"version-history":[{"count":0,"href":"https:\/\/www.esplac.cat\/es\/wp-json\/wp\/v2\/posts\/25247\/revisions"}],"wp:featuredmedia":[{"embeddable":true,"href":"https:\/\/www.esplac.cat\/es\/wp-json\/wp\/v2\/media\/25248"}],"wp:attachment":[{"href":"https:\/\/www.esplac.cat\/es\/wp-json\/wp\/v2\/media?parent=25247"}],"wp:term":[{"taxonomy":"category","embeddable":true,"href":"https:\/\/www.esplac.cat\/es\/wp-json\/wp\/v2\/categories?post=25247"},{"taxonomy":"post_tag","embeddable":true,"href":"https:\/\/www.esplac.cat\/es\/wp-json\/wp\/v2\/tags?post=25247"}],"curies":[{"name":"wp","href":"https:\/\/api.w.org\/{rel}","templated":true}]}}