{"id":25249,"date":"2016-05-02T09:04:53","date_gmt":"2016-05-02T07:04:53","guid":{"rendered":"http:\/\/esplac.cat\/?p=10523"},"modified":"2016-05-02T09:04:53","modified_gmt":"2016-05-02T07:04:53","slug":"reflexionem-sobre-drets-dels-infants-als-sectors","status":"publish","type":"post","link":"https:\/\/www.esplac.cat\/es\/reflexionem-sobre-drets-dels-infants-als-sectors\/","title":{"rendered":"Reflexionem sobre Drets dels Infants als sectors"},"content":{"rendered":"<h4>Cr\u00f2niques de la din\u00e0mica als sectors<\/h4>\n<p style=\"text-align: justify;\">A les reunions de sector realitzades durant el mes de mar\u00e7 vam comen\u00e7ar a posar el fil a l\u2019agulla al treball per al proper 20N, el Dia Universal dels Drets dels Infants. Alguns sectors, com Barcelon\u00e8s-Nord, Bages-Berged\u00e0 i Vall\u00e8s, vam debatre al voltant de preguntes com treballem els drets a l\u2019esplai? Perqu\u00e8 s\u00f3n importants? Com els reivindiquem? Perqu\u00e8 \u00e9s important fer-ho?<\/p>\n<p style=\"text-align: justify;\">M\u00e9s enll\u00e0 de fer una introspecci\u00f3 sobre el treball dels esplais i assumir que, de manera transversal i continuada vetllem per defensar-los, ens vam adonar d\u2019alguns als que no donem import\u00e0ncia ja que els donem per fets, com tenir dret a un nom i nacionalitat. \u00c9s important conscienciar als propis infants i joves sobre els seus drets i el d\u2019altres infants arreu del m\u00f3n, tasca que hem de treballar al llarg de tot el curs.<\/p>\n<p style=\"text-align: justify;\">Mentre comencem a plantejar-nos qu\u00e8 podrem fer el proper 20 de novembre, a nivell d\u2019esplai, de sector i d\u2019Esplais Catalans, recordem que el <a href=\"http:\/\/esplac.cat\/tirant-pel-dret-un-joc-per-treballar-els-drets-humans-i-dels-infants\/\">Joc de taula \u00abTirant pel dret\u00bb<\/a> ens pot servir per treballar els drets humans i dels infants. El podem trobar al Banc de Recursos i demanar-lo en pr\u00e9stec!<\/p>\n<p style=\"text-align: justify;\">Tota la informaci\u00f3 extreta en aquestes reunions de sector es treballar\u00e0 al Gran Comit\u00e8 del mes de maig, d\u2019on esperem surtin idees i propostes reivindicatives de cara al 20N. Mentrestant, us refresquem una noticia amb <a href=\"http:\/\/esplac.cat\/tenimdrets-recursos-per-treballar-els-drets-dels-infants\/\">recursos per treballar els drets dels infants<\/a>, de manera transversal i durant tot l\u2019any. I acompanyar-ho amb els articles de reflexi\u00f3 al voltant de tota aquesta tem\u00e0tica al <a href=\"http:\/\/www.somesplai.cat\/index.php\/category\/monografic\/drets-dels-infants-monografic\/\">Monogr\u00e0fic sobre Drets dels Infants<\/a> del Somesplai.<\/p>\n<p style=\"text-align: justify;\">Us convidem a fer difusi\u00f3 de les activitats que a l\u2019esplai i\/o al sector fem al voltant dels Drets dels Infants a trav\u00e9s dels hastags #tenimveu i #tenimdrets a les xarxes socials!<\/p>\n<p style=\"text-align: justify;\">\n","protected":false},"excerpt":{"rendered":"<p>Cr\u00f2niques de la din\u00e0mica als sectors A les reunions de [&hellip;]<\/p>\n","protected":false},"author":3,"featured_media":25250,"comment_status":"closed","ping_status":"open","sticky":false,"template":"","format":"standard","meta":{"om_disable_all_campaigns":false,"_monsterinsights_skip_tracking":false,"_monsterinsights_sitenote_active":false,"_monsterinsights_sitenote_note":"","_monsterinsights_sitenote_category":0,"_uf_show_specific_survey":0,"_uf_disable_surveys":false,"footnotes":""},"categories":[1135,1110],"tags":[],"class_list":["post-25249","post","type-post","status-publish","format-standard","has-post-thumbnail","hentry","category-20-n-drets-dels-infants","category-activitats-sectors"],"yoast_head":"<!-- This site is optimized with the Yoast SEO plugin v27.4 - https:\/\/yoast.com\/product\/yoast-seo-wordpress\/ -->\n<title>Reflexionem sobre Drets dels Infants als sectors - Esplac<\/title>\n<meta name=\"robots\" content=\"index, follow, max-snippet:-1, max-image-preview:large, max-video-preview:-1\" \/>\n<link rel=\"canonical\" href=\"https:\/\/www.esplac.cat\/es\/reflexionem-sobre-drets-dels-infants-als-sectors\/\" \/>\n<meta property=\"og:locale\" content=\"es_ES\" \/>\n<meta property=\"og:type\" content=\"article\" \/>\n<meta property=\"og:title\" content=\"Reflexionem sobre Drets dels Infants als sectors - Esplac\" \/>\n<meta property=\"og:description\" content=\"Cr\u00f2niques de la din\u00e0mica als sectors A les reunions de [&hellip;]\" \/>\n<meta property=\"og:url\" content=\"https:\/\/www.esplac.cat\/es\/reflexionem-sobre-drets-dels-infants-als-sectors\/\" \/>\n<meta property=\"og:site_name\" content=\"Esplac\" \/>\n<meta property=\"article:published_time\" content=\"2016-05-02T07:04:53+00:00\" \/>\n<meta property=\"og:image\" content=\"https:\/\/www.esplac.cat\/wp-content\/uploads\/2016\/05\/20151211_DUDIBaixLl.jpg\" \/>\n\t<meta property=\"og:image:width\" content=\"847\" \/>\n\t<meta property=\"og:image:height\" content=\"350\" \/>\n\t<meta property=\"og:image:type\" content=\"image\/jpeg\" \/>\n<meta name=\"author\" content=\"Comunicaci\u00f3 Esplac\" \/>\n<meta name=\"twitter:card\" content=\"summary_large_image\" \/>\n<meta name=\"twitter:label1\" content=\"Escrito por\" \/>\n\t<meta name=\"twitter:data1\" content=\"Comunicaci\u00f3 Esplac\" \/>\n\t<meta name=\"twitter:label2\" content=\"Tiempo de lectura\" \/>\n\t<meta name=\"twitter:data2\" content=\"2 minutos\" \/>\n<script type=\"application\/ld+json\" class=\"yoast-schema-graph\">{\"@context\":\"https:\\\/\\\/schema.org\",\"@graph\":[{\"@type\":\"Article\",\"@id\":\"https:\\\/\\\/www.esplac.cat\\\/es\\\/reflexionem-sobre-drets-dels-infants-als-sectors\\\/#article\",\"isPartOf\":{\"@id\":\"https:\\\/\\\/www.esplac.cat\\\/es\\\/reflexionem-sobre-drets-dels-infants-als-sectors\\\/\"},\"author\":{\"name\":\"Comunicaci\u00f3 Esplac\",\"@id\":\"https:\\\/\\\/www.esplac.cat\\\/#\\\/schema\\\/person\\\/908383cf240be18b68f8855d0583faca\"},\"headline\":\"Reflexionem sobre Drets dels Infants als sectors\",\"datePublished\":\"2016-05-02T07:04:53+00:00\",\"mainEntityOfPage\":{\"@id\":\"https:\\\/\\\/www.esplac.cat\\\/es\\\/reflexionem-sobre-drets-dels-infants-als-sectors\\\/\"},\"wordCount\":324,\"publisher\":{\"@id\":\"https:\\\/\\\/www.esplac.cat\\\/#organization\"},\"image\":{\"@id\":\"https:\\\/\\\/www.esplac.cat\\\/es\\\/reflexionem-sobre-drets-dels-infants-als-sectors\\\/#primaryimage\"},\"thumbnailUrl\":\"https:\\\/\\\/www.esplac.cat\\\/wp-content\\\/uploads\\\/2016\\\/05\\\/20151211_DUDIBaixLl.jpg\",\"articleSection\":[\"20-N: Drets dels infants\",\"Activitats sectors\"],\"inLanguage\":\"es\"},{\"@type\":\"WebPage\",\"@id\":\"https:\\\/\\\/www.esplac.cat\\\/es\\\/reflexionem-sobre-drets-dels-infants-als-sectors\\\/\",\"url\":\"https:\\\/\\\/www.esplac.cat\\\/es\\\/reflexionem-sobre-drets-dels-infants-als-sectors\\\/\",\"name\":\"Reflexionem sobre Drets dels Infants als sectors - Esplac\",\"isPartOf\":{\"@id\":\"https:\\\/\\\/www.esplac.cat\\\/#website\"},\"primaryImageOfPage\":{\"@id\":\"https:\\\/\\\/www.esplac.cat\\\/es\\\/reflexionem-sobre-drets-dels-infants-als-sectors\\\/#primaryimage\"},\"image\":{\"@id\":\"https:\\\/\\\/www.esplac.cat\\\/es\\\/reflexionem-sobre-drets-dels-infants-als-sectors\\\/#primaryimage\"},\"thumbnailUrl\":\"https:\\\/\\\/www.esplac.cat\\\/wp-content\\\/uploads\\\/2016\\\/05\\\/20151211_DUDIBaixLl.jpg\",\"datePublished\":\"2016-05-02T07:04:53+00:00\",\"breadcrumb\":{\"@id\":\"https:\\\/\\\/www.esplac.cat\\\/es\\\/reflexionem-sobre-drets-dels-infants-als-sectors\\\/#breadcrumb\"},\"inLanguage\":\"es\",\"potentialAction\":[{\"@type\":\"ReadAction\",\"target\":[\"https:\\\/\\\/www.esplac.cat\\\/es\\\/reflexionem-sobre-drets-dels-infants-als-sectors\\\/\"]}]},{\"@type\":\"ImageObject\",\"inLanguage\":\"es\",\"@id\":\"https:\\\/\\\/www.esplac.cat\\\/es\\\/reflexionem-sobre-drets-dels-infants-als-sectors\\\/#primaryimage\",\"url\":\"https:\\\/\\\/www.esplac.cat\\\/wp-content\\\/uploads\\\/2016\\\/05\\\/20151211_DUDIBaixLl.jpg\",\"contentUrl\":\"https:\\\/\\\/www.esplac.cat\\\/wp-content\\\/uploads\\\/2016\\\/05\\\/20151211_DUDIBaixLl.jpg\",\"width\":847,\"height\":350},{\"@type\":\"BreadcrumbList\",\"@id\":\"https:\\\/\\\/www.esplac.cat\\\/es\\\/reflexionem-sobre-drets-dels-infants-als-sectors\\\/#breadcrumb\",\"itemListElement\":[{\"@type\":\"ListItem\",\"position\":1,\"name\":\"Inici\",\"item\":\"https:\\\/\\\/www.esplac.cat\\\/es\\\/\"},{\"@type\":\"ListItem\",\"position\":2,\"name\":\"Reflexionem sobre Drets dels Infants als sectors\"}]},{\"@type\":\"WebSite\",\"@id\":\"https:\\\/\\\/www.esplac.cat\\\/#website\",\"url\":\"https:\\\/\\\/www.esplac.cat\\\/\",\"name\":\"Esplac\",\"description\":\"Esplais Catalans\",\"publisher\":{\"@id\":\"https:\\\/\\\/www.esplac.cat\\\/#organization\"},\"potentialAction\":[{\"@type\":\"SearchAction\",\"target\":{\"@type\":\"EntryPoint\",\"urlTemplate\":\"https:\\\/\\\/www.esplac.cat\\\/?s={search_term_string}\"},\"query-input\":{\"@type\":\"PropertyValueSpecification\",\"valueRequired\":true,\"valueName\":\"search_term_string\"}}],\"inLanguage\":\"es\"},{\"@type\":\"Organization\",\"@id\":\"https:\\\/\\\/www.esplac.cat\\\/#organization\",\"name\":\"Esplac\",\"url\":\"https:\\\/\\\/www.esplac.cat\\\/\",\"logo\":{\"@type\":\"ImageObject\",\"inLanguage\":\"es\",\"@id\":\"https:\\\/\\\/www.esplac.cat\\\/#\\\/schema\\\/logo\\\/image\\\/\",\"url\":\"https:\\\/\\\/www.esplac.cat\\\/wp-content\\\/uploads\\\/2019\\\/08\\\/logox2.png\",\"contentUrl\":\"https:\\\/\\\/www.esplac.cat\\\/wp-content\\\/uploads\\\/2019\\\/08\\\/logox2.png\",\"width\":600,\"height\":295,\"caption\":\"Esplac\"},\"image\":{\"@id\":\"https:\\\/\\\/www.esplac.cat\\\/#\\\/schema\\\/logo\\\/image\\\/\"}},{\"@type\":\"Person\",\"@id\":\"https:\\\/\\\/www.esplac.cat\\\/#\\\/schema\\\/person\\\/908383cf240be18b68f8855d0583faca\",\"name\":\"Comunicaci\u00f3 Esplac\",\"image\":{\"@type\":\"ImageObject\",\"inLanguage\":\"es\",\"@id\":\"https:\\\/\\\/secure.gravatar.com\\\/avatar\\\/7a4cf8feb412a76ea4a740ca02d95b06b2907b5a6c648c2dd0a1082a093c3141?s=96&d=mm&r=g\",\"url\":\"https:\\\/\\\/secure.gravatar.com\\\/avatar\\\/7a4cf8feb412a76ea4a740ca02d95b06b2907b5a6c648c2dd0a1082a093c3141?s=96&d=mm&r=g\",\"contentUrl\":\"https:\\\/\\\/secure.gravatar.com\\\/avatar\\\/7a4cf8feb412a76ea4a740ca02d95b06b2907b5a6c648c2dd0a1082a093c3141?s=96&d=mm&r=g\",\"caption\":\"Comunicaci\u00f3 Esplac\"}}]}<\/script>\n<!-- \/ Yoast SEO plugin. -->","yoast_head_json":{"title":"Reflexionem sobre Drets dels Infants als sectors - Esplac","robots":{"index":"index","follow":"follow","max-snippet":"max-snippet:-1","max-image-preview":"max-image-preview:large","max-video-preview":"max-video-preview:-1"},"canonical":"https:\/\/www.esplac.cat\/es\/reflexionem-sobre-drets-dels-infants-als-sectors\/","og_locale":"es_ES","og_type":"article","og_title":"Reflexionem sobre Drets dels Infants als sectors - Esplac","og_description":"Cr\u00f2niques de la din\u00e0mica als sectors A les reunions de [&hellip;]","og_url":"https:\/\/www.esplac.cat\/es\/reflexionem-sobre-drets-dels-infants-als-sectors\/","og_site_name":"Esplac","article_published_time":"2016-05-02T07:04:53+00:00","og_image":[{"width":847,"height":350,"url":"https:\/\/www.esplac.cat\/wp-content\/uploads\/2016\/05\/20151211_DUDIBaixLl.jpg","type":"image\/jpeg"}],"author":"Comunicaci\u00f3 Esplac","twitter_card":"summary_large_image","twitter_misc":{"Escrito por":"Comunicaci\u00f3 Esplac","Tiempo de lectura":"2 minutos"},"schema":{"@context":"https:\/\/schema.org","@graph":[{"@type":"Article","@id":"https:\/\/www.esplac.cat\/es\/reflexionem-sobre-drets-dels-infants-als-sectors\/#article","isPartOf":{"@id":"https:\/\/www.esplac.cat\/es\/reflexionem-sobre-drets-dels-infants-als-sectors\/"},"author":{"name":"Comunicaci\u00f3 Esplac","@id":"https:\/\/www.esplac.cat\/#\/schema\/person\/908383cf240be18b68f8855d0583faca"},"headline":"Reflexionem sobre Drets dels Infants als sectors","datePublished":"2016-05-02T07:04:53+00:00","mainEntityOfPage":{"@id":"https:\/\/www.esplac.cat\/es\/reflexionem-sobre-drets-dels-infants-als-sectors\/"},"wordCount":324,"publisher":{"@id":"https:\/\/www.esplac.cat\/#organization"},"image":{"@id":"https:\/\/www.esplac.cat\/es\/reflexionem-sobre-drets-dels-infants-als-sectors\/#primaryimage"},"thumbnailUrl":"https:\/\/www.esplac.cat\/wp-content\/uploads\/2016\/05\/20151211_DUDIBaixLl.jpg","articleSection":["20-N: Drets dels infants","Activitats sectors"],"inLanguage":"es"},{"@type":"WebPage","@id":"https:\/\/www.esplac.cat\/es\/reflexionem-sobre-drets-dels-infants-als-sectors\/","url":"https:\/\/www.esplac.cat\/es\/reflexionem-sobre-drets-dels-infants-als-sectors\/","name":"Reflexionem sobre Drets dels Infants als sectors - Esplac","isPartOf":{"@id":"https:\/\/www.esplac.cat\/#website"},"primaryImageOfPage":{"@id":"https:\/\/www.esplac.cat\/es\/reflexionem-sobre-drets-dels-infants-als-sectors\/#primaryimage"},"image":{"@id":"https:\/\/www.esplac.cat\/es\/reflexionem-sobre-drets-dels-infants-als-sectors\/#primaryimage"},"thumbnailUrl":"https:\/\/www.esplac.cat\/wp-content\/uploads\/2016\/05\/20151211_DUDIBaixLl.jpg","datePublished":"2016-05-02T07:04:53+00:00","breadcrumb":{"@id":"https:\/\/www.esplac.cat\/es\/reflexionem-sobre-drets-dels-infants-als-sectors\/#breadcrumb"},"inLanguage":"es","potentialAction":[{"@type":"ReadAction","target":["https:\/\/www.esplac.cat\/es\/reflexionem-sobre-drets-dels-infants-als-sectors\/"]}]},{"@type":"ImageObject","inLanguage":"es","@id":"https:\/\/www.esplac.cat\/es\/reflexionem-sobre-drets-dels-infants-als-sectors\/#primaryimage","url":"https:\/\/www.esplac.cat\/wp-content\/uploads\/2016\/05\/20151211_DUDIBaixLl.jpg","contentUrl":"https:\/\/www.esplac.cat\/wp-content\/uploads\/2016\/05\/20151211_DUDIBaixLl.jpg","width":847,"height":350},{"@type":"BreadcrumbList","@id":"https:\/\/www.esplac.cat\/es\/reflexionem-sobre-drets-dels-infants-als-sectors\/#breadcrumb","itemListElement":[{"@type":"ListItem","position":1,"name":"Inici","item":"https:\/\/www.esplac.cat\/es\/"},{"@type":"ListItem","position":2,"name":"Reflexionem sobre Drets dels Infants als sectors"}]},{"@type":"WebSite","@id":"https:\/\/www.esplac.cat\/#website","url":"https:\/\/www.esplac.cat\/","name":"Esplac","description":"Esplais Catalans","publisher":{"@id":"https:\/\/www.esplac.cat\/#organization"},"potentialAction":[{"@type":"SearchAction","target":{"@type":"EntryPoint","urlTemplate":"https:\/\/www.esplac.cat\/?s={search_term_string}"},"query-input":{"@type":"PropertyValueSpecification","valueRequired":true,"valueName":"search_term_string"}}],"inLanguage":"es"},{"@type":"Organization","@id":"https:\/\/www.esplac.cat\/#organization","name":"Esplac","url":"https:\/\/www.esplac.cat\/","logo":{"@type":"ImageObject","inLanguage":"es","@id":"https:\/\/www.esplac.cat\/#\/schema\/logo\/image\/","url":"https:\/\/www.esplac.cat\/wp-content\/uploads\/2019\/08\/logox2.png","contentUrl":"https:\/\/www.esplac.cat\/wp-content\/uploads\/2019\/08\/logox2.png","width":600,"height":295,"caption":"Esplac"},"image":{"@id":"https:\/\/www.esplac.cat\/#\/schema\/logo\/image\/"}},{"@type":"Person","@id":"https:\/\/www.esplac.cat\/#\/schema\/person\/908383cf240be18b68f8855d0583faca","name":"Comunicaci\u00f3 Esplac","image":{"@type":"ImageObject","inLanguage":"es","@id":"https:\/\/secure.gravatar.com\/avatar\/7a4cf8feb412a76ea4a740ca02d95b06b2907b5a6c648c2dd0a1082a093c3141?s=96&d=mm&r=g","url":"https:\/\/secure.gravatar.com\/avatar\/7a4cf8feb412a76ea4a740ca02d95b06b2907b5a6c648c2dd0a1082a093c3141?s=96&d=mm&r=g","contentUrl":"https:\/\/secure.gravatar.com\/avatar\/7a4cf8feb412a76ea4a740ca02d95b06b2907b5a6c648c2dd0a1082a093c3141?s=96&d=mm&r=g","caption":"Comunicaci\u00f3 Esplac"}}]}},"_links":{"self":[{"href":"https:\/\/www.esplac.cat\/es\/wp-json\/wp\/v2\/posts\/25249","targetHints":{"allow":["GET"]}}],"collection":[{"href":"https:\/\/www.esplac.cat\/es\/wp-json\/wp\/v2\/posts"}],"about":[{"href":"https:\/\/www.esplac.cat\/es\/wp-json\/wp\/v2\/types\/post"}],"author":[{"embeddable":true,"href":"https:\/\/www.esplac.cat\/es\/wp-json\/wp\/v2\/users\/3"}],"replies":[{"embeddable":true,"href":"https:\/\/www.esplac.cat\/es\/wp-json\/wp\/v2\/comments?post=25249"}],"version-history":[{"count":0,"href":"https:\/\/www.esplac.cat\/es\/wp-json\/wp\/v2\/posts\/25249\/revisions"}],"wp:featuredmedia":[{"embeddable":true,"href":"https:\/\/www.esplac.cat\/es\/wp-json\/wp\/v2\/media\/25250"}],"wp:attachment":[{"href":"https:\/\/www.esplac.cat\/es\/wp-json\/wp\/v2\/media?parent=25249"}],"wp:term":[{"taxonomy":"category","embeddable":true,"href":"https:\/\/www.esplac.cat\/es\/wp-json\/wp\/v2\/categories?post=25249"},{"taxonomy":"post_tag","embeddable":true,"href":"https:\/\/www.esplac.cat\/es\/wp-json\/wp\/v2\/tags?post=25249"}],"curies":[{"name":"wp","href":"https:\/\/api.w.org\/{rel}","templated":true}]}}