{"id":25313,"date":"2016-03-18T10:33:50","date_gmt":"2016-03-18T08:33:50","guid":{"rendered":"http:\/\/esplac.cat\/?p=10303"},"modified":"2016-03-18T10:33:50","modified_gmt":"2016-03-18T08:33:50","slug":"30-anys-picant-roca","status":"publish","type":"post","link":"https:\/\/www.esplac.cat\/es\/30-anys-picant-roca\/","title":{"rendered":"30 anys picant roca!"},"content":{"rendered":"<h4 lang=\"ca-ES\" align=\"justify\"><span lang=\"es-ES\">Aquest curs l\u2019Esplai Pica-Roca de Sant Cugat del Vall\u00e8s fem 30 anys! <\/span><\/h4>\n<p lang=\"ca-ES\" align=\"justify\"><span lang=\"es-ES\">Ja fa tres d\u00e8cades que es va fundar l\u2019Esplai, tres d\u00e8cades fent viure hist\u00f2ries de somnis, tres d\u00e8cades d\u2019excursions, col\u00f2nies, campaments, rutes\u2026 Tres d\u00e8cades educant en valors com la igualtat, la inclusi\u00f3, el respecte pel nostre planeta, la solidaritat o l\u2019esperit cr\u00edtic. \u00c9s per aix\u00f2 que hem decidit celebrar-ho d\u2019una manera especial. La gran festa ser\u00e0 el dissabte <\/span><span lang=\"es-ES\">21 de maig<\/span><span lang=\"es-ES\"> i estar\u00e0 plena d\u2019activitats i jocs per a totes les edats durant el dia aix\u00ed com tamb\u00e9 dinar i sopar populars. Ser\u00e0 un dia ple de sorpreses que culminar\u00e0 amb concerts a la nit. Tamb\u00e9 farem el passi del documental sobre la hist\u00f2ria de l\u2019Esplai que estan fent els Xalocs, el grup de joves.<\/span><\/p>\n<p lang=\"ca-ES\" align=\"justify\"><span lang=\"es-ES\">A m\u00e9s a m\u00e9s durant el curs tenim un objectiu en ment, fer 30 cims abans de la festa, per aconseguir-ho demanem ajuda als altres esplais i <strong>us demanem que si pujeu un cim ens feu arribar una foto vostra amb una cartolina, tela o paper que posi \u201cfelicitats Pica-Roca\u201d i el hastag #30anyspicantroca<\/strong> al nostre mail (<\/span><span lang=\"es-ES\">esplaipicaroca@gmail.com)<\/span><span lang=\"es-ES\">. Nosaltres, si ens doneu perm\u00eds, ho penjarem a les xarxes socials perqu\u00e8 totes i tots ho puguin veure i s\u2019animin a fer m\u00e9s cims! <\/span><\/p>\n<p lang=\"ca-ES\" align=\"justify\"><span lang=\"es-ES\">Moltes gr\u00e0cies, i recordeu que esteu convidad\u00edssims\/es a la gran festa!<\/span><\/p>\n<p lang=\"ca-ES\" align=\"justify\"><span lang=\"es-ES\">Esplai Pica-Roca<\/span><\/p>\n<p class=\"western\" lang=\"ca-ES\">\n","protected":false},"excerpt":{"rendered":"<p>Aquest curs l\u2019Esplai Pica-Roca de Sant Cugat del Vall\u00e8s fem [&hellip;]<\/p>\n","protected":false},"author":3,"featured_media":25314,"comment_status":"closed","ping_status":"open","sticky":false,"template":"","format":"standard","meta":{"om_disable_all_campaigns":false,"_monsterinsights_skip_tracking":false,"_monsterinsights_sitenote_active":false,"_monsterinsights_sitenote_note":"","_monsterinsights_sitenote_category":0,"_uf_show_specific_survey":0,"_uf_disable_surveys":false,"footnotes":""},"categories":[1117,1110,1137],"tags":[126,684,122],"class_list":["post-25313","post","type-post","status-publish","format-standard","has-post-thumbnail","hentry","category-activitats-esplais","category-activitats-sectors","category-sector-valles","tag-aniversari","tag-esplai-pica-roca","tag-sector-valles"],"yoast_head":"<!-- This site is optimized with the Yoast SEO plugin v27.4 - https:\/\/yoast.com\/product\/yoast-seo-wordpress\/ -->\n<title>30 anys picant roca! - Esplac<\/title>\n<meta name=\"robots\" content=\"index, follow, max-snippet:-1, max-image-preview:large, max-video-preview:-1\" \/>\n<link rel=\"canonical\" href=\"https:\/\/www.esplac.cat\/30-anys-picant-roca\/\" \/>\n<meta property=\"og:locale\" content=\"es_ES\" \/>\n<meta property=\"og:type\" content=\"article\" \/>\n<meta property=\"og:title\" content=\"30 anys picant roca! - Esplac\" \/>\n<meta property=\"og:description\" content=\"Aquest curs l\u2019Esplai Pica-Roca de Sant Cugat del Vall\u00e8s fem [&hellip;]\" \/>\n<meta property=\"og:url\" content=\"https:\/\/www.esplac.cat\/30-anys-picant-roca\/\" \/>\n<meta property=\"og:site_name\" content=\"Esplac\" \/>\n<meta property=\"article:published_time\" content=\"2016-03-18T08:33:50+00:00\" \/>\n<meta property=\"og:image\" content=\"https:\/\/www.esplac.cat\/wp-content\/uploads\/2016\/03\/20160318_PicaRoca.jpg\" \/>\n\t<meta property=\"og:image:width\" content=\"847\" \/>\n\t<meta property=\"og:image:height\" content=\"350\" \/>\n\t<meta property=\"og:image:type\" content=\"image\/jpeg\" \/>\n<meta name=\"author\" content=\"Comunicaci\u00f3 Esplac\" \/>\n<meta name=\"twitter:card\" content=\"summary_large_image\" \/>\n<meta name=\"twitter:label1\" content=\"Escrito por\" \/>\n\t<meta name=\"twitter:data1\" content=\"Comunicaci\u00f3 Esplac\" \/>\n\t<meta name=\"twitter:label2\" content=\"Tiempo de lectura\" \/>\n\t<meta name=\"twitter:data2\" content=\"1 minuto\" \/>\n<script type=\"application\/ld+json\" class=\"yoast-schema-graph\">{\"@context\":\"https:\\\/\\\/schema.org\",\"@graph\":[{\"@type\":\"Article\",\"@id\":\"https:\\\/\\\/www.esplac.cat\\\/30-anys-picant-roca\\\/#article\",\"isPartOf\":{\"@id\":\"https:\\\/\\\/www.esplac.cat\\\/30-anys-picant-roca\\\/\"},\"author\":{\"name\":\"Comunicaci\u00f3 Esplac\",\"@id\":\"https:\\\/\\\/www.esplac.cat\\\/#\\\/schema\\\/person\\\/908383cf240be18b68f8855d0583faca\"},\"headline\":\"30 anys picant roca!\",\"datePublished\":\"2016-03-18T08:33:50+00:00\",\"mainEntityOfPage\":{\"@id\":\"https:\\\/\\\/www.esplac.cat\\\/30-anys-picant-roca\\\/\"},\"wordCount\":248,\"publisher\":{\"@id\":\"https:\\\/\\\/www.esplac.cat\\\/#organization\"},\"image\":{\"@id\":\"https:\\\/\\\/www.esplac.cat\\\/30-anys-picant-roca\\\/#primaryimage\"},\"thumbnailUrl\":\"https:\\\/\\\/www.esplac.cat\\\/wp-content\\\/uploads\\\/2016\\\/03\\\/20160318_PicaRoca.jpg\",\"keywords\":[\"aniversari\",\"esplai pica-roca\",\"sector Vall\u00e8s\"],\"articleSection\":[\"Activitats esplais\",\"Activitats sectors\",\"Sector Vall\u00e8s\"],\"inLanguage\":\"es\"},{\"@type\":\"WebPage\",\"@id\":\"https:\\\/\\\/www.esplac.cat\\\/30-anys-picant-roca\\\/\",\"url\":\"https:\\\/\\\/www.esplac.cat\\\/30-anys-picant-roca\\\/\",\"name\":\"30 anys picant roca! - Esplac\",\"isPartOf\":{\"@id\":\"https:\\\/\\\/www.esplac.cat\\\/#website\"},\"primaryImageOfPage\":{\"@id\":\"https:\\\/\\\/www.esplac.cat\\\/30-anys-picant-roca\\\/#primaryimage\"},\"image\":{\"@id\":\"https:\\\/\\\/www.esplac.cat\\\/30-anys-picant-roca\\\/#primaryimage\"},\"thumbnailUrl\":\"https:\\\/\\\/www.esplac.cat\\\/wp-content\\\/uploads\\\/2016\\\/03\\\/20160318_PicaRoca.jpg\",\"datePublished\":\"2016-03-18T08:33:50+00:00\",\"breadcrumb\":{\"@id\":\"https:\\\/\\\/www.esplac.cat\\\/30-anys-picant-roca\\\/#breadcrumb\"},\"inLanguage\":\"es\",\"potentialAction\":[{\"@type\":\"ReadAction\",\"target\":[\"https:\\\/\\\/www.esplac.cat\\\/30-anys-picant-roca\\\/\"]}]},{\"@type\":\"ImageObject\",\"inLanguage\":\"es\",\"@id\":\"https:\\\/\\\/www.esplac.cat\\\/30-anys-picant-roca\\\/#primaryimage\",\"url\":\"https:\\\/\\\/www.esplac.cat\\\/wp-content\\\/uploads\\\/2016\\\/03\\\/20160318_PicaRoca.jpg\",\"contentUrl\":\"https:\\\/\\\/www.esplac.cat\\\/wp-content\\\/uploads\\\/2016\\\/03\\\/20160318_PicaRoca.jpg\",\"width\":847,\"height\":350},{\"@type\":\"BreadcrumbList\",\"@id\":\"https:\\\/\\\/www.esplac.cat\\\/30-anys-picant-roca\\\/#breadcrumb\",\"itemListElement\":[{\"@type\":\"ListItem\",\"position\":1,\"name\":\"Inici\",\"item\":\"https:\\\/\\\/www.esplac.cat\\\/es\\\/\"},{\"@type\":\"ListItem\",\"position\":2,\"name\":\"30 anys picant roca!\"}]},{\"@type\":\"WebSite\",\"@id\":\"https:\\\/\\\/www.esplac.cat\\\/#website\",\"url\":\"https:\\\/\\\/www.esplac.cat\\\/\",\"name\":\"Esplac\",\"description\":\"Esplais Catalans\",\"publisher\":{\"@id\":\"https:\\\/\\\/www.esplac.cat\\\/#organization\"},\"potentialAction\":[{\"@type\":\"SearchAction\",\"target\":{\"@type\":\"EntryPoint\",\"urlTemplate\":\"https:\\\/\\\/www.esplac.cat\\\/?s={search_term_string}\"},\"query-input\":{\"@type\":\"PropertyValueSpecification\",\"valueRequired\":true,\"valueName\":\"search_term_string\"}}],\"inLanguage\":\"es\"},{\"@type\":\"Organization\",\"@id\":\"https:\\\/\\\/www.esplac.cat\\\/#organization\",\"name\":\"Esplac\",\"url\":\"https:\\\/\\\/www.esplac.cat\\\/\",\"logo\":{\"@type\":\"ImageObject\",\"inLanguage\":\"es\",\"@id\":\"https:\\\/\\\/www.esplac.cat\\\/#\\\/schema\\\/logo\\\/image\\\/\",\"url\":\"https:\\\/\\\/www.esplac.cat\\\/wp-content\\\/uploads\\\/2019\\\/08\\\/logox2.png\",\"contentUrl\":\"https:\\\/\\\/www.esplac.cat\\\/wp-content\\\/uploads\\\/2019\\\/08\\\/logox2.png\",\"width\":600,\"height\":295,\"caption\":\"Esplac\"},\"image\":{\"@id\":\"https:\\\/\\\/www.esplac.cat\\\/#\\\/schema\\\/logo\\\/image\\\/\"}},{\"@type\":\"Person\",\"@id\":\"https:\\\/\\\/www.esplac.cat\\\/#\\\/schema\\\/person\\\/908383cf240be18b68f8855d0583faca\",\"name\":\"Comunicaci\u00f3 Esplac\",\"image\":{\"@type\":\"ImageObject\",\"inLanguage\":\"es\",\"@id\":\"https:\\\/\\\/secure.gravatar.com\\\/avatar\\\/7a4cf8feb412a76ea4a740ca02d95b06b2907b5a6c648c2dd0a1082a093c3141?s=96&d=mm&r=g\",\"url\":\"https:\\\/\\\/secure.gravatar.com\\\/avatar\\\/7a4cf8feb412a76ea4a740ca02d95b06b2907b5a6c648c2dd0a1082a093c3141?s=96&d=mm&r=g\",\"contentUrl\":\"https:\\\/\\\/secure.gravatar.com\\\/avatar\\\/7a4cf8feb412a76ea4a740ca02d95b06b2907b5a6c648c2dd0a1082a093c3141?s=96&d=mm&r=g\",\"caption\":\"Comunicaci\u00f3 Esplac\"}}]}<\/script>\n<!-- \/ Yoast SEO plugin. -->","yoast_head_json":{"title":"30 anys picant roca! - Esplac","robots":{"index":"index","follow":"follow","max-snippet":"max-snippet:-1","max-image-preview":"max-image-preview:large","max-video-preview":"max-video-preview:-1"},"canonical":"https:\/\/www.esplac.cat\/30-anys-picant-roca\/","og_locale":"es_ES","og_type":"article","og_title":"30 anys picant roca! - Esplac","og_description":"Aquest curs l\u2019Esplai Pica-Roca de Sant Cugat del Vall\u00e8s fem [&hellip;]","og_url":"https:\/\/www.esplac.cat\/30-anys-picant-roca\/","og_site_name":"Esplac","article_published_time":"2016-03-18T08:33:50+00:00","og_image":[{"width":847,"height":350,"url":"https:\/\/www.esplac.cat\/wp-content\/uploads\/2016\/03\/20160318_PicaRoca.jpg","type":"image\/jpeg"}],"author":"Comunicaci\u00f3 Esplac","twitter_card":"summary_large_image","twitter_misc":{"Escrito por":"Comunicaci\u00f3 Esplac","Tiempo de lectura":"1 minuto"},"schema":{"@context":"https:\/\/schema.org","@graph":[{"@type":"Article","@id":"https:\/\/www.esplac.cat\/30-anys-picant-roca\/#article","isPartOf":{"@id":"https:\/\/www.esplac.cat\/30-anys-picant-roca\/"},"author":{"name":"Comunicaci\u00f3 Esplac","@id":"https:\/\/www.esplac.cat\/#\/schema\/person\/908383cf240be18b68f8855d0583faca"},"headline":"30 anys picant roca!","datePublished":"2016-03-18T08:33:50+00:00","mainEntityOfPage":{"@id":"https:\/\/www.esplac.cat\/30-anys-picant-roca\/"},"wordCount":248,"publisher":{"@id":"https:\/\/www.esplac.cat\/#organization"},"image":{"@id":"https:\/\/www.esplac.cat\/30-anys-picant-roca\/#primaryimage"},"thumbnailUrl":"https:\/\/www.esplac.cat\/wp-content\/uploads\/2016\/03\/20160318_PicaRoca.jpg","keywords":["aniversari","esplai pica-roca","sector Vall\u00e8s"],"articleSection":["Activitats esplais","Activitats sectors","Sector Vall\u00e8s"],"inLanguage":"es"},{"@type":"WebPage","@id":"https:\/\/www.esplac.cat\/30-anys-picant-roca\/","url":"https:\/\/www.esplac.cat\/30-anys-picant-roca\/","name":"30 anys picant roca! - Esplac","isPartOf":{"@id":"https:\/\/www.esplac.cat\/#website"},"primaryImageOfPage":{"@id":"https:\/\/www.esplac.cat\/30-anys-picant-roca\/#primaryimage"},"image":{"@id":"https:\/\/www.esplac.cat\/30-anys-picant-roca\/#primaryimage"},"thumbnailUrl":"https:\/\/www.esplac.cat\/wp-content\/uploads\/2016\/03\/20160318_PicaRoca.jpg","datePublished":"2016-03-18T08:33:50+00:00","breadcrumb":{"@id":"https:\/\/www.esplac.cat\/30-anys-picant-roca\/#breadcrumb"},"inLanguage":"es","potentialAction":[{"@type":"ReadAction","target":["https:\/\/www.esplac.cat\/30-anys-picant-roca\/"]}]},{"@type":"ImageObject","inLanguage":"es","@id":"https:\/\/www.esplac.cat\/30-anys-picant-roca\/#primaryimage","url":"https:\/\/www.esplac.cat\/wp-content\/uploads\/2016\/03\/20160318_PicaRoca.jpg","contentUrl":"https:\/\/www.esplac.cat\/wp-content\/uploads\/2016\/03\/20160318_PicaRoca.jpg","width":847,"height":350},{"@type":"BreadcrumbList","@id":"https:\/\/www.esplac.cat\/30-anys-picant-roca\/#breadcrumb","itemListElement":[{"@type":"ListItem","position":1,"name":"Inici","item":"https:\/\/www.esplac.cat\/es\/"},{"@type":"ListItem","position":2,"name":"30 anys picant roca!"}]},{"@type":"WebSite","@id":"https:\/\/www.esplac.cat\/#website","url":"https:\/\/www.esplac.cat\/","name":"Esplac","description":"Esplais Catalans","publisher":{"@id":"https:\/\/www.esplac.cat\/#organization"},"potentialAction":[{"@type":"SearchAction","target":{"@type":"EntryPoint","urlTemplate":"https:\/\/www.esplac.cat\/?s={search_term_string}"},"query-input":{"@type":"PropertyValueSpecification","valueRequired":true,"valueName":"search_term_string"}}],"inLanguage":"es"},{"@type":"Organization","@id":"https:\/\/www.esplac.cat\/#organization","name":"Esplac","url":"https:\/\/www.esplac.cat\/","logo":{"@type":"ImageObject","inLanguage":"es","@id":"https:\/\/www.esplac.cat\/#\/schema\/logo\/image\/","url":"https:\/\/www.esplac.cat\/wp-content\/uploads\/2019\/08\/logox2.png","contentUrl":"https:\/\/www.esplac.cat\/wp-content\/uploads\/2019\/08\/logox2.png","width":600,"height":295,"caption":"Esplac"},"image":{"@id":"https:\/\/www.esplac.cat\/#\/schema\/logo\/image\/"}},{"@type":"Person","@id":"https:\/\/www.esplac.cat\/#\/schema\/person\/908383cf240be18b68f8855d0583faca","name":"Comunicaci\u00f3 Esplac","image":{"@type":"ImageObject","inLanguage":"es","@id":"https:\/\/secure.gravatar.com\/avatar\/7a4cf8feb412a76ea4a740ca02d95b06b2907b5a6c648c2dd0a1082a093c3141?s=96&d=mm&r=g","url":"https:\/\/secure.gravatar.com\/avatar\/7a4cf8feb412a76ea4a740ca02d95b06b2907b5a6c648c2dd0a1082a093c3141?s=96&d=mm&r=g","contentUrl":"https:\/\/secure.gravatar.com\/avatar\/7a4cf8feb412a76ea4a740ca02d95b06b2907b5a6c648c2dd0a1082a093c3141?s=96&d=mm&r=g","caption":"Comunicaci\u00f3 Esplac"}}]}},"_links":{"self":[{"href":"https:\/\/www.esplac.cat\/es\/wp-json\/wp\/v2\/posts\/25313","targetHints":{"allow":["GET"]}}],"collection":[{"href":"https:\/\/www.esplac.cat\/es\/wp-json\/wp\/v2\/posts"}],"about":[{"href":"https:\/\/www.esplac.cat\/es\/wp-json\/wp\/v2\/types\/post"}],"author":[{"embeddable":true,"href":"https:\/\/www.esplac.cat\/es\/wp-json\/wp\/v2\/users\/3"}],"replies":[{"embeddable":true,"href":"https:\/\/www.esplac.cat\/es\/wp-json\/wp\/v2\/comments?post=25313"}],"version-history":[{"count":0,"href":"https:\/\/www.esplac.cat\/es\/wp-json\/wp\/v2\/posts\/25313\/revisions"}],"wp:featuredmedia":[{"embeddable":true,"href":"https:\/\/www.esplac.cat\/es\/wp-json\/wp\/v2\/media\/25314"}],"wp:attachment":[{"href":"https:\/\/www.esplac.cat\/es\/wp-json\/wp\/v2\/media?parent=25313"}],"wp:term":[{"taxonomy":"category","embeddable":true,"href":"https:\/\/www.esplac.cat\/es\/wp-json\/wp\/v2\/categories?post=25313"},{"taxonomy":"post_tag","embeddable":true,"href":"https:\/\/www.esplac.cat\/es\/wp-json\/wp\/v2\/tags?post=25313"}],"curies":[{"name":"wp","href":"https:\/\/api.w.org\/{rel}","templated":true}]}}