{"id":25315,"date":"2016-03-17T12:51:20","date_gmt":"2016-03-17T10:51:20","guid":{"rendered":"http:\/\/esplac.cat\/?p=10296"},"modified":"2016-03-17T12:51:20","modified_gmt":"2016-03-17T10:51:20","slug":"a-la-primavera-campaments-colonies-rutes-i-formacions","status":"publish","type":"post","link":"https:\/\/www.esplac.cat\/es\/a-la-primavera-campaments-colonies-rutes-i-formacions\/","title":{"rendered":"A la primavera&#8230; Campaments, col\u00f2nies, rutes i formacions!"},"content":{"rendered":"<h4 style=\"text-align: justify;\">Aquestes vacances de primavera els esplais d\u2019Esplac realitzen un total de 40 activitats per tot el territori. En concret, seran 20 col\u00f2nies, 9 campaments i 11 rutes, dues de les quals fora de Catalunya<\/h4>\n<p style=\"text-align: justify;\">Les activitats de conviv\u00e8ncia durant les vacances ens ofereixen un entorn privilegiat per relacionar-nos en un ambient diferent, en contacte amb la natura i per poder viure l\u2019esplai amb molta m\u00e9s intensitat, ja que convivim durant moltes hores i en activitats molt diverses amb els nostres companys i companyes. \u00c9s per aix\u00f2 que molts esplais aprofiten les vacances per marxar lluny de la civilitzaci\u00f3, i cada cop s\u00f3n m\u00e9s els que opten tamb\u00e9 per realitzar rutes per la muntanya o la costa. Les rutes ens serveixen per aprofundir encara m\u00e9s en aspectes com l\u2019autonomia, l\u2019esfor\u00e7, la responsabilitat i la cooperaci\u00f3 entre infants i joves, a banda que ens permeten descobrir nous racons del pa\u00eds on mai hi podr\u00edem arribar d\u2019una altra manera.<\/p>\n<p style=\"text-align: justify;\">Recordem que a Esplac comptem amb la <strong><a href=\"http:\/\/esplac.cat\/guia-per-preparar-campaments-colonies-i-rutes\/\" target=\"_blank\" rel=\"noopener noreferrer\">Guia de Campaments, Col\u00f2nies i Rutes<\/a><\/strong>, que ens d\u00f3na un cop de m\u00e0 a l\u2019hora de preparar les nostres activitats i, si consultem l\u2019\u00faltima p\u00e0gina, ens permet saber si ho tenim tot a punt i no ens deixem res abans de marxar!<\/p>\n<p style=\"text-align: justify;\">Cal que tingueu present que durant els dies que durin les activitats estar\u00e0 disponible el tel\u00e8fon d\u2019emerg\u00e8ncies: <span style=\"text-decoration: underline;\"><strong>667263132<\/strong><\/span><\/p>\n<p style=\"text-align: justify;\">A m\u00e9s a m\u00e9s, durant aquestes vacances de primavera, <strong>6 monitores de 4 esplais diferents participaran a la Queer Easter a Berl\u00edn<\/strong>, un seminari de formaci\u00f3 internacional que aquest any se centrar\u00e0 en la \u00abcommunity accountability\u00bb.<\/p>\n<p style=\"text-align: justify;\">Esperem que totes les activitats surtin d\u2019all\u00f2 millor! <strong>Marxem de vacances, per\u00f2 no deixem de fer esplai!<\/strong><\/p>\n","protected":false},"excerpt":{"rendered":"<p>Aquestes vacances de primavera els esplais d\u2019Esplac realitzen un total [&hellip;]<\/p>\n","protected":false},"author":3,"featured_media":25316,"comment_status":"closed","ping_status":"open","sticky":false,"template":"","format":"standard","meta":{"om_disable_all_campaigns":false,"_monsterinsights_skip_tracking":false,"_monsterinsights_sitenote_active":false,"_monsterinsights_sitenote_note":"","_monsterinsights_sitenote_category":0,"_uf_show_specific_survey":0,"_uf_disable_surveys":false,"footnotes":""},"categories":[1117,1],"tags":[683,53,429,104,115,550],"class_list":["post-25315","post","type-post","status-publish","format-standard","has-post-thumbnail","hentry","category-activitats-esplais","category-sense-categoria","tag-activitats-de-primavera","tag-campaments","tag-ccr","tag-colonies","tag-rutes","tag-vacances"],"yoast_head":"<!-- This site is optimized with the Yoast SEO plugin v27.4 - https:\/\/yoast.com\/product\/yoast-seo-wordpress\/ -->\n<title>A la primavera... Campaments, col\u00f2nies, rutes i formacions! - Esplac<\/title>\n<meta name=\"robots\" content=\"index, follow, max-snippet:-1, max-image-preview:large, max-video-preview:-1\" \/>\n<link rel=\"canonical\" href=\"https:\/\/www.esplac.cat\/a-la-primavera-campaments-colonies-rutes-i-formacions\/\" \/>\n<meta property=\"og:locale\" content=\"es_ES\" \/>\n<meta property=\"og:type\" content=\"article\" \/>\n<meta property=\"og:title\" content=\"A la primavera... Campaments, col\u00f2nies, rutes i formacions! - Esplac\" \/>\n<meta property=\"og:description\" content=\"Aquestes vacances de primavera els esplais d\u2019Esplac realitzen un total [&hellip;]\" \/>\n<meta property=\"og:url\" content=\"https:\/\/www.esplac.cat\/a-la-primavera-campaments-colonies-rutes-i-formacions\/\" \/>\n<meta property=\"og:site_name\" content=\"Esplac\" \/>\n<meta property=\"article:published_time\" content=\"2016-03-17T10:51:20+00:00\" \/>\n<meta property=\"og:image\" content=\"https:\/\/www.esplac.cat\/wp-content\/uploads\/2016\/03\/20160317_CCR-primavera.jpg\" \/>\n\t<meta property=\"og:image:width\" content=\"847\" \/>\n\t<meta property=\"og:image:height\" content=\"350\" \/>\n\t<meta property=\"og:image:type\" content=\"image\/jpeg\" \/>\n<meta name=\"author\" content=\"Comunicaci\u00f3 Esplac\" \/>\n<meta name=\"twitter:card\" content=\"summary_large_image\" \/>\n<meta name=\"twitter:label1\" content=\"Escrito por\" \/>\n\t<meta name=\"twitter:data1\" content=\"Comunicaci\u00f3 Esplac\" \/>\n\t<meta name=\"twitter:label2\" content=\"Tiempo de lectura\" \/>\n\t<meta name=\"twitter:data2\" content=\"1 minuto\" \/>\n<script type=\"application\/ld+json\" class=\"yoast-schema-graph\">{\"@context\":\"https:\\\/\\\/schema.org\",\"@graph\":[{\"@type\":\"Article\",\"@id\":\"https:\\\/\\\/www.esplac.cat\\\/a-la-primavera-campaments-colonies-rutes-i-formacions\\\/#article\",\"isPartOf\":{\"@id\":\"https:\\\/\\\/www.esplac.cat\\\/a-la-primavera-campaments-colonies-rutes-i-formacions\\\/\"},\"author\":{\"name\":\"Comunicaci\u00f3 Esplac\",\"@id\":\"https:\\\/\\\/www.esplac.cat\\\/#\\\/schema\\\/person\\\/908383cf240be18b68f8855d0583faca\"},\"headline\":\"A la primavera&#8230; Campaments, col\u00f2nies, rutes i formacions!\",\"datePublished\":\"2016-03-17T10:51:20+00:00\",\"mainEntityOfPage\":{\"@id\":\"https:\\\/\\\/www.esplac.cat\\\/a-la-primavera-campaments-colonies-rutes-i-formacions\\\/\"},\"wordCount\":303,\"publisher\":{\"@id\":\"https:\\\/\\\/www.esplac.cat\\\/#organization\"},\"image\":{\"@id\":\"https:\\\/\\\/www.esplac.cat\\\/a-la-primavera-campaments-colonies-rutes-i-formacions\\\/#primaryimage\"},\"thumbnailUrl\":\"https:\\\/\\\/www.esplac.cat\\\/wp-content\\\/uploads\\\/2016\\\/03\\\/20160317_CCR-primavera.jpg\",\"keywords\":[\"activitats de primavera\",\"campaments\",\"CCR\",\"colonies\",\"rutes\",\"vacances\"],\"articleSection\":[\"Activitats esplais\",\"Sense categoria\"],\"inLanguage\":\"es\"},{\"@type\":\"WebPage\",\"@id\":\"https:\\\/\\\/www.esplac.cat\\\/a-la-primavera-campaments-colonies-rutes-i-formacions\\\/\",\"url\":\"https:\\\/\\\/www.esplac.cat\\\/a-la-primavera-campaments-colonies-rutes-i-formacions\\\/\",\"name\":\"A la primavera... Campaments, col\u00f2nies, rutes i formacions! - Esplac\",\"isPartOf\":{\"@id\":\"https:\\\/\\\/www.esplac.cat\\\/#website\"},\"primaryImageOfPage\":{\"@id\":\"https:\\\/\\\/www.esplac.cat\\\/a-la-primavera-campaments-colonies-rutes-i-formacions\\\/#primaryimage\"},\"image\":{\"@id\":\"https:\\\/\\\/www.esplac.cat\\\/a-la-primavera-campaments-colonies-rutes-i-formacions\\\/#primaryimage\"},\"thumbnailUrl\":\"https:\\\/\\\/www.esplac.cat\\\/wp-content\\\/uploads\\\/2016\\\/03\\\/20160317_CCR-primavera.jpg\",\"datePublished\":\"2016-03-17T10:51:20+00:00\",\"breadcrumb\":{\"@id\":\"https:\\\/\\\/www.esplac.cat\\\/a-la-primavera-campaments-colonies-rutes-i-formacions\\\/#breadcrumb\"},\"inLanguage\":\"es\",\"potentialAction\":[{\"@type\":\"ReadAction\",\"target\":[\"https:\\\/\\\/www.esplac.cat\\\/a-la-primavera-campaments-colonies-rutes-i-formacions\\\/\"]}]},{\"@type\":\"ImageObject\",\"inLanguage\":\"es\",\"@id\":\"https:\\\/\\\/www.esplac.cat\\\/a-la-primavera-campaments-colonies-rutes-i-formacions\\\/#primaryimage\",\"url\":\"https:\\\/\\\/www.esplac.cat\\\/wp-content\\\/uploads\\\/2016\\\/03\\\/20160317_CCR-primavera.jpg\",\"contentUrl\":\"https:\\\/\\\/www.esplac.cat\\\/wp-content\\\/uploads\\\/2016\\\/03\\\/20160317_CCR-primavera.jpg\",\"width\":847,\"height\":350},{\"@type\":\"BreadcrumbList\",\"@id\":\"https:\\\/\\\/www.esplac.cat\\\/a-la-primavera-campaments-colonies-rutes-i-formacions\\\/#breadcrumb\",\"itemListElement\":[{\"@type\":\"ListItem\",\"position\":1,\"name\":\"Inici\",\"item\":\"https:\\\/\\\/www.esplac.cat\\\/es\\\/\"},{\"@type\":\"ListItem\",\"position\":2,\"name\":\"A la primavera&#8230; Campaments, col\u00f2nies, rutes i formacions!\"}]},{\"@type\":\"WebSite\",\"@id\":\"https:\\\/\\\/www.esplac.cat\\\/#website\",\"url\":\"https:\\\/\\\/www.esplac.cat\\\/\",\"name\":\"Esplac\",\"description\":\"Esplais Catalans\",\"publisher\":{\"@id\":\"https:\\\/\\\/www.esplac.cat\\\/#organization\"},\"potentialAction\":[{\"@type\":\"SearchAction\",\"target\":{\"@type\":\"EntryPoint\",\"urlTemplate\":\"https:\\\/\\\/www.esplac.cat\\\/?s={search_term_string}\"},\"query-input\":{\"@type\":\"PropertyValueSpecification\",\"valueRequired\":true,\"valueName\":\"search_term_string\"}}],\"inLanguage\":\"es\"},{\"@type\":\"Organization\",\"@id\":\"https:\\\/\\\/www.esplac.cat\\\/#organization\",\"name\":\"Esplac\",\"url\":\"https:\\\/\\\/www.esplac.cat\\\/\",\"logo\":{\"@type\":\"ImageObject\",\"inLanguage\":\"es\",\"@id\":\"https:\\\/\\\/www.esplac.cat\\\/#\\\/schema\\\/logo\\\/image\\\/\",\"url\":\"https:\\\/\\\/www.esplac.cat\\\/wp-content\\\/uploads\\\/2019\\\/08\\\/logox2.png\",\"contentUrl\":\"https:\\\/\\\/www.esplac.cat\\\/wp-content\\\/uploads\\\/2019\\\/08\\\/logox2.png\",\"width\":600,\"height\":295,\"caption\":\"Esplac\"},\"image\":{\"@id\":\"https:\\\/\\\/www.esplac.cat\\\/#\\\/schema\\\/logo\\\/image\\\/\"}},{\"@type\":\"Person\",\"@id\":\"https:\\\/\\\/www.esplac.cat\\\/#\\\/schema\\\/person\\\/908383cf240be18b68f8855d0583faca\",\"name\":\"Comunicaci\u00f3 Esplac\",\"image\":{\"@type\":\"ImageObject\",\"inLanguage\":\"es\",\"@id\":\"https:\\\/\\\/secure.gravatar.com\\\/avatar\\\/7a4cf8feb412a76ea4a740ca02d95b06b2907b5a6c648c2dd0a1082a093c3141?s=96&d=mm&r=g\",\"url\":\"https:\\\/\\\/secure.gravatar.com\\\/avatar\\\/7a4cf8feb412a76ea4a740ca02d95b06b2907b5a6c648c2dd0a1082a093c3141?s=96&d=mm&r=g\",\"contentUrl\":\"https:\\\/\\\/secure.gravatar.com\\\/avatar\\\/7a4cf8feb412a76ea4a740ca02d95b06b2907b5a6c648c2dd0a1082a093c3141?s=96&d=mm&r=g\",\"caption\":\"Comunicaci\u00f3 Esplac\"}}]}<\/script>\n<!-- \/ Yoast SEO plugin. -->","yoast_head_json":{"title":"A la primavera... Campaments, col\u00f2nies, rutes i formacions! - Esplac","robots":{"index":"index","follow":"follow","max-snippet":"max-snippet:-1","max-image-preview":"max-image-preview:large","max-video-preview":"max-video-preview:-1"},"canonical":"https:\/\/www.esplac.cat\/a-la-primavera-campaments-colonies-rutes-i-formacions\/","og_locale":"es_ES","og_type":"article","og_title":"A la primavera... Campaments, col\u00f2nies, rutes i formacions! - Esplac","og_description":"Aquestes vacances de primavera els esplais d\u2019Esplac realitzen un total [&hellip;]","og_url":"https:\/\/www.esplac.cat\/a-la-primavera-campaments-colonies-rutes-i-formacions\/","og_site_name":"Esplac","article_published_time":"2016-03-17T10:51:20+00:00","og_image":[{"width":847,"height":350,"url":"https:\/\/www.esplac.cat\/wp-content\/uploads\/2016\/03\/20160317_CCR-primavera.jpg","type":"image\/jpeg"}],"author":"Comunicaci\u00f3 Esplac","twitter_card":"summary_large_image","twitter_misc":{"Escrito por":"Comunicaci\u00f3 Esplac","Tiempo de lectura":"1 minuto"},"schema":{"@context":"https:\/\/schema.org","@graph":[{"@type":"Article","@id":"https:\/\/www.esplac.cat\/a-la-primavera-campaments-colonies-rutes-i-formacions\/#article","isPartOf":{"@id":"https:\/\/www.esplac.cat\/a-la-primavera-campaments-colonies-rutes-i-formacions\/"},"author":{"name":"Comunicaci\u00f3 Esplac","@id":"https:\/\/www.esplac.cat\/#\/schema\/person\/908383cf240be18b68f8855d0583faca"},"headline":"A la primavera&#8230; Campaments, col\u00f2nies, rutes i formacions!","datePublished":"2016-03-17T10:51:20+00:00","mainEntityOfPage":{"@id":"https:\/\/www.esplac.cat\/a-la-primavera-campaments-colonies-rutes-i-formacions\/"},"wordCount":303,"publisher":{"@id":"https:\/\/www.esplac.cat\/#organization"},"image":{"@id":"https:\/\/www.esplac.cat\/a-la-primavera-campaments-colonies-rutes-i-formacions\/#primaryimage"},"thumbnailUrl":"https:\/\/www.esplac.cat\/wp-content\/uploads\/2016\/03\/20160317_CCR-primavera.jpg","keywords":["activitats de primavera","campaments","CCR","colonies","rutes","vacances"],"articleSection":["Activitats esplais","Sense categoria"],"inLanguage":"es"},{"@type":"WebPage","@id":"https:\/\/www.esplac.cat\/a-la-primavera-campaments-colonies-rutes-i-formacions\/","url":"https:\/\/www.esplac.cat\/a-la-primavera-campaments-colonies-rutes-i-formacions\/","name":"A la primavera... Campaments, col\u00f2nies, rutes i formacions! - Esplac","isPartOf":{"@id":"https:\/\/www.esplac.cat\/#website"},"primaryImageOfPage":{"@id":"https:\/\/www.esplac.cat\/a-la-primavera-campaments-colonies-rutes-i-formacions\/#primaryimage"},"image":{"@id":"https:\/\/www.esplac.cat\/a-la-primavera-campaments-colonies-rutes-i-formacions\/#primaryimage"},"thumbnailUrl":"https:\/\/www.esplac.cat\/wp-content\/uploads\/2016\/03\/20160317_CCR-primavera.jpg","datePublished":"2016-03-17T10:51:20+00:00","breadcrumb":{"@id":"https:\/\/www.esplac.cat\/a-la-primavera-campaments-colonies-rutes-i-formacions\/#breadcrumb"},"inLanguage":"es","potentialAction":[{"@type":"ReadAction","target":["https:\/\/www.esplac.cat\/a-la-primavera-campaments-colonies-rutes-i-formacions\/"]}]},{"@type":"ImageObject","inLanguage":"es","@id":"https:\/\/www.esplac.cat\/a-la-primavera-campaments-colonies-rutes-i-formacions\/#primaryimage","url":"https:\/\/www.esplac.cat\/wp-content\/uploads\/2016\/03\/20160317_CCR-primavera.jpg","contentUrl":"https:\/\/www.esplac.cat\/wp-content\/uploads\/2016\/03\/20160317_CCR-primavera.jpg","width":847,"height":350},{"@type":"BreadcrumbList","@id":"https:\/\/www.esplac.cat\/a-la-primavera-campaments-colonies-rutes-i-formacions\/#breadcrumb","itemListElement":[{"@type":"ListItem","position":1,"name":"Inici","item":"https:\/\/www.esplac.cat\/es\/"},{"@type":"ListItem","position":2,"name":"A la primavera&#8230; Campaments, col\u00f2nies, rutes i formacions!"}]},{"@type":"WebSite","@id":"https:\/\/www.esplac.cat\/#website","url":"https:\/\/www.esplac.cat\/","name":"Esplac","description":"Esplais Catalans","publisher":{"@id":"https:\/\/www.esplac.cat\/#organization"},"potentialAction":[{"@type":"SearchAction","target":{"@type":"EntryPoint","urlTemplate":"https:\/\/www.esplac.cat\/?s={search_term_string}"},"query-input":{"@type":"PropertyValueSpecification","valueRequired":true,"valueName":"search_term_string"}}],"inLanguage":"es"},{"@type":"Organization","@id":"https:\/\/www.esplac.cat\/#organization","name":"Esplac","url":"https:\/\/www.esplac.cat\/","logo":{"@type":"ImageObject","inLanguage":"es","@id":"https:\/\/www.esplac.cat\/#\/schema\/logo\/image\/","url":"https:\/\/www.esplac.cat\/wp-content\/uploads\/2019\/08\/logox2.png","contentUrl":"https:\/\/www.esplac.cat\/wp-content\/uploads\/2019\/08\/logox2.png","width":600,"height":295,"caption":"Esplac"},"image":{"@id":"https:\/\/www.esplac.cat\/#\/schema\/logo\/image\/"}},{"@type":"Person","@id":"https:\/\/www.esplac.cat\/#\/schema\/person\/908383cf240be18b68f8855d0583faca","name":"Comunicaci\u00f3 Esplac","image":{"@type":"ImageObject","inLanguage":"es","@id":"https:\/\/secure.gravatar.com\/avatar\/7a4cf8feb412a76ea4a740ca02d95b06b2907b5a6c648c2dd0a1082a093c3141?s=96&d=mm&r=g","url":"https:\/\/secure.gravatar.com\/avatar\/7a4cf8feb412a76ea4a740ca02d95b06b2907b5a6c648c2dd0a1082a093c3141?s=96&d=mm&r=g","contentUrl":"https:\/\/secure.gravatar.com\/avatar\/7a4cf8feb412a76ea4a740ca02d95b06b2907b5a6c648c2dd0a1082a093c3141?s=96&d=mm&r=g","caption":"Comunicaci\u00f3 Esplac"}}]}},"_links":{"self":[{"href":"https:\/\/www.esplac.cat\/es\/wp-json\/wp\/v2\/posts\/25315","targetHints":{"allow":["GET"]}}],"collection":[{"href":"https:\/\/www.esplac.cat\/es\/wp-json\/wp\/v2\/posts"}],"about":[{"href":"https:\/\/www.esplac.cat\/es\/wp-json\/wp\/v2\/types\/post"}],"author":[{"embeddable":true,"href":"https:\/\/www.esplac.cat\/es\/wp-json\/wp\/v2\/users\/3"}],"replies":[{"embeddable":true,"href":"https:\/\/www.esplac.cat\/es\/wp-json\/wp\/v2\/comments?post=25315"}],"version-history":[{"count":0,"href":"https:\/\/www.esplac.cat\/es\/wp-json\/wp\/v2\/posts\/25315\/revisions"}],"wp:featuredmedia":[{"embeddable":true,"href":"https:\/\/www.esplac.cat\/es\/wp-json\/wp\/v2\/media\/25316"}],"wp:attachment":[{"href":"https:\/\/www.esplac.cat\/es\/wp-json\/wp\/v2\/media?parent=25315"}],"wp:term":[{"taxonomy":"category","embeddable":true,"href":"https:\/\/www.esplac.cat\/es\/wp-json\/wp\/v2\/categories?post=25315"},{"taxonomy":"post_tag","embeddable":true,"href":"https:\/\/www.esplac.cat\/es\/wp-json\/wp\/v2\/tags?post=25315"}],"curies":[{"name":"wp","href":"https:\/\/api.w.org\/{rel}","templated":true}]}}