{"id":25327,"date":"2016-03-11T12:03:55","date_gmt":"2016-03-11T10:03:55","guid":{"rendered":"http:\/\/esplac.cat\/?p=10207"},"modified":"2016-03-11T12:03:55","modified_gmt":"2016-03-11T10:03:55","slug":"nova-oportunitat-per-ser-voluntaria-a-lifm-camp-2016","status":"publish","type":"post","link":"https:\/\/www.esplac.cat\/es\/nova-oportunitat-per-ser-voluntaria-a-lifm-camp-2016\/","title":{"rendered":"Nova oportunitat per ser voluntari\/a a l\u2019IFM Camp 2016!"},"content":{"rendered":"<h4>Es podr\u00e0 col\u00b7laborar en tasques d\u2019intend\u00e8ncia o organitzant activitats pel Town Caf\u00e8. Podeu participar en el proc\u00e9s de selecci\u00f3 omplint un\u00a0formulari abans del 20 de mar\u00e7!<\/h4>\n<p style=\"text-align: justify;\">Fa unes setmanes<a href=\"http:\/\/esplac.cat\/convocatoria-oberta-per-participar-a-lifm-camp-2016-com-a-voluntaria\/\" target=\"_blank\" rel=\"noopener noreferrer\"> obr\u00edem la convocat\u00f2ria per fer un voluntariat SVE per treballar en l\u2019organitzaci\u00f3 de l\u2019IFM Camp<\/a>, del 18 de juliol al 5 d\u2019agost.\u00a0En aquesta ocasi\u00f3, l\u2019IFM ens fa arribar una altra modalitat per poder-hi participar, amb diferents condicions i tasques a desenvolupar.<\/p>\n<h3 style=\"text-align: justify;\">QUINS REQUISITS CAL COMPLIR PER A INSCRIURE\u2019S?<\/h3>\n<ul>\n<li style=\"text-align: justify;\">Tenir entre 18 i 30 anys.<\/li>\n<li style=\"text-align: justify;\">Tenir disponibilitat completa del 23 de juliol al 5 d\u2019agost.<\/li>\n<li style=\"text-align: justify;\">Estar altament motivat\/da per contribuir en l\u2019\u00e0rea d\u2019organitzaci\u00f3 i intend\u00e8ncia (Central Team) o b\u00e9, en l\u2019\u00e0rea de programa cultural (Town Cafe)<\/li>\n<li style=\"text-align: justify;\">Nivell mig-alt d\u2019angl\u00e8s.<\/li>\n<li style=\"text-align: justify;\">Experi\u00e8ncia en dinamitzaci\u00f3 de tallers i\/o experi\u00e8ncia com a intendent en campaments seran valorades positivament.<\/li>\n<li style=\"text-align: justify;\">Estar disposat a implicar-se, tamb\u00e9, en la tenda tem\u00e0tica de Drets dels Infants i el Town Cafe que organitzem des d\u2019Esplac.<\/li>\n<\/ul>\n<h3 style=\"text-align: justify;\">QU\u00c8\u00a0HE DE FER PER SER VOLUNTARI\/A DE L\u2019IFM CAMP?<\/h3>\n<p style=\"text-align: justify;\">Participa del proc\u00e9s de selecci\u00f3 <a href=\"https:\/\/docs.google.com\/forms\/d\/1kVQ8QS8pR_NpdLDpKkNzL9s1EwIvop39cvLbDtCj8QU\/viewform\" target=\"_blank\" rel=\"noopener noreferrer\"><strong>emplenant el seg\u00fcent\u00a0formulari abans del 20 de mar\u00e7<\/strong>.<\/a><\/p>\n<h3 style=\"text-align: justify;\">ON PUC TROBAR M\u00c9S INFORMACI\u00d3 SOBRE EL CAMPAMENT?<\/h3>\n<p style=\"text-align: justify;\">&#8211; <strong><a href=\"http:\/\/esplac.cat\/wp-content\/uploads\/2016\/02\/IFM-SEI.pdf\" target=\"_blank\" rel=\"noopener noreferrer\">Sobre l\u2019organitzaci\u00f3 del campament.<\/a><\/strong><\/p>\n<p style=\"text-align: justify;\">&#8211; <strong><a href=\"https:\/\/www.ifm-camp-2016.org\" target=\"_blank\" rel=\"noopener noreferrer\">P\u00e0gina web del IFM Camp 2016<\/a>.<\/strong><\/p>\n","protected":false},"excerpt":{"rendered":"<p>Es podr\u00e0 col\u00b7laborar en tasques d\u2019intend\u00e8ncia o organitzant activitats pel [&hellip;]<\/p>\n","protected":false},"author":3,"featured_media":25328,"comment_status":"closed","ping_status":"open","sticky":false,"template":"","format":"standard","meta":{"om_disable_all_campaigns":false,"_monsterinsights_skip_tracking":false,"_monsterinsights_sitenote_active":false,"_monsterinsights_sitenote_note":"","_monsterinsights_sitenote_category":0,"_uf_show_specific_survey":0,"_uf_disable_surveys":false,"footnotes":""},"categories":[1112,1],"tags":[270,99,612,523,59,109,158],"class_list":["post-25327","post","type-post","status-publish","format-standard","has-post-thumbnail","hentry","category-esplac-al-mon","category-sense-categoria","tag-activitats-internacionals","tag-campament-internacional","tag-ifm-camp","tag-ifm-camp-2016","tag-ifm-sei","tag-internacionalisme","tag-voluntariat"],"yoast_head":"<!-- This site is optimized with the Yoast SEO plugin v27.5 - https:\/\/yoast.com\/product\/yoast-seo-wordpress\/ -->\n<title>Nova oportunitat per ser voluntari\/a a l\u2019IFM Camp 2016! - Esplac<\/title>\n<meta name=\"robots\" content=\"index, follow, max-snippet:-1, max-image-preview:large, max-video-preview:-1\" \/>\n<link rel=\"canonical\" href=\"https:\/\/www.esplac.cat\/en\/nova-oportunitat-per-ser-voluntaria-a-lifm-camp-2016\/\" \/>\n<meta property=\"og:locale\" content=\"es_ES\" \/>\n<meta property=\"og:type\" content=\"article\" \/>\n<meta property=\"og:title\" content=\"Nova oportunitat per ser voluntari\/a a l\u2019IFM Camp 2016! - Esplac\" \/>\n<meta property=\"og:description\" content=\"Es podr\u00e0 col\u00b7laborar en tasques d\u2019intend\u00e8ncia o organitzant activitats pel [&hellip;]\" \/>\n<meta property=\"og:url\" content=\"https:\/\/www.esplac.cat\/en\/nova-oportunitat-per-ser-voluntaria-a-lifm-camp-2016\/\" \/>\n<meta property=\"og:site_name\" content=\"Esplac\" \/>\n<meta property=\"article:published_time\" content=\"2016-03-11T10:03:55+00:00\" \/>\n<meta property=\"og:image\" content=\"https:\/\/www.esplac.cat\/wp-content\/uploads\/2016\/02\/20160219_IFM-voluntaris.jpg\" \/>\n\t<meta property=\"og:image:width\" content=\"847\" \/>\n\t<meta property=\"og:image:height\" content=\"350\" \/>\n\t<meta property=\"og:image:type\" content=\"image\/jpeg\" \/>\n<meta name=\"author\" content=\"Comunicaci\u00f3 Esplac\" \/>\n<meta name=\"twitter:card\" content=\"summary_large_image\" \/>\n<meta name=\"twitter:label1\" content=\"Escrito por\" \/>\n\t<meta name=\"twitter:data1\" content=\"Comunicaci\u00f3 Esplac\" \/>\n\t<meta name=\"twitter:label2\" content=\"Tiempo de lectura\" \/>\n\t<meta name=\"twitter:data2\" content=\"1 minuto\" \/>\n<script type=\"application\/ld+json\" class=\"yoast-schema-graph\">{\"@context\":\"https:\\\/\\\/schema.org\",\"@graph\":[{\"@type\":\"Article\",\"@id\":\"https:\\\/\\\/www.esplac.cat\\\/en\\\/nova-oportunitat-per-ser-voluntaria-a-lifm-camp-2016\\\/#article\",\"isPartOf\":{\"@id\":\"https:\\\/\\\/www.esplac.cat\\\/en\\\/nova-oportunitat-per-ser-voluntaria-a-lifm-camp-2016\\\/\"},\"author\":{\"name\":\"Comunicaci\u00f3 Esplac\",\"@id\":\"https:\\\/\\\/www.esplac.cat\\\/#\\\/schema\\\/person\\\/908383cf240be18b68f8855d0583faca\"},\"headline\":\"Nova oportunitat per ser voluntari\\\/a a l\u2019IFM Camp 2016!\",\"datePublished\":\"2016-03-11T10:03:55+00:00\",\"mainEntityOfPage\":{\"@id\":\"https:\\\/\\\/www.esplac.cat\\\/en\\\/nova-oportunitat-per-ser-voluntaria-a-lifm-camp-2016\\\/\"},\"wordCount\":245,\"publisher\":{\"@id\":\"https:\\\/\\\/www.esplac.cat\\\/#organization\"},\"image\":{\"@id\":\"https:\\\/\\\/www.esplac.cat\\\/en\\\/nova-oportunitat-per-ser-voluntaria-a-lifm-camp-2016\\\/#primaryimage\"},\"thumbnailUrl\":\"https:\\\/\\\/www.esplac.cat\\\/wp-content\\\/uploads\\\/2016\\\/02\\\/20160219_IFM-voluntaris.jpg\",\"keywords\":[\"activitats internacionals\",\"campament internacional\",\"IFM Camp\",\"IFM Camp 2016\",\"IFM-SEI\",\"internacionalisme\",\"voluntariat\"],\"articleSection\":[\"Esplac al m\u00f3n\",\"Sense categoria\"],\"inLanguage\":\"es\"},{\"@type\":\"WebPage\",\"@id\":\"https:\\\/\\\/www.esplac.cat\\\/en\\\/nova-oportunitat-per-ser-voluntaria-a-lifm-camp-2016\\\/\",\"url\":\"https:\\\/\\\/www.esplac.cat\\\/en\\\/nova-oportunitat-per-ser-voluntaria-a-lifm-camp-2016\\\/\",\"name\":\"Nova oportunitat per ser voluntari\\\/a a l\u2019IFM Camp 2016! - Esplac\",\"isPartOf\":{\"@id\":\"https:\\\/\\\/www.esplac.cat\\\/#website\"},\"primaryImageOfPage\":{\"@id\":\"https:\\\/\\\/www.esplac.cat\\\/en\\\/nova-oportunitat-per-ser-voluntaria-a-lifm-camp-2016\\\/#primaryimage\"},\"image\":{\"@id\":\"https:\\\/\\\/www.esplac.cat\\\/en\\\/nova-oportunitat-per-ser-voluntaria-a-lifm-camp-2016\\\/#primaryimage\"},\"thumbnailUrl\":\"https:\\\/\\\/www.esplac.cat\\\/wp-content\\\/uploads\\\/2016\\\/02\\\/20160219_IFM-voluntaris.jpg\",\"datePublished\":\"2016-03-11T10:03:55+00:00\",\"breadcrumb\":{\"@id\":\"https:\\\/\\\/www.esplac.cat\\\/en\\\/nova-oportunitat-per-ser-voluntaria-a-lifm-camp-2016\\\/#breadcrumb\"},\"inLanguage\":\"es\",\"potentialAction\":[{\"@type\":\"ReadAction\",\"target\":[\"https:\\\/\\\/www.esplac.cat\\\/en\\\/nova-oportunitat-per-ser-voluntaria-a-lifm-camp-2016\\\/\"]}]},{\"@type\":\"ImageObject\",\"inLanguage\":\"es\",\"@id\":\"https:\\\/\\\/www.esplac.cat\\\/en\\\/nova-oportunitat-per-ser-voluntaria-a-lifm-camp-2016\\\/#primaryimage\",\"url\":\"https:\\\/\\\/www.esplac.cat\\\/wp-content\\\/uploads\\\/2016\\\/02\\\/20160219_IFM-voluntaris.jpg\",\"contentUrl\":\"https:\\\/\\\/www.esplac.cat\\\/wp-content\\\/uploads\\\/2016\\\/02\\\/20160219_IFM-voluntaris.jpg\",\"width\":847,\"height\":350},{\"@type\":\"BreadcrumbList\",\"@id\":\"https:\\\/\\\/www.esplac.cat\\\/en\\\/nova-oportunitat-per-ser-voluntaria-a-lifm-camp-2016\\\/#breadcrumb\",\"itemListElement\":[{\"@type\":\"ListItem\",\"position\":1,\"name\":\"Inici\",\"item\":\"https:\\\/\\\/www.esplac.cat\\\/es\\\/\"},{\"@type\":\"ListItem\",\"position\":2,\"name\":\"Nova oportunitat per ser voluntari\\\/a a l\u2019IFM Camp 2016!\"}]},{\"@type\":\"WebSite\",\"@id\":\"https:\\\/\\\/www.esplac.cat\\\/#website\",\"url\":\"https:\\\/\\\/www.esplac.cat\\\/\",\"name\":\"Esplac\",\"description\":\"Esplais Catalans\",\"publisher\":{\"@id\":\"https:\\\/\\\/www.esplac.cat\\\/#organization\"},\"potentialAction\":[{\"@type\":\"SearchAction\",\"target\":{\"@type\":\"EntryPoint\",\"urlTemplate\":\"https:\\\/\\\/www.esplac.cat\\\/?s={search_term_string}\"},\"query-input\":{\"@type\":\"PropertyValueSpecification\",\"valueRequired\":true,\"valueName\":\"search_term_string\"}}],\"inLanguage\":\"es\"},{\"@type\":\"Organization\",\"@id\":\"https:\\\/\\\/www.esplac.cat\\\/#organization\",\"name\":\"Esplac\",\"url\":\"https:\\\/\\\/www.esplac.cat\\\/\",\"logo\":{\"@type\":\"ImageObject\",\"inLanguage\":\"es\",\"@id\":\"https:\\\/\\\/www.esplac.cat\\\/#\\\/schema\\\/logo\\\/image\\\/\",\"url\":\"https:\\\/\\\/www.esplac.cat\\\/wp-content\\\/uploads\\\/2019\\\/08\\\/logox2.png\",\"contentUrl\":\"https:\\\/\\\/www.esplac.cat\\\/wp-content\\\/uploads\\\/2019\\\/08\\\/logox2.png\",\"width\":600,\"height\":295,\"caption\":\"Esplac\"},\"image\":{\"@id\":\"https:\\\/\\\/www.esplac.cat\\\/#\\\/schema\\\/logo\\\/image\\\/\"}},{\"@type\":\"Person\",\"@id\":\"https:\\\/\\\/www.esplac.cat\\\/#\\\/schema\\\/person\\\/908383cf240be18b68f8855d0583faca\",\"name\":\"Comunicaci\u00f3 Esplac\",\"image\":{\"@type\":\"ImageObject\",\"inLanguage\":\"es\",\"@id\":\"https:\\\/\\\/secure.gravatar.com\\\/avatar\\\/7a4cf8feb412a76ea4a740ca02d95b06b2907b5a6c648c2dd0a1082a093c3141?s=96&d=mm&r=g\",\"url\":\"https:\\\/\\\/secure.gravatar.com\\\/avatar\\\/7a4cf8feb412a76ea4a740ca02d95b06b2907b5a6c648c2dd0a1082a093c3141?s=96&d=mm&r=g\",\"contentUrl\":\"https:\\\/\\\/secure.gravatar.com\\\/avatar\\\/7a4cf8feb412a76ea4a740ca02d95b06b2907b5a6c648c2dd0a1082a093c3141?s=96&d=mm&r=g\",\"caption\":\"Comunicaci\u00f3 Esplac\"}}]}<\/script>\n<!-- \/ Yoast SEO plugin. -->","yoast_head_json":{"title":"Nova oportunitat per ser voluntari\/a a l\u2019IFM Camp 2016! - Esplac","robots":{"index":"index","follow":"follow","max-snippet":"max-snippet:-1","max-image-preview":"max-image-preview:large","max-video-preview":"max-video-preview:-1"},"canonical":"https:\/\/www.esplac.cat\/en\/nova-oportunitat-per-ser-voluntaria-a-lifm-camp-2016\/","og_locale":"es_ES","og_type":"article","og_title":"Nova oportunitat per ser voluntari\/a a l\u2019IFM Camp 2016! - Esplac","og_description":"Es podr\u00e0 col\u00b7laborar en tasques d\u2019intend\u00e8ncia o organitzant activitats pel [&hellip;]","og_url":"https:\/\/www.esplac.cat\/en\/nova-oportunitat-per-ser-voluntaria-a-lifm-camp-2016\/","og_site_name":"Esplac","article_published_time":"2016-03-11T10:03:55+00:00","og_image":[{"width":847,"height":350,"url":"https:\/\/www.esplac.cat\/wp-content\/uploads\/2016\/02\/20160219_IFM-voluntaris.jpg","type":"image\/jpeg"}],"author":"Comunicaci\u00f3 Esplac","twitter_card":"summary_large_image","twitter_misc":{"Escrito por":"Comunicaci\u00f3 Esplac","Tiempo de lectura":"1 minuto"},"schema":{"@context":"https:\/\/schema.org","@graph":[{"@type":"Article","@id":"https:\/\/www.esplac.cat\/en\/nova-oportunitat-per-ser-voluntaria-a-lifm-camp-2016\/#article","isPartOf":{"@id":"https:\/\/www.esplac.cat\/en\/nova-oportunitat-per-ser-voluntaria-a-lifm-camp-2016\/"},"author":{"name":"Comunicaci\u00f3 Esplac","@id":"https:\/\/www.esplac.cat\/#\/schema\/person\/908383cf240be18b68f8855d0583faca"},"headline":"Nova oportunitat per ser voluntari\/a a l\u2019IFM Camp 2016!","datePublished":"2016-03-11T10:03:55+00:00","mainEntityOfPage":{"@id":"https:\/\/www.esplac.cat\/en\/nova-oportunitat-per-ser-voluntaria-a-lifm-camp-2016\/"},"wordCount":245,"publisher":{"@id":"https:\/\/www.esplac.cat\/#organization"},"image":{"@id":"https:\/\/www.esplac.cat\/en\/nova-oportunitat-per-ser-voluntaria-a-lifm-camp-2016\/#primaryimage"},"thumbnailUrl":"https:\/\/www.esplac.cat\/wp-content\/uploads\/2016\/02\/20160219_IFM-voluntaris.jpg","keywords":["activitats internacionals","campament internacional","IFM Camp","IFM Camp 2016","IFM-SEI","internacionalisme","voluntariat"],"articleSection":["Esplac al m\u00f3n","Sense categoria"],"inLanguage":"es"},{"@type":"WebPage","@id":"https:\/\/www.esplac.cat\/en\/nova-oportunitat-per-ser-voluntaria-a-lifm-camp-2016\/","url":"https:\/\/www.esplac.cat\/en\/nova-oportunitat-per-ser-voluntaria-a-lifm-camp-2016\/","name":"Nova oportunitat per ser voluntari\/a a l\u2019IFM Camp 2016! - Esplac","isPartOf":{"@id":"https:\/\/www.esplac.cat\/#website"},"primaryImageOfPage":{"@id":"https:\/\/www.esplac.cat\/en\/nova-oportunitat-per-ser-voluntaria-a-lifm-camp-2016\/#primaryimage"},"image":{"@id":"https:\/\/www.esplac.cat\/en\/nova-oportunitat-per-ser-voluntaria-a-lifm-camp-2016\/#primaryimage"},"thumbnailUrl":"https:\/\/www.esplac.cat\/wp-content\/uploads\/2016\/02\/20160219_IFM-voluntaris.jpg","datePublished":"2016-03-11T10:03:55+00:00","breadcrumb":{"@id":"https:\/\/www.esplac.cat\/en\/nova-oportunitat-per-ser-voluntaria-a-lifm-camp-2016\/#breadcrumb"},"inLanguage":"es","potentialAction":[{"@type":"ReadAction","target":["https:\/\/www.esplac.cat\/en\/nova-oportunitat-per-ser-voluntaria-a-lifm-camp-2016\/"]}]},{"@type":"ImageObject","inLanguage":"es","@id":"https:\/\/www.esplac.cat\/en\/nova-oportunitat-per-ser-voluntaria-a-lifm-camp-2016\/#primaryimage","url":"https:\/\/www.esplac.cat\/wp-content\/uploads\/2016\/02\/20160219_IFM-voluntaris.jpg","contentUrl":"https:\/\/www.esplac.cat\/wp-content\/uploads\/2016\/02\/20160219_IFM-voluntaris.jpg","width":847,"height":350},{"@type":"BreadcrumbList","@id":"https:\/\/www.esplac.cat\/en\/nova-oportunitat-per-ser-voluntaria-a-lifm-camp-2016\/#breadcrumb","itemListElement":[{"@type":"ListItem","position":1,"name":"Inici","item":"https:\/\/www.esplac.cat\/es\/"},{"@type":"ListItem","position":2,"name":"Nova oportunitat per ser voluntari\/a a l\u2019IFM Camp 2016!"}]},{"@type":"WebSite","@id":"https:\/\/www.esplac.cat\/#website","url":"https:\/\/www.esplac.cat\/","name":"Esplac","description":"Esplais Catalans","publisher":{"@id":"https:\/\/www.esplac.cat\/#organization"},"potentialAction":[{"@type":"SearchAction","target":{"@type":"EntryPoint","urlTemplate":"https:\/\/www.esplac.cat\/?s={search_term_string}"},"query-input":{"@type":"PropertyValueSpecification","valueRequired":true,"valueName":"search_term_string"}}],"inLanguage":"es"},{"@type":"Organization","@id":"https:\/\/www.esplac.cat\/#organization","name":"Esplac","url":"https:\/\/www.esplac.cat\/","logo":{"@type":"ImageObject","inLanguage":"es","@id":"https:\/\/www.esplac.cat\/#\/schema\/logo\/image\/","url":"https:\/\/www.esplac.cat\/wp-content\/uploads\/2019\/08\/logox2.png","contentUrl":"https:\/\/www.esplac.cat\/wp-content\/uploads\/2019\/08\/logox2.png","width":600,"height":295,"caption":"Esplac"},"image":{"@id":"https:\/\/www.esplac.cat\/#\/schema\/logo\/image\/"}},{"@type":"Person","@id":"https:\/\/www.esplac.cat\/#\/schema\/person\/908383cf240be18b68f8855d0583faca","name":"Comunicaci\u00f3 Esplac","image":{"@type":"ImageObject","inLanguage":"es","@id":"https:\/\/secure.gravatar.com\/avatar\/7a4cf8feb412a76ea4a740ca02d95b06b2907b5a6c648c2dd0a1082a093c3141?s=96&d=mm&r=g","url":"https:\/\/secure.gravatar.com\/avatar\/7a4cf8feb412a76ea4a740ca02d95b06b2907b5a6c648c2dd0a1082a093c3141?s=96&d=mm&r=g","contentUrl":"https:\/\/secure.gravatar.com\/avatar\/7a4cf8feb412a76ea4a740ca02d95b06b2907b5a6c648c2dd0a1082a093c3141?s=96&d=mm&r=g","caption":"Comunicaci\u00f3 Esplac"}}]}},"_links":{"self":[{"href":"https:\/\/www.esplac.cat\/es\/wp-json\/wp\/v2\/posts\/25327","targetHints":{"allow":["GET"]}}],"collection":[{"href":"https:\/\/www.esplac.cat\/es\/wp-json\/wp\/v2\/posts"}],"about":[{"href":"https:\/\/www.esplac.cat\/es\/wp-json\/wp\/v2\/types\/post"}],"author":[{"embeddable":true,"href":"https:\/\/www.esplac.cat\/es\/wp-json\/wp\/v2\/users\/3"}],"replies":[{"embeddable":true,"href":"https:\/\/www.esplac.cat\/es\/wp-json\/wp\/v2\/comments?post=25327"}],"version-history":[{"count":0,"href":"https:\/\/www.esplac.cat\/es\/wp-json\/wp\/v2\/posts\/25327\/revisions"}],"wp:featuredmedia":[{"embeddable":true,"href":"https:\/\/www.esplac.cat\/es\/wp-json\/wp\/v2\/media\/25328"}],"wp:attachment":[{"href":"https:\/\/www.esplac.cat\/es\/wp-json\/wp\/v2\/media?parent=25327"}],"wp:term":[{"taxonomy":"category","embeddable":true,"href":"https:\/\/www.esplac.cat\/es\/wp-json\/wp\/v2\/categories?post=25327"},{"taxonomy":"post_tag","embeddable":true,"href":"https:\/\/www.esplac.cat\/es\/wp-json\/wp\/v2\/tags?post=25327"}],"curies":[{"name":"wp","href":"https:\/\/api.w.org\/{rel}","templated":true}]}}