{"id":25363,"date":"2016-02-19T12:46:17","date_gmt":"2016-02-19T10:46:17","guid":{"rendered":"http:\/\/esplac.cat\/?p=9960"},"modified":"2016-02-19T12:46:17","modified_gmt":"2016-02-19T10:46:17","slug":"convocatoria-oberta-per-participar-a-lifm-camp-2016-com-a-voluntaria","status":"publish","type":"post","link":"https:\/\/www.esplac.cat\/es\/convocatoria-oberta-per-participar-a-lifm-camp-2016-com-a-voluntaria\/","title":{"rendered":"Convocat\u00f2ria oberta per participar a l\u2019IFM Camp 2016 com a voluntari\/a"},"content":{"rendered":"<p class=\"p1\" style=\"text-align: justify;\"><strong>Els i les volunt\u00e0ries hauran de ser al campament uns dies abans i tindran subvencionada la seva participaci\u00f3<\/strong><\/p>\n<p class=\"p1\" style=\"text-align: justify;\">Aviat far\u00e0 un any que vam comen\u00e7ar a parlar de l\u2019<strong><a href=\"https:\/\/www.ifm-camp-2016.org\/en\"><span class=\"s1\">IFM Camp 2016<\/span><\/a><\/strong>, el campament internacional que es dur\u00e0 a terme aquest estiu a Alemanya i del que s\u2019espera una participaci\u00f3 massiva d\u2019esplais i d\u2019altres grups d\u2019infants i joves d\u2019arreu del m\u00f3n.<\/p>\n<p class=\"p1\" style=\"text-align: justify;\">Per als monis que no estiguin inscrits amb el seu grup d\u2019esplai, una bona manera de participar-hi \u00e9s com a alliberat o alliberada, realitzant tasques diverses segons els gustos i interessos, ja sigui dinamitzant tallers a les tendes tem\u00e0tiques, fent de traductor simultani o per exemple, fent tasques de log\u00edstica i intend\u00e8ncia. Segur que m\u00e9s d\u2019un o una us ho esteu plantejant!<\/p>\n<p class=\"p1\" style=\"text-align: justify;\">L\u2019IFM-SEI, l\u2019organitzaci\u00f3 que impulsa aquest projecte, ha obtingut finan\u00e7ament de la UE sota el programa de Servei de Voluntariat Europeu (SVE) i aix\u00f2 permetria que <strong>3 monis d\u2019Esplac hi pugu\u00e9ssiu anar amb despeses de viatge cobertes (fins a 180 euros)<\/strong> i sense haver de pagar la quota de 290 euros. Com que pensem que aquesta \u00e9s una bona oportunitat per a fer un treball internacionalista de primer nivell, con\u00e8ixer un munt de gent i tenir una gran experi\u00e8ncia educativa, des d\u2019Esplac proposem que aquest ajut es reparteixi entre 6 monis enlloc de 3.<\/p>\n<h3 class=\"p1\" style=\"text-align: justify;\">Quins requisits cal complir per a ser voluntari\/a?<\/h3>\n<ul>\n<li class=\"p3\" style=\"text-align: justify;\">Tenir entre 18 i 30 anys.<\/li>\n<li class=\"p3\" style=\"text-align: justify;\">Tenir disponibilitat completa del 18 de juliol al 5 d\u2019agost.<\/li>\n<li class=\"p3\" style=\"text-align: justify;\">Estar altament motivat\/da per contribuir ja sigui en l\u2019\u00e0rea programa educatiu com l\u2019\u00e0rea de log\u00edstica.<\/li>\n<li class=\"p3\" style=\"text-align: justify;\">Nivell mig-alt d\u2019angl\u00e8s.<\/li>\n<li class=\"p3\" style=\"text-align: justify;\">Experi\u00e8ncia en dinamitzaci\u00f3 de tallers i\/o experi\u00e8ncia com a intendent en campaments seran valorades positivament.<\/li>\n<li class=\"p3\" style=\"text-align: justify;\">Estar disposat a implicar-se, tamb\u00e9, en la tenda tem\u00e0tica de Drets dels Infants i el Town Cafe que organitzem des d\u2019Esplac.<\/li>\n<\/ul>\n<h3>Qu\u00e8 em cal fer per ser voluntari\/a de l\u2019IFM Camp?<\/h3>\n<p>Participa del proc\u00e9s de selecci\u00f3 <strong>emplenant <a href=\"https:\/\/docs.google.com\/a\/esplac.cat\/forms\/d\/1AVzNSkK-Q17Oa8dbdI6ruUHBruy3AwFysqz2cnYtFDc\/viewform\" target=\"_blank\" rel=\"noopener noreferrer\"><span class=\"s1\">aquest formulari<\/span><\/a> abans del 7 de mar\u00e7.<\/strong><\/p>\n<h3>On puc trobar m\u00e9s informaci\u00f3 sobre el campament?<\/h3>\n<p class=\"p3\" style=\"text-align: justify;\">&#8211; <a href=\"http:\/\/esplac.cat\/wp-content\/uploads\/2016\/02\/IFM-SEI.pdf\" target=\"_blank\" rel=\"noopener noreferrer\">Sobre l\u2019organitzaci\u00f3 del campament, clica aqu\u00ed<\/a>!<\/p>\n<p class=\"p3\" style=\"text-align: justify;\">&#8211; <a href=\"http:\/\/esplac.cat\/wp-content\/uploads\/2016\/02\/programme-areas-ifm-sei-camp.pdf\" target=\"_blank\" rel=\"noopener noreferrer\">Sobre el programa educatiu, clica aqu\u00ed<\/a>!<\/p>\n<p class=\"p3\" style=\"text-align: justify;\">&#8211; A la p\u00e0gina web del campament: https:\/\/www.ifm-camp-2016.org<\/p>\n","protected":false},"excerpt":{"rendered":"<p>Els i les volunt\u00e0ries hauran de ser al campament uns [&hellip;]<\/p>\n","protected":false},"author":3,"featured_media":25328,"comment_status":"closed","ping_status":"open","sticky":false,"template":"","format":"standard","meta":{"om_disable_all_campaigns":false,"_monsterinsights_skip_tracking":false,"_monsterinsights_sitenote_active":false,"_monsterinsights_sitenote_note":"","_monsterinsights_sitenote_category":0,"_uf_show_specific_survey":0,"_uf_disable_surveys":false,"footnotes":""},"categories":[1112,1],"tags":[612,523,59,109],"class_list":["post-25363","post","type-post","status-publish","format-standard","has-post-thumbnail","hentry","category-esplac-al-mon","category-sense-categoria","tag-ifm-camp","tag-ifm-camp-2016","tag-ifm-sei","tag-internacionalisme"],"yoast_head":"<!-- This site is optimized with the Yoast SEO plugin v27.5 - https:\/\/yoast.com\/product\/yoast-seo-wordpress\/ -->\n<title>Convocat\u00f2ria oberta per participar a l\u2019IFM Camp 2016 com a voluntari\/a - Esplac<\/title>\n<meta name=\"robots\" content=\"index, follow, max-snippet:-1, max-image-preview:large, max-video-preview:-1\" \/>\n<link rel=\"canonical\" href=\"https:\/\/www.esplac.cat\/convocatoria-oberta-per-participar-a-lifm-camp-2016-com-a-voluntaria\/\" \/>\n<meta property=\"og:locale\" content=\"es_ES\" \/>\n<meta property=\"og:type\" content=\"article\" \/>\n<meta property=\"og:title\" content=\"Convocat\u00f2ria oberta per participar a l\u2019IFM Camp 2016 com a voluntari\/a - Esplac\" \/>\n<meta property=\"og:description\" content=\"Els i les volunt\u00e0ries hauran de ser al campament uns [&hellip;]\" \/>\n<meta property=\"og:url\" content=\"https:\/\/www.esplac.cat\/convocatoria-oberta-per-participar-a-lifm-camp-2016-com-a-voluntaria\/\" \/>\n<meta property=\"og:site_name\" content=\"Esplac\" \/>\n<meta property=\"article:published_time\" content=\"2016-02-19T10:46:17+00:00\" \/>\n<meta property=\"og:image\" content=\"https:\/\/www.esplac.cat\/wp-content\/uploads\/2016\/02\/20160219_IFM-voluntaris.jpg\" \/>\n\t<meta property=\"og:image:width\" content=\"847\" \/>\n\t<meta property=\"og:image:height\" content=\"350\" \/>\n\t<meta property=\"og:image:type\" content=\"image\/jpeg\" \/>\n<meta name=\"author\" content=\"Comunicaci\u00f3 Esplac\" \/>\n<meta name=\"twitter:card\" content=\"summary_large_image\" \/>\n<meta name=\"twitter:label1\" content=\"Escrito por\" \/>\n\t<meta name=\"twitter:data1\" content=\"Comunicaci\u00f3 Esplac\" \/>\n\t<meta name=\"twitter:label2\" content=\"Tiempo de lectura\" \/>\n\t<meta name=\"twitter:data2\" content=\"2 minutos\" \/>\n<script type=\"application\/ld+json\" class=\"yoast-schema-graph\">{\"@context\":\"https:\\\/\\\/schema.org\",\"@graph\":[{\"@type\":\"Article\",\"@id\":\"https:\\\/\\\/www.esplac.cat\\\/convocatoria-oberta-per-participar-a-lifm-camp-2016-com-a-voluntaria\\\/#article\",\"isPartOf\":{\"@id\":\"https:\\\/\\\/www.esplac.cat\\\/convocatoria-oberta-per-participar-a-lifm-camp-2016-com-a-voluntaria\\\/\"},\"author\":{\"name\":\"Comunicaci\u00f3 Esplac\",\"@id\":\"https:\\\/\\\/www.esplac.cat\\\/#\\\/schema\\\/person\\\/908383cf240be18b68f8855d0583faca\"},\"headline\":\"Convocat\u00f2ria oberta per participar a l\u2019IFM Camp 2016 com a voluntari\\\/a\",\"datePublished\":\"2016-02-19T10:46:17+00:00\",\"mainEntityOfPage\":{\"@id\":\"https:\\\/\\\/www.esplac.cat\\\/convocatoria-oberta-per-participar-a-lifm-camp-2016-com-a-voluntaria\\\/\"},\"wordCount\":393,\"publisher\":{\"@id\":\"https:\\\/\\\/www.esplac.cat\\\/#organization\"},\"image\":{\"@id\":\"https:\\\/\\\/www.esplac.cat\\\/convocatoria-oberta-per-participar-a-lifm-camp-2016-com-a-voluntaria\\\/#primaryimage\"},\"thumbnailUrl\":\"https:\\\/\\\/www.esplac.cat\\\/wp-content\\\/uploads\\\/2016\\\/02\\\/20160219_IFM-voluntaris.jpg\",\"keywords\":[\"IFM Camp\",\"IFM Camp 2016\",\"IFM-SEI\",\"internacionalisme\"],\"articleSection\":[\"Esplac al m\u00f3n\",\"Sense categoria\"],\"inLanguage\":\"es\"},{\"@type\":\"WebPage\",\"@id\":\"https:\\\/\\\/www.esplac.cat\\\/convocatoria-oberta-per-participar-a-lifm-camp-2016-com-a-voluntaria\\\/\",\"url\":\"https:\\\/\\\/www.esplac.cat\\\/convocatoria-oberta-per-participar-a-lifm-camp-2016-com-a-voluntaria\\\/\",\"name\":\"Convocat\u00f2ria oberta per participar a l\u2019IFM Camp 2016 com a voluntari\\\/a - Esplac\",\"isPartOf\":{\"@id\":\"https:\\\/\\\/www.esplac.cat\\\/#website\"},\"primaryImageOfPage\":{\"@id\":\"https:\\\/\\\/www.esplac.cat\\\/convocatoria-oberta-per-participar-a-lifm-camp-2016-com-a-voluntaria\\\/#primaryimage\"},\"image\":{\"@id\":\"https:\\\/\\\/www.esplac.cat\\\/convocatoria-oberta-per-participar-a-lifm-camp-2016-com-a-voluntaria\\\/#primaryimage\"},\"thumbnailUrl\":\"https:\\\/\\\/www.esplac.cat\\\/wp-content\\\/uploads\\\/2016\\\/02\\\/20160219_IFM-voluntaris.jpg\",\"datePublished\":\"2016-02-19T10:46:17+00:00\",\"breadcrumb\":{\"@id\":\"https:\\\/\\\/www.esplac.cat\\\/convocatoria-oberta-per-participar-a-lifm-camp-2016-com-a-voluntaria\\\/#breadcrumb\"},\"inLanguage\":\"es\",\"potentialAction\":[{\"@type\":\"ReadAction\",\"target\":[\"https:\\\/\\\/www.esplac.cat\\\/convocatoria-oberta-per-participar-a-lifm-camp-2016-com-a-voluntaria\\\/\"]}]},{\"@type\":\"ImageObject\",\"inLanguage\":\"es\",\"@id\":\"https:\\\/\\\/www.esplac.cat\\\/convocatoria-oberta-per-participar-a-lifm-camp-2016-com-a-voluntaria\\\/#primaryimage\",\"url\":\"https:\\\/\\\/www.esplac.cat\\\/wp-content\\\/uploads\\\/2016\\\/02\\\/20160219_IFM-voluntaris.jpg\",\"contentUrl\":\"https:\\\/\\\/www.esplac.cat\\\/wp-content\\\/uploads\\\/2016\\\/02\\\/20160219_IFM-voluntaris.jpg\",\"width\":847,\"height\":350},{\"@type\":\"BreadcrumbList\",\"@id\":\"https:\\\/\\\/www.esplac.cat\\\/convocatoria-oberta-per-participar-a-lifm-camp-2016-com-a-voluntaria\\\/#breadcrumb\",\"itemListElement\":[{\"@type\":\"ListItem\",\"position\":1,\"name\":\"Inici\",\"item\":\"https:\\\/\\\/www.esplac.cat\\\/es\\\/\"},{\"@type\":\"ListItem\",\"position\":2,\"name\":\"Convocat\u00f2ria oberta per participar a l\u2019IFM Camp 2016 com a voluntari\\\/a\"}]},{\"@type\":\"WebSite\",\"@id\":\"https:\\\/\\\/www.esplac.cat\\\/#website\",\"url\":\"https:\\\/\\\/www.esplac.cat\\\/\",\"name\":\"Esplac\",\"description\":\"Esplais Catalans\",\"publisher\":{\"@id\":\"https:\\\/\\\/www.esplac.cat\\\/#organization\"},\"potentialAction\":[{\"@type\":\"SearchAction\",\"target\":{\"@type\":\"EntryPoint\",\"urlTemplate\":\"https:\\\/\\\/www.esplac.cat\\\/?s={search_term_string}\"},\"query-input\":{\"@type\":\"PropertyValueSpecification\",\"valueRequired\":true,\"valueName\":\"search_term_string\"}}],\"inLanguage\":\"es\"},{\"@type\":\"Organization\",\"@id\":\"https:\\\/\\\/www.esplac.cat\\\/#organization\",\"name\":\"Esplac\",\"url\":\"https:\\\/\\\/www.esplac.cat\\\/\",\"logo\":{\"@type\":\"ImageObject\",\"inLanguage\":\"es\",\"@id\":\"https:\\\/\\\/www.esplac.cat\\\/#\\\/schema\\\/logo\\\/image\\\/\",\"url\":\"https:\\\/\\\/www.esplac.cat\\\/wp-content\\\/uploads\\\/2019\\\/08\\\/logox2.png\",\"contentUrl\":\"https:\\\/\\\/www.esplac.cat\\\/wp-content\\\/uploads\\\/2019\\\/08\\\/logox2.png\",\"width\":600,\"height\":295,\"caption\":\"Esplac\"},\"image\":{\"@id\":\"https:\\\/\\\/www.esplac.cat\\\/#\\\/schema\\\/logo\\\/image\\\/\"}},{\"@type\":\"Person\",\"@id\":\"https:\\\/\\\/www.esplac.cat\\\/#\\\/schema\\\/person\\\/908383cf240be18b68f8855d0583faca\",\"name\":\"Comunicaci\u00f3 Esplac\",\"image\":{\"@type\":\"ImageObject\",\"inLanguage\":\"es\",\"@id\":\"https:\\\/\\\/secure.gravatar.com\\\/avatar\\\/7a4cf8feb412a76ea4a740ca02d95b06b2907b5a6c648c2dd0a1082a093c3141?s=96&d=mm&r=g\",\"url\":\"https:\\\/\\\/secure.gravatar.com\\\/avatar\\\/7a4cf8feb412a76ea4a740ca02d95b06b2907b5a6c648c2dd0a1082a093c3141?s=96&d=mm&r=g\",\"contentUrl\":\"https:\\\/\\\/secure.gravatar.com\\\/avatar\\\/7a4cf8feb412a76ea4a740ca02d95b06b2907b5a6c648c2dd0a1082a093c3141?s=96&d=mm&r=g\",\"caption\":\"Comunicaci\u00f3 Esplac\"}}]}<\/script>\n<!-- \/ Yoast SEO plugin. -->","yoast_head_json":{"title":"Convocat\u00f2ria oberta per participar a l\u2019IFM Camp 2016 com a voluntari\/a - Esplac","robots":{"index":"index","follow":"follow","max-snippet":"max-snippet:-1","max-image-preview":"max-image-preview:large","max-video-preview":"max-video-preview:-1"},"canonical":"https:\/\/www.esplac.cat\/convocatoria-oberta-per-participar-a-lifm-camp-2016-com-a-voluntaria\/","og_locale":"es_ES","og_type":"article","og_title":"Convocat\u00f2ria oberta per participar a l\u2019IFM Camp 2016 com a voluntari\/a - Esplac","og_description":"Els i les volunt\u00e0ries hauran de ser al campament uns [&hellip;]","og_url":"https:\/\/www.esplac.cat\/convocatoria-oberta-per-participar-a-lifm-camp-2016-com-a-voluntaria\/","og_site_name":"Esplac","article_published_time":"2016-02-19T10:46:17+00:00","og_image":[{"width":847,"height":350,"url":"https:\/\/www.esplac.cat\/wp-content\/uploads\/2016\/02\/20160219_IFM-voluntaris.jpg","type":"image\/jpeg"}],"author":"Comunicaci\u00f3 Esplac","twitter_card":"summary_large_image","twitter_misc":{"Escrito por":"Comunicaci\u00f3 Esplac","Tiempo de lectura":"2 minutos"},"schema":{"@context":"https:\/\/schema.org","@graph":[{"@type":"Article","@id":"https:\/\/www.esplac.cat\/convocatoria-oberta-per-participar-a-lifm-camp-2016-com-a-voluntaria\/#article","isPartOf":{"@id":"https:\/\/www.esplac.cat\/convocatoria-oberta-per-participar-a-lifm-camp-2016-com-a-voluntaria\/"},"author":{"name":"Comunicaci\u00f3 Esplac","@id":"https:\/\/www.esplac.cat\/#\/schema\/person\/908383cf240be18b68f8855d0583faca"},"headline":"Convocat\u00f2ria oberta per participar a l\u2019IFM Camp 2016 com a voluntari\/a","datePublished":"2016-02-19T10:46:17+00:00","mainEntityOfPage":{"@id":"https:\/\/www.esplac.cat\/convocatoria-oberta-per-participar-a-lifm-camp-2016-com-a-voluntaria\/"},"wordCount":393,"publisher":{"@id":"https:\/\/www.esplac.cat\/#organization"},"image":{"@id":"https:\/\/www.esplac.cat\/convocatoria-oberta-per-participar-a-lifm-camp-2016-com-a-voluntaria\/#primaryimage"},"thumbnailUrl":"https:\/\/www.esplac.cat\/wp-content\/uploads\/2016\/02\/20160219_IFM-voluntaris.jpg","keywords":["IFM Camp","IFM Camp 2016","IFM-SEI","internacionalisme"],"articleSection":["Esplac al m\u00f3n","Sense categoria"],"inLanguage":"es"},{"@type":"WebPage","@id":"https:\/\/www.esplac.cat\/convocatoria-oberta-per-participar-a-lifm-camp-2016-com-a-voluntaria\/","url":"https:\/\/www.esplac.cat\/convocatoria-oberta-per-participar-a-lifm-camp-2016-com-a-voluntaria\/","name":"Convocat\u00f2ria oberta per participar a l\u2019IFM Camp 2016 com a voluntari\/a - Esplac","isPartOf":{"@id":"https:\/\/www.esplac.cat\/#website"},"primaryImageOfPage":{"@id":"https:\/\/www.esplac.cat\/convocatoria-oberta-per-participar-a-lifm-camp-2016-com-a-voluntaria\/#primaryimage"},"image":{"@id":"https:\/\/www.esplac.cat\/convocatoria-oberta-per-participar-a-lifm-camp-2016-com-a-voluntaria\/#primaryimage"},"thumbnailUrl":"https:\/\/www.esplac.cat\/wp-content\/uploads\/2016\/02\/20160219_IFM-voluntaris.jpg","datePublished":"2016-02-19T10:46:17+00:00","breadcrumb":{"@id":"https:\/\/www.esplac.cat\/convocatoria-oberta-per-participar-a-lifm-camp-2016-com-a-voluntaria\/#breadcrumb"},"inLanguage":"es","potentialAction":[{"@type":"ReadAction","target":["https:\/\/www.esplac.cat\/convocatoria-oberta-per-participar-a-lifm-camp-2016-com-a-voluntaria\/"]}]},{"@type":"ImageObject","inLanguage":"es","@id":"https:\/\/www.esplac.cat\/convocatoria-oberta-per-participar-a-lifm-camp-2016-com-a-voluntaria\/#primaryimage","url":"https:\/\/www.esplac.cat\/wp-content\/uploads\/2016\/02\/20160219_IFM-voluntaris.jpg","contentUrl":"https:\/\/www.esplac.cat\/wp-content\/uploads\/2016\/02\/20160219_IFM-voluntaris.jpg","width":847,"height":350},{"@type":"BreadcrumbList","@id":"https:\/\/www.esplac.cat\/convocatoria-oberta-per-participar-a-lifm-camp-2016-com-a-voluntaria\/#breadcrumb","itemListElement":[{"@type":"ListItem","position":1,"name":"Inici","item":"https:\/\/www.esplac.cat\/es\/"},{"@type":"ListItem","position":2,"name":"Convocat\u00f2ria oberta per participar a l\u2019IFM Camp 2016 com a voluntari\/a"}]},{"@type":"WebSite","@id":"https:\/\/www.esplac.cat\/#website","url":"https:\/\/www.esplac.cat\/","name":"Esplac","description":"Esplais Catalans","publisher":{"@id":"https:\/\/www.esplac.cat\/#organization"},"potentialAction":[{"@type":"SearchAction","target":{"@type":"EntryPoint","urlTemplate":"https:\/\/www.esplac.cat\/?s={search_term_string}"},"query-input":{"@type":"PropertyValueSpecification","valueRequired":true,"valueName":"search_term_string"}}],"inLanguage":"es"},{"@type":"Organization","@id":"https:\/\/www.esplac.cat\/#organization","name":"Esplac","url":"https:\/\/www.esplac.cat\/","logo":{"@type":"ImageObject","inLanguage":"es","@id":"https:\/\/www.esplac.cat\/#\/schema\/logo\/image\/","url":"https:\/\/www.esplac.cat\/wp-content\/uploads\/2019\/08\/logox2.png","contentUrl":"https:\/\/www.esplac.cat\/wp-content\/uploads\/2019\/08\/logox2.png","width":600,"height":295,"caption":"Esplac"},"image":{"@id":"https:\/\/www.esplac.cat\/#\/schema\/logo\/image\/"}},{"@type":"Person","@id":"https:\/\/www.esplac.cat\/#\/schema\/person\/908383cf240be18b68f8855d0583faca","name":"Comunicaci\u00f3 Esplac","image":{"@type":"ImageObject","inLanguage":"es","@id":"https:\/\/secure.gravatar.com\/avatar\/7a4cf8feb412a76ea4a740ca02d95b06b2907b5a6c648c2dd0a1082a093c3141?s=96&d=mm&r=g","url":"https:\/\/secure.gravatar.com\/avatar\/7a4cf8feb412a76ea4a740ca02d95b06b2907b5a6c648c2dd0a1082a093c3141?s=96&d=mm&r=g","contentUrl":"https:\/\/secure.gravatar.com\/avatar\/7a4cf8feb412a76ea4a740ca02d95b06b2907b5a6c648c2dd0a1082a093c3141?s=96&d=mm&r=g","caption":"Comunicaci\u00f3 Esplac"}}]}},"_links":{"self":[{"href":"https:\/\/www.esplac.cat\/es\/wp-json\/wp\/v2\/posts\/25363","targetHints":{"allow":["GET"]}}],"collection":[{"href":"https:\/\/www.esplac.cat\/es\/wp-json\/wp\/v2\/posts"}],"about":[{"href":"https:\/\/www.esplac.cat\/es\/wp-json\/wp\/v2\/types\/post"}],"author":[{"embeddable":true,"href":"https:\/\/www.esplac.cat\/es\/wp-json\/wp\/v2\/users\/3"}],"replies":[{"embeddable":true,"href":"https:\/\/www.esplac.cat\/es\/wp-json\/wp\/v2\/comments?post=25363"}],"version-history":[{"count":0,"href":"https:\/\/www.esplac.cat\/es\/wp-json\/wp\/v2\/posts\/25363\/revisions"}],"wp:featuredmedia":[{"embeddable":true,"href":"https:\/\/www.esplac.cat\/es\/wp-json\/wp\/v2\/media\/25328"}],"wp:attachment":[{"href":"https:\/\/www.esplac.cat\/es\/wp-json\/wp\/v2\/media?parent=25363"}],"wp:term":[{"taxonomy":"category","embeddable":true,"href":"https:\/\/www.esplac.cat\/es\/wp-json\/wp\/v2\/categories?post=25363"},{"taxonomy":"post_tag","embeddable":true,"href":"https:\/\/www.esplac.cat\/es\/wp-json\/wp\/v2\/tags?post=25363"}],"curies":[{"name":"wp","href":"https:\/\/api.w.org\/{rel}","templated":true}]}}