{"id":25370,"date":"2016-02-17T11:37:57","date_gmt":"2016-02-17T09:37:57","guid":{"rendered":"http:\/\/esplac.cat\/?p=9952"},"modified":"2016-02-17T11:37:57","modified_gmt":"2016-02-17T09:37:57","slug":"el-valles-tambe-reivindica-espais-dignes","status":"publish","type":"post","link":"https:\/\/www.esplac.cat\/es\/el-valles-tambe-reivindica-espais-dignes\/","title":{"rendered":"El Vall\u00e8s tamb\u00e9 reivindica espais dignes"},"content":{"rendered":"<h4 style=\"text-align: justify;\">Engega la comissi\u00f3 de locals i espais p\u00fablics del Sector!<\/h4>\n<p style=\"text-align: justify;\">El dilluns passat es va reunir per primera vegada la <strong>nova comissi\u00f3 del Sector Vall\u00e8s sobre locals i espais p\u00fablics<\/strong>. Els participants van ser els esplais La Fera, Pica-Roca, Eixam i dos membres de l&#8217;EGS.<\/p>\n<p style=\"text-align: justify;\">Aquesta comissi\u00f3 es va proposar a finals del curs passat arrel d&#8217;algunes situacions cr\u00edtiques que han viscut alguns esplais i partint de l&#8217;exemple de la <a href=\"http:\/\/localitzat.org\/\">comissi\u00f3 Localitza&#8217;t <\/a>del Sector Barcelona.<br \/>\nEn aquesta primera reuni\u00f3, la comissi\u00f3 va estar plantejant els objectius a assolir, sempre lligats als prop\u00f2sits del grup de treball sobre locals i espais p\u00fablics que ja existeix a Esplac, aix\u00ed com les properes accions que vol desenvolupar.<\/p>\n<p style=\"text-align: justify;\">Els objectius principals seran <strong>intercanviar coneixements i experi\u00e8ncies<\/strong> sobre el tema amb els diversos esplais que hi participin i <strong>fer actes de pressi\u00f3 i reivindicaci\u00f3<\/strong> al respecte, sempre apostant perqu\u00e8 els esplais puguin tenir espais de qualitat on poder realitzar b\u00e9 les seves activitats, i tamb\u00e9 que tinguin f\u00e0cil acc\u00e9s als diversos espais p\u00fablics i municipals quan sigui necessari.<\/p>\n<p style=\"text-align: justify;\">Un dels objectius principals per comen\u00e7ar, tamb\u00e9, \u00e9s <strong>fer cr\u00e9ixer la comissi\u00f3 i que hi participin molts m\u00e9s esplais<\/strong>. Encara que no tots tinguin dificultats d&#8217;espais, esperem que se sumin a la causa i que puguem seguir avan\u00e7ant junts per millorar la tasca dels esplais dia a dia.<\/p>\n","protected":false},"excerpt":{"rendered":"<p>Engega la comissi\u00f3 de locals i espais p\u00fablics del Sector! [&hellip;]<\/p>\n","protected":false},"author":3,"featured_media":25371,"comment_status":"closed","ping_status":"open","sticky":false,"template":"","format":"standard","meta":{"om_disable_all_campaigns":false,"_monsterinsights_skip_tracking":false,"_monsterinsights_sitenote_active":false,"_monsterinsights_sitenote_note":"","_monsterinsights_sitenote_category":0,"_uf_show_specific_survey":0,"_uf_disable_surveys":false,"footnotes":""},"categories":[1110,1137],"tags":[613,208,615,122,23],"class_list":["post-25370","post","type-post","status-publish","format-standard","has-post-thumbnail","hentry","category-activitats-sectors","category-sector-valles","tag-espai-public","tag-localitzat","tag-locals","tag-sector-valles","tag-sectors-geografics"],"yoast_head":"<!-- This site is optimized with the Yoast SEO plugin v27.5 - https:\/\/yoast.com\/product\/yoast-seo-wordpress\/ -->\n<title>El Vall\u00e8s tamb\u00e9 reivindica espais dignes - Esplac<\/title>\n<meta name=\"robots\" content=\"index, follow, max-snippet:-1, max-image-preview:large, max-video-preview:-1\" \/>\n<link rel=\"canonical\" href=\"https:\/\/www.esplac.cat\/el-valles-tambe-reivindica-espais-dignes\/\" \/>\n<meta property=\"og:locale\" content=\"es_ES\" \/>\n<meta property=\"og:type\" content=\"article\" \/>\n<meta property=\"og:title\" content=\"El Vall\u00e8s tamb\u00e9 reivindica espais dignes - Esplac\" \/>\n<meta property=\"og:description\" content=\"Engega la comissi\u00f3 de locals i espais p\u00fablics del Sector! [&hellip;]\" \/>\n<meta property=\"og:url\" content=\"https:\/\/www.esplac.cat\/el-valles-tambe-reivindica-espais-dignes\/\" \/>\n<meta property=\"og:site_name\" content=\"Esplac\" \/>\n<meta property=\"article:published_time\" content=\"2016-02-17T09:37:57+00:00\" \/>\n<meta property=\"og:image\" content=\"https:\/\/www.esplac.cat\/wp-content\/uploads\/2016\/02\/19022016_LocalsValles.jpg\" \/>\n\t<meta property=\"og:image:width\" content=\"847\" \/>\n\t<meta property=\"og:image:height\" content=\"350\" \/>\n\t<meta property=\"og:image:type\" content=\"image\/jpeg\" \/>\n<meta name=\"author\" content=\"Comunicaci\u00f3 Esplac\" \/>\n<meta name=\"twitter:card\" content=\"summary_large_image\" \/>\n<meta name=\"twitter:label1\" content=\"Escrito por\" \/>\n\t<meta name=\"twitter:data1\" content=\"Comunicaci\u00f3 Esplac\" \/>\n\t<meta name=\"twitter:label2\" content=\"Tiempo de lectura\" \/>\n\t<meta name=\"twitter:data2\" content=\"1 minuto\" \/>\n<script type=\"application\/ld+json\" class=\"yoast-schema-graph\">{\"@context\":\"https:\\\/\\\/schema.org\",\"@graph\":[{\"@type\":\"Article\",\"@id\":\"https:\\\/\\\/www.esplac.cat\\\/el-valles-tambe-reivindica-espais-dignes\\\/#article\",\"isPartOf\":{\"@id\":\"https:\\\/\\\/www.esplac.cat\\\/el-valles-tambe-reivindica-espais-dignes\\\/\"},\"author\":{\"name\":\"Comunicaci\u00f3 Esplac\",\"@id\":\"https:\\\/\\\/www.esplac.cat\\\/#\\\/schema\\\/person\\\/908383cf240be18b68f8855d0583faca\"},\"headline\":\"El Vall\u00e8s tamb\u00e9 reivindica espais dignes\",\"datePublished\":\"2016-02-17T09:37:57+00:00\",\"mainEntityOfPage\":{\"@id\":\"https:\\\/\\\/www.esplac.cat\\\/el-valles-tambe-reivindica-espais-dignes\\\/\"},\"wordCount\":247,\"publisher\":{\"@id\":\"https:\\\/\\\/www.esplac.cat\\\/#organization\"},\"image\":{\"@id\":\"https:\\\/\\\/www.esplac.cat\\\/el-valles-tambe-reivindica-espais-dignes\\\/#primaryimage\"},\"thumbnailUrl\":\"https:\\\/\\\/www.esplac.cat\\\/wp-content\\\/uploads\\\/2016\\\/02\\\/19022016_LocalsValles.jpg\",\"keywords\":[\"espai p\u00fablic\",\"localitza't\",\"locals\",\"sector Vall\u00e8s\",\"sectors geogr\u00e0fics\"],\"articleSection\":[\"Activitats sectors\",\"Sector Vall\u00e8s\"],\"inLanguage\":\"es\"},{\"@type\":\"WebPage\",\"@id\":\"https:\\\/\\\/www.esplac.cat\\\/el-valles-tambe-reivindica-espais-dignes\\\/\",\"url\":\"https:\\\/\\\/www.esplac.cat\\\/el-valles-tambe-reivindica-espais-dignes\\\/\",\"name\":\"El Vall\u00e8s tamb\u00e9 reivindica espais dignes - Esplac\",\"isPartOf\":{\"@id\":\"https:\\\/\\\/www.esplac.cat\\\/#website\"},\"primaryImageOfPage\":{\"@id\":\"https:\\\/\\\/www.esplac.cat\\\/el-valles-tambe-reivindica-espais-dignes\\\/#primaryimage\"},\"image\":{\"@id\":\"https:\\\/\\\/www.esplac.cat\\\/el-valles-tambe-reivindica-espais-dignes\\\/#primaryimage\"},\"thumbnailUrl\":\"https:\\\/\\\/www.esplac.cat\\\/wp-content\\\/uploads\\\/2016\\\/02\\\/19022016_LocalsValles.jpg\",\"datePublished\":\"2016-02-17T09:37:57+00:00\",\"breadcrumb\":{\"@id\":\"https:\\\/\\\/www.esplac.cat\\\/el-valles-tambe-reivindica-espais-dignes\\\/#breadcrumb\"},\"inLanguage\":\"es\",\"potentialAction\":[{\"@type\":\"ReadAction\",\"target\":[\"https:\\\/\\\/www.esplac.cat\\\/el-valles-tambe-reivindica-espais-dignes\\\/\"]}]},{\"@type\":\"ImageObject\",\"inLanguage\":\"es\",\"@id\":\"https:\\\/\\\/www.esplac.cat\\\/el-valles-tambe-reivindica-espais-dignes\\\/#primaryimage\",\"url\":\"https:\\\/\\\/www.esplac.cat\\\/wp-content\\\/uploads\\\/2016\\\/02\\\/19022016_LocalsValles.jpg\",\"contentUrl\":\"https:\\\/\\\/www.esplac.cat\\\/wp-content\\\/uploads\\\/2016\\\/02\\\/19022016_LocalsValles.jpg\",\"width\":847,\"height\":350},{\"@type\":\"BreadcrumbList\",\"@id\":\"https:\\\/\\\/www.esplac.cat\\\/el-valles-tambe-reivindica-espais-dignes\\\/#breadcrumb\",\"itemListElement\":[{\"@type\":\"ListItem\",\"position\":1,\"name\":\"Inici\",\"item\":\"https:\\\/\\\/www.esplac.cat\\\/es\\\/\"},{\"@type\":\"ListItem\",\"position\":2,\"name\":\"El Vall\u00e8s tamb\u00e9 reivindica espais dignes\"}]},{\"@type\":\"WebSite\",\"@id\":\"https:\\\/\\\/www.esplac.cat\\\/#website\",\"url\":\"https:\\\/\\\/www.esplac.cat\\\/\",\"name\":\"Esplac\",\"description\":\"Esplais Catalans\",\"publisher\":{\"@id\":\"https:\\\/\\\/www.esplac.cat\\\/#organization\"},\"potentialAction\":[{\"@type\":\"SearchAction\",\"target\":{\"@type\":\"EntryPoint\",\"urlTemplate\":\"https:\\\/\\\/www.esplac.cat\\\/?s={search_term_string}\"},\"query-input\":{\"@type\":\"PropertyValueSpecification\",\"valueRequired\":true,\"valueName\":\"search_term_string\"}}],\"inLanguage\":\"es\"},{\"@type\":\"Organization\",\"@id\":\"https:\\\/\\\/www.esplac.cat\\\/#organization\",\"name\":\"Esplac\",\"url\":\"https:\\\/\\\/www.esplac.cat\\\/\",\"logo\":{\"@type\":\"ImageObject\",\"inLanguage\":\"es\",\"@id\":\"https:\\\/\\\/www.esplac.cat\\\/#\\\/schema\\\/logo\\\/image\\\/\",\"url\":\"https:\\\/\\\/www.esplac.cat\\\/wp-content\\\/uploads\\\/2019\\\/08\\\/logox2.png\",\"contentUrl\":\"https:\\\/\\\/www.esplac.cat\\\/wp-content\\\/uploads\\\/2019\\\/08\\\/logox2.png\",\"width\":600,\"height\":295,\"caption\":\"Esplac\"},\"image\":{\"@id\":\"https:\\\/\\\/www.esplac.cat\\\/#\\\/schema\\\/logo\\\/image\\\/\"}},{\"@type\":\"Person\",\"@id\":\"https:\\\/\\\/www.esplac.cat\\\/#\\\/schema\\\/person\\\/908383cf240be18b68f8855d0583faca\",\"name\":\"Comunicaci\u00f3 Esplac\",\"image\":{\"@type\":\"ImageObject\",\"inLanguage\":\"es\",\"@id\":\"https:\\\/\\\/secure.gravatar.com\\\/avatar\\\/7a4cf8feb412a76ea4a740ca02d95b06b2907b5a6c648c2dd0a1082a093c3141?s=96&d=mm&r=g\",\"url\":\"https:\\\/\\\/secure.gravatar.com\\\/avatar\\\/7a4cf8feb412a76ea4a740ca02d95b06b2907b5a6c648c2dd0a1082a093c3141?s=96&d=mm&r=g\",\"contentUrl\":\"https:\\\/\\\/secure.gravatar.com\\\/avatar\\\/7a4cf8feb412a76ea4a740ca02d95b06b2907b5a6c648c2dd0a1082a093c3141?s=96&d=mm&r=g\",\"caption\":\"Comunicaci\u00f3 Esplac\"}}]}<\/script>\n<!-- \/ Yoast SEO plugin. -->","yoast_head_json":{"title":"El Vall\u00e8s tamb\u00e9 reivindica espais dignes - Esplac","robots":{"index":"index","follow":"follow","max-snippet":"max-snippet:-1","max-image-preview":"max-image-preview:large","max-video-preview":"max-video-preview:-1"},"canonical":"https:\/\/www.esplac.cat\/el-valles-tambe-reivindica-espais-dignes\/","og_locale":"es_ES","og_type":"article","og_title":"El Vall\u00e8s tamb\u00e9 reivindica espais dignes - Esplac","og_description":"Engega la comissi\u00f3 de locals i espais p\u00fablics del Sector! [&hellip;]","og_url":"https:\/\/www.esplac.cat\/el-valles-tambe-reivindica-espais-dignes\/","og_site_name":"Esplac","article_published_time":"2016-02-17T09:37:57+00:00","og_image":[{"width":847,"height":350,"url":"https:\/\/www.esplac.cat\/wp-content\/uploads\/2016\/02\/19022016_LocalsValles.jpg","type":"image\/jpeg"}],"author":"Comunicaci\u00f3 Esplac","twitter_card":"summary_large_image","twitter_misc":{"Escrito por":"Comunicaci\u00f3 Esplac","Tiempo de lectura":"1 minuto"},"schema":{"@context":"https:\/\/schema.org","@graph":[{"@type":"Article","@id":"https:\/\/www.esplac.cat\/el-valles-tambe-reivindica-espais-dignes\/#article","isPartOf":{"@id":"https:\/\/www.esplac.cat\/el-valles-tambe-reivindica-espais-dignes\/"},"author":{"name":"Comunicaci\u00f3 Esplac","@id":"https:\/\/www.esplac.cat\/#\/schema\/person\/908383cf240be18b68f8855d0583faca"},"headline":"El Vall\u00e8s tamb\u00e9 reivindica espais dignes","datePublished":"2016-02-17T09:37:57+00:00","mainEntityOfPage":{"@id":"https:\/\/www.esplac.cat\/el-valles-tambe-reivindica-espais-dignes\/"},"wordCount":247,"publisher":{"@id":"https:\/\/www.esplac.cat\/#organization"},"image":{"@id":"https:\/\/www.esplac.cat\/el-valles-tambe-reivindica-espais-dignes\/#primaryimage"},"thumbnailUrl":"https:\/\/www.esplac.cat\/wp-content\/uploads\/2016\/02\/19022016_LocalsValles.jpg","keywords":["espai p\u00fablic","localitza't","locals","sector Vall\u00e8s","sectors geogr\u00e0fics"],"articleSection":["Activitats sectors","Sector Vall\u00e8s"],"inLanguage":"es"},{"@type":"WebPage","@id":"https:\/\/www.esplac.cat\/el-valles-tambe-reivindica-espais-dignes\/","url":"https:\/\/www.esplac.cat\/el-valles-tambe-reivindica-espais-dignes\/","name":"El Vall\u00e8s tamb\u00e9 reivindica espais dignes - Esplac","isPartOf":{"@id":"https:\/\/www.esplac.cat\/#website"},"primaryImageOfPage":{"@id":"https:\/\/www.esplac.cat\/el-valles-tambe-reivindica-espais-dignes\/#primaryimage"},"image":{"@id":"https:\/\/www.esplac.cat\/el-valles-tambe-reivindica-espais-dignes\/#primaryimage"},"thumbnailUrl":"https:\/\/www.esplac.cat\/wp-content\/uploads\/2016\/02\/19022016_LocalsValles.jpg","datePublished":"2016-02-17T09:37:57+00:00","breadcrumb":{"@id":"https:\/\/www.esplac.cat\/el-valles-tambe-reivindica-espais-dignes\/#breadcrumb"},"inLanguage":"es","potentialAction":[{"@type":"ReadAction","target":["https:\/\/www.esplac.cat\/el-valles-tambe-reivindica-espais-dignes\/"]}]},{"@type":"ImageObject","inLanguage":"es","@id":"https:\/\/www.esplac.cat\/el-valles-tambe-reivindica-espais-dignes\/#primaryimage","url":"https:\/\/www.esplac.cat\/wp-content\/uploads\/2016\/02\/19022016_LocalsValles.jpg","contentUrl":"https:\/\/www.esplac.cat\/wp-content\/uploads\/2016\/02\/19022016_LocalsValles.jpg","width":847,"height":350},{"@type":"BreadcrumbList","@id":"https:\/\/www.esplac.cat\/el-valles-tambe-reivindica-espais-dignes\/#breadcrumb","itemListElement":[{"@type":"ListItem","position":1,"name":"Inici","item":"https:\/\/www.esplac.cat\/es\/"},{"@type":"ListItem","position":2,"name":"El Vall\u00e8s tamb\u00e9 reivindica espais dignes"}]},{"@type":"WebSite","@id":"https:\/\/www.esplac.cat\/#website","url":"https:\/\/www.esplac.cat\/","name":"Esplac","description":"Esplais Catalans","publisher":{"@id":"https:\/\/www.esplac.cat\/#organization"},"potentialAction":[{"@type":"SearchAction","target":{"@type":"EntryPoint","urlTemplate":"https:\/\/www.esplac.cat\/?s={search_term_string}"},"query-input":{"@type":"PropertyValueSpecification","valueRequired":true,"valueName":"search_term_string"}}],"inLanguage":"es"},{"@type":"Organization","@id":"https:\/\/www.esplac.cat\/#organization","name":"Esplac","url":"https:\/\/www.esplac.cat\/","logo":{"@type":"ImageObject","inLanguage":"es","@id":"https:\/\/www.esplac.cat\/#\/schema\/logo\/image\/","url":"https:\/\/www.esplac.cat\/wp-content\/uploads\/2019\/08\/logox2.png","contentUrl":"https:\/\/www.esplac.cat\/wp-content\/uploads\/2019\/08\/logox2.png","width":600,"height":295,"caption":"Esplac"},"image":{"@id":"https:\/\/www.esplac.cat\/#\/schema\/logo\/image\/"}},{"@type":"Person","@id":"https:\/\/www.esplac.cat\/#\/schema\/person\/908383cf240be18b68f8855d0583faca","name":"Comunicaci\u00f3 Esplac","image":{"@type":"ImageObject","inLanguage":"es","@id":"https:\/\/secure.gravatar.com\/avatar\/7a4cf8feb412a76ea4a740ca02d95b06b2907b5a6c648c2dd0a1082a093c3141?s=96&d=mm&r=g","url":"https:\/\/secure.gravatar.com\/avatar\/7a4cf8feb412a76ea4a740ca02d95b06b2907b5a6c648c2dd0a1082a093c3141?s=96&d=mm&r=g","contentUrl":"https:\/\/secure.gravatar.com\/avatar\/7a4cf8feb412a76ea4a740ca02d95b06b2907b5a6c648c2dd0a1082a093c3141?s=96&d=mm&r=g","caption":"Comunicaci\u00f3 Esplac"}}]}},"_links":{"self":[{"href":"https:\/\/www.esplac.cat\/es\/wp-json\/wp\/v2\/posts\/25370","targetHints":{"allow":["GET"]}}],"collection":[{"href":"https:\/\/www.esplac.cat\/es\/wp-json\/wp\/v2\/posts"}],"about":[{"href":"https:\/\/www.esplac.cat\/es\/wp-json\/wp\/v2\/types\/post"}],"author":[{"embeddable":true,"href":"https:\/\/www.esplac.cat\/es\/wp-json\/wp\/v2\/users\/3"}],"replies":[{"embeddable":true,"href":"https:\/\/www.esplac.cat\/es\/wp-json\/wp\/v2\/comments?post=25370"}],"version-history":[{"count":0,"href":"https:\/\/www.esplac.cat\/es\/wp-json\/wp\/v2\/posts\/25370\/revisions"}],"wp:featuredmedia":[{"embeddable":true,"href":"https:\/\/www.esplac.cat\/es\/wp-json\/wp\/v2\/media\/25371"}],"wp:attachment":[{"href":"https:\/\/www.esplac.cat\/es\/wp-json\/wp\/v2\/media?parent=25370"}],"wp:term":[{"taxonomy":"category","embeddable":true,"href":"https:\/\/www.esplac.cat\/es\/wp-json\/wp\/v2\/categories?post=25370"},{"taxonomy":"post_tag","embeddable":true,"href":"https:\/\/www.esplac.cat\/es\/wp-json\/wp\/v2\/tags?post=25370"}],"curies":[{"name":"wp","href":"https:\/\/api.w.org\/{rel}","templated":true}]}}