{"id":25398,"date":"2016-01-21T11:56:37","date_gmt":"2016-01-21T09:56:37","guid":{"rendered":"http:\/\/esplac.cat\/?p=9690"},"modified":"2019-11-14T13:31:51","modified_gmt":"2019-11-14T11:31:51","slug":"queer-easter-la-formacio-internacional-per-a-ments-inquietes","status":"publish","type":"post","link":"https:\/\/www.esplac.cat\/es\/queer-easter-la-formacio-internacional-per-a-ments-inquietes\/","title":{"rendered":"Queer Easter, la formaci\u00f3 internacional per a ments inquietes!"},"content":{"rendered":"<h4 class=\"p1\">Fins el 27 de gener\u00a0us podeu inscriure a l&#8217;edici\u00f3 d&#8217;aquest any\u00a0de la Queer Easter, que tindr\u00e0 lloc del 21 al 28 de mar\u00e7 del 2016<\/h4>\n<p class=\"p1\">Molts monitors i monitores d&#8217;Esplac esperen cada any amb impaci\u00e8ncia que s&#8217;obri la nova convocat\u00f2ria de la Queer Easter, una de les formacions internacionals amb m\u00e9s \u00e8xit que organitzen els nostres socis alemanys, els <strong><a href=\"http:\/\/www.wir-falken.de\/ueber_uns\/spanisch.html\" target=\"_blank\" rel=\"noopener noreferrer\">Die Falken<\/a><\/strong>, a trav\u00e9s de la seva escola per activistes i dirigents, el Centre Kurt L\u00f6wenstein.<\/p>\n<p class=\"p1\">La Queer Easter, aix\u00ed com la Summerschool o la Winterschool, tracten tem\u00e0tiques ben variades que van des de lluita contra la discriminaci\u00f3, el feixisme i la xenof\u00f2bia, fins a la defensa dels drets socials, passant per la resoluci\u00f3 de conflictes i l&#8217;educaci\u00f3 per la pau. Enguany, es centraran\u00a0en un tema ben concret i que pot ser d&#8217;inter\u00e8s per a tots els esplais: <strong>la \u201ccommunity accountability\u201d<\/strong>, que fa refer\u00e8ncia<span class=\"Apple-converted-space\">\u00a0 <\/span>a la responsabilitat que assumeix una comunitat per respondre davant d&#8217;uns fets determinats (com abusos, viol\u00e8ncia&#8230;) amb uns valors i estrat\u00e8gia comuns d&#8217;acci\u00f3 col\u00b7lectiva.<\/p>\n<p class=\"p1\">L&#8217;edici\u00f3 del 2016 ja est\u00e0 preparada i nom\u00e9s us heu d&#8217;inscriure en aquest formulari per entrar en el proc\u00e9s de selecci\u00f3. Parlem d&#8217;un proc\u00e9s de selecci\u00f3 perqu\u00e8 de vegades hi ha m\u00e9s demanda que places ofertades. En aquests casos, Esplac apliquem els criteris consensuats per la comissi\u00f3 internacional, amb l&#8217;objectiu b\u00e0sic de garantir el\u00a0m\u00e0xim aprofitament de l&#8217;experi\u00e8ncia entre el major nombre d&#8217;esplais possibles.<\/p>\n<p class=\"p1\"><strong><a href=\"https:\/\/docs.google.com\/a\/esplac.cat\/forms\/d\/1pMa3-QXcLqvSkfClRsR4SBXmseLGteiL9xsogmWAkhQ\/viewform\" target=\"_blank\" rel=\"noopener noreferrer\">Ja podeu inscriure&#8217;s fent clic AQU\u00cd<\/a>! Teniu temps fins el 27 de gener!<\/strong><\/p>\n<h3 class=\"p1\"><span class=\"s1\">Info pr\u00e0ctica<\/span><\/h3>\n<ul>\n<li class=\"p1\">Dates: del 21 al 28 de mar\u00e7.<\/li>\n<li class=\"p3\"><span class=\"s2\">Lloc: <\/span>Werftpfuhl, a 30 km de Berlin.<\/li>\n<li class=\"p1\">Quota d&#8217;inscripci\u00f3: 50\u00a0euros.<\/li>\n<li class=\"p1\">Cost de despla\u00e7aments: es retornar\u00e0n fins a 170 euros en concepte de despla\u00e7aments.<\/li>\n<li class=\"p1\">Places: 5 places per a monis d&#8217;Esplac.<\/li>\n<\/ul>\n<p><a href=\"http:\/\/esplac.cat\/wp-content\/uploads\/2015\/05\/Criteris-FI-2.pdf%22%20%5Ct%20%22_blank\"><b>Clica aqu\u00ed per llegir els Criteris de Selecci\u00f3<\/b><\/a><\/p>\n","protected":false},"excerpt":{"rendered":"<p>Fins el 27 de gener\u00a0us podeu inscriure a l&#8217;edici\u00f3 d&#8217;aquest [&hellip;]<\/p>\n","protected":false},"author":3,"featured_media":25399,"comment_status":"closed","ping_status":"open","sticky":false,"template":"","format":"standard","meta":{"om_disable_all_campaigns":false,"_monsterinsights_skip_tracking":false,"_monsterinsights_sitenote_active":false,"_monsterinsights_sitenote_note":"","_monsterinsights_sitenote_category":0,"_uf_show_specific_survey":0,"_uf_disable_surveys":false,"footnotes":""},"categories":[1131,1112,1163,1],"tags":[270,311,219],"class_list":["post-25398","post","type-post","status-publish","format-standard","has-post-thumbnail","hentry","category-cursos-formacions","category-esplac-al-mon","category-protocol","category-sense-categoria","tag-activitats-internacionals","tag-lgtb","tag-queer-easter"],"yoast_head":"<!-- This site is optimized with the Yoast SEO plugin v27.5 - https:\/\/yoast.com\/product\/yoast-seo-wordpress\/ -->\n<title>Queer Easter, la formaci\u00f3 internacional per a ments inquietes! - Esplac<\/title>\n<meta name=\"robots\" content=\"index, follow, max-snippet:-1, max-image-preview:large, max-video-preview:-1\" \/>\n<link rel=\"canonical\" href=\"https:\/\/www.esplac.cat\/queer-easter-la-formacio-internacional-per-a-ments-inquietes\/\" \/>\n<meta property=\"og:locale\" content=\"es_ES\" \/>\n<meta property=\"og:type\" content=\"article\" \/>\n<meta property=\"og:title\" content=\"Queer Easter, la formaci\u00f3 internacional per a ments inquietes! - Esplac\" \/>\n<meta property=\"og:description\" content=\"Fins el 27 de gener\u00a0us podeu inscriure a l&#8217;edici\u00f3 d&#8217;aquest [&hellip;]\" \/>\n<meta property=\"og:url\" content=\"https:\/\/www.esplac.cat\/queer-easter-la-formacio-internacional-per-a-ments-inquietes\/\" \/>\n<meta property=\"og:site_name\" content=\"Esplac\" \/>\n<meta property=\"article:published_time\" content=\"2016-01-21T09:56:37+00:00\" \/>\n<meta property=\"article:modified_time\" content=\"2019-11-14T11:31:51+00:00\" \/>\n<meta property=\"og:image\" content=\"https:\/\/www.esplac.cat\/wp-content\/uploads\/2016\/01\/20150121_Queer-Estaer16.png\" \/>\n\t<meta property=\"og:image:width\" content=\"847\" \/>\n\t<meta property=\"og:image:height\" content=\"350\" \/>\n\t<meta property=\"og:image:type\" content=\"image\/png\" \/>\n<meta name=\"author\" content=\"Comunicaci\u00f3 Esplac\" \/>\n<meta name=\"twitter:card\" content=\"summary_large_image\" \/>\n<meta name=\"twitter:label1\" content=\"Escrito por\" \/>\n\t<meta name=\"twitter:data1\" content=\"Comunicaci\u00f3 Esplac\" \/>\n\t<meta name=\"twitter:label2\" content=\"Tiempo de lectura\" \/>\n\t<meta name=\"twitter:data2\" content=\"2 minutos\" \/>\n<script type=\"application\/ld+json\" class=\"yoast-schema-graph\">{\"@context\":\"https:\\\/\\\/schema.org\",\"@graph\":[{\"@type\":\"Article\",\"@id\":\"https:\\\/\\\/www.esplac.cat\\\/queer-easter-la-formacio-internacional-per-a-ments-inquietes\\\/#article\",\"isPartOf\":{\"@id\":\"https:\\\/\\\/www.esplac.cat\\\/queer-easter-la-formacio-internacional-per-a-ments-inquietes\\\/\"},\"author\":{\"name\":\"Comunicaci\u00f3 Esplac\",\"@id\":\"https:\\\/\\\/www.esplac.cat\\\/#\\\/schema\\\/person\\\/908383cf240be18b68f8855d0583faca\"},\"headline\":\"Queer Easter, la formaci\u00f3 internacional per a ments inquietes!\",\"datePublished\":\"2016-01-21T09:56:37+00:00\",\"dateModified\":\"2019-11-14T11:31:51+00:00\",\"mainEntityOfPage\":{\"@id\":\"https:\\\/\\\/www.esplac.cat\\\/queer-easter-la-formacio-internacional-per-a-ments-inquietes\\\/\"},\"wordCount\":332,\"publisher\":{\"@id\":\"https:\\\/\\\/www.esplac.cat\\\/#organization\"},\"image\":{\"@id\":\"https:\\\/\\\/www.esplac.cat\\\/queer-easter-la-formacio-internacional-per-a-ments-inquietes\\\/#primaryimage\"},\"thumbnailUrl\":\"https:\\\/\\\/www.esplac.cat\\\/wp-content\\\/uploads\\\/2016\\\/01\\\/20150121_Queer-Estaer16.png\",\"keywords\":[\"activitats internacionals\",\"LGTB+\",\"Queer Easter\"],\"articleSection\":[\"Cursos i formacions\",\"Esplac al m\u00f3n\",\"Protocol\",\"Sense categoria\"],\"inLanguage\":\"es\"},{\"@type\":\"WebPage\",\"@id\":\"https:\\\/\\\/www.esplac.cat\\\/queer-easter-la-formacio-internacional-per-a-ments-inquietes\\\/\",\"url\":\"https:\\\/\\\/www.esplac.cat\\\/queer-easter-la-formacio-internacional-per-a-ments-inquietes\\\/\",\"name\":\"Queer Easter, la formaci\u00f3 internacional per a ments inquietes! - Esplac\",\"isPartOf\":{\"@id\":\"https:\\\/\\\/www.esplac.cat\\\/#website\"},\"primaryImageOfPage\":{\"@id\":\"https:\\\/\\\/www.esplac.cat\\\/queer-easter-la-formacio-internacional-per-a-ments-inquietes\\\/#primaryimage\"},\"image\":{\"@id\":\"https:\\\/\\\/www.esplac.cat\\\/queer-easter-la-formacio-internacional-per-a-ments-inquietes\\\/#primaryimage\"},\"thumbnailUrl\":\"https:\\\/\\\/www.esplac.cat\\\/wp-content\\\/uploads\\\/2016\\\/01\\\/20150121_Queer-Estaer16.png\",\"datePublished\":\"2016-01-21T09:56:37+00:00\",\"dateModified\":\"2019-11-14T11:31:51+00:00\",\"breadcrumb\":{\"@id\":\"https:\\\/\\\/www.esplac.cat\\\/queer-easter-la-formacio-internacional-per-a-ments-inquietes\\\/#breadcrumb\"},\"inLanguage\":\"es\",\"potentialAction\":[{\"@type\":\"ReadAction\",\"target\":[\"https:\\\/\\\/www.esplac.cat\\\/queer-easter-la-formacio-internacional-per-a-ments-inquietes\\\/\"]}]},{\"@type\":\"ImageObject\",\"inLanguage\":\"es\",\"@id\":\"https:\\\/\\\/www.esplac.cat\\\/queer-easter-la-formacio-internacional-per-a-ments-inquietes\\\/#primaryimage\",\"url\":\"https:\\\/\\\/www.esplac.cat\\\/wp-content\\\/uploads\\\/2016\\\/01\\\/20150121_Queer-Estaer16.png\",\"contentUrl\":\"https:\\\/\\\/www.esplac.cat\\\/wp-content\\\/uploads\\\/2016\\\/01\\\/20150121_Queer-Estaer16.png\",\"width\":847,\"height\":350},{\"@type\":\"BreadcrumbList\",\"@id\":\"https:\\\/\\\/www.esplac.cat\\\/queer-easter-la-formacio-internacional-per-a-ments-inquietes\\\/#breadcrumb\",\"itemListElement\":[{\"@type\":\"ListItem\",\"position\":1,\"name\":\"Inici\",\"item\":\"https:\\\/\\\/www.esplac.cat\\\/es\\\/\"},{\"@type\":\"ListItem\",\"position\":2,\"name\":\"Queer Easter, la formaci\u00f3 internacional per a ments inquietes!\"}]},{\"@type\":\"WebSite\",\"@id\":\"https:\\\/\\\/www.esplac.cat\\\/#website\",\"url\":\"https:\\\/\\\/www.esplac.cat\\\/\",\"name\":\"Esplac\",\"description\":\"Esplais Catalans\",\"publisher\":{\"@id\":\"https:\\\/\\\/www.esplac.cat\\\/#organization\"},\"potentialAction\":[{\"@type\":\"SearchAction\",\"target\":{\"@type\":\"EntryPoint\",\"urlTemplate\":\"https:\\\/\\\/www.esplac.cat\\\/?s={search_term_string}\"},\"query-input\":{\"@type\":\"PropertyValueSpecification\",\"valueRequired\":true,\"valueName\":\"search_term_string\"}}],\"inLanguage\":\"es\"},{\"@type\":\"Organization\",\"@id\":\"https:\\\/\\\/www.esplac.cat\\\/#organization\",\"name\":\"Esplac\",\"url\":\"https:\\\/\\\/www.esplac.cat\\\/\",\"logo\":{\"@type\":\"ImageObject\",\"inLanguage\":\"es\",\"@id\":\"https:\\\/\\\/www.esplac.cat\\\/#\\\/schema\\\/logo\\\/image\\\/\",\"url\":\"https:\\\/\\\/www.esplac.cat\\\/wp-content\\\/uploads\\\/2019\\\/08\\\/logox2.png\",\"contentUrl\":\"https:\\\/\\\/www.esplac.cat\\\/wp-content\\\/uploads\\\/2019\\\/08\\\/logox2.png\",\"width\":600,\"height\":295,\"caption\":\"Esplac\"},\"image\":{\"@id\":\"https:\\\/\\\/www.esplac.cat\\\/#\\\/schema\\\/logo\\\/image\\\/\"}},{\"@type\":\"Person\",\"@id\":\"https:\\\/\\\/www.esplac.cat\\\/#\\\/schema\\\/person\\\/908383cf240be18b68f8855d0583faca\",\"name\":\"Comunicaci\u00f3 Esplac\",\"image\":{\"@type\":\"ImageObject\",\"inLanguage\":\"es\",\"@id\":\"https:\\\/\\\/secure.gravatar.com\\\/avatar\\\/7a4cf8feb412a76ea4a740ca02d95b06b2907b5a6c648c2dd0a1082a093c3141?s=96&d=mm&r=g\",\"url\":\"https:\\\/\\\/secure.gravatar.com\\\/avatar\\\/7a4cf8feb412a76ea4a740ca02d95b06b2907b5a6c648c2dd0a1082a093c3141?s=96&d=mm&r=g\",\"contentUrl\":\"https:\\\/\\\/secure.gravatar.com\\\/avatar\\\/7a4cf8feb412a76ea4a740ca02d95b06b2907b5a6c648c2dd0a1082a093c3141?s=96&d=mm&r=g\",\"caption\":\"Comunicaci\u00f3 Esplac\"}}]}<\/script>\n<!-- \/ Yoast SEO plugin. -->","yoast_head_json":{"title":"Queer Easter, la formaci\u00f3 internacional per a ments inquietes! - Esplac","robots":{"index":"index","follow":"follow","max-snippet":"max-snippet:-1","max-image-preview":"max-image-preview:large","max-video-preview":"max-video-preview:-1"},"canonical":"https:\/\/www.esplac.cat\/queer-easter-la-formacio-internacional-per-a-ments-inquietes\/","og_locale":"es_ES","og_type":"article","og_title":"Queer Easter, la formaci\u00f3 internacional per a ments inquietes! - Esplac","og_description":"Fins el 27 de gener\u00a0us podeu inscriure a l&#8217;edici\u00f3 d&#8217;aquest [&hellip;]","og_url":"https:\/\/www.esplac.cat\/queer-easter-la-formacio-internacional-per-a-ments-inquietes\/","og_site_name":"Esplac","article_published_time":"2016-01-21T09:56:37+00:00","article_modified_time":"2019-11-14T11:31:51+00:00","og_image":[{"width":847,"height":350,"url":"https:\/\/www.esplac.cat\/wp-content\/uploads\/2016\/01\/20150121_Queer-Estaer16.png","type":"image\/png"}],"author":"Comunicaci\u00f3 Esplac","twitter_card":"summary_large_image","twitter_misc":{"Escrito por":"Comunicaci\u00f3 Esplac","Tiempo de lectura":"2 minutos"},"schema":{"@context":"https:\/\/schema.org","@graph":[{"@type":"Article","@id":"https:\/\/www.esplac.cat\/queer-easter-la-formacio-internacional-per-a-ments-inquietes\/#article","isPartOf":{"@id":"https:\/\/www.esplac.cat\/queer-easter-la-formacio-internacional-per-a-ments-inquietes\/"},"author":{"name":"Comunicaci\u00f3 Esplac","@id":"https:\/\/www.esplac.cat\/#\/schema\/person\/908383cf240be18b68f8855d0583faca"},"headline":"Queer Easter, la formaci\u00f3 internacional per a ments inquietes!","datePublished":"2016-01-21T09:56:37+00:00","dateModified":"2019-11-14T11:31:51+00:00","mainEntityOfPage":{"@id":"https:\/\/www.esplac.cat\/queer-easter-la-formacio-internacional-per-a-ments-inquietes\/"},"wordCount":332,"publisher":{"@id":"https:\/\/www.esplac.cat\/#organization"},"image":{"@id":"https:\/\/www.esplac.cat\/queer-easter-la-formacio-internacional-per-a-ments-inquietes\/#primaryimage"},"thumbnailUrl":"https:\/\/www.esplac.cat\/wp-content\/uploads\/2016\/01\/20150121_Queer-Estaer16.png","keywords":["activitats internacionals","LGTB+","Queer Easter"],"articleSection":["Cursos i formacions","Esplac al m\u00f3n","Protocol","Sense categoria"],"inLanguage":"es"},{"@type":"WebPage","@id":"https:\/\/www.esplac.cat\/queer-easter-la-formacio-internacional-per-a-ments-inquietes\/","url":"https:\/\/www.esplac.cat\/queer-easter-la-formacio-internacional-per-a-ments-inquietes\/","name":"Queer Easter, la formaci\u00f3 internacional per a ments inquietes! - Esplac","isPartOf":{"@id":"https:\/\/www.esplac.cat\/#website"},"primaryImageOfPage":{"@id":"https:\/\/www.esplac.cat\/queer-easter-la-formacio-internacional-per-a-ments-inquietes\/#primaryimage"},"image":{"@id":"https:\/\/www.esplac.cat\/queer-easter-la-formacio-internacional-per-a-ments-inquietes\/#primaryimage"},"thumbnailUrl":"https:\/\/www.esplac.cat\/wp-content\/uploads\/2016\/01\/20150121_Queer-Estaer16.png","datePublished":"2016-01-21T09:56:37+00:00","dateModified":"2019-11-14T11:31:51+00:00","breadcrumb":{"@id":"https:\/\/www.esplac.cat\/queer-easter-la-formacio-internacional-per-a-ments-inquietes\/#breadcrumb"},"inLanguage":"es","potentialAction":[{"@type":"ReadAction","target":["https:\/\/www.esplac.cat\/queer-easter-la-formacio-internacional-per-a-ments-inquietes\/"]}]},{"@type":"ImageObject","inLanguage":"es","@id":"https:\/\/www.esplac.cat\/queer-easter-la-formacio-internacional-per-a-ments-inquietes\/#primaryimage","url":"https:\/\/www.esplac.cat\/wp-content\/uploads\/2016\/01\/20150121_Queer-Estaer16.png","contentUrl":"https:\/\/www.esplac.cat\/wp-content\/uploads\/2016\/01\/20150121_Queer-Estaer16.png","width":847,"height":350},{"@type":"BreadcrumbList","@id":"https:\/\/www.esplac.cat\/queer-easter-la-formacio-internacional-per-a-ments-inquietes\/#breadcrumb","itemListElement":[{"@type":"ListItem","position":1,"name":"Inici","item":"https:\/\/www.esplac.cat\/es\/"},{"@type":"ListItem","position":2,"name":"Queer Easter, la formaci\u00f3 internacional per a ments inquietes!"}]},{"@type":"WebSite","@id":"https:\/\/www.esplac.cat\/#website","url":"https:\/\/www.esplac.cat\/","name":"Esplac","description":"Esplais Catalans","publisher":{"@id":"https:\/\/www.esplac.cat\/#organization"},"potentialAction":[{"@type":"SearchAction","target":{"@type":"EntryPoint","urlTemplate":"https:\/\/www.esplac.cat\/?s={search_term_string}"},"query-input":{"@type":"PropertyValueSpecification","valueRequired":true,"valueName":"search_term_string"}}],"inLanguage":"es"},{"@type":"Organization","@id":"https:\/\/www.esplac.cat\/#organization","name":"Esplac","url":"https:\/\/www.esplac.cat\/","logo":{"@type":"ImageObject","inLanguage":"es","@id":"https:\/\/www.esplac.cat\/#\/schema\/logo\/image\/","url":"https:\/\/www.esplac.cat\/wp-content\/uploads\/2019\/08\/logox2.png","contentUrl":"https:\/\/www.esplac.cat\/wp-content\/uploads\/2019\/08\/logox2.png","width":600,"height":295,"caption":"Esplac"},"image":{"@id":"https:\/\/www.esplac.cat\/#\/schema\/logo\/image\/"}},{"@type":"Person","@id":"https:\/\/www.esplac.cat\/#\/schema\/person\/908383cf240be18b68f8855d0583faca","name":"Comunicaci\u00f3 Esplac","image":{"@type":"ImageObject","inLanguage":"es","@id":"https:\/\/secure.gravatar.com\/avatar\/7a4cf8feb412a76ea4a740ca02d95b06b2907b5a6c648c2dd0a1082a093c3141?s=96&d=mm&r=g","url":"https:\/\/secure.gravatar.com\/avatar\/7a4cf8feb412a76ea4a740ca02d95b06b2907b5a6c648c2dd0a1082a093c3141?s=96&d=mm&r=g","contentUrl":"https:\/\/secure.gravatar.com\/avatar\/7a4cf8feb412a76ea4a740ca02d95b06b2907b5a6c648c2dd0a1082a093c3141?s=96&d=mm&r=g","caption":"Comunicaci\u00f3 Esplac"}}]}},"_links":{"self":[{"href":"https:\/\/www.esplac.cat\/es\/wp-json\/wp\/v2\/posts\/25398","targetHints":{"allow":["GET"]}}],"collection":[{"href":"https:\/\/www.esplac.cat\/es\/wp-json\/wp\/v2\/posts"}],"about":[{"href":"https:\/\/www.esplac.cat\/es\/wp-json\/wp\/v2\/types\/post"}],"author":[{"embeddable":true,"href":"https:\/\/www.esplac.cat\/es\/wp-json\/wp\/v2\/users\/3"}],"replies":[{"embeddable":true,"href":"https:\/\/www.esplac.cat\/es\/wp-json\/wp\/v2\/comments?post=25398"}],"version-history":[{"count":0,"href":"https:\/\/www.esplac.cat\/es\/wp-json\/wp\/v2\/posts\/25398\/revisions"}],"wp:featuredmedia":[{"embeddable":true,"href":"https:\/\/www.esplac.cat\/es\/wp-json\/wp\/v2\/media\/25399"}],"wp:attachment":[{"href":"https:\/\/www.esplac.cat\/es\/wp-json\/wp\/v2\/media?parent=25398"}],"wp:term":[{"taxonomy":"category","embeddable":true,"href":"https:\/\/www.esplac.cat\/es\/wp-json\/wp\/v2\/categories?post=25398"},{"taxonomy":"post_tag","embeddable":true,"href":"https:\/\/www.esplac.cat\/es\/wp-json\/wp\/v2\/tags?post=25398"}],"curies":[{"name":"wp","href":"https:\/\/api.w.org\/{rel}","templated":true}]}}