{"id":25405,"date":"2016-01-11T10:25:11","date_gmt":"2016-01-11T08:25:11","guid":{"rendered":"http:\/\/esplac.cat\/?p=9656"},"modified":"2016-01-11T10:25:11","modified_gmt":"2016-01-11T08:25:11","slug":"hours-of-intercultural-dialogue-curs-sobre-interculturalitat-a-eslovenia","status":"publish","type":"post","link":"https:\/\/www.esplac.cat\/es\/hours-of-intercultural-dialogue-curs-sobre-interculturalitat-a-eslovenia\/","title":{"rendered":"&#8216;Hours of Intercultural Dialogue&#8217;: curs sobre interculturalitat a Eslov\u00e8nia"},"content":{"rendered":"<h4 class=\"p1\"><strong>Aquest curs, que tindr\u00e0 lloc del 20 de febrer a l&#8217;1 de mar\u00e7 a Celje (Eslov\u00e8nia),\u00a0<strong>permetr\u00e0<\/strong>\u00a0als participants intercanviar experi\u00e8ncies sobre el treball intercultural entre entitats de diversos pa\u00efsos europeus<\/strong><\/h4>\n<p class=\"p1\">Tens\u00a0inter\u00e8s per treballar la diversitat a l&#8217;esplai? Et preocupa la dimensi\u00f3 intercultural de l&#8217;esplai i vols que sigui m\u00e9s inclusiu? Ets un monitor o monitora internacionalista, o et sents preparada per fer el pas?<\/p>\n<p class=\"p1\">Potser t&#8217;interessar\u00e0 aquest <b>training course que tindr\u00e0 lloc a la ciutat eslovena de Celja del 20 de febrer a l&#8217;1 de mar\u00e7<\/b> per compartir reflexions i experi\u00e8ncies, debatre i aprendre d&#8217;altres organitzacions de Bulgaria, Letonia, It\u00e0lia, Gr\u00e8cia, Fran\u00e7a i molts m\u00e9s.<\/p>\n<p class=\"p1\">Aquest curs est\u00e0 subvencionat pels ajuts Erasmus+ i per tant, les despeses de despla\u00e7ament i allotjament quedaran cobertes per a dos monis d&#8217;esplais d&#8217;Esplac.<\/p>\n<p class=\"p3\"><span class=\"s1\">Empleneu<strong>\u00a0<a href=\"https:\/\/docs.google.com\/a\/esplac.cat\/forms\/d\/1-ekTdBCX6AaKZNpfCZcyrjUpuAe7D9L7aLFaKnpsdmI\/viewform\" target=\"_blank\" rel=\"noopener noreferrer\"><span class=\"s2\">aquest formulari<\/span><\/a><\/strong><\/span> per a inscriure-us. <strong>Teniu fins al 21 de gener!<\/strong><\/p>\n","protected":false},"excerpt":{"rendered":"<p>Aquest curs, que tindr\u00e0 lloc del 20 de febrer a [&hellip;]<\/p>\n","protected":false},"author":3,"featured_media":25393,"comment_status":"closed","ping_status":"open","sticky":false,"template":"","format":"standard","meta":{"om_disable_all_campaigns":false,"_monsterinsights_skip_tracking":false,"_monsterinsights_sitenote_active":false,"_monsterinsights_sitenote_note":"","_monsterinsights_sitenote_category":0,"_uf_show_specific_survey":0,"_uf_disable_surveys":false,"footnotes":""},"categories":[1112,1],"tags":[270,633,109,133],"class_list":["post-25405","post","type-post","status-publish","format-standard","has-post-thumbnail","hentry","category-esplac-al-mon","category-sense-categoria","tag-activitats-internacionals","tag-eslovencia","tag-internacionalisme","tag-training-course"],"yoast_head":"<!-- This site is optimized with the Yoast SEO plugin v27.5 - https:\/\/yoast.com\/product\/yoast-seo-wordpress\/ -->\n<title>&#039;Hours of Intercultural Dialogue&#039;: curs sobre interculturalitat a Eslov\u00e8nia - Esplac<\/title>\n<meta name=\"robots\" content=\"index, follow, max-snippet:-1, max-image-preview:large, max-video-preview:-1\" \/>\n<link rel=\"canonical\" href=\"https:\/\/www.esplac.cat\/es\/hours-of-intercultural-dialogue-curs-sobre-interculturalitat-a-eslovenia\/\" \/>\n<meta property=\"og:locale\" content=\"es_ES\" \/>\n<meta property=\"og:type\" content=\"article\" \/>\n<meta property=\"og:title\" content=\"&#039;Hours of Intercultural Dialogue&#039;: curs sobre interculturalitat a Eslov\u00e8nia - Esplac\" \/>\n<meta property=\"og:description\" content=\"Aquest curs, que tindr\u00e0 lloc del 20 de febrer a [&hellip;]\" \/>\n<meta property=\"og:url\" content=\"https:\/\/www.esplac.cat\/es\/hours-of-intercultural-dialogue-curs-sobre-interculturalitat-a-eslovenia\/\" \/>\n<meta property=\"og:site_name\" content=\"Esplac\" \/>\n<meta property=\"article:published_time\" content=\"2016-01-11T08:25:11+00:00\" \/>\n<meta property=\"og:image\" content=\"https:\/\/www.esplac.cat\/wp-content\/uploads\/2016\/01\/20160111_curs-Eslovenia.jpg\" \/>\n\t<meta property=\"og:image:width\" content=\"847\" \/>\n\t<meta property=\"og:image:height\" content=\"350\" \/>\n\t<meta property=\"og:image:type\" content=\"image\/jpeg\" \/>\n<meta name=\"author\" content=\"Comunicaci\u00f3 Esplac\" \/>\n<meta name=\"twitter:card\" content=\"summary_large_image\" \/>\n<meta name=\"twitter:label1\" content=\"Escrito por\" \/>\n\t<meta name=\"twitter:data1\" content=\"Comunicaci\u00f3 Esplac\" \/>\n\t<meta name=\"twitter:label2\" content=\"Tiempo de lectura\" \/>\n\t<meta name=\"twitter:data2\" content=\"1 minuto\" \/>\n<script type=\"application\/ld+json\" class=\"yoast-schema-graph\">{\"@context\":\"https:\\\/\\\/schema.org\",\"@graph\":[{\"@type\":\"Article\",\"@id\":\"https:\\\/\\\/www.esplac.cat\\\/es\\\/hours-of-intercultural-dialogue-curs-sobre-interculturalitat-a-eslovenia\\\/#article\",\"isPartOf\":{\"@id\":\"https:\\\/\\\/www.esplac.cat\\\/es\\\/hours-of-intercultural-dialogue-curs-sobre-interculturalitat-a-eslovenia\\\/\"},\"author\":{\"name\":\"Comunicaci\u00f3 Esplac\",\"@id\":\"https:\\\/\\\/www.esplac.cat\\\/#\\\/schema\\\/person\\\/908383cf240be18b68f8855d0583faca\"},\"headline\":\"&#8216;Hours of Intercultural Dialogue&#8217;: curs sobre interculturalitat a Eslov\u00e8nia\",\"datePublished\":\"2016-01-11T08:25:11+00:00\",\"mainEntityOfPage\":{\"@id\":\"https:\\\/\\\/www.esplac.cat\\\/es\\\/hours-of-intercultural-dialogue-curs-sobre-interculturalitat-a-eslovenia\\\/\"},\"wordCount\":167,\"publisher\":{\"@id\":\"https:\\\/\\\/www.esplac.cat\\\/#organization\"},\"image\":{\"@id\":\"https:\\\/\\\/www.esplac.cat\\\/es\\\/hours-of-intercultural-dialogue-curs-sobre-interculturalitat-a-eslovenia\\\/#primaryimage\"},\"thumbnailUrl\":\"https:\\\/\\\/www.esplac.cat\\\/wp-content\\\/uploads\\\/2016\\\/01\\\/20160111_curs-Eslovenia.jpg\",\"keywords\":[\"activitats internacionals\",\"Eslov\u00e8ncia\",\"internacionalisme\",\"training course\"],\"articleSection\":[\"Esplac al m\u00f3n\",\"Sense categoria\"],\"inLanguage\":\"es\"},{\"@type\":\"WebPage\",\"@id\":\"https:\\\/\\\/www.esplac.cat\\\/es\\\/hours-of-intercultural-dialogue-curs-sobre-interculturalitat-a-eslovenia\\\/\",\"url\":\"https:\\\/\\\/www.esplac.cat\\\/es\\\/hours-of-intercultural-dialogue-curs-sobre-interculturalitat-a-eslovenia\\\/\",\"name\":\"'Hours of Intercultural Dialogue': curs sobre interculturalitat a Eslov\u00e8nia - Esplac\",\"isPartOf\":{\"@id\":\"https:\\\/\\\/www.esplac.cat\\\/#website\"},\"primaryImageOfPage\":{\"@id\":\"https:\\\/\\\/www.esplac.cat\\\/es\\\/hours-of-intercultural-dialogue-curs-sobre-interculturalitat-a-eslovenia\\\/#primaryimage\"},\"image\":{\"@id\":\"https:\\\/\\\/www.esplac.cat\\\/es\\\/hours-of-intercultural-dialogue-curs-sobre-interculturalitat-a-eslovenia\\\/#primaryimage\"},\"thumbnailUrl\":\"https:\\\/\\\/www.esplac.cat\\\/wp-content\\\/uploads\\\/2016\\\/01\\\/20160111_curs-Eslovenia.jpg\",\"datePublished\":\"2016-01-11T08:25:11+00:00\",\"breadcrumb\":{\"@id\":\"https:\\\/\\\/www.esplac.cat\\\/es\\\/hours-of-intercultural-dialogue-curs-sobre-interculturalitat-a-eslovenia\\\/#breadcrumb\"},\"inLanguage\":\"es\",\"potentialAction\":[{\"@type\":\"ReadAction\",\"target\":[\"https:\\\/\\\/www.esplac.cat\\\/es\\\/hours-of-intercultural-dialogue-curs-sobre-interculturalitat-a-eslovenia\\\/\"]}]},{\"@type\":\"ImageObject\",\"inLanguage\":\"es\",\"@id\":\"https:\\\/\\\/www.esplac.cat\\\/es\\\/hours-of-intercultural-dialogue-curs-sobre-interculturalitat-a-eslovenia\\\/#primaryimage\",\"url\":\"https:\\\/\\\/www.esplac.cat\\\/wp-content\\\/uploads\\\/2016\\\/01\\\/20160111_curs-Eslovenia.jpg\",\"contentUrl\":\"https:\\\/\\\/www.esplac.cat\\\/wp-content\\\/uploads\\\/2016\\\/01\\\/20160111_curs-Eslovenia.jpg\",\"width\":847,\"height\":350},{\"@type\":\"BreadcrumbList\",\"@id\":\"https:\\\/\\\/www.esplac.cat\\\/es\\\/hours-of-intercultural-dialogue-curs-sobre-interculturalitat-a-eslovenia\\\/#breadcrumb\",\"itemListElement\":[{\"@type\":\"ListItem\",\"position\":1,\"name\":\"Inici\",\"item\":\"https:\\\/\\\/www.esplac.cat\\\/es\\\/\"},{\"@type\":\"ListItem\",\"position\":2,\"name\":\"&#8216;Hours of Intercultural Dialogue&#8217;: curs sobre interculturalitat a Eslov\u00e8nia\"}]},{\"@type\":\"WebSite\",\"@id\":\"https:\\\/\\\/www.esplac.cat\\\/#website\",\"url\":\"https:\\\/\\\/www.esplac.cat\\\/\",\"name\":\"Esplac\",\"description\":\"Esplais Catalans\",\"publisher\":{\"@id\":\"https:\\\/\\\/www.esplac.cat\\\/#organization\"},\"potentialAction\":[{\"@type\":\"SearchAction\",\"target\":{\"@type\":\"EntryPoint\",\"urlTemplate\":\"https:\\\/\\\/www.esplac.cat\\\/?s={search_term_string}\"},\"query-input\":{\"@type\":\"PropertyValueSpecification\",\"valueRequired\":true,\"valueName\":\"search_term_string\"}}],\"inLanguage\":\"es\"},{\"@type\":\"Organization\",\"@id\":\"https:\\\/\\\/www.esplac.cat\\\/#organization\",\"name\":\"Esplac\",\"url\":\"https:\\\/\\\/www.esplac.cat\\\/\",\"logo\":{\"@type\":\"ImageObject\",\"inLanguage\":\"es\",\"@id\":\"https:\\\/\\\/www.esplac.cat\\\/#\\\/schema\\\/logo\\\/image\\\/\",\"url\":\"https:\\\/\\\/www.esplac.cat\\\/wp-content\\\/uploads\\\/2019\\\/08\\\/logox2.png\",\"contentUrl\":\"https:\\\/\\\/www.esplac.cat\\\/wp-content\\\/uploads\\\/2019\\\/08\\\/logox2.png\",\"width\":600,\"height\":295,\"caption\":\"Esplac\"},\"image\":{\"@id\":\"https:\\\/\\\/www.esplac.cat\\\/#\\\/schema\\\/logo\\\/image\\\/\"}},{\"@type\":\"Person\",\"@id\":\"https:\\\/\\\/www.esplac.cat\\\/#\\\/schema\\\/person\\\/908383cf240be18b68f8855d0583faca\",\"name\":\"Comunicaci\u00f3 Esplac\",\"image\":{\"@type\":\"ImageObject\",\"inLanguage\":\"es\",\"@id\":\"https:\\\/\\\/secure.gravatar.com\\\/avatar\\\/7a4cf8feb412a76ea4a740ca02d95b06b2907b5a6c648c2dd0a1082a093c3141?s=96&d=mm&r=g\",\"url\":\"https:\\\/\\\/secure.gravatar.com\\\/avatar\\\/7a4cf8feb412a76ea4a740ca02d95b06b2907b5a6c648c2dd0a1082a093c3141?s=96&d=mm&r=g\",\"contentUrl\":\"https:\\\/\\\/secure.gravatar.com\\\/avatar\\\/7a4cf8feb412a76ea4a740ca02d95b06b2907b5a6c648c2dd0a1082a093c3141?s=96&d=mm&r=g\",\"caption\":\"Comunicaci\u00f3 Esplac\"}}]}<\/script>\n<!-- \/ Yoast SEO plugin. -->","yoast_head_json":{"title":"'Hours of Intercultural Dialogue': curs sobre interculturalitat a Eslov\u00e8nia - Esplac","robots":{"index":"index","follow":"follow","max-snippet":"max-snippet:-1","max-image-preview":"max-image-preview:large","max-video-preview":"max-video-preview:-1"},"canonical":"https:\/\/www.esplac.cat\/es\/hours-of-intercultural-dialogue-curs-sobre-interculturalitat-a-eslovenia\/","og_locale":"es_ES","og_type":"article","og_title":"'Hours of Intercultural Dialogue': curs sobre interculturalitat a Eslov\u00e8nia - Esplac","og_description":"Aquest curs, que tindr\u00e0 lloc del 20 de febrer a [&hellip;]","og_url":"https:\/\/www.esplac.cat\/es\/hours-of-intercultural-dialogue-curs-sobre-interculturalitat-a-eslovenia\/","og_site_name":"Esplac","article_published_time":"2016-01-11T08:25:11+00:00","og_image":[{"width":847,"height":350,"url":"https:\/\/www.esplac.cat\/wp-content\/uploads\/2016\/01\/20160111_curs-Eslovenia.jpg","type":"image\/jpeg"}],"author":"Comunicaci\u00f3 Esplac","twitter_card":"summary_large_image","twitter_misc":{"Escrito por":"Comunicaci\u00f3 Esplac","Tiempo de lectura":"1 minuto"},"schema":{"@context":"https:\/\/schema.org","@graph":[{"@type":"Article","@id":"https:\/\/www.esplac.cat\/es\/hours-of-intercultural-dialogue-curs-sobre-interculturalitat-a-eslovenia\/#article","isPartOf":{"@id":"https:\/\/www.esplac.cat\/es\/hours-of-intercultural-dialogue-curs-sobre-interculturalitat-a-eslovenia\/"},"author":{"name":"Comunicaci\u00f3 Esplac","@id":"https:\/\/www.esplac.cat\/#\/schema\/person\/908383cf240be18b68f8855d0583faca"},"headline":"&#8216;Hours of Intercultural Dialogue&#8217;: curs sobre interculturalitat a Eslov\u00e8nia","datePublished":"2016-01-11T08:25:11+00:00","mainEntityOfPage":{"@id":"https:\/\/www.esplac.cat\/es\/hours-of-intercultural-dialogue-curs-sobre-interculturalitat-a-eslovenia\/"},"wordCount":167,"publisher":{"@id":"https:\/\/www.esplac.cat\/#organization"},"image":{"@id":"https:\/\/www.esplac.cat\/es\/hours-of-intercultural-dialogue-curs-sobre-interculturalitat-a-eslovenia\/#primaryimage"},"thumbnailUrl":"https:\/\/www.esplac.cat\/wp-content\/uploads\/2016\/01\/20160111_curs-Eslovenia.jpg","keywords":["activitats internacionals","Eslov\u00e8ncia","internacionalisme","training course"],"articleSection":["Esplac al m\u00f3n","Sense categoria"],"inLanguage":"es"},{"@type":"WebPage","@id":"https:\/\/www.esplac.cat\/es\/hours-of-intercultural-dialogue-curs-sobre-interculturalitat-a-eslovenia\/","url":"https:\/\/www.esplac.cat\/es\/hours-of-intercultural-dialogue-curs-sobre-interculturalitat-a-eslovenia\/","name":"'Hours of Intercultural Dialogue': curs sobre interculturalitat a Eslov\u00e8nia - Esplac","isPartOf":{"@id":"https:\/\/www.esplac.cat\/#website"},"primaryImageOfPage":{"@id":"https:\/\/www.esplac.cat\/es\/hours-of-intercultural-dialogue-curs-sobre-interculturalitat-a-eslovenia\/#primaryimage"},"image":{"@id":"https:\/\/www.esplac.cat\/es\/hours-of-intercultural-dialogue-curs-sobre-interculturalitat-a-eslovenia\/#primaryimage"},"thumbnailUrl":"https:\/\/www.esplac.cat\/wp-content\/uploads\/2016\/01\/20160111_curs-Eslovenia.jpg","datePublished":"2016-01-11T08:25:11+00:00","breadcrumb":{"@id":"https:\/\/www.esplac.cat\/es\/hours-of-intercultural-dialogue-curs-sobre-interculturalitat-a-eslovenia\/#breadcrumb"},"inLanguage":"es","potentialAction":[{"@type":"ReadAction","target":["https:\/\/www.esplac.cat\/es\/hours-of-intercultural-dialogue-curs-sobre-interculturalitat-a-eslovenia\/"]}]},{"@type":"ImageObject","inLanguage":"es","@id":"https:\/\/www.esplac.cat\/es\/hours-of-intercultural-dialogue-curs-sobre-interculturalitat-a-eslovenia\/#primaryimage","url":"https:\/\/www.esplac.cat\/wp-content\/uploads\/2016\/01\/20160111_curs-Eslovenia.jpg","contentUrl":"https:\/\/www.esplac.cat\/wp-content\/uploads\/2016\/01\/20160111_curs-Eslovenia.jpg","width":847,"height":350},{"@type":"BreadcrumbList","@id":"https:\/\/www.esplac.cat\/es\/hours-of-intercultural-dialogue-curs-sobre-interculturalitat-a-eslovenia\/#breadcrumb","itemListElement":[{"@type":"ListItem","position":1,"name":"Inici","item":"https:\/\/www.esplac.cat\/es\/"},{"@type":"ListItem","position":2,"name":"&#8216;Hours of Intercultural Dialogue&#8217;: curs sobre interculturalitat a Eslov\u00e8nia"}]},{"@type":"WebSite","@id":"https:\/\/www.esplac.cat\/#website","url":"https:\/\/www.esplac.cat\/","name":"Esplac","description":"Esplais Catalans","publisher":{"@id":"https:\/\/www.esplac.cat\/#organization"},"potentialAction":[{"@type":"SearchAction","target":{"@type":"EntryPoint","urlTemplate":"https:\/\/www.esplac.cat\/?s={search_term_string}"},"query-input":{"@type":"PropertyValueSpecification","valueRequired":true,"valueName":"search_term_string"}}],"inLanguage":"es"},{"@type":"Organization","@id":"https:\/\/www.esplac.cat\/#organization","name":"Esplac","url":"https:\/\/www.esplac.cat\/","logo":{"@type":"ImageObject","inLanguage":"es","@id":"https:\/\/www.esplac.cat\/#\/schema\/logo\/image\/","url":"https:\/\/www.esplac.cat\/wp-content\/uploads\/2019\/08\/logox2.png","contentUrl":"https:\/\/www.esplac.cat\/wp-content\/uploads\/2019\/08\/logox2.png","width":600,"height":295,"caption":"Esplac"},"image":{"@id":"https:\/\/www.esplac.cat\/#\/schema\/logo\/image\/"}},{"@type":"Person","@id":"https:\/\/www.esplac.cat\/#\/schema\/person\/908383cf240be18b68f8855d0583faca","name":"Comunicaci\u00f3 Esplac","image":{"@type":"ImageObject","inLanguage":"es","@id":"https:\/\/secure.gravatar.com\/avatar\/7a4cf8feb412a76ea4a740ca02d95b06b2907b5a6c648c2dd0a1082a093c3141?s=96&d=mm&r=g","url":"https:\/\/secure.gravatar.com\/avatar\/7a4cf8feb412a76ea4a740ca02d95b06b2907b5a6c648c2dd0a1082a093c3141?s=96&d=mm&r=g","contentUrl":"https:\/\/secure.gravatar.com\/avatar\/7a4cf8feb412a76ea4a740ca02d95b06b2907b5a6c648c2dd0a1082a093c3141?s=96&d=mm&r=g","caption":"Comunicaci\u00f3 Esplac"}}]}},"_links":{"self":[{"href":"https:\/\/www.esplac.cat\/es\/wp-json\/wp\/v2\/posts\/25405","targetHints":{"allow":["GET"]}}],"collection":[{"href":"https:\/\/www.esplac.cat\/es\/wp-json\/wp\/v2\/posts"}],"about":[{"href":"https:\/\/www.esplac.cat\/es\/wp-json\/wp\/v2\/types\/post"}],"author":[{"embeddable":true,"href":"https:\/\/www.esplac.cat\/es\/wp-json\/wp\/v2\/users\/3"}],"replies":[{"embeddable":true,"href":"https:\/\/www.esplac.cat\/es\/wp-json\/wp\/v2\/comments?post=25405"}],"version-history":[{"count":0,"href":"https:\/\/www.esplac.cat\/es\/wp-json\/wp\/v2\/posts\/25405\/revisions"}],"wp:featuredmedia":[{"embeddable":true,"href":"https:\/\/www.esplac.cat\/es\/wp-json\/wp\/v2\/media\/25393"}],"wp:attachment":[{"href":"https:\/\/www.esplac.cat\/es\/wp-json\/wp\/v2\/media?parent=25405"}],"wp:term":[{"taxonomy":"category","embeddable":true,"href":"https:\/\/www.esplac.cat\/es\/wp-json\/wp\/v2\/categories?post=25405"},{"taxonomy":"post_tag","embeddable":true,"href":"https:\/\/www.esplac.cat\/es\/wp-json\/wp\/v2\/tags?post=25405"}],"curies":[{"name":"wp","href":"https:\/\/api.w.org\/{rel}","templated":true}]}}