{"id":25423,"date":"2015-12-22T12:31:13","date_gmt":"2015-12-22T10:31:13","guid":{"rendered":"http:\/\/esplac.cat\/?p=9570"},"modified":"2019-11-14T13:17:44","modified_gmt":"2019-11-14T11:17:44","slug":"nova-edicio-del-concurs-lesplai-verd","status":"publish","type":"post","link":"https:\/\/www.esplac.cat\/es\/nova-edicio-del-concurs-lesplai-verd\/","title":{"rendered":"Nova edici\u00f3 del concurs L&#8217;esplai Verd!"},"content":{"rendered":"<h4 class=\"p2\" style=\"text-align: justify;\"><strong>La comissi\u00f3 Reduint Petjada d&#8217;Esplac us animem a participar de la nova edici\u00f3 2016 del concurs L&#8217;Esplai Verd!, un espai per fomentar i recon\u00e8ixer les bones pr\u00e0ctiques ambientals a les vostres activitats de curs i de vacances<\/strong><\/h4>\n<p class=\"p2\" style=\"text-align: justify;\">Al vostre esplai sou<span class=\"Apple-converted-space\">\u00a0<\/span>\u00fanics en el foment de pr\u00e0ctiques respectuoses amb el medi ambient i la promoci\u00f3 d&#8217;h\u00e0bits saludables? Quan marxeu de col\u00f2nies o campaments teniu present l&#8217;educaci\u00f3 ambiental?<\/p>\n<p class=\"p2\" style=\"text-align: justify;\">Demostreu-nos-ho! Compartiu les vostres \u00abaccions verdes\u00bb amb la resta d&#8217;esplais i podreu guanyar un premi al vostre esfor\u00e7 i comprom\u00eds per un planeta millor i m\u00e9s sostenible.<\/p>\n<h4 class=\"p2\" style=\"text-align: justify;\"><b>Com participar-hi?<\/b><\/h4>\n<p class=\"p2\" style=\"text-align: justify;\">Podeu compartir qualsevol tipus d&#8217;iniciativa: activitats d&#8217;educaci\u00f3 ambientals, moments de foment d&#8217;h\u00e0bits saludables, pr\u00e0ctiques sostenibles i ecol\u00f2giques, bioconstrucci\u00f3&#8230; L&#8217;\u00fanica premissa \u00e9s que siguin pr\u00e0ctiques sostenibles i ecol\u00f2giques!<\/p>\n<p class=\"p2\" style=\"text-align: justify;\">Es valorar\u00e0 que sigui una pr\u00e0ctica compromesa amb el respecte al medi ambient i l&#8217;ecologia, que sigui novedosa i original, que impliqui als infants en el seu desenvolupament i que fomenti l&#8217;educaci\u00f3 ambiental i la consci\u00e8ncia cr\u00edtica dels infants.<\/p>\n<p class=\"p2\" style=\"text-align: justify;\">Nom\u00e9s cal que ens envieu una <b>foto i una breu explicaci\u00f3 de la bona pr\u00e0ctica ambiental<\/b> a les vostres activitats d&#8217;estiu a la seg\u00fcent adre\u00e7a de correu electr\u00f2nic: <strong><a href=\"mailto:barcelonesnord@esplac.cat\"><span class=\"s1\">barcelonesnord@esplac.cat<\/span><\/a><\/strong> (recordeu indicar el nom del vostre esplai!)<\/p>\n<p class=\"p2\" style=\"text-align: justify;\">No hi ha l\u00edmits de presentaci\u00f3 de bones pr\u00e0ctiques, <b>podeu enviar-ne tantes com vulgueu<\/b>! Per\u00f2 \u00e9s imprescindible que envieu una foto per bona pr\u00e0ctica.<\/p>\n<p class=\"p2\" style=\"text-align: justify;\">Animeu-vos, que <b>teniu temps fins al 15 de setembre del 2016 <\/b>per participar-hi!<\/p>\n<p class=\"p2\" style=\"text-align: justify;\"><strong><a href=\"http:\/\/esplac.cat\/wp-content\/uploads\/2015\/12\/20151222-bases-concurs-bones-practiques.pdf\" target=\"_blank\" rel=\"noopener noreferrer\">Cliqueu aqu\u00ed per accedir a les bases del concurs l&#8217;Esplai Verd 2016<\/a><\/strong><\/p>\n","protected":false},"excerpt":{"rendered":"<p>La comissi\u00f3 Reduint Petjada d&#8217;Esplac us animem a participar de [&hellip;]<\/p>\n","protected":false},"author":3,"featured_media":25424,"comment_status":"closed","ping_status":"open","sticky":false,"template":"","format":"standard","meta":{"om_disable_all_campaigns":false,"_monsterinsights_skip_tracking":false,"_monsterinsights_sitenote_active":false,"_monsterinsights_sitenote_note":"","_monsterinsights_sitenote_category":0,"_uf_show_specific_survey":0,"_uf_disable_surveys":false,"footnotes":""},"categories":[1119,1161,1],"tags":[67,84,226,617,459,83],"class_list":["post-25423","post","type-post","status-publish","format-standard","has-post-thumbnail","hentry","category-activitats-comissions-grups-de-treball","category-comissio-reduint-petjada","category-sense-categoria","tag-bones-practiques","tag-comissions","tag-concurs","tag-estiu-verd","tag-medi-ambient","tag-reduint-petjada"],"yoast_head":"<!-- This site is optimized with the Yoast SEO plugin v27.4 - https:\/\/yoast.com\/product\/yoast-seo-wordpress\/ -->\n<title>Nova edici\u00f3 del concurs L&#039;esplai Verd! - Esplac<\/title>\n<meta name=\"robots\" content=\"index, follow, max-snippet:-1, max-image-preview:large, max-video-preview:-1\" \/>\n<link rel=\"canonical\" href=\"https:\/\/www.esplac.cat\/en\/nova-edicio-del-concurs-lesplai-verd\/\" \/>\n<meta property=\"og:locale\" content=\"es_ES\" \/>\n<meta property=\"og:type\" content=\"article\" \/>\n<meta property=\"og:title\" content=\"Nova edici\u00f3 del concurs L&#039;esplai Verd! - Esplac\" \/>\n<meta property=\"og:description\" content=\"La comissi\u00f3 Reduint Petjada d&#8217;Esplac us animem a participar de [&hellip;]\" \/>\n<meta property=\"og:url\" content=\"https:\/\/www.esplac.cat\/en\/nova-edicio-del-concurs-lesplai-verd\/\" \/>\n<meta property=\"og:site_name\" content=\"Esplac\" \/>\n<meta property=\"article:published_time\" content=\"2015-12-22T10:31:13+00:00\" \/>\n<meta property=\"article:modified_time\" content=\"2019-11-14T11:17:44+00:00\" \/>\n<meta property=\"og:image\" content=\"https:\/\/www.esplac.cat\/wp-content\/uploads\/2015\/12\/20151222_Concurs-Estiu-verd.jpg\" \/>\n\t<meta property=\"og:image:width\" content=\"847\" \/>\n\t<meta property=\"og:image:height\" content=\"350\" \/>\n\t<meta property=\"og:image:type\" content=\"image\/jpeg\" \/>\n<meta name=\"author\" content=\"Comunicaci\u00f3 Esplac\" \/>\n<meta name=\"twitter:card\" content=\"summary_large_image\" \/>\n<meta name=\"twitter:label1\" content=\"Escrito por\" \/>\n\t<meta name=\"twitter:data1\" content=\"Comunicaci\u00f3 Esplac\" \/>\n\t<meta name=\"twitter:label2\" content=\"Tiempo de lectura\" \/>\n\t<meta name=\"twitter:data2\" content=\"1 minuto\" \/>\n<script type=\"application\/ld+json\" class=\"yoast-schema-graph\">{\"@context\":\"https:\\\/\\\/schema.org\",\"@graph\":[{\"@type\":\"Article\",\"@id\":\"https:\\\/\\\/www.esplac.cat\\\/en\\\/nova-edicio-del-concurs-lesplai-verd\\\/#article\",\"isPartOf\":{\"@id\":\"https:\\\/\\\/www.esplac.cat\\\/en\\\/nova-edicio-del-concurs-lesplai-verd\\\/\"},\"author\":{\"name\":\"Comunicaci\u00f3 Esplac\",\"@id\":\"https:\\\/\\\/www.esplac.cat\\\/#\\\/schema\\\/person\\\/908383cf240be18b68f8855d0583faca\"},\"headline\":\"Nova edici\u00f3 del concurs L&#8217;esplai Verd!\",\"datePublished\":\"2015-12-22T10:31:13+00:00\",\"dateModified\":\"2019-11-14T11:17:44+00:00\",\"mainEntityOfPage\":{\"@id\":\"https:\\\/\\\/www.esplac.cat\\\/en\\\/nova-edicio-del-concurs-lesplai-verd\\\/\"},\"wordCount\":288,\"publisher\":{\"@id\":\"https:\\\/\\\/www.esplac.cat\\\/#organization\"},\"image\":{\"@id\":\"https:\\\/\\\/www.esplac.cat\\\/en\\\/nova-edicio-del-concurs-lesplai-verd\\\/#primaryimage\"},\"thumbnailUrl\":\"https:\\\/\\\/www.esplac.cat\\\/wp-content\\\/uploads\\\/2015\\\/12\\\/20151222_Concurs-Estiu-verd.jpg\",\"keywords\":[\"bones pr\u00e0ctiques\",\"comissions\",\"concurs\",\"estiu verd\",\"medi ambient\",\"reduint petjada\"],\"articleSection\":[\"Activitats comissions i grups de treball\",\"Comissi\u00f3 Reduint Petjada\",\"Sense categoria\"],\"inLanguage\":\"es\"},{\"@type\":\"WebPage\",\"@id\":\"https:\\\/\\\/www.esplac.cat\\\/en\\\/nova-edicio-del-concurs-lesplai-verd\\\/\",\"url\":\"https:\\\/\\\/www.esplac.cat\\\/en\\\/nova-edicio-del-concurs-lesplai-verd\\\/\",\"name\":\"Nova edici\u00f3 del concurs L'esplai Verd! - Esplac\",\"isPartOf\":{\"@id\":\"https:\\\/\\\/www.esplac.cat\\\/#website\"},\"primaryImageOfPage\":{\"@id\":\"https:\\\/\\\/www.esplac.cat\\\/en\\\/nova-edicio-del-concurs-lesplai-verd\\\/#primaryimage\"},\"image\":{\"@id\":\"https:\\\/\\\/www.esplac.cat\\\/en\\\/nova-edicio-del-concurs-lesplai-verd\\\/#primaryimage\"},\"thumbnailUrl\":\"https:\\\/\\\/www.esplac.cat\\\/wp-content\\\/uploads\\\/2015\\\/12\\\/20151222_Concurs-Estiu-verd.jpg\",\"datePublished\":\"2015-12-22T10:31:13+00:00\",\"dateModified\":\"2019-11-14T11:17:44+00:00\",\"breadcrumb\":{\"@id\":\"https:\\\/\\\/www.esplac.cat\\\/en\\\/nova-edicio-del-concurs-lesplai-verd\\\/#breadcrumb\"},\"inLanguage\":\"es\",\"potentialAction\":[{\"@type\":\"ReadAction\",\"target\":[\"https:\\\/\\\/www.esplac.cat\\\/en\\\/nova-edicio-del-concurs-lesplai-verd\\\/\"]}]},{\"@type\":\"ImageObject\",\"inLanguage\":\"es\",\"@id\":\"https:\\\/\\\/www.esplac.cat\\\/en\\\/nova-edicio-del-concurs-lesplai-verd\\\/#primaryimage\",\"url\":\"https:\\\/\\\/www.esplac.cat\\\/wp-content\\\/uploads\\\/2015\\\/12\\\/20151222_Concurs-Estiu-verd.jpg\",\"contentUrl\":\"https:\\\/\\\/www.esplac.cat\\\/wp-content\\\/uploads\\\/2015\\\/12\\\/20151222_Concurs-Estiu-verd.jpg\",\"width\":847,\"height\":350},{\"@type\":\"BreadcrumbList\",\"@id\":\"https:\\\/\\\/www.esplac.cat\\\/en\\\/nova-edicio-del-concurs-lesplai-verd\\\/#breadcrumb\",\"itemListElement\":[{\"@type\":\"ListItem\",\"position\":1,\"name\":\"Inici\",\"item\":\"https:\\\/\\\/www.esplac.cat\\\/es\\\/\"},{\"@type\":\"ListItem\",\"position\":2,\"name\":\"Nova edici\u00f3 del concurs L&#8217;esplai Verd!\"}]},{\"@type\":\"WebSite\",\"@id\":\"https:\\\/\\\/www.esplac.cat\\\/#website\",\"url\":\"https:\\\/\\\/www.esplac.cat\\\/\",\"name\":\"Esplac\",\"description\":\"Esplais Catalans\",\"publisher\":{\"@id\":\"https:\\\/\\\/www.esplac.cat\\\/#organization\"},\"potentialAction\":[{\"@type\":\"SearchAction\",\"target\":{\"@type\":\"EntryPoint\",\"urlTemplate\":\"https:\\\/\\\/www.esplac.cat\\\/?s={search_term_string}\"},\"query-input\":{\"@type\":\"PropertyValueSpecification\",\"valueRequired\":true,\"valueName\":\"search_term_string\"}}],\"inLanguage\":\"es\"},{\"@type\":\"Organization\",\"@id\":\"https:\\\/\\\/www.esplac.cat\\\/#organization\",\"name\":\"Esplac\",\"url\":\"https:\\\/\\\/www.esplac.cat\\\/\",\"logo\":{\"@type\":\"ImageObject\",\"inLanguage\":\"es\",\"@id\":\"https:\\\/\\\/www.esplac.cat\\\/#\\\/schema\\\/logo\\\/image\\\/\",\"url\":\"https:\\\/\\\/www.esplac.cat\\\/wp-content\\\/uploads\\\/2019\\\/08\\\/logox2.png\",\"contentUrl\":\"https:\\\/\\\/www.esplac.cat\\\/wp-content\\\/uploads\\\/2019\\\/08\\\/logox2.png\",\"width\":600,\"height\":295,\"caption\":\"Esplac\"},\"image\":{\"@id\":\"https:\\\/\\\/www.esplac.cat\\\/#\\\/schema\\\/logo\\\/image\\\/\"}},{\"@type\":\"Person\",\"@id\":\"https:\\\/\\\/www.esplac.cat\\\/#\\\/schema\\\/person\\\/908383cf240be18b68f8855d0583faca\",\"name\":\"Comunicaci\u00f3 Esplac\",\"image\":{\"@type\":\"ImageObject\",\"inLanguage\":\"es\",\"@id\":\"https:\\\/\\\/secure.gravatar.com\\\/avatar\\\/7a4cf8feb412a76ea4a740ca02d95b06b2907b5a6c648c2dd0a1082a093c3141?s=96&d=mm&r=g\",\"url\":\"https:\\\/\\\/secure.gravatar.com\\\/avatar\\\/7a4cf8feb412a76ea4a740ca02d95b06b2907b5a6c648c2dd0a1082a093c3141?s=96&d=mm&r=g\",\"contentUrl\":\"https:\\\/\\\/secure.gravatar.com\\\/avatar\\\/7a4cf8feb412a76ea4a740ca02d95b06b2907b5a6c648c2dd0a1082a093c3141?s=96&d=mm&r=g\",\"caption\":\"Comunicaci\u00f3 Esplac\"}}]}<\/script>\n<!-- \/ Yoast SEO plugin. -->","yoast_head_json":{"title":"Nova edici\u00f3 del concurs L'esplai Verd! - Esplac","robots":{"index":"index","follow":"follow","max-snippet":"max-snippet:-1","max-image-preview":"max-image-preview:large","max-video-preview":"max-video-preview:-1"},"canonical":"https:\/\/www.esplac.cat\/en\/nova-edicio-del-concurs-lesplai-verd\/","og_locale":"es_ES","og_type":"article","og_title":"Nova edici\u00f3 del concurs L'esplai Verd! - Esplac","og_description":"La comissi\u00f3 Reduint Petjada d&#8217;Esplac us animem a participar de [&hellip;]","og_url":"https:\/\/www.esplac.cat\/en\/nova-edicio-del-concurs-lesplai-verd\/","og_site_name":"Esplac","article_published_time":"2015-12-22T10:31:13+00:00","article_modified_time":"2019-11-14T11:17:44+00:00","og_image":[{"width":847,"height":350,"url":"https:\/\/www.esplac.cat\/wp-content\/uploads\/2015\/12\/20151222_Concurs-Estiu-verd.jpg","type":"image\/jpeg"}],"author":"Comunicaci\u00f3 Esplac","twitter_card":"summary_large_image","twitter_misc":{"Escrito por":"Comunicaci\u00f3 Esplac","Tiempo de lectura":"1 minuto"},"schema":{"@context":"https:\/\/schema.org","@graph":[{"@type":"Article","@id":"https:\/\/www.esplac.cat\/en\/nova-edicio-del-concurs-lesplai-verd\/#article","isPartOf":{"@id":"https:\/\/www.esplac.cat\/en\/nova-edicio-del-concurs-lesplai-verd\/"},"author":{"name":"Comunicaci\u00f3 Esplac","@id":"https:\/\/www.esplac.cat\/#\/schema\/person\/908383cf240be18b68f8855d0583faca"},"headline":"Nova edici\u00f3 del concurs L&#8217;esplai Verd!","datePublished":"2015-12-22T10:31:13+00:00","dateModified":"2019-11-14T11:17:44+00:00","mainEntityOfPage":{"@id":"https:\/\/www.esplac.cat\/en\/nova-edicio-del-concurs-lesplai-verd\/"},"wordCount":288,"publisher":{"@id":"https:\/\/www.esplac.cat\/#organization"},"image":{"@id":"https:\/\/www.esplac.cat\/en\/nova-edicio-del-concurs-lesplai-verd\/#primaryimage"},"thumbnailUrl":"https:\/\/www.esplac.cat\/wp-content\/uploads\/2015\/12\/20151222_Concurs-Estiu-verd.jpg","keywords":["bones pr\u00e0ctiques","comissions","concurs","estiu verd","medi ambient","reduint petjada"],"articleSection":["Activitats comissions i grups de treball","Comissi\u00f3 Reduint Petjada","Sense categoria"],"inLanguage":"es"},{"@type":"WebPage","@id":"https:\/\/www.esplac.cat\/en\/nova-edicio-del-concurs-lesplai-verd\/","url":"https:\/\/www.esplac.cat\/en\/nova-edicio-del-concurs-lesplai-verd\/","name":"Nova edici\u00f3 del concurs L'esplai Verd! - Esplac","isPartOf":{"@id":"https:\/\/www.esplac.cat\/#website"},"primaryImageOfPage":{"@id":"https:\/\/www.esplac.cat\/en\/nova-edicio-del-concurs-lesplai-verd\/#primaryimage"},"image":{"@id":"https:\/\/www.esplac.cat\/en\/nova-edicio-del-concurs-lesplai-verd\/#primaryimage"},"thumbnailUrl":"https:\/\/www.esplac.cat\/wp-content\/uploads\/2015\/12\/20151222_Concurs-Estiu-verd.jpg","datePublished":"2015-12-22T10:31:13+00:00","dateModified":"2019-11-14T11:17:44+00:00","breadcrumb":{"@id":"https:\/\/www.esplac.cat\/en\/nova-edicio-del-concurs-lesplai-verd\/#breadcrumb"},"inLanguage":"es","potentialAction":[{"@type":"ReadAction","target":["https:\/\/www.esplac.cat\/en\/nova-edicio-del-concurs-lesplai-verd\/"]}]},{"@type":"ImageObject","inLanguage":"es","@id":"https:\/\/www.esplac.cat\/en\/nova-edicio-del-concurs-lesplai-verd\/#primaryimage","url":"https:\/\/www.esplac.cat\/wp-content\/uploads\/2015\/12\/20151222_Concurs-Estiu-verd.jpg","contentUrl":"https:\/\/www.esplac.cat\/wp-content\/uploads\/2015\/12\/20151222_Concurs-Estiu-verd.jpg","width":847,"height":350},{"@type":"BreadcrumbList","@id":"https:\/\/www.esplac.cat\/en\/nova-edicio-del-concurs-lesplai-verd\/#breadcrumb","itemListElement":[{"@type":"ListItem","position":1,"name":"Inici","item":"https:\/\/www.esplac.cat\/es\/"},{"@type":"ListItem","position":2,"name":"Nova edici\u00f3 del concurs L&#8217;esplai Verd!"}]},{"@type":"WebSite","@id":"https:\/\/www.esplac.cat\/#website","url":"https:\/\/www.esplac.cat\/","name":"Esplac","description":"Esplais Catalans","publisher":{"@id":"https:\/\/www.esplac.cat\/#organization"},"potentialAction":[{"@type":"SearchAction","target":{"@type":"EntryPoint","urlTemplate":"https:\/\/www.esplac.cat\/?s={search_term_string}"},"query-input":{"@type":"PropertyValueSpecification","valueRequired":true,"valueName":"search_term_string"}}],"inLanguage":"es"},{"@type":"Organization","@id":"https:\/\/www.esplac.cat\/#organization","name":"Esplac","url":"https:\/\/www.esplac.cat\/","logo":{"@type":"ImageObject","inLanguage":"es","@id":"https:\/\/www.esplac.cat\/#\/schema\/logo\/image\/","url":"https:\/\/www.esplac.cat\/wp-content\/uploads\/2019\/08\/logox2.png","contentUrl":"https:\/\/www.esplac.cat\/wp-content\/uploads\/2019\/08\/logox2.png","width":600,"height":295,"caption":"Esplac"},"image":{"@id":"https:\/\/www.esplac.cat\/#\/schema\/logo\/image\/"}},{"@type":"Person","@id":"https:\/\/www.esplac.cat\/#\/schema\/person\/908383cf240be18b68f8855d0583faca","name":"Comunicaci\u00f3 Esplac","image":{"@type":"ImageObject","inLanguage":"es","@id":"https:\/\/secure.gravatar.com\/avatar\/7a4cf8feb412a76ea4a740ca02d95b06b2907b5a6c648c2dd0a1082a093c3141?s=96&d=mm&r=g","url":"https:\/\/secure.gravatar.com\/avatar\/7a4cf8feb412a76ea4a740ca02d95b06b2907b5a6c648c2dd0a1082a093c3141?s=96&d=mm&r=g","contentUrl":"https:\/\/secure.gravatar.com\/avatar\/7a4cf8feb412a76ea4a740ca02d95b06b2907b5a6c648c2dd0a1082a093c3141?s=96&d=mm&r=g","caption":"Comunicaci\u00f3 Esplac"}}]}},"_links":{"self":[{"href":"https:\/\/www.esplac.cat\/es\/wp-json\/wp\/v2\/posts\/25423","targetHints":{"allow":["GET"]}}],"collection":[{"href":"https:\/\/www.esplac.cat\/es\/wp-json\/wp\/v2\/posts"}],"about":[{"href":"https:\/\/www.esplac.cat\/es\/wp-json\/wp\/v2\/types\/post"}],"author":[{"embeddable":true,"href":"https:\/\/www.esplac.cat\/es\/wp-json\/wp\/v2\/users\/3"}],"replies":[{"embeddable":true,"href":"https:\/\/www.esplac.cat\/es\/wp-json\/wp\/v2\/comments?post=25423"}],"version-history":[{"count":0,"href":"https:\/\/www.esplac.cat\/es\/wp-json\/wp\/v2\/posts\/25423\/revisions"}],"wp:featuredmedia":[{"embeddable":true,"href":"https:\/\/www.esplac.cat\/es\/wp-json\/wp\/v2\/media\/25424"}],"wp:attachment":[{"href":"https:\/\/www.esplac.cat\/es\/wp-json\/wp\/v2\/media?parent=25423"}],"wp:term":[{"taxonomy":"category","embeddable":true,"href":"https:\/\/www.esplac.cat\/es\/wp-json\/wp\/v2\/categories?post=25423"},{"taxonomy":"post_tag","embeddable":true,"href":"https:\/\/www.esplac.cat\/es\/wp-json\/wp\/v2\/tags?post=25423"}],"curies":[{"name":"wp","href":"https:\/\/api.w.org\/{rel}","templated":true}]}}