{"id":25429,"date":"2015-12-21T13:05:24","date_gmt":"2015-12-21T11:05:24","guid":{"rendered":"http:\/\/esplac.cat\/?p=9578"},"modified":"2015-12-21T13:05:24","modified_gmt":"2015-12-21T11:05:24","slug":"record-de-participacio-a-la-monitrobada-del-valles","status":"publish","type":"post","link":"https:\/\/www.esplac.cat\/es\/record-de-participacio-a-la-monitrobada-del-valles\/","title":{"rendered":"R\u00e8cord de participaci\u00f3 a la Monitrobada del Vall\u00e8s"},"content":{"rendered":"<h4><b>100 monitores participen de la trobada celebrada a Fogars de Montcl\u00fas<\/b><\/h4>\n<p>El cap de setmana del 12 i 13 de desembre, un centenar de\u00a0monitors i monitores del Vall\u00e8s es van trobar a la casa de col\u00f2nies Can Riera de Ciuret (Vall\u00e8s Oriental) per celebrar una nova edici\u00f3 de la monitrobada, una activitat ja consolidada al sector per\u00f2 que enguany ha tingut una participaci\u00f3 encara m\u00e9s elevada que ens els anys anteriors.<\/p>\n<p>La trobada va estar preparada per una comissi\u00f3 de monitores de diversos esplais, que es van encarregar de preparar una ambientaci\u00f3 amb v\u00e0ries activitats de cohesi\u00f3. Aquesta trobada sempre acostuma a ser la primera activitat del curs del sector i, tot i que aquest any va caure una mica m\u00e9s tard, tamb\u00e9 va servir als nous monitors i monitores per a con\u00e8ixer el sector i la resta d&#8217;esplais.<\/p>\n<p>El dissabte a la tarda els participants es van dividir en quatre formacions que ells mateixos havien escollit en les reunions pr\u00e8vies a la trobada. Es van realitzar formacions sobre participaci\u00f3 infantil, com treballar la mort i el dol, treball amb adolescents i educaci\u00f3 emocional amb infants i joves. Al vespre es van fer les activitats de coneixen\u00e7a i cohesi\u00f3 preparades per la comissi\u00f3.<\/p>\n<p>Cada any m\u00e9s monitors i monitores participen de les trobades, el que denota una molt bona salut del sector i un elevat sentiment de pertinen\u00e7a!<\/p>\n","protected":false},"excerpt":{"rendered":"<p>100 monitores participen de la trobada celebrada a Fogars de [&hellip;]<\/p>\n","protected":false},"author":3,"featured_media":25430,"comment_status":"closed","ping_status":"open","sticky":false,"template":"","format":"standard","meta":{"om_disable_all_campaigns":false,"_monsterinsights_skip_tracking":false,"_monsterinsights_sitenote_active":false,"_monsterinsights_sitenote_note":"","_monsterinsights_sitenote_category":0,"_uf_show_specific_survey":0,"_uf_disable_surveys":false,"footnotes":""},"categories":[1110,1137],"tags":[626,627,628,122,57],"class_list":["post-25429","post","type-post","status-publish","format-standard","has-post-thumbnail","hentry","category-activitats-sectors","category-sector-valles","tag-can-riera","tag-cohesio","tag-monitrobada","tag-sector-valles","tag-trobada-de-monitors"],"yoast_head":"<!-- This site is optimized with the Yoast SEO plugin v27.4 - https:\/\/yoast.com\/product\/yoast-seo-wordpress\/ -->\n<title>R\u00e8cord de participaci\u00f3 a la Monitrobada del Vall\u00e8s - Esplac<\/title>\n<meta name=\"robots\" content=\"index, follow, max-snippet:-1, max-image-preview:large, max-video-preview:-1\" \/>\n<link rel=\"canonical\" href=\"https:\/\/www.esplac.cat\/record-de-participacio-a-la-monitrobada-del-valles\/\" \/>\n<meta property=\"og:locale\" content=\"es_ES\" \/>\n<meta property=\"og:type\" content=\"article\" \/>\n<meta property=\"og:title\" content=\"R\u00e8cord de participaci\u00f3 a la Monitrobada del Vall\u00e8s - Esplac\" \/>\n<meta property=\"og:description\" content=\"100 monitores participen de la trobada celebrada a Fogars de [&hellip;]\" \/>\n<meta property=\"og:url\" content=\"https:\/\/www.esplac.cat\/record-de-participacio-a-la-monitrobada-del-valles\/\" \/>\n<meta property=\"og:site_name\" content=\"Esplac\" \/>\n<meta property=\"article:published_time\" content=\"2015-12-21T11:05:24+00:00\" \/>\n<meta property=\"og:image\" content=\"https:\/\/www.esplac.cat\/wp-content\/uploads\/2015\/12\/20151221_Monitrobada-Valles.jpg\" \/>\n\t<meta property=\"og:image:width\" content=\"847\" \/>\n\t<meta property=\"og:image:height\" content=\"350\" \/>\n\t<meta property=\"og:image:type\" content=\"image\/jpeg\" \/>\n<meta name=\"author\" content=\"Comunicaci\u00f3 Esplac\" \/>\n<meta name=\"twitter:card\" content=\"summary_large_image\" \/>\n<meta name=\"twitter:label1\" content=\"Escrito por\" \/>\n\t<meta name=\"twitter:data1\" content=\"Comunicaci\u00f3 Esplac\" \/>\n\t<meta name=\"twitter:label2\" content=\"Tiempo de lectura\" \/>\n\t<meta name=\"twitter:data2\" content=\"1 minuto\" \/>\n<script type=\"application\/ld+json\" class=\"yoast-schema-graph\">{\"@context\":\"https:\\\/\\\/schema.org\",\"@graph\":[{\"@type\":\"Article\",\"@id\":\"https:\\\/\\\/www.esplac.cat\\\/record-de-participacio-a-la-monitrobada-del-valles\\\/#article\",\"isPartOf\":{\"@id\":\"https:\\\/\\\/www.esplac.cat\\\/record-de-participacio-a-la-monitrobada-del-valles\\\/\"},\"author\":{\"name\":\"Comunicaci\u00f3 Esplac\",\"@id\":\"https:\\\/\\\/www.esplac.cat\\\/#\\\/schema\\\/person\\\/908383cf240be18b68f8855d0583faca\"},\"headline\":\"R\u00e8cord de participaci\u00f3 a la Monitrobada del Vall\u00e8s\",\"datePublished\":\"2015-12-21T11:05:24+00:00\",\"mainEntityOfPage\":{\"@id\":\"https:\\\/\\\/www.esplac.cat\\\/record-de-participacio-a-la-monitrobada-del-valles\\\/\"},\"wordCount\":249,\"publisher\":{\"@id\":\"https:\\\/\\\/www.esplac.cat\\\/#organization\"},\"image\":{\"@id\":\"https:\\\/\\\/www.esplac.cat\\\/record-de-participacio-a-la-monitrobada-del-valles\\\/#primaryimage\"},\"thumbnailUrl\":\"https:\\\/\\\/www.esplac.cat\\\/wp-content\\\/uploads\\\/2015\\\/12\\\/20151221_Monitrobada-Valles.jpg\",\"keywords\":[\"Can Riera\",\"cohesi\u00f3\",\"monitrobada\",\"sector Vall\u00e8s\",\"trobada de monitors\"],\"articleSection\":[\"Activitats sectors\",\"Sector Vall\u00e8s\"],\"inLanguage\":\"es\"},{\"@type\":\"WebPage\",\"@id\":\"https:\\\/\\\/www.esplac.cat\\\/record-de-participacio-a-la-monitrobada-del-valles\\\/\",\"url\":\"https:\\\/\\\/www.esplac.cat\\\/record-de-participacio-a-la-monitrobada-del-valles\\\/\",\"name\":\"R\u00e8cord de participaci\u00f3 a la Monitrobada del Vall\u00e8s - Esplac\",\"isPartOf\":{\"@id\":\"https:\\\/\\\/www.esplac.cat\\\/#website\"},\"primaryImageOfPage\":{\"@id\":\"https:\\\/\\\/www.esplac.cat\\\/record-de-participacio-a-la-monitrobada-del-valles\\\/#primaryimage\"},\"image\":{\"@id\":\"https:\\\/\\\/www.esplac.cat\\\/record-de-participacio-a-la-monitrobada-del-valles\\\/#primaryimage\"},\"thumbnailUrl\":\"https:\\\/\\\/www.esplac.cat\\\/wp-content\\\/uploads\\\/2015\\\/12\\\/20151221_Monitrobada-Valles.jpg\",\"datePublished\":\"2015-12-21T11:05:24+00:00\",\"breadcrumb\":{\"@id\":\"https:\\\/\\\/www.esplac.cat\\\/record-de-participacio-a-la-monitrobada-del-valles\\\/#breadcrumb\"},\"inLanguage\":\"es\",\"potentialAction\":[{\"@type\":\"ReadAction\",\"target\":[\"https:\\\/\\\/www.esplac.cat\\\/record-de-participacio-a-la-monitrobada-del-valles\\\/\"]}]},{\"@type\":\"ImageObject\",\"inLanguage\":\"es\",\"@id\":\"https:\\\/\\\/www.esplac.cat\\\/record-de-participacio-a-la-monitrobada-del-valles\\\/#primaryimage\",\"url\":\"https:\\\/\\\/www.esplac.cat\\\/wp-content\\\/uploads\\\/2015\\\/12\\\/20151221_Monitrobada-Valles.jpg\",\"contentUrl\":\"https:\\\/\\\/www.esplac.cat\\\/wp-content\\\/uploads\\\/2015\\\/12\\\/20151221_Monitrobada-Valles.jpg\",\"width\":847,\"height\":350},{\"@type\":\"BreadcrumbList\",\"@id\":\"https:\\\/\\\/www.esplac.cat\\\/record-de-participacio-a-la-monitrobada-del-valles\\\/#breadcrumb\",\"itemListElement\":[{\"@type\":\"ListItem\",\"position\":1,\"name\":\"Inici\",\"item\":\"https:\\\/\\\/www.esplac.cat\\\/es\\\/\"},{\"@type\":\"ListItem\",\"position\":2,\"name\":\"R\u00e8cord de participaci\u00f3 a la Monitrobada del Vall\u00e8s\"}]},{\"@type\":\"WebSite\",\"@id\":\"https:\\\/\\\/www.esplac.cat\\\/#website\",\"url\":\"https:\\\/\\\/www.esplac.cat\\\/\",\"name\":\"Esplac\",\"description\":\"Esplais Catalans\",\"publisher\":{\"@id\":\"https:\\\/\\\/www.esplac.cat\\\/#organization\"},\"potentialAction\":[{\"@type\":\"SearchAction\",\"target\":{\"@type\":\"EntryPoint\",\"urlTemplate\":\"https:\\\/\\\/www.esplac.cat\\\/?s={search_term_string}\"},\"query-input\":{\"@type\":\"PropertyValueSpecification\",\"valueRequired\":true,\"valueName\":\"search_term_string\"}}],\"inLanguage\":\"es\"},{\"@type\":\"Organization\",\"@id\":\"https:\\\/\\\/www.esplac.cat\\\/#organization\",\"name\":\"Esplac\",\"url\":\"https:\\\/\\\/www.esplac.cat\\\/\",\"logo\":{\"@type\":\"ImageObject\",\"inLanguage\":\"es\",\"@id\":\"https:\\\/\\\/www.esplac.cat\\\/#\\\/schema\\\/logo\\\/image\\\/\",\"url\":\"https:\\\/\\\/www.esplac.cat\\\/wp-content\\\/uploads\\\/2019\\\/08\\\/logox2.png\",\"contentUrl\":\"https:\\\/\\\/www.esplac.cat\\\/wp-content\\\/uploads\\\/2019\\\/08\\\/logox2.png\",\"width\":600,\"height\":295,\"caption\":\"Esplac\"},\"image\":{\"@id\":\"https:\\\/\\\/www.esplac.cat\\\/#\\\/schema\\\/logo\\\/image\\\/\"}},{\"@type\":\"Person\",\"@id\":\"https:\\\/\\\/www.esplac.cat\\\/#\\\/schema\\\/person\\\/908383cf240be18b68f8855d0583faca\",\"name\":\"Comunicaci\u00f3 Esplac\",\"image\":{\"@type\":\"ImageObject\",\"inLanguage\":\"es\",\"@id\":\"https:\\\/\\\/secure.gravatar.com\\\/avatar\\\/7a4cf8feb412a76ea4a740ca02d95b06b2907b5a6c648c2dd0a1082a093c3141?s=96&d=mm&r=g\",\"url\":\"https:\\\/\\\/secure.gravatar.com\\\/avatar\\\/7a4cf8feb412a76ea4a740ca02d95b06b2907b5a6c648c2dd0a1082a093c3141?s=96&d=mm&r=g\",\"contentUrl\":\"https:\\\/\\\/secure.gravatar.com\\\/avatar\\\/7a4cf8feb412a76ea4a740ca02d95b06b2907b5a6c648c2dd0a1082a093c3141?s=96&d=mm&r=g\",\"caption\":\"Comunicaci\u00f3 Esplac\"}}]}<\/script>\n<!-- \/ Yoast SEO plugin. -->","yoast_head_json":{"title":"R\u00e8cord de participaci\u00f3 a la Monitrobada del Vall\u00e8s - Esplac","robots":{"index":"index","follow":"follow","max-snippet":"max-snippet:-1","max-image-preview":"max-image-preview:large","max-video-preview":"max-video-preview:-1"},"canonical":"https:\/\/www.esplac.cat\/record-de-participacio-a-la-monitrobada-del-valles\/","og_locale":"es_ES","og_type":"article","og_title":"R\u00e8cord de participaci\u00f3 a la Monitrobada del Vall\u00e8s - Esplac","og_description":"100 monitores participen de la trobada celebrada a Fogars de [&hellip;]","og_url":"https:\/\/www.esplac.cat\/record-de-participacio-a-la-monitrobada-del-valles\/","og_site_name":"Esplac","article_published_time":"2015-12-21T11:05:24+00:00","og_image":[{"width":847,"height":350,"url":"https:\/\/www.esplac.cat\/wp-content\/uploads\/2015\/12\/20151221_Monitrobada-Valles.jpg","type":"image\/jpeg"}],"author":"Comunicaci\u00f3 Esplac","twitter_card":"summary_large_image","twitter_misc":{"Escrito por":"Comunicaci\u00f3 Esplac","Tiempo de lectura":"1 minuto"},"schema":{"@context":"https:\/\/schema.org","@graph":[{"@type":"Article","@id":"https:\/\/www.esplac.cat\/record-de-participacio-a-la-monitrobada-del-valles\/#article","isPartOf":{"@id":"https:\/\/www.esplac.cat\/record-de-participacio-a-la-monitrobada-del-valles\/"},"author":{"name":"Comunicaci\u00f3 Esplac","@id":"https:\/\/www.esplac.cat\/#\/schema\/person\/908383cf240be18b68f8855d0583faca"},"headline":"R\u00e8cord de participaci\u00f3 a la Monitrobada del Vall\u00e8s","datePublished":"2015-12-21T11:05:24+00:00","mainEntityOfPage":{"@id":"https:\/\/www.esplac.cat\/record-de-participacio-a-la-monitrobada-del-valles\/"},"wordCount":249,"publisher":{"@id":"https:\/\/www.esplac.cat\/#organization"},"image":{"@id":"https:\/\/www.esplac.cat\/record-de-participacio-a-la-monitrobada-del-valles\/#primaryimage"},"thumbnailUrl":"https:\/\/www.esplac.cat\/wp-content\/uploads\/2015\/12\/20151221_Monitrobada-Valles.jpg","keywords":["Can Riera","cohesi\u00f3","monitrobada","sector Vall\u00e8s","trobada de monitors"],"articleSection":["Activitats sectors","Sector Vall\u00e8s"],"inLanguage":"es"},{"@type":"WebPage","@id":"https:\/\/www.esplac.cat\/record-de-participacio-a-la-monitrobada-del-valles\/","url":"https:\/\/www.esplac.cat\/record-de-participacio-a-la-monitrobada-del-valles\/","name":"R\u00e8cord de participaci\u00f3 a la Monitrobada del Vall\u00e8s - Esplac","isPartOf":{"@id":"https:\/\/www.esplac.cat\/#website"},"primaryImageOfPage":{"@id":"https:\/\/www.esplac.cat\/record-de-participacio-a-la-monitrobada-del-valles\/#primaryimage"},"image":{"@id":"https:\/\/www.esplac.cat\/record-de-participacio-a-la-monitrobada-del-valles\/#primaryimage"},"thumbnailUrl":"https:\/\/www.esplac.cat\/wp-content\/uploads\/2015\/12\/20151221_Monitrobada-Valles.jpg","datePublished":"2015-12-21T11:05:24+00:00","breadcrumb":{"@id":"https:\/\/www.esplac.cat\/record-de-participacio-a-la-monitrobada-del-valles\/#breadcrumb"},"inLanguage":"es","potentialAction":[{"@type":"ReadAction","target":["https:\/\/www.esplac.cat\/record-de-participacio-a-la-monitrobada-del-valles\/"]}]},{"@type":"ImageObject","inLanguage":"es","@id":"https:\/\/www.esplac.cat\/record-de-participacio-a-la-monitrobada-del-valles\/#primaryimage","url":"https:\/\/www.esplac.cat\/wp-content\/uploads\/2015\/12\/20151221_Monitrobada-Valles.jpg","contentUrl":"https:\/\/www.esplac.cat\/wp-content\/uploads\/2015\/12\/20151221_Monitrobada-Valles.jpg","width":847,"height":350},{"@type":"BreadcrumbList","@id":"https:\/\/www.esplac.cat\/record-de-participacio-a-la-monitrobada-del-valles\/#breadcrumb","itemListElement":[{"@type":"ListItem","position":1,"name":"Inici","item":"https:\/\/www.esplac.cat\/es\/"},{"@type":"ListItem","position":2,"name":"R\u00e8cord de participaci\u00f3 a la Monitrobada del Vall\u00e8s"}]},{"@type":"WebSite","@id":"https:\/\/www.esplac.cat\/#website","url":"https:\/\/www.esplac.cat\/","name":"Esplac","description":"Esplais Catalans","publisher":{"@id":"https:\/\/www.esplac.cat\/#organization"},"potentialAction":[{"@type":"SearchAction","target":{"@type":"EntryPoint","urlTemplate":"https:\/\/www.esplac.cat\/?s={search_term_string}"},"query-input":{"@type":"PropertyValueSpecification","valueRequired":true,"valueName":"search_term_string"}}],"inLanguage":"es"},{"@type":"Organization","@id":"https:\/\/www.esplac.cat\/#organization","name":"Esplac","url":"https:\/\/www.esplac.cat\/","logo":{"@type":"ImageObject","inLanguage":"es","@id":"https:\/\/www.esplac.cat\/#\/schema\/logo\/image\/","url":"https:\/\/www.esplac.cat\/wp-content\/uploads\/2019\/08\/logox2.png","contentUrl":"https:\/\/www.esplac.cat\/wp-content\/uploads\/2019\/08\/logox2.png","width":600,"height":295,"caption":"Esplac"},"image":{"@id":"https:\/\/www.esplac.cat\/#\/schema\/logo\/image\/"}},{"@type":"Person","@id":"https:\/\/www.esplac.cat\/#\/schema\/person\/908383cf240be18b68f8855d0583faca","name":"Comunicaci\u00f3 Esplac","image":{"@type":"ImageObject","inLanguage":"es","@id":"https:\/\/secure.gravatar.com\/avatar\/7a4cf8feb412a76ea4a740ca02d95b06b2907b5a6c648c2dd0a1082a093c3141?s=96&d=mm&r=g","url":"https:\/\/secure.gravatar.com\/avatar\/7a4cf8feb412a76ea4a740ca02d95b06b2907b5a6c648c2dd0a1082a093c3141?s=96&d=mm&r=g","contentUrl":"https:\/\/secure.gravatar.com\/avatar\/7a4cf8feb412a76ea4a740ca02d95b06b2907b5a6c648c2dd0a1082a093c3141?s=96&d=mm&r=g","caption":"Comunicaci\u00f3 Esplac"}}]}},"_links":{"self":[{"href":"https:\/\/www.esplac.cat\/es\/wp-json\/wp\/v2\/posts\/25429","targetHints":{"allow":["GET"]}}],"collection":[{"href":"https:\/\/www.esplac.cat\/es\/wp-json\/wp\/v2\/posts"}],"about":[{"href":"https:\/\/www.esplac.cat\/es\/wp-json\/wp\/v2\/types\/post"}],"author":[{"embeddable":true,"href":"https:\/\/www.esplac.cat\/es\/wp-json\/wp\/v2\/users\/3"}],"replies":[{"embeddable":true,"href":"https:\/\/www.esplac.cat\/es\/wp-json\/wp\/v2\/comments?post=25429"}],"version-history":[{"count":0,"href":"https:\/\/www.esplac.cat\/es\/wp-json\/wp\/v2\/posts\/25429\/revisions"}],"wp:featuredmedia":[{"embeddable":true,"href":"https:\/\/www.esplac.cat\/es\/wp-json\/wp\/v2\/media\/25430"}],"wp:attachment":[{"href":"https:\/\/www.esplac.cat\/es\/wp-json\/wp\/v2\/media?parent=25429"}],"wp:term":[{"taxonomy":"category","embeddable":true,"href":"https:\/\/www.esplac.cat\/es\/wp-json\/wp\/v2\/categories?post=25429"},{"taxonomy":"post_tag","embeddable":true,"href":"https:\/\/www.esplac.cat\/es\/wp-json\/wp\/v2\/tags?post=25429"}],"curies":[{"name":"wp","href":"https:\/\/api.w.org\/{rel}","templated":true}]}}