{"id":25449,"date":"2015-12-04T13:33:40","date_gmt":"2015-12-04T11:33:40","guid":{"rendered":"http:\/\/esplac.cat\/?p=9292"},"modified":"2015-12-04T13:33:40","modified_gmt":"2015-12-04T11:33:40","slug":"nou-format-de-trobada-de-monis-i-gran-participacio","status":"publish","type":"post","link":"https:\/\/www.esplac.cat\/es\/nou-format-de-trobada-de-monis-i-gran-participacio\/","title":{"rendered":"Nou format de Trobada de Monis i gran participaci\u00f3"},"content":{"rendered":"<h4 class=\"p1\" style=\"text-align: justify;\">Els passats 14 i 15 de novembre es va celebrar, un any m\u00e9s, la Trobada de monitors i monitores del Sector Barcelona a l\u2019acollidora localitat de Caldes d\u2019Estrac.<\/h4>\n<p class=\"p1\" style=\"text-align: justify;\">\n<p class=\"p1\" style=\"text-align: justify;\">Aquest any ha sigut especial, amb un nou format decidit entre tots i totes que ha deixat enrere les cases de col\u00f2nies on tant hem gaudit i ha obert el sector barcelon\u00ed al Sector Maresme, convidat d\u2019honor.<\/p>\n<p class=\"p1\" style=\"text-align: justify;\">La comissi\u00f3 amb prou feines hav\u00edem acabat de dinar quan van comen\u00e7ar a arribar les m\u00e9s de 250 persones que vam sumar entre els dos sectors llestes per comen\u00e7ar les formacions d\u2019aquest any. Les aules de l\u2019escola del poble es va omplir de debats i experi\u00e8ncies gr\u00e0cies als formadors i formadores de l\u2019Escola d\u2019Esplac. Tots i totes van aprofitar-ho al 100 % i les sensacions van ser bon\u00edssimes! Despr\u00e9s d\u2019aix\u00f2, vam sopar al pavell\u00f3 esportiu, que ens va servir tant de menjador, com de discoteca, com de dormitori. Mentre ens ompl\u00edem les panxes i ens prepar\u00e0vem per a la festa, es va sortejar entre plors i riures l\u2019ordre en qu\u00e8 cada esplai sortiria a ballar durant el correbars. Van tocar les deu de la nit, a ballar! Per\u00f2, malauradament la nostra apreciada Rita no va poder dir \u201cel caloret!\u201d m\u00e9s de dos cops sense que la m\u00fasica deix\u00e9s de sonar per problemes t\u00e8cnics. Aix\u00f2 va provocar que tot s\u2019enreder\u00eds una mica i que les actuacions les fessin els esplais que van voler quan vam arribar de nou al pavell\u00f3, ara discoteca. Va ser una nit perfecta de balls i cohesi\u00f3 on els m\u00e9s valents van ser recompensats. Tot aix\u00f2 ho vam acabar de guarnir amb els tallers de circ i v\u00f2lei a la platja de diumenge al mat\u00ed, que van ser un \u00e8xit, i una magn\u00edfica arrossada on fins i tot es va apuntar gent del poble, i m\u00e9s d\u2019un se\u2019n va endur la carmanyola plena.<\/p>\n<p class=\"p1\" style=\"text-align: justify;\">Va ser una trobada genial, amb un \u201ccaloret\u201d que acompanyava molt<span class=\"Apple-converted-space\">\u00a0 <\/span>i a un poble que ens va rebre amb els bra\u00e7os oberts, esperem que mai no els creuin! Gr\u00e0cies a tots i totes per assistir-hi i fer-la possible un any m\u00e9s!<\/p>\n","protected":false},"excerpt":{"rendered":"<p>Els passats 14 i 15 de novembre es va celebrar, [&hellip;]<\/p>\n","protected":false},"author":3,"featured_media":25450,"comment_status":"closed","ping_status":"open","sticky":false,"template":"","format":"standard","meta":{"om_disable_all_campaigns":false,"_monsterinsights_skip_tracking":false,"_monsterinsights_sitenote_active":false,"_monsterinsights_sitenote_note":"","_monsterinsights_sitenote_category":0,"_uf_show_specific_survey":0,"_uf_disable_surveys":false,"footnotes":""},"categories":[1110,1128],"tags":[119,23,390],"class_list":["post-25449","post","type-post","status-publish","format-standard","has-post-thumbnail","hentry","category-activitats-sectors","category-sector-barcelona","tag-sector-barcelona","tag-sectors-geografics","tag-trobada-de-monis"],"yoast_head":"<!-- This site is optimized with the Yoast SEO plugin v27.5 - https:\/\/yoast.com\/product\/yoast-seo-wordpress\/ -->\n<title>Nou format de Trobada de Monis i gran participaci\u00f3 - Esplac<\/title>\n<meta name=\"robots\" content=\"index, follow, max-snippet:-1, max-image-preview:large, max-video-preview:-1\" \/>\n<link rel=\"canonical\" href=\"https:\/\/www.esplac.cat\/nou-format-de-trobada-de-monis-i-gran-participacio\/\" \/>\n<meta property=\"og:locale\" content=\"es_ES\" \/>\n<meta property=\"og:type\" content=\"article\" \/>\n<meta property=\"og:title\" content=\"Nou format de Trobada de Monis i gran participaci\u00f3 - Esplac\" \/>\n<meta property=\"og:description\" content=\"Els passats 14 i 15 de novembre es va celebrar, [&hellip;]\" \/>\n<meta property=\"og:url\" content=\"https:\/\/www.esplac.cat\/nou-format-de-trobada-de-monis-i-gran-participacio\/\" \/>\n<meta property=\"og:site_name\" content=\"Esplac\" \/>\n<meta property=\"article:published_time\" content=\"2015-12-04T11:33:40+00:00\" \/>\n<meta property=\"og:image\" content=\"https:\/\/www.esplac.cat\/wp-content\/uploads\/2015\/12\/20151204_CronicaTM.jpg\" \/>\n\t<meta property=\"og:image:width\" content=\"857\" \/>\n\t<meta property=\"og:image:height\" content=\"350\" \/>\n\t<meta property=\"og:image:type\" content=\"image\/jpeg\" \/>\n<meta name=\"author\" content=\"Comunicaci\u00f3 Esplac\" \/>\n<meta name=\"twitter:card\" content=\"summary_large_image\" \/>\n<meta name=\"twitter:label1\" content=\"Escrito por\" \/>\n\t<meta name=\"twitter:data1\" content=\"Comunicaci\u00f3 Esplac\" \/>\n\t<meta name=\"twitter:label2\" content=\"Tiempo de lectura\" \/>\n\t<meta name=\"twitter:data2\" content=\"2 minutos\" \/>\n<script type=\"application\/ld+json\" class=\"yoast-schema-graph\">{\"@context\":\"https:\\\/\\\/schema.org\",\"@graph\":[{\"@type\":\"Article\",\"@id\":\"https:\\\/\\\/www.esplac.cat\\\/nou-format-de-trobada-de-monis-i-gran-participacio\\\/#article\",\"isPartOf\":{\"@id\":\"https:\\\/\\\/www.esplac.cat\\\/nou-format-de-trobada-de-monis-i-gran-participacio\\\/\"},\"author\":{\"name\":\"Comunicaci\u00f3 Esplac\",\"@id\":\"https:\\\/\\\/www.esplac.cat\\\/#\\\/schema\\\/person\\\/908383cf240be18b68f8855d0583faca\"},\"headline\":\"Nou format de Trobada de Monis i gran participaci\u00f3\",\"datePublished\":\"2015-12-04T11:33:40+00:00\",\"mainEntityOfPage\":{\"@id\":\"https:\\\/\\\/www.esplac.cat\\\/nou-format-de-trobada-de-monis-i-gran-participacio\\\/\"},\"wordCount\":404,\"publisher\":{\"@id\":\"https:\\\/\\\/www.esplac.cat\\\/#organization\"},\"image\":{\"@id\":\"https:\\\/\\\/www.esplac.cat\\\/nou-format-de-trobada-de-monis-i-gran-participacio\\\/#primaryimage\"},\"thumbnailUrl\":\"https:\\\/\\\/www.esplac.cat\\\/wp-content\\\/uploads\\\/2015\\\/12\\\/20151204_CronicaTM.jpg\",\"keywords\":[\"sector Barcelona\",\"sectors geogr\u00e0fics\",\"trobada de monis\"],\"articleSection\":[\"Activitats sectors\",\"Sector Barcelona\"],\"inLanguage\":\"es\"},{\"@type\":\"WebPage\",\"@id\":\"https:\\\/\\\/www.esplac.cat\\\/nou-format-de-trobada-de-monis-i-gran-participacio\\\/\",\"url\":\"https:\\\/\\\/www.esplac.cat\\\/nou-format-de-trobada-de-monis-i-gran-participacio\\\/\",\"name\":\"Nou format de Trobada de Monis i gran participaci\u00f3 - Esplac\",\"isPartOf\":{\"@id\":\"https:\\\/\\\/www.esplac.cat\\\/#website\"},\"primaryImageOfPage\":{\"@id\":\"https:\\\/\\\/www.esplac.cat\\\/nou-format-de-trobada-de-monis-i-gran-participacio\\\/#primaryimage\"},\"image\":{\"@id\":\"https:\\\/\\\/www.esplac.cat\\\/nou-format-de-trobada-de-monis-i-gran-participacio\\\/#primaryimage\"},\"thumbnailUrl\":\"https:\\\/\\\/www.esplac.cat\\\/wp-content\\\/uploads\\\/2015\\\/12\\\/20151204_CronicaTM.jpg\",\"datePublished\":\"2015-12-04T11:33:40+00:00\",\"breadcrumb\":{\"@id\":\"https:\\\/\\\/www.esplac.cat\\\/nou-format-de-trobada-de-monis-i-gran-participacio\\\/#breadcrumb\"},\"inLanguage\":\"es\",\"potentialAction\":[{\"@type\":\"ReadAction\",\"target\":[\"https:\\\/\\\/www.esplac.cat\\\/nou-format-de-trobada-de-monis-i-gran-participacio\\\/\"]}]},{\"@type\":\"ImageObject\",\"inLanguage\":\"es\",\"@id\":\"https:\\\/\\\/www.esplac.cat\\\/nou-format-de-trobada-de-monis-i-gran-participacio\\\/#primaryimage\",\"url\":\"https:\\\/\\\/www.esplac.cat\\\/wp-content\\\/uploads\\\/2015\\\/12\\\/20151204_CronicaTM.jpg\",\"contentUrl\":\"https:\\\/\\\/www.esplac.cat\\\/wp-content\\\/uploads\\\/2015\\\/12\\\/20151204_CronicaTM.jpg\",\"width\":857,\"height\":350},{\"@type\":\"BreadcrumbList\",\"@id\":\"https:\\\/\\\/www.esplac.cat\\\/nou-format-de-trobada-de-monis-i-gran-participacio\\\/#breadcrumb\",\"itemListElement\":[{\"@type\":\"ListItem\",\"position\":1,\"name\":\"Inici\",\"item\":\"https:\\\/\\\/www.esplac.cat\\\/es\\\/\"},{\"@type\":\"ListItem\",\"position\":2,\"name\":\"Nou format de Trobada de Monis i gran participaci\u00f3\"}]},{\"@type\":\"WebSite\",\"@id\":\"https:\\\/\\\/www.esplac.cat\\\/#website\",\"url\":\"https:\\\/\\\/www.esplac.cat\\\/\",\"name\":\"Esplac\",\"description\":\"Esplais Catalans\",\"publisher\":{\"@id\":\"https:\\\/\\\/www.esplac.cat\\\/#organization\"},\"potentialAction\":[{\"@type\":\"SearchAction\",\"target\":{\"@type\":\"EntryPoint\",\"urlTemplate\":\"https:\\\/\\\/www.esplac.cat\\\/?s={search_term_string}\"},\"query-input\":{\"@type\":\"PropertyValueSpecification\",\"valueRequired\":true,\"valueName\":\"search_term_string\"}}],\"inLanguage\":\"es\"},{\"@type\":\"Organization\",\"@id\":\"https:\\\/\\\/www.esplac.cat\\\/#organization\",\"name\":\"Esplac\",\"url\":\"https:\\\/\\\/www.esplac.cat\\\/\",\"logo\":{\"@type\":\"ImageObject\",\"inLanguage\":\"es\",\"@id\":\"https:\\\/\\\/www.esplac.cat\\\/#\\\/schema\\\/logo\\\/image\\\/\",\"url\":\"https:\\\/\\\/www.esplac.cat\\\/wp-content\\\/uploads\\\/2019\\\/08\\\/logox2.png\",\"contentUrl\":\"https:\\\/\\\/www.esplac.cat\\\/wp-content\\\/uploads\\\/2019\\\/08\\\/logox2.png\",\"width\":600,\"height\":295,\"caption\":\"Esplac\"},\"image\":{\"@id\":\"https:\\\/\\\/www.esplac.cat\\\/#\\\/schema\\\/logo\\\/image\\\/\"}},{\"@type\":\"Person\",\"@id\":\"https:\\\/\\\/www.esplac.cat\\\/#\\\/schema\\\/person\\\/908383cf240be18b68f8855d0583faca\",\"name\":\"Comunicaci\u00f3 Esplac\",\"image\":{\"@type\":\"ImageObject\",\"inLanguage\":\"es\",\"@id\":\"https:\\\/\\\/secure.gravatar.com\\\/avatar\\\/7a4cf8feb412a76ea4a740ca02d95b06b2907b5a6c648c2dd0a1082a093c3141?s=96&d=mm&r=g\",\"url\":\"https:\\\/\\\/secure.gravatar.com\\\/avatar\\\/7a4cf8feb412a76ea4a740ca02d95b06b2907b5a6c648c2dd0a1082a093c3141?s=96&d=mm&r=g\",\"contentUrl\":\"https:\\\/\\\/secure.gravatar.com\\\/avatar\\\/7a4cf8feb412a76ea4a740ca02d95b06b2907b5a6c648c2dd0a1082a093c3141?s=96&d=mm&r=g\",\"caption\":\"Comunicaci\u00f3 Esplac\"}}]}<\/script>\n<!-- \/ Yoast SEO plugin. -->","yoast_head_json":{"title":"Nou format de Trobada de Monis i gran participaci\u00f3 - Esplac","robots":{"index":"index","follow":"follow","max-snippet":"max-snippet:-1","max-image-preview":"max-image-preview:large","max-video-preview":"max-video-preview:-1"},"canonical":"https:\/\/www.esplac.cat\/nou-format-de-trobada-de-monis-i-gran-participacio\/","og_locale":"es_ES","og_type":"article","og_title":"Nou format de Trobada de Monis i gran participaci\u00f3 - Esplac","og_description":"Els passats 14 i 15 de novembre es va celebrar, [&hellip;]","og_url":"https:\/\/www.esplac.cat\/nou-format-de-trobada-de-monis-i-gran-participacio\/","og_site_name":"Esplac","article_published_time":"2015-12-04T11:33:40+00:00","og_image":[{"width":857,"height":350,"url":"https:\/\/www.esplac.cat\/wp-content\/uploads\/2015\/12\/20151204_CronicaTM.jpg","type":"image\/jpeg"}],"author":"Comunicaci\u00f3 Esplac","twitter_card":"summary_large_image","twitter_misc":{"Escrito por":"Comunicaci\u00f3 Esplac","Tiempo de lectura":"2 minutos"},"schema":{"@context":"https:\/\/schema.org","@graph":[{"@type":"Article","@id":"https:\/\/www.esplac.cat\/nou-format-de-trobada-de-monis-i-gran-participacio\/#article","isPartOf":{"@id":"https:\/\/www.esplac.cat\/nou-format-de-trobada-de-monis-i-gran-participacio\/"},"author":{"name":"Comunicaci\u00f3 Esplac","@id":"https:\/\/www.esplac.cat\/#\/schema\/person\/908383cf240be18b68f8855d0583faca"},"headline":"Nou format de Trobada de Monis i gran participaci\u00f3","datePublished":"2015-12-04T11:33:40+00:00","mainEntityOfPage":{"@id":"https:\/\/www.esplac.cat\/nou-format-de-trobada-de-monis-i-gran-participacio\/"},"wordCount":404,"publisher":{"@id":"https:\/\/www.esplac.cat\/#organization"},"image":{"@id":"https:\/\/www.esplac.cat\/nou-format-de-trobada-de-monis-i-gran-participacio\/#primaryimage"},"thumbnailUrl":"https:\/\/www.esplac.cat\/wp-content\/uploads\/2015\/12\/20151204_CronicaTM.jpg","keywords":["sector Barcelona","sectors geogr\u00e0fics","trobada de monis"],"articleSection":["Activitats sectors","Sector Barcelona"],"inLanguage":"es"},{"@type":"WebPage","@id":"https:\/\/www.esplac.cat\/nou-format-de-trobada-de-monis-i-gran-participacio\/","url":"https:\/\/www.esplac.cat\/nou-format-de-trobada-de-monis-i-gran-participacio\/","name":"Nou format de Trobada de Monis i gran participaci\u00f3 - Esplac","isPartOf":{"@id":"https:\/\/www.esplac.cat\/#website"},"primaryImageOfPage":{"@id":"https:\/\/www.esplac.cat\/nou-format-de-trobada-de-monis-i-gran-participacio\/#primaryimage"},"image":{"@id":"https:\/\/www.esplac.cat\/nou-format-de-trobada-de-monis-i-gran-participacio\/#primaryimage"},"thumbnailUrl":"https:\/\/www.esplac.cat\/wp-content\/uploads\/2015\/12\/20151204_CronicaTM.jpg","datePublished":"2015-12-04T11:33:40+00:00","breadcrumb":{"@id":"https:\/\/www.esplac.cat\/nou-format-de-trobada-de-monis-i-gran-participacio\/#breadcrumb"},"inLanguage":"es","potentialAction":[{"@type":"ReadAction","target":["https:\/\/www.esplac.cat\/nou-format-de-trobada-de-monis-i-gran-participacio\/"]}]},{"@type":"ImageObject","inLanguage":"es","@id":"https:\/\/www.esplac.cat\/nou-format-de-trobada-de-monis-i-gran-participacio\/#primaryimage","url":"https:\/\/www.esplac.cat\/wp-content\/uploads\/2015\/12\/20151204_CronicaTM.jpg","contentUrl":"https:\/\/www.esplac.cat\/wp-content\/uploads\/2015\/12\/20151204_CronicaTM.jpg","width":857,"height":350},{"@type":"BreadcrumbList","@id":"https:\/\/www.esplac.cat\/nou-format-de-trobada-de-monis-i-gran-participacio\/#breadcrumb","itemListElement":[{"@type":"ListItem","position":1,"name":"Inici","item":"https:\/\/www.esplac.cat\/es\/"},{"@type":"ListItem","position":2,"name":"Nou format de Trobada de Monis i gran participaci\u00f3"}]},{"@type":"WebSite","@id":"https:\/\/www.esplac.cat\/#website","url":"https:\/\/www.esplac.cat\/","name":"Esplac","description":"Esplais Catalans","publisher":{"@id":"https:\/\/www.esplac.cat\/#organization"},"potentialAction":[{"@type":"SearchAction","target":{"@type":"EntryPoint","urlTemplate":"https:\/\/www.esplac.cat\/?s={search_term_string}"},"query-input":{"@type":"PropertyValueSpecification","valueRequired":true,"valueName":"search_term_string"}}],"inLanguage":"es"},{"@type":"Organization","@id":"https:\/\/www.esplac.cat\/#organization","name":"Esplac","url":"https:\/\/www.esplac.cat\/","logo":{"@type":"ImageObject","inLanguage":"es","@id":"https:\/\/www.esplac.cat\/#\/schema\/logo\/image\/","url":"https:\/\/www.esplac.cat\/wp-content\/uploads\/2019\/08\/logox2.png","contentUrl":"https:\/\/www.esplac.cat\/wp-content\/uploads\/2019\/08\/logox2.png","width":600,"height":295,"caption":"Esplac"},"image":{"@id":"https:\/\/www.esplac.cat\/#\/schema\/logo\/image\/"}},{"@type":"Person","@id":"https:\/\/www.esplac.cat\/#\/schema\/person\/908383cf240be18b68f8855d0583faca","name":"Comunicaci\u00f3 Esplac","image":{"@type":"ImageObject","inLanguage":"es","@id":"https:\/\/secure.gravatar.com\/avatar\/7a4cf8feb412a76ea4a740ca02d95b06b2907b5a6c648c2dd0a1082a093c3141?s=96&d=mm&r=g","url":"https:\/\/secure.gravatar.com\/avatar\/7a4cf8feb412a76ea4a740ca02d95b06b2907b5a6c648c2dd0a1082a093c3141?s=96&d=mm&r=g","contentUrl":"https:\/\/secure.gravatar.com\/avatar\/7a4cf8feb412a76ea4a740ca02d95b06b2907b5a6c648c2dd0a1082a093c3141?s=96&d=mm&r=g","caption":"Comunicaci\u00f3 Esplac"}}]}},"_links":{"self":[{"href":"https:\/\/www.esplac.cat\/es\/wp-json\/wp\/v2\/posts\/25449","targetHints":{"allow":["GET"]}}],"collection":[{"href":"https:\/\/www.esplac.cat\/es\/wp-json\/wp\/v2\/posts"}],"about":[{"href":"https:\/\/www.esplac.cat\/es\/wp-json\/wp\/v2\/types\/post"}],"author":[{"embeddable":true,"href":"https:\/\/www.esplac.cat\/es\/wp-json\/wp\/v2\/users\/3"}],"replies":[{"embeddable":true,"href":"https:\/\/www.esplac.cat\/es\/wp-json\/wp\/v2\/comments?post=25449"}],"version-history":[{"count":0,"href":"https:\/\/www.esplac.cat\/es\/wp-json\/wp\/v2\/posts\/25449\/revisions"}],"wp:featuredmedia":[{"embeddable":true,"href":"https:\/\/www.esplac.cat\/es\/wp-json\/wp\/v2\/media\/25450"}],"wp:attachment":[{"href":"https:\/\/www.esplac.cat\/es\/wp-json\/wp\/v2\/media?parent=25449"}],"wp:term":[{"taxonomy":"category","embeddable":true,"href":"https:\/\/www.esplac.cat\/es\/wp-json\/wp\/v2\/categories?post=25449"},{"taxonomy":"post_tag","embeddable":true,"href":"https:\/\/www.esplac.cat\/es\/wp-json\/wp\/v2\/tags?post=25449"}],"curies":[{"name":"wp","href":"https:\/\/api.w.org\/{rel}","templated":true}]}}