{"id":25465,"date":"2015-11-18T11:24:12","date_gmt":"2015-11-18T09:24:12","guid":{"rendered":"http:\/\/esplac.cat\/?p=9171"},"modified":"2015-11-18T11:24:12","modified_gmt":"2015-11-18T09:24:12","slug":"infants-i-joves-tenimdrets-i-tenimveu","status":"publish","type":"post","link":"https:\/\/www.esplac.cat\/es\/infants-i-joves-tenimdrets-i-tenimveu\/","title":{"rendered":"Infants i joves #tenimdrets i #tenimveu"},"content":{"rendered":"<h4 class=\"p1\" style=\"text-align: justify;\"><span style=\"text-decoration: underline;\">POSICIONAMENT D&#8217;ESPLAIS CATALANS PER LA DIADA DELS DRETS DELS INFANTS DEL 20N<\/span><\/h4>\n<p class=\"p1\" style=\"text-align: justify;\">Els esplais catalans eduquem a infants i joves des del voluntariat per a la transformaci\u00f3 social mitjan\u00e7ant el treball dels drets dels infants. Des d\u2019Esplac apostem des de fa anys per la promoci\u00f3 i sensibilitzaci\u00f3 d\u2019aquests drets entre la ciutadania i els mateixos infants.<\/p>\n<h3 class=\"p1\" style=\"text-align: justify;\"><b>\u201cEns ho passem molt b\u00e9. A l\u2019esplai aprenem i juguem alhora\u201d<\/b><\/h3>\n<p class=\"p1\" style=\"text-align: justify;\">Actualment a Catalunya som conscients que l\u2019etapa que va des dels 0 fins als 18 anys \u00e9s una etapa diferent i amb unes particularitats molt concretes que cal treballar. Segurament tenim assumit que en aquestes edats som m\u00e9s vulnerables i necessitem una certa protecci\u00f3 del m\u00f3n adult, la qual cosa no deixa de ser certa. Per\u00f2 aix\u00f2 no ha de fer que siguem considerats ciutadania de segona i que perdem oportunitats, viv\u00e8ncies o aprenentatges que cal que visquem i experimentem.<\/p>\n<p class=\"p1\" style=\"text-align: justify;\">A l\u2019esplai els monitors i monitores utilitzem el joc, la nostra principal eina pedag\u00f2gica, per a desenvolupar el projecte educatiu que tenim tots i cadascun dels esplais. \u00c9s a trav\u00e9s del joc, de la creaci\u00f3 de contextos educatius, que treballem de manera vivencial els drets dels infants, perqu\u00e8 sobretot a l\u2019esplai els posem en pr\u00e0ctica i esdevenen el centre de l\u2019acci\u00f3 educativa.<\/p>\n<h3 class=\"p1\" style=\"text-align: justify;\"><b>\u201cSabem somriure, podem ser bons amics i amigues. Sabem que tenim drets\u201d<\/b><\/h3>\n<p class=\"p1\" style=\"text-align: justify;\">Els drets dels infants no poden \u00e9sser simplement recollits en documents i cartes d\u2019intencions, aix\u00ed com reconeguts amb bones paraules un cop l\u2019any. Cal que la societat aposti de manera decidida per posar aquests drets en pr\u00e0ctica de manera real, creant i posant a la seva disposici\u00f3 les eines que faci falta perqu\u00e8 siguin tangibles, coneguts i respectats.<\/p>\n<p class=\"p1\" style=\"text-align: justify;\">A l\u2019esplai, acompanyem als infants i joves en el cam\u00ed de creaci\u00f3 d\u2019una identitat pr\u00f2pia. Amb la tasca volunt\u00e0ria de monitors i monitores, els infants aprenen a treballar en equip i descobreixen el m\u00f3n que els envolta. Com a educadors i educadores els mostrem diferents opcions i posem les eines per tal que puguin escollir les que m\u00e9s els convingui.<\/p>\n<h3 class=\"p1\" style=\"text-align: justify;\"><b>\u201cSom els i les protagonistes, tenim dret a ser escoltats i donar la nostra opini\u00f3. Podem assumir responsabilitats\u201d<\/b><\/h3>\n<p class=\"p1\" style=\"text-align: justify;\">La participaci\u00f3 no pot reduir-se simplement a expressar una opini\u00f3. Per a participar \u00e9s necessari que aquesta sigui escoltada, tot sabent escoltar als altres. Cal disposar, doncs, de la informaci\u00f3 necess\u00e0ria, per finalment poder assumir responsabilitats tenint en compte les conseq\u00fc\u00e8ncies.<\/p>\n<p class=\"p1\" style=\"text-align: justify;\">A l\u2019esplai els infants participen del dia a dia del projecte, en s\u00f3n els i les protagonistes. Infants i joves demostren que tenen opini\u00f3 i una veu que \u00e9s escoltada. A trav\u00e9s del treball de petits projectes i del quotidi\u00e0 aprenen a assumir responsabilitats.<\/p>\n<h3 class=\"p1\" style=\"text-align: justify;\"><b>\u201cTenim dret a decidir el nostre futur, perqu\u00e8 som futur per\u00f2 tamb\u00e9 present\u201d<\/b><\/h3>\n<p class=\"p1\" style=\"text-align: justify;\">Sovint es tracta als infants com a ciutadania del futur, eludint que ja formen part de la societat. Entendre l\u2019etapa dels 0 als 18 anys simplement com una preparaci\u00f3 per a la vida adulta posa sobre seu una c\u00e0rrega innecess\u00e0ria que no els permet desenvolupar-se.<\/p>\n<p class=\"p1\" style=\"text-align: justify;\">L\u2019esplai \u00e9s un espai de llibertat i de ciutadania; per esdevenir ciutadans amb drets no cal esperar a tenir 18 anys. Per aix\u00f2 diem que m\u00e9s que ciutadans del futur s\u00f3n ciutadans del present; i no podem entendre ser ciutad\u00e0 sense que aix\u00f2 vagi lligat a tenir uns drets garantits i poder-los exercir.<\/p>\n<h3 class=\"p1\" style=\"text-align: justify;\"><b>\u201cNosaltres que som infants i joves, podem canviar-ho tot\u201d<\/b><\/h3>\n<p class=\"p1\" style=\"text-align: justify;\">Aix\u00ed doncs escoltem-los m\u00e9s, tinguem en compte el que pensen, fem-los protagonistes del seu propi aprenentatge i junts i juntes canviarem el m\u00f3n!<\/p>\n<h6 class=\"p1\" style=\"text-align: justify;\"><em>*Els fragments entre cometes que apareixen en aquest text formen part del manifest que van elaborar infants i joves d\u2019Esplais Catalans durant la celebraci\u00f3 de l\u2019Esplaiada 2015, que va tenir lloc a Llagostera els dies 13 i 14 d\u2019abril on el centre de l\u2019activitat va ser la participaci\u00f3 infantil.<\/em><\/h6>\n","protected":false},"excerpt":{"rendered":"<p>POSICIONAMENT D&#8217;ESPLAIS CATALANS PER LA DIADA DELS DRETS DELS INFANTS [&hellip;]<\/p>\n","protected":false},"author":3,"featured_media":25466,"comment_status":"closed","ping_status":"open","sticky":false,"template":"","format":"standard","meta":{"om_disable_all_campaigns":false,"_monsterinsights_skip_tracking":false,"_monsterinsights_sitenote_active":false,"_monsterinsights_sitenote_note":"","_monsterinsights_sitenote_category":0,"_uf_show_specific_survey":0,"_uf_disable_surveys":false,"footnotes":""},"categories":[1135,1127,1],"tags":[607,452,375,45,377,326],"class_list":["post-25465","post","type-post","status-publish","format-standard","has-post-thumbnail","hentry","category-20-n-drets-dels-infants","category-comunicats-posicionaments","category-sense-categoria","tag-tenimdrets","tag-tenimveu","tag-20n","tag-drets-dels-infants","tag-participacio-infantil","tag-posicionament"],"yoast_head":"<!-- This site is optimized with the Yoast SEO plugin v27.5 - https:\/\/yoast.com\/product\/yoast-seo-wordpress\/ -->\n<title>Infants i joves #tenimdrets i #tenimveu - Esplac<\/title>\n<meta name=\"robots\" content=\"index, follow, max-snippet:-1, max-image-preview:large, max-video-preview:-1\" \/>\n<link rel=\"canonical\" href=\"https:\/\/www.esplac.cat\/infants-i-joves-tenimdrets-i-tenimveu\/\" \/>\n<meta property=\"og:locale\" content=\"es_ES\" \/>\n<meta property=\"og:type\" content=\"article\" \/>\n<meta property=\"og:title\" content=\"Infants i joves #tenimdrets i #tenimveu - Esplac\" \/>\n<meta property=\"og:description\" content=\"POSICIONAMENT D&#8217;ESPLAIS CATALANS PER LA DIADA DELS DRETS DELS INFANTS [&hellip;]\" \/>\n<meta property=\"og:url\" content=\"https:\/\/www.esplac.cat\/infants-i-joves-tenimdrets-i-tenimveu\/\" \/>\n<meta property=\"og:site_name\" content=\"Esplac\" \/>\n<meta property=\"article:published_time\" content=\"2015-11-18T09:24:12+00:00\" \/>\n<meta property=\"og:image\" content=\"https:\/\/www.esplac.cat\/wp-content\/uploads\/2015\/11\/banner-esplac.jpg\" \/>\n\t<meta property=\"og:image:width\" content=\"847\" \/>\n\t<meta property=\"og:image:height\" content=\"350\" \/>\n\t<meta property=\"og:image:type\" content=\"image\/jpeg\" \/>\n<meta name=\"author\" content=\"Comunicaci\u00f3 Esplac\" \/>\n<meta name=\"twitter:card\" content=\"summary_large_image\" \/>\n<meta name=\"twitter:label1\" content=\"Escrito por\" \/>\n\t<meta name=\"twitter:data1\" content=\"Comunicaci\u00f3 Esplac\" \/>\n\t<meta name=\"twitter:label2\" content=\"Tiempo de lectura\" \/>\n\t<meta name=\"twitter:data2\" content=\"3 minutos\" \/>\n<script type=\"application\/ld+json\" class=\"yoast-schema-graph\">{\"@context\":\"https:\\\/\\\/schema.org\",\"@graph\":[{\"@type\":\"Article\",\"@id\":\"https:\\\/\\\/www.esplac.cat\\\/infants-i-joves-tenimdrets-i-tenimveu\\\/#article\",\"isPartOf\":{\"@id\":\"https:\\\/\\\/www.esplac.cat\\\/infants-i-joves-tenimdrets-i-tenimveu\\\/\"},\"author\":{\"name\":\"Comunicaci\u00f3 Esplac\",\"@id\":\"https:\\\/\\\/www.esplac.cat\\\/#\\\/schema\\\/person\\\/908383cf240be18b68f8855d0583faca\"},\"headline\":\"Infants i joves #tenimdrets i #tenimveu\",\"datePublished\":\"2015-11-18T09:24:12+00:00\",\"mainEntityOfPage\":{\"@id\":\"https:\\\/\\\/www.esplac.cat\\\/infants-i-joves-tenimdrets-i-tenimveu\\\/\"},\"wordCount\":673,\"publisher\":{\"@id\":\"https:\\\/\\\/www.esplac.cat\\\/#organization\"},\"image\":{\"@id\":\"https:\\\/\\\/www.esplac.cat\\\/infants-i-joves-tenimdrets-i-tenimveu\\\/#primaryimage\"},\"thumbnailUrl\":\"https:\\\/\\\/www.esplac.cat\\\/wp-content\\\/uploads\\\/2015\\\/11\\\/banner-esplac.jpg\",\"keywords\":[\"#tenimdrets\",\"#tenimveu\",\"20N\",\"drets dels infants\",\"participaci\u00f3 infantil\",\"posicionament\"],\"articleSection\":[\"20-N: Drets dels infants\",\"Comunicats i posicionaments\",\"Sense categoria\"],\"inLanguage\":\"es\"},{\"@type\":\"WebPage\",\"@id\":\"https:\\\/\\\/www.esplac.cat\\\/infants-i-joves-tenimdrets-i-tenimveu\\\/\",\"url\":\"https:\\\/\\\/www.esplac.cat\\\/infants-i-joves-tenimdrets-i-tenimveu\\\/\",\"name\":\"Infants i joves #tenimdrets i #tenimveu - Esplac\",\"isPartOf\":{\"@id\":\"https:\\\/\\\/www.esplac.cat\\\/#website\"},\"primaryImageOfPage\":{\"@id\":\"https:\\\/\\\/www.esplac.cat\\\/infants-i-joves-tenimdrets-i-tenimveu\\\/#primaryimage\"},\"image\":{\"@id\":\"https:\\\/\\\/www.esplac.cat\\\/infants-i-joves-tenimdrets-i-tenimveu\\\/#primaryimage\"},\"thumbnailUrl\":\"https:\\\/\\\/www.esplac.cat\\\/wp-content\\\/uploads\\\/2015\\\/11\\\/banner-esplac.jpg\",\"datePublished\":\"2015-11-18T09:24:12+00:00\",\"breadcrumb\":{\"@id\":\"https:\\\/\\\/www.esplac.cat\\\/infants-i-joves-tenimdrets-i-tenimveu\\\/#breadcrumb\"},\"inLanguage\":\"es\",\"potentialAction\":[{\"@type\":\"ReadAction\",\"target\":[\"https:\\\/\\\/www.esplac.cat\\\/infants-i-joves-tenimdrets-i-tenimveu\\\/\"]}]},{\"@type\":\"ImageObject\",\"inLanguage\":\"es\",\"@id\":\"https:\\\/\\\/www.esplac.cat\\\/infants-i-joves-tenimdrets-i-tenimveu\\\/#primaryimage\",\"url\":\"https:\\\/\\\/www.esplac.cat\\\/wp-content\\\/uploads\\\/2015\\\/11\\\/banner-esplac.jpg\",\"contentUrl\":\"https:\\\/\\\/www.esplac.cat\\\/wp-content\\\/uploads\\\/2015\\\/11\\\/banner-esplac.jpg\",\"width\":847,\"height\":350},{\"@type\":\"BreadcrumbList\",\"@id\":\"https:\\\/\\\/www.esplac.cat\\\/infants-i-joves-tenimdrets-i-tenimveu\\\/#breadcrumb\",\"itemListElement\":[{\"@type\":\"ListItem\",\"position\":1,\"name\":\"Inici\",\"item\":\"https:\\\/\\\/www.esplac.cat\\\/es\\\/\"},{\"@type\":\"ListItem\",\"position\":2,\"name\":\"Infants i joves #tenimdrets i #tenimveu\"}]},{\"@type\":\"WebSite\",\"@id\":\"https:\\\/\\\/www.esplac.cat\\\/#website\",\"url\":\"https:\\\/\\\/www.esplac.cat\\\/\",\"name\":\"Esplac\",\"description\":\"Esplais Catalans\",\"publisher\":{\"@id\":\"https:\\\/\\\/www.esplac.cat\\\/#organization\"},\"potentialAction\":[{\"@type\":\"SearchAction\",\"target\":{\"@type\":\"EntryPoint\",\"urlTemplate\":\"https:\\\/\\\/www.esplac.cat\\\/?s={search_term_string}\"},\"query-input\":{\"@type\":\"PropertyValueSpecification\",\"valueRequired\":true,\"valueName\":\"search_term_string\"}}],\"inLanguage\":\"es\"},{\"@type\":\"Organization\",\"@id\":\"https:\\\/\\\/www.esplac.cat\\\/#organization\",\"name\":\"Esplac\",\"url\":\"https:\\\/\\\/www.esplac.cat\\\/\",\"logo\":{\"@type\":\"ImageObject\",\"inLanguage\":\"es\",\"@id\":\"https:\\\/\\\/www.esplac.cat\\\/#\\\/schema\\\/logo\\\/image\\\/\",\"url\":\"https:\\\/\\\/www.esplac.cat\\\/wp-content\\\/uploads\\\/2019\\\/08\\\/logox2.png\",\"contentUrl\":\"https:\\\/\\\/www.esplac.cat\\\/wp-content\\\/uploads\\\/2019\\\/08\\\/logox2.png\",\"width\":600,\"height\":295,\"caption\":\"Esplac\"},\"image\":{\"@id\":\"https:\\\/\\\/www.esplac.cat\\\/#\\\/schema\\\/logo\\\/image\\\/\"}},{\"@type\":\"Person\",\"@id\":\"https:\\\/\\\/www.esplac.cat\\\/#\\\/schema\\\/person\\\/908383cf240be18b68f8855d0583faca\",\"name\":\"Comunicaci\u00f3 Esplac\",\"image\":{\"@type\":\"ImageObject\",\"inLanguage\":\"es\",\"@id\":\"https:\\\/\\\/secure.gravatar.com\\\/avatar\\\/7a4cf8feb412a76ea4a740ca02d95b06b2907b5a6c648c2dd0a1082a093c3141?s=96&d=mm&r=g\",\"url\":\"https:\\\/\\\/secure.gravatar.com\\\/avatar\\\/7a4cf8feb412a76ea4a740ca02d95b06b2907b5a6c648c2dd0a1082a093c3141?s=96&d=mm&r=g\",\"contentUrl\":\"https:\\\/\\\/secure.gravatar.com\\\/avatar\\\/7a4cf8feb412a76ea4a740ca02d95b06b2907b5a6c648c2dd0a1082a093c3141?s=96&d=mm&r=g\",\"caption\":\"Comunicaci\u00f3 Esplac\"}}]}<\/script>\n<!-- \/ Yoast SEO plugin. -->","yoast_head_json":{"title":"Infants i joves #tenimdrets i #tenimveu - Esplac","robots":{"index":"index","follow":"follow","max-snippet":"max-snippet:-1","max-image-preview":"max-image-preview:large","max-video-preview":"max-video-preview:-1"},"canonical":"https:\/\/www.esplac.cat\/infants-i-joves-tenimdrets-i-tenimveu\/","og_locale":"es_ES","og_type":"article","og_title":"Infants i joves #tenimdrets i #tenimveu - Esplac","og_description":"POSICIONAMENT D&#8217;ESPLAIS CATALANS PER LA DIADA DELS DRETS DELS INFANTS [&hellip;]","og_url":"https:\/\/www.esplac.cat\/infants-i-joves-tenimdrets-i-tenimveu\/","og_site_name":"Esplac","article_published_time":"2015-11-18T09:24:12+00:00","og_image":[{"width":847,"height":350,"url":"https:\/\/www.esplac.cat\/wp-content\/uploads\/2015\/11\/banner-esplac.jpg","type":"image\/jpeg"}],"author":"Comunicaci\u00f3 Esplac","twitter_card":"summary_large_image","twitter_misc":{"Escrito por":"Comunicaci\u00f3 Esplac","Tiempo de lectura":"3 minutos"},"schema":{"@context":"https:\/\/schema.org","@graph":[{"@type":"Article","@id":"https:\/\/www.esplac.cat\/infants-i-joves-tenimdrets-i-tenimveu\/#article","isPartOf":{"@id":"https:\/\/www.esplac.cat\/infants-i-joves-tenimdrets-i-tenimveu\/"},"author":{"name":"Comunicaci\u00f3 Esplac","@id":"https:\/\/www.esplac.cat\/#\/schema\/person\/908383cf240be18b68f8855d0583faca"},"headline":"Infants i joves #tenimdrets i #tenimveu","datePublished":"2015-11-18T09:24:12+00:00","mainEntityOfPage":{"@id":"https:\/\/www.esplac.cat\/infants-i-joves-tenimdrets-i-tenimveu\/"},"wordCount":673,"publisher":{"@id":"https:\/\/www.esplac.cat\/#organization"},"image":{"@id":"https:\/\/www.esplac.cat\/infants-i-joves-tenimdrets-i-tenimveu\/#primaryimage"},"thumbnailUrl":"https:\/\/www.esplac.cat\/wp-content\/uploads\/2015\/11\/banner-esplac.jpg","keywords":["#tenimdrets","#tenimveu","20N","drets dels infants","participaci\u00f3 infantil","posicionament"],"articleSection":["20-N: Drets dels infants","Comunicats i posicionaments","Sense categoria"],"inLanguage":"es"},{"@type":"WebPage","@id":"https:\/\/www.esplac.cat\/infants-i-joves-tenimdrets-i-tenimveu\/","url":"https:\/\/www.esplac.cat\/infants-i-joves-tenimdrets-i-tenimveu\/","name":"Infants i joves #tenimdrets i #tenimveu - Esplac","isPartOf":{"@id":"https:\/\/www.esplac.cat\/#website"},"primaryImageOfPage":{"@id":"https:\/\/www.esplac.cat\/infants-i-joves-tenimdrets-i-tenimveu\/#primaryimage"},"image":{"@id":"https:\/\/www.esplac.cat\/infants-i-joves-tenimdrets-i-tenimveu\/#primaryimage"},"thumbnailUrl":"https:\/\/www.esplac.cat\/wp-content\/uploads\/2015\/11\/banner-esplac.jpg","datePublished":"2015-11-18T09:24:12+00:00","breadcrumb":{"@id":"https:\/\/www.esplac.cat\/infants-i-joves-tenimdrets-i-tenimveu\/#breadcrumb"},"inLanguage":"es","potentialAction":[{"@type":"ReadAction","target":["https:\/\/www.esplac.cat\/infants-i-joves-tenimdrets-i-tenimveu\/"]}]},{"@type":"ImageObject","inLanguage":"es","@id":"https:\/\/www.esplac.cat\/infants-i-joves-tenimdrets-i-tenimveu\/#primaryimage","url":"https:\/\/www.esplac.cat\/wp-content\/uploads\/2015\/11\/banner-esplac.jpg","contentUrl":"https:\/\/www.esplac.cat\/wp-content\/uploads\/2015\/11\/banner-esplac.jpg","width":847,"height":350},{"@type":"BreadcrumbList","@id":"https:\/\/www.esplac.cat\/infants-i-joves-tenimdrets-i-tenimveu\/#breadcrumb","itemListElement":[{"@type":"ListItem","position":1,"name":"Inici","item":"https:\/\/www.esplac.cat\/es\/"},{"@type":"ListItem","position":2,"name":"Infants i joves #tenimdrets i #tenimveu"}]},{"@type":"WebSite","@id":"https:\/\/www.esplac.cat\/#website","url":"https:\/\/www.esplac.cat\/","name":"Esplac","description":"Esplais Catalans","publisher":{"@id":"https:\/\/www.esplac.cat\/#organization"},"potentialAction":[{"@type":"SearchAction","target":{"@type":"EntryPoint","urlTemplate":"https:\/\/www.esplac.cat\/?s={search_term_string}"},"query-input":{"@type":"PropertyValueSpecification","valueRequired":true,"valueName":"search_term_string"}}],"inLanguage":"es"},{"@type":"Organization","@id":"https:\/\/www.esplac.cat\/#organization","name":"Esplac","url":"https:\/\/www.esplac.cat\/","logo":{"@type":"ImageObject","inLanguage":"es","@id":"https:\/\/www.esplac.cat\/#\/schema\/logo\/image\/","url":"https:\/\/www.esplac.cat\/wp-content\/uploads\/2019\/08\/logox2.png","contentUrl":"https:\/\/www.esplac.cat\/wp-content\/uploads\/2019\/08\/logox2.png","width":600,"height":295,"caption":"Esplac"},"image":{"@id":"https:\/\/www.esplac.cat\/#\/schema\/logo\/image\/"}},{"@type":"Person","@id":"https:\/\/www.esplac.cat\/#\/schema\/person\/908383cf240be18b68f8855d0583faca","name":"Comunicaci\u00f3 Esplac","image":{"@type":"ImageObject","inLanguage":"es","@id":"https:\/\/secure.gravatar.com\/avatar\/7a4cf8feb412a76ea4a740ca02d95b06b2907b5a6c648c2dd0a1082a093c3141?s=96&d=mm&r=g","url":"https:\/\/secure.gravatar.com\/avatar\/7a4cf8feb412a76ea4a740ca02d95b06b2907b5a6c648c2dd0a1082a093c3141?s=96&d=mm&r=g","contentUrl":"https:\/\/secure.gravatar.com\/avatar\/7a4cf8feb412a76ea4a740ca02d95b06b2907b5a6c648c2dd0a1082a093c3141?s=96&d=mm&r=g","caption":"Comunicaci\u00f3 Esplac"}}]}},"_links":{"self":[{"href":"https:\/\/www.esplac.cat\/es\/wp-json\/wp\/v2\/posts\/25465","targetHints":{"allow":["GET"]}}],"collection":[{"href":"https:\/\/www.esplac.cat\/es\/wp-json\/wp\/v2\/posts"}],"about":[{"href":"https:\/\/www.esplac.cat\/es\/wp-json\/wp\/v2\/types\/post"}],"author":[{"embeddable":true,"href":"https:\/\/www.esplac.cat\/es\/wp-json\/wp\/v2\/users\/3"}],"replies":[{"embeddable":true,"href":"https:\/\/www.esplac.cat\/es\/wp-json\/wp\/v2\/comments?post=25465"}],"version-history":[{"count":0,"href":"https:\/\/www.esplac.cat\/es\/wp-json\/wp\/v2\/posts\/25465\/revisions"}],"wp:featuredmedia":[{"embeddable":true,"href":"https:\/\/www.esplac.cat\/es\/wp-json\/wp\/v2\/media\/25466"}],"wp:attachment":[{"href":"https:\/\/www.esplac.cat\/es\/wp-json\/wp\/v2\/media?parent=25465"}],"wp:term":[{"taxonomy":"category","embeddable":true,"href":"https:\/\/www.esplac.cat\/es\/wp-json\/wp\/v2\/categories?post=25465"},{"taxonomy":"post_tag","embeddable":true,"href":"https:\/\/www.esplac.cat\/es\/wp-json\/wp\/v2\/tags?post=25465"}],"curies":[{"name":"wp","href":"https:\/\/api.w.org\/{rel}","templated":true}]}}