{"id":25486,"date":"2015-11-09T11:46:50","date_gmt":"2015-11-09T09:46:50","guid":{"rendered":"http:\/\/esplac.cat\/?p=8988"},"modified":"2015-11-09T11:46:50","modified_gmt":"2015-11-09T09:46:50","slug":"ja-esta-aqui-la-trobada-de-monis-del-sector-barcelona","status":"publish","type":"post","link":"https:\/\/www.esplac.cat\/es\/ja-esta-aqui-la-trobada-de-monis-del-sector-barcelona\/","title":{"rendered":"Ja est\u00e0 aqu\u00ed la Trobada de Monis del Sector Barcelona!"},"content":{"rendered":"<h4 style=\"text-align: justify;\">Aquest any fem un nou format\u00a0de Trobada al poble de Caldes d&#8217;Estrac el cap de setmana del 14 i 15 de novembre de 2015.<\/h4>\n<p style=\"text-align: justify;\">Com a principal repte aquest any, destaquem que hem assolit el r\u00e8cord de participants inscrits, arribant a les 260 monitores de 18 esplais del sector!<\/p>\n<p style=\"text-align: justify;\">La Trobada del curs 2015\/16 engega amb un format diferent de les edicions passades, apostant per l&#8217;\u00fas d&#8217;espais p\u00fablics i el treball en xarxa amb altres agent socioeducatius del nostre territori. Arribem a plantejar aquest nou model despr\u00e9s d&#8217;un proc\u00e9s de debat continuat al sector, d&#8217;un treball continuat de la comissi\u00f3 organitzadora i del suport i acollida del municipi de Caldes d&#8217;Estrac.<br \/>\nEstem aqu\u00ed perqu\u00e8 volem generar un espai de formaci\u00f3 i intercanvi d&#8217;experi\u00e8ncies entre els esplais del Sector Barcelona i promoure el debat pedag\u00f2gic i pol\u00edtic dels esplais i del Sector.<br \/>\nLa celebraci\u00f3 d&#8217;aquesta trobada amb un nou format, a m\u00e9s, t\u00e9 la finalitat de visibilitzar de la tasca educativa de les monitores dels esplais, que realitzem una tasca socioeducativa de manera volunt\u00e0ria. Aix\u00ed, donarem a con\u00e8ixer el sector de Barcelona i Esplais Catalans a nivell del territori catal\u00e0 i mostrarem el nostre model d&#8217;associacionisme juvenil, animant a d&#8217;altres joves a associar-se i implicar-se en l&#8217;educaci\u00f3 en el lleure.<br \/>\nAhir, dijous 5 de novembre vam enviar la convocat\u00f2ria de la Trobada a totes les monitores que s&#8217;han inscrit a l&#8217;activitat! En el correu electr\u00f2nic es podr\u00e0 saber la formaci\u00f3 assignada, detalls del funcionament de la trobada i alguna altra informaci\u00f3! Si teniu dubtes o voleu algun aclariment, podeu escriure a barcelona@esplac.cat!<br \/>\nAh! I a partir d&#8217;ara fins la trobada, us animem a fer servir el hastag #TBCN15 per fer tots els tuits que ens vinguin de gust! Esperem ser Tr\u00e8nding T\u00f2pic Mundial durant el cap de setmana!!!<\/p>\n","protected":false},"excerpt":{"rendered":"<p>Aquest any fem un nou format\u00a0de Trobada al poble de [&hellip;]<\/p>\n","protected":false},"author":3,"featured_media":25487,"comment_status":"closed","ping_status":"open","sticky":false,"template":"","format":"standard","meta":{"om_disable_all_campaigns":false,"_monsterinsights_skip_tracking":false,"_monsterinsights_sitenote_active":false,"_monsterinsights_sitenote_note":"","_monsterinsights_sitenote_category":0,"_uf_show_specific_survey":0,"_uf_disable_surveys":false,"footnotes":""},"categories":[1110,1128],"tags":[119,390],"class_list":["post-25486","post","type-post","status-publish","format-standard","has-post-thumbnail","hentry","category-activitats-sectors","category-sector-barcelona","tag-sector-barcelona","tag-trobada-de-monis"],"yoast_head":"<!-- This site is optimized with the Yoast SEO plugin v27.5 - https:\/\/yoast.com\/product\/yoast-seo-wordpress\/ -->\n<title>Ja est\u00e0 aqu\u00ed la Trobada de Monis del Sector Barcelona! - Esplac<\/title>\n<meta name=\"robots\" content=\"index, follow, max-snippet:-1, max-image-preview:large, max-video-preview:-1\" \/>\n<link rel=\"canonical\" href=\"https:\/\/www.esplac.cat\/ja-esta-aqui-la-trobada-de-monis-del-sector-barcelona\/\" \/>\n<meta property=\"og:locale\" content=\"es_ES\" \/>\n<meta property=\"og:type\" content=\"article\" \/>\n<meta property=\"og:title\" content=\"Ja est\u00e0 aqu\u00ed la Trobada de Monis del Sector Barcelona! - Esplac\" \/>\n<meta property=\"og:description\" content=\"Aquest any fem un nou format\u00a0de Trobada al poble de [&hellip;]\" \/>\n<meta property=\"og:url\" content=\"https:\/\/www.esplac.cat\/ja-esta-aqui-la-trobada-de-monis-del-sector-barcelona\/\" \/>\n<meta property=\"og:site_name\" content=\"Esplac\" \/>\n<meta property=\"article:published_time\" content=\"2015-11-09T09:46:50+00:00\" \/>\n<meta property=\"og:image\" content=\"https:\/\/www.esplac.cat\/wp-content\/uploads\/2015\/11\/TrobadaMonisBCN2.jpg\" \/>\n\t<meta property=\"og:image:width\" content=\"847\" \/>\n\t<meta property=\"og:image:height\" content=\"350\" \/>\n\t<meta property=\"og:image:type\" content=\"image\/jpeg\" \/>\n<meta name=\"author\" content=\"Comunicaci\u00f3 Esplac\" \/>\n<meta name=\"twitter:card\" content=\"summary_large_image\" \/>\n<meta name=\"twitter:label1\" content=\"Escrito por\" \/>\n\t<meta name=\"twitter:data1\" content=\"Comunicaci\u00f3 Esplac\" \/>\n\t<meta name=\"twitter:label2\" content=\"Tiempo de lectura\" \/>\n\t<meta name=\"twitter:data2\" content=\"2 minutos\" \/>\n<script type=\"application\/ld+json\" class=\"yoast-schema-graph\">{\"@context\":\"https:\\\/\\\/schema.org\",\"@graph\":[{\"@type\":\"Article\",\"@id\":\"https:\\\/\\\/www.esplac.cat\\\/ja-esta-aqui-la-trobada-de-monis-del-sector-barcelona\\\/#article\",\"isPartOf\":{\"@id\":\"https:\\\/\\\/www.esplac.cat\\\/ja-esta-aqui-la-trobada-de-monis-del-sector-barcelona\\\/\"},\"author\":{\"name\":\"Comunicaci\u00f3 Esplac\",\"@id\":\"https:\\\/\\\/www.esplac.cat\\\/#\\\/schema\\\/person\\\/908383cf240be18b68f8855d0583faca\"},\"headline\":\"Ja est\u00e0 aqu\u00ed la Trobada de Monis del Sector Barcelona!\",\"datePublished\":\"2015-11-09T09:46:50+00:00\",\"mainEntityOfPage\":{\"@id\":\"https:\\\/\\\/www.esplac.cat\\\/ja-esta-aqui-la-trobada-de-monis-del-sector-barcelona\\\/\"},\"wordCount\":331,\"publisher\":{\"@id\":\"https:\\\/\\\/www.esplac.cat\\\/#organization\"},\"image\":{\"@id\":\"https:\\\/\\\/www.esplac.cat\\\/ja-esta-aqui-la-trobada-de-monis-del-sector-barcelona\\\/#primaryimage\"},\"thumbnailUrl\":\"https:\\\/\\\/www.esplac.cat\\\/wp-content\\\/uploads\\\/2015\\\/11\\\/TrobadaMonisBCN2.jpg\",\"keywords\":[\"sector Barcelona\",\"trobada de monis\"],\"articleSection\":[\"Activitats sectors\",\"Sector Barcelona\"],\"inLanguage\":\"es\"},{\"@type\":\"WebPage\",\"@id\":\"https:\\\/\\\/www.esplac.cat\\\/ja-esta-aqui-la-trobada-de-monis-del-sector-barcelona\\\/\",\"url\":\"https:\\\/\\\/www.esplac.cat\\\/ja-esta-aqui-la-trobada-de-monis-del-sector-barcelona\\\/\",\"name\":\"Ja est\u00e0 aqu\u00ed la Trobada de Monis del Sector Barcelona! - Esplac\",\"isPartOf\":{\"@id\":\"https:\\\/\\\/www.esplac.cat\\\/#website\"},\"primaryImageOfPage\":{\"@id\":\"https:\\\/\\\/www.esplac.cat\\\/ja-esta-aqui-la-trobada-de-monis-del-sector-barcelona\\\/#primaryimage\"},\"image\":{\"@id\":\"https:\\\/\\\/www.esplac.cat\\\/ja-esta-aqui-la-trobada-de-monis-del-sector-barcelona\\\/#primaryimage\"},\"thumbnailUrl\":\"https:\\\/\\\/www.esplac.cat\\\/wp-content\\\/uploads\\\/2015\\\/11\\\/TrobadaMonisBCN2.jpg\",\"datePublished\":\"2015-11-09T09:46:50+00:00\",\"breadcrumb\":{\"@id\":\"https:\\\/\\\/www.esplac.cat\\\/ja-esta-aqui-la-trobada-de-monis-del-sector-barcelona\\\/#breadcrumb\"},\"inLanguage\":\"es\",\"potentialAction\":[{\"@type\":\"ReadAction\",\"target\":[\"https:\\\/\\\/www.esplac.cat\\\/ja-esta-aqui-la-trobada-de-monis-del-sector-barcelona\\\/\"]}]},{\"@type\":\"ImageObject\",\"inLanguage\":\"es\",\"@id\":\"https:\\\/\\\/www.esplac.cat\\\/ja-esta-aqui-la-trobada-de-monis-del-sector-barcelona\\\/#primaryimage\",\"url\":\"https:\\\/\\\/www.esplac.cat\\\/wp-content\\\/uploads\\\/2015\\\/11\\\/TrobadaMonisBCN2.jpg\",\"contentUrl\":\"https:\\\/\\\/www.esplac.cat\\\/wp-content\\\/uploads\\\/2015\\\/11\\\/TrobadaMonisBCN2.jpg\",\"width\":847,\"height\":350},{\"@type\":\"BreadcrumbList\",\"@id\":\"https:\\\/\\\/www.esplac.cat\\\/ja-esta-aqui-la-trobada-de-monis-del-sector-barcelona\\\/#breadcrumb\",\"itemListElement\":[{\"@type\":\"ListItem\",\"position\":1,\"name\":\"Inici\",\"item\":\"https:\\\/\\\/www.esplac.cat\\\/es\\\/\"},{\"@type\":\"ListItem\",\"position\":2,\"name\":\"Ja est\u00e0 aqu\u00ed la Trobada de Monis del Sector Barcelona!\"}]},{\"@type\":\"WebSite\",\"@id\":\"https:\\\/\\\/www.esplac.cat\\\/#website\",\"url\":\"https:\\\/\\\/www.esplac.cat\\\/\",\"name\":\"Esplac\",\"description\":\"Esplais Catalans\",\"publisher\":{\"@id\":\"https:\\\/\\\/www.esplac.cat\\\/#organization\"},\"potentialAction\":[{\"@type\":\"SearchAction\",\"target\":{\"@type\":\"EntryPoint\",\"urlTemplate\":\"https:\\\/\\\/www.esplac.cat\\\/?s={search_term_string}\"},\"query-input\":{\"@type\":\"PropertyValueSpecification\",\"valueRequired\":true,\"valueName\":\"search_term_string\"}}],\"inLanguage\":\"es\"},{\"@type\":\"Organization\",\"@id\":\"https:\\\/\\\/www.esplac.cat\\\/#organization\",\"name\":\"Esplac\",\"url\":\"https:\\\/\\\/www.esplac.cat\\\/\",\"logo\":{\"@type\":\"ImageObject\",\"inLanguage\":\"es\",\"@id\":\"https:\\\/\\\/www.esplac.cat\\\/#\\\/schema\\\/logo\\\/image\\\/\",\"url\":\"https:\\\/\\\/www.esplac.cat\\\/wp-content\\\/uploads\\\/2019\\\/08\\\/logox2.png\",\"contentUrl\":\"https:\\\/\\\/www.esplac.cat\\\/wp-content\\\/uploads\\\/2019\\\/08\\\/logox2.png\",\"width\":600,\"height\":295,\"caption\":\"Esplac\"},\"image\":{\"@id\":\"https:\\\/\\\/www.esplac.cat\\\/#\\\/schema\\\/logo\\\/image\\\/\"}},{\"@type\":\"Person\",\"@id\":\"https:\\\/\\\/www.esplac.cat\\\/#\\\/schema\\\/person\\\/908383cf240be18b68f8855d0583faca\",\"name\":\"Comunicaci\u00f3 Esplac\",\"image\":{\"@type\":\"ImageObject\",\"inLanguage\":\"es\",\"@id\":\"https:\\\/\\\/secure.gravatar.com\\\/avatar\\\/7a4cf8feb412a76ea4a740ca02d95b06b2907b5a6c648c2dd0a1082a093c3141?s=96&d=mm&r=g\",\"url\":\"https:\\\/\\\/secure.gravatar.com\\\/avatar\\\/7a4cf8feb412a76ea4a740ca02d95b06b2907b5a6c648c2dd0a1082a093c3141?s=96&d=mm&r=g\",\"contentUrl\":\"https:\\\/\\\/secure.gravatar.com\\\/avatar\\\/7a4cf8feb412a76ea4a740ca02d95b06b2907b5a6c648c2dd0a1082a093c3141?s=96&d=mm&r=g\",\"caption\":\"Comunicaci\u00f3 Esplac\"}}]}<\/script>\n<!-- \/ Yoast SEO plugin. -->","yoast_head_json":{"title":"Ja est\u00e0 aqu\u00ed la Trobada de Monis del Sector Barcelona! - Esplac","robots":{"index":"index","follow":"follow","max-snippet":"max-snippet:-1","max-image-preview":"max-image-preview:large","max-video-preview":"max-video-preview:-1"},"canonical":"https:\/\/www.esplac.cat\/ja-esta-aqui-la-trobada-de-monis-del-sector-barcelona\/","og_locale":"es_ES","og_type":"article","og_title":"Ja est\u00e0 aqu\u00ed la Trobada de Monis del Sector Barcelona! - Esplac","og_description":"Aquest any fem un nou format\u00a0de Trobada al poble de [&hellip;]","og_url":"https:\/\/www.esplac.cat\/ja-esta-aqui-la-trobada-de-monis-del-sector-barcelona\/","og_site_name":"Esplac","article_published_time":"2015-11-09T09:46:50+00:00","og_image":[{"width":847,"height":350,"url":"https:\/\/www.esplac.cat\/wp-content\/uploads\/2015\/11\/TrobadaMonisBCN2.jpg","type":"image\/jpeg"}],"author":"Comunicaci\u00f3 Esplac","twitter_card":"summary_large_image","twitter_misc":{"Escrito por":"Comunicaci\u00f3 Esplac","Tiempo de lectura":"2 minutos"},"schema":{"@context":"https:\/\/schema.org","@graph":[{"@type":"Article","@id":"https:\/\/www.esplac.cat\/ja-esta-aqui-la-trobada-de-monis-del-sector-barcelona\/#article","isPartOf":{"@id":"https:\/\/www.esplac.cat\/ja-esta-aqui-la-trobada-de-monis-del-sector-barcelona\/"},"author":{"name":"Comunicaci\u00f3 Esplac","@id":"https:\/\/www.esplac.cat\/#\/schema\/person\/908383cf240be18b68f8855d0583faca"},"headline":"Ja est\u00e0 aqu\u00ed la Trobada de Monis del Sector Barcelona!","datePublished":"2015-11-09T09:46:50+00:00","mainEntityOfPage":{"@id":"https:\/\/www.esplac.cat\/ja-esta-aqui-la-trobada-de-monis-del-sector-barcelona\/"},"wordCount":331,"publisher":{"@id":"https:\/\/www.esplac.cat\/#organization"},"image":{"@id":"https:\/\/www.esplac.cat\/ja-esta-aqui-la-trobada-de-monis-del-sector-barcelona\/#primaryimage"},"thumbnailUrl":"https:\/\/www.esplac.cat\/wp-content\/uploads\/2015\/11\/TrobadaMonisBCN2.jpg","keywords":["sector Barcelona","trobada de monis"],"articleSection":["Activitats sectors","Sector Barcelona"],"inLanguage":"es"},{"@type":"WebPage","@id":"https:\/\/www.esplac.cat\/ja-esta-aqui-la-trobada-de-monis-del-sector-barcelona\/","url":"https:\/\/www.esplac.cat\/ja-esta-aqui-la-trobada-de-monis-del-sector-barcelona\/","name":"Ja est\u00e0 aqu\u00ed la Trobada de Monis del Sector Barcelona! - Esplac","isPartOf":{"@id":"https:\/\/www.esplac.cat\/#website"},"primaryImageOfPage":{"@id":"https:\/\/www.esplac.cat\/ja-esta-aqui-la-trobada-de-monis-del-sector-barcelona\/#primaryimage"},"image":{"@id":"https:\/\/www.esplac.cat\/ja-esta-aqui-la-trobada-de-monis-del-sector-barcelona\/#primaryimage"},"thumbnailUrl":"https:\/\/www.esplac.cat\/wp-content\/uploads\/2015\/11\/TrobadaMonisBCN2.jpg","datePublished":"2015-11-09T09:46:50+00:00","breadcrumb":{"@id":"https:\/\/www.esplac.cat\/ja-esta-aqui-la-trobada-de-monis-del-sector-barcelona\/#breadcrumb"},"inLanguage":"es","potentialAction":[{"@type":"ReadAction","target":["https:\/\/www.esplac.cat\/ja-esta-aqui-la-trobada-de-monis-del-sector-barcelona\/"]}]},{"@type":"ImageObject","inLanguage":"es","@id":"https:\/\/www.esplac.cat\/ja-esta-aqui-la-trobada-de-monis-del-sector-barcelona\/#primaryimage","url":"https:\/\/www.esplac.cat\/wp-content\/uploads\/2015\/11\/TrobadaMonisBCN2.jpg","contentUrl":"https:\/\/www.esplac.cat\/wp-content\/uploads\/2015\/11\/TrobadaMonisBCN2.jpg","width":847,"height":350},{"@type":"BreadcrumbList","@id":"https:\/\/www.esplac.cat\/ja-esta-aqui-la-trobada-de-monis-del-sector-barcelona\/#breadcrumb","itemListElement":[{"@type":"ListItem","position":1,"name":"Inici","item":"https:\/\/www.esplac.cat\/es\/"},{"@type":"ListItem","position":2,"name":"Ja est\u00e0 aqu\u00ed la Trobada de Monis del Sector Barcelona!"}]},{"@type":"WebSite","@id":"https:\/\/www.esplac.cat\/#website","url":"https:\/\/www.esplac.cat\/","name":"Esplac","description":"Esplais Catalans","publisher":{"@id":"https:\/\/www.esplac.cat\/#organization"},"potentialAction":[{"@type":"SearchAction","target":{"@type":"EntryPoint","urlTemplate":"https:\/\/www.esplac.cat\/?s={search_term_string}"},"query-input":{"@type":"PropertyValueSpecification","valueRequired":true,"valueName":"search_term_string"}}],"inLanguage":"es"},{"@type":"Organization","@id":"https:\/\/www.esplac.cat\/#organization","name":"Esplac","url":"https:\/\/www.esplac.cat\/","logo":{"@type":"ImageObject","inLanguage":"es","@id":"https:\/\/www.esplac.cat\/#\/schema\/logo\/image\/","url":"https:\/\/www.esplac.cat\/wp-content\/uploads\/2019\/08\/logox2.png","contentUrl":"https:\/\/www.esplac.cat\/wp-content\/uploads\/2019\/08\/logox2.png","width":600,"height":295,"caption":"Esplac"},"image":{"@id":"https:\/\/www.esplac.cat\/#\/schema\/logo\/image\/"}},{"@type":"Person","@id":"https:\/\/www.esplac.cat\/#\/schema\/person\/908383cf240be18b68f8855d0583faca","name":"Comunicaci\u00f3 Esplac","image":{"@type":"ImageObject","inLanguage":"es","@id":"https:\/\/secure.gravatar.com\/avatar\/7a4cf8feb412a76ea4a740ca02d95b06b2907b5a6c648c2dd0a1082a093c3141?s=96&d=mm&r=g","url":"https:\/\/secure.gravatar.com\/avatar\/7a4cf8feb412a76ea4a740ca02d95b06b2907b5a6c648c2dd0a1082a093c3141?s=96&d=mm&r=g","contentUrl":"https:\/\/secure.gravatar.com\/avatar\/7a4cf8feb412a76ea4a740ca02d95b06b2907b5a6c648c2dd0a1082a093c3141?s=96&d=mm&r=g","caption":"Comunicaci\u00f3 Esplac"}}]}},"_links":{"self":[{"href":"https:\/\/www.esplac.cat\/es\/wp-json\/wp\/v2\/posts\/25486","targetHints":{"allow":["GET"]}}],"collection":[{"href":"https:\/\/www.esplac.cat\/es\/wp-json\/wp\/v2\/posts"}],"about":[{"href":"https:\/\/www.esplac.cat\/es\/wp-json\/wp\/v2\/types\/post"}],"author":[{"embeddable":true,"href":"https:\/\/www.esplac.cat\/es\/wp-json\/wp\/v2\/users\/3"}],"replies":[{"embeddable":true,"href":"https:\/\/www.esplac.cat\/es\/wp-json\/wp\/v2\/comments?post=25486"}],"version-history":[{"count":0,"href":"https:\/\/www.esplac.cat\/es\/wp-json\/wp\/v2\/posts\/25486\/revisions"}],"wp:featuredmedia":[{"embeddable":true,"href":"https:\/\/www.esplac.cat\/es\/wp-json\/wp\/v2\/media\/25487"}],"wp:attachment":[{"href":"https:\/\/www.esplac.cat\/es\/wp-json\/wp\/v2\/media?parent=25486"}],"wp:term":[{"taxonomy":"category","embeddable":true,"href":"https:\/\/www.esplac.cat\/es\/wp-json\/wp\/v2\/categories?post=25486"},{"taxonomy":"post_tag","embeddable":true,"href":"https:\/\/www.esplac.cat\/es\/wp-json\/wp\/v2\/tags?post=25486"}],"curies":[{"name":"wp","href":"https:\/\/api.w.org\/{rel}","templated":true}]}}