{"id":25490,"date":"2015-11-06T09:37:39","date_gmt":"2015-11-06T07:37:39","guid":{"rendered":"http:\/\/esplac.cat\/?p=8978"},"modified":"2015-11-06T09:37:39","modified_gmt":"2015-11-06T07:37:39","slug":"sector-barcelona-cim","status":"publish","type":"post","link":"https:\/\/www.esplac.cat\/es\/sector-barcelona-cim\/","title":{"rendered":"El Sector Barcelona encara formaci\u00f3 i relleu al CIM"},"content":{"rendered":"<h4 style=\"text-align: justify;\">El passat cap de setmana 26 i 27 de setembre els esplais del Sector Barcelona vam realitzar a Arenys de Mar el nostre CIM (Curs d\u2019Iniciaci\u00f3 al Monitoratge).<\/h4>\n<p style=\"text-align: justify;\">Al llarg de dissabte i diumenge al voltant d\u2019uns 70 joves van poder comen\u00e7ar a saber m\u00e9s sobre diferents temes relacionats amb la seva tasca com a futures monitores:<\/p>\n<p style=\"text-align: justify;\">Qu\u00e8 \u00e9s l\u2019esplai?<br \/>\nPedagogia<br \/>\nOrganitzaci\u00f3<br \/>\nJocs<\/p>\n<p style=\"text-align: justify;\">Durant el cap de setmana formadores -que s\u00f3n monitores dels propis espais del sector- donen aquestes c\u00e0psules formatives, de 4 hores cada una, als joves que\u00a0tenen la intenci\u00f3 d\u2019entrar els equips de monitores en un futur pr\u00f2xim. A m\u00e9s, el cap de setmana es converteix en un espai de conviv\u00e8ncia entre formadores i formades, ja que permet compartir els espais de temps lliure d\u2019igual a igual.<\/p>\n<p style=\"text-align: justify;\"><strong>L\u2019autoformaci\u00f3<\/strong><br \/>\nEl CIM \u00e9s un projecte que es porta a terme a diferents sectors i, per tant, no us descobrirem gaires coses amb la cr\u00f2nica de la jornada, per\u00f2 si que ens agradaria traslladar una petita reflexi\u00f3 sobre un dels pilars fonamentals sobre els que es guia aquest projecte.<br \/>\nEns referim al tret caracter\u00edstic de que, en aquest curs, les persones formadores s\u00f3n monitores i\/o ex-monitores dels propis esplais de sector. Aix\u00f2 que moltes vegades fa por o respecte, \u201cFER UNA FORMACI\u00d3\u201d, valorant un projecte com el CIM veiem que pot ser la nostra fortalesa m\u00e9s gran.<br \/>\nTotes les persones que hem fet de monitores als esplais del sector tenim les eines per poder preparar una sessi\u00f3 de formaci\u00f3 per fer relleu; amb la nostra experi\u00e8ncia, la informaci\u00f3 te\u00f2rica necess\u00e0ria i una mica de motivaci\u00f3, ens podem convertir en la millor opci\u00f3 per aquest espai.<\/p>\n<p style=\"text-align: justify;\"><a href=\"http:\/\/esplac.cat\/wp-content\/uploads\/2015\/11\/20151005_CIMBCN_1.png\"><img decoding=\"async\" class=\"wp-image-8983 aligncenter\" src=\"http:\/\/esplac.cat\/wp-content\/uploads\/2015\/11\/20151005_CIMBCN_1-1024x242.png\" alt=\"20151005_CIMBCN_1\" width=\"778\" height=\"184\" \/><\/a><\/p>\n<p style=\"text-align: justify;\"><strong>Sabeu per qu\u00e8?<\/strong><br \/>\nPerqu\u00e8 nosaltres hem estat en el lloc on es troben totes les persones que venen a formar-se al CIM, perqu\u00e8 hem tingut les mateixes pors i inquietuds abans de ser monitores, perqu\u00e8 coneixem la realitat de l\u2019esplai i perqu\u00e8 dels errors s\u2019apr\u00e8n i es guanya experi\u00e8ncia.<br \/>\nAix\u00ed doncs, cal empoderar a aquelles monitores que creuen que no poden fer de formadores, perqu\u00e8 \u00e9s en espais com el CIM on t\u00e9 sentit que siguin elles qui formi a les participants i perqu\u00e8 \u00e9s un honor poder comptar amb tantes experi\u00e8ncies diferents en un cap de setmana i val la pena per a tothom qui en forma part.<\/p>\n<p style=\"text-align: justify;\">(C\u00e8lia Nissare &#8211; Esplai Turons)<\/p>\n<p style=\"text-align: justify;\">\n","protected":false},"excerpt":{"rendered":"<p>El passat cap de setmana 26 i 27 de setembre [&hellip;]<\/p>\n","protected":false},"author":3,"featured_media":25491,"comment_status":"closed","ping_status":"open","sticky":false,"template":"","format":"standard","meta":{"om_disable_all_campaigns":false,"_monsterinsights_skip_tracking":false,"_monsterinsights_sitenote_active":false,"_monsterinsights_sitenote_note":"","_monsterinsights_sitenote_category":0,"_uf_show_specific_survey":0,"_uf_disable_surveys":false,"footnotes":""},"categories":[1110,1128],"tags":[435,54,119,23],"class_list":["post-25490","post","type-post","status-publish","format-standard","has-post-thumbnail","hentry","category-activitats-sectors","category-sector-barcelona","tag-cim","tag-formacio","tag-sector-barcelona","tag-sectors-geografics"],"yoast_head":"<!-- This site is optimized with the Yoast SEO plugin v27.5 - https:\/\/yoast.com\/product\/yoast-seo-wordpress\/ -->\n<title>El Sector Barcelona encara formaci\u00f3 i relleu al CIM - Esplac<\/title>\n<meta name=\"robots\" content=\"index, follow, max-snippet:-1, max-image-preview:large, max-video-preview:-1\" \/>\n<link rel=\"canonical\" href=\"https:\/\/www.esplac.cat\/sector-barcelona-cim\/\" \/>\n<meta property=\"og:locale\" content=\"es_ES\" \/>\n<meta property=\"og:type\" content=\"article\" \/>\n<meta property=\"og:title\" content=\"El Sector Barcelona encara formaci\u00f3 i relleu al CIM - Esplac\" \/>\n<meta property=\"og:description\" content=\"El passat cap de setmana 26 i 27 de setembre [&hellip;]\" \/>\n<meta property=\"og:url\" content=\"https:\/\/www.esplac.cat\/sector-barcelona-cim\/\" \/>\n<meta property=\"og:site_name\" content=\"Esplac\" \/>\n<meta property=\"article:published_time\" content=\"2015-11-06T07:37:39+00:00\" \/>\n<meta property=\"og:image\" content=\"https:\/\/www.esplac.cat\/wp-content\/uploads\/2015\/11\/06112015_CIMBcn2.jpg\" \/>\n\t<meta property=\"og:image:width\" content=\"847\" \/>\n\t<meta property=\"og:image:height\" content=\"350\" \/>\n\t<meta property=\"og:image:type\" content=\"image\/jpeg\" \/>\n<meta name=\"author\" content=\"Comunicaci\u00f3 Esplac\" \/>\n<meta name=\"twitter:card\" content=\"summary_large_image\" \/>\n<meta name=\"twitter:label1\" content=\"Escrito por\" \/>\n\t<meta name=\"twitter:data1\" content=\"Comunicaci\u00f3 Esplac\" \/>\n\t<meta name=\"twitter:label2\" content=\"Tiempo de lectura\" \/>\n\t<meta name=\"twitter:data2\" content=\"2 minutos\" \/>\n<script type=\"application\/ld+json\" class=\"yoast-schema-graph\">{\"@context\":\"https:\\\/\\\/schema.org\",\"@graph\":[{\"@type\":\"Article\",\"@id\":\"https:\\\/\\\/www.esplac.cat\\\/sector-barcelona-cim\\\/#article\",\"isPartOf\":{\"@id\":\"https:\\\/\\\/www.esplac.cat\\\/sector-barcelona-cim\\\/\"},\"author\":{\"name\":\"Comunicaci\u00f3 Esplac\",\"@id\":\"https:\\\/\\\/www.esplac.cat\\\/#\\\/schema\\\/person\\\/908383cf240be18b68f8855d0583faca\"},\"headline\":\"El Sector Barcelona encara formaci\u00f3 i relleu al CIM\",\"datePublished\":\"2015-11-06T07:37:39+00:00\",\"mainEntityOfPage\":{\"@id\":\"https:\\\/\\\/www.esplac.cat\\\/sector-barcelona-cim\\\/\"},\"wordCount\":421,\"publisher\":{\"@id\":\"https:\\\/\\\/www.esplac.cat\\\/#organization\"},\"image\":{\"@id\":\"https:\\\/\\\/www.esplac.cat\\\/sector-barcelona-cim\\\/#primaryimage\"},\"thumbnailUrl\":\"https:\\\/\\\/www.esplac.cat\\\/wp-content\\\/uploads\\\/2015\\\/11\\\/06112015_CIMBcn2.jpg\",\"keywords\":[\"cim\",\"formaci\u00f3\",\"sector Barcelona\",\"sectors geogr\u00e0fics\"],\"articleSection\":[\"Activitats sectors\",\"Sector Barcelona\"],\"inLanguage\":\"es\"},{\"@type\":\"WebPage\",\"@id\":\"https:\\\/\\\/www.esplac.cat\\\/sector-barcelona-cim\\\/\",\"url\":\"https:\\\/\\\/www.esplac.cat\\\/sector-barcelona-cim\\\/\",\"name\":\"El Sector Barcelona encara formaci\u00f3 i relleu al CIM - Esplac\",\"isPartOf\":{\"@id\":\"https:\\\/\\\/www.esplac.cat\\\/#website\"},\"primaryImageOfPage\":{\"@id\":\"https:\\\/\\\/www.esplac.cat\\\/sector-barcelona-cim\\\/#primaryimage\"},\"image\":{\"@id\":\"https:\\\/\\\/www.esplac.cat\\\/sector-barcelona-cim\\\/#primaryimage\"},\"thumbnailUrl\":\"https:\\\/\\\/www.esplac.cat\\\/wp-content\\\/uploads\\\/2015\\\/11\\\/06112015_CIMBcn2.jpg\",\"datePublished\":\"2015-11-06T07:37:39+00:00\",\"breadcrumb\":{\"@id\":\"https:\\\/\\\/www.esplac.cat\\\/sector-barcelona-cim\\\/#breadcrumb\"},\"inLanguage\":\"es\",\"potentialAction\":[{\"@type\":\"ReadAction\",\"target\":[\"https:\\\/\\\/www.esplac.cat\\\/sector-barcelona-cim\\\/\"]}]},{\"@type\":\"ImageObject\",\"inLanguage\":\"es\",\"@id\":\"https:\\\/\\\/www.esplac.cat\\\/sector-barcelona-cim\\\/#primaryimage\",\"url\":\"https:\\\/\\\/www.esplac.cat\\\/wp-content\\\/uploads\\\/2015\\\/11\\\/06112015_CIMBcn2.jpg\",\"contentUrl\":\"https:\\\/\\\/www.esplac.cat\\\/wp-content\\\/uploads\\\/2015\\\/11\\\/06112015_CIMBcn2.jpg\",\"width\":847,\"height\":350},{\"@type\":\"BreadcrumbList\",\"@id\":\"https:\\\/\\\/www.esplac.cat\\\/sector-barcelona-cim\\\/#breadcrumb\",\"itemListElement\":[{\"@type\":\"ListItem\",\"position\":1,\"name\":\"Inici\",\"item\":\"https:\\\/\\\/www.esplac.cat\\\/es\\\/\"},{\"@type\":\"ListItem\",\"position\":2,\"name\":\"El Sector Barcelona encara formaci\u00f3 i relleu al CIM\"}]},{\"@type\":\"WebSite\",\"@id\":\"https:\\\/\\\/www.esplac.cat\\\/#website\",\"url\":\"https:\\\/\\\/www.esplac.cat\\\/\",\"name\":\"Esplac\",\"description\":\"Esplais Catalans\",\"publisher\":{\"@id\":\"https:\\\/\\\/www.esplac.cat\\\/#organization\"},\"potentialAction\":[{\"@type\":\"SearchAction\",\"target\":{\"@type\":\"EntryPoint\",\"urlTemplate\":\"https:\\\/\\\/www.esplac.cat\\\/?s={search_term_string}\"},\"query-input\":{\"@type\":\"PropertyValueSpecification\",\"valueRequired\":true,\"valueName\":\"search_term_string\"}}],\"inLanguage\":\"es\"},{\"@type\":\"Organization\",\"@id\":\"https:\\\/\\\/www.esplac.cat\\\/#organization\",\"name\":\"Esplac\",\"url\":\"https:\\\/\\\/www.esplac.cat\\\/\",\"logo\":{\"@type\":\"ImageObject\",\"inLanguage\":\"es\",\"@id\":\"https:\\\/\\\/www.esplac.cat\\\/#\\\/schema\\\/logo\\\/image\\\/\",\"url\":\"https:\\\/\\\/www.esplac.cat\\\/wp-content\\\/uploads\\\/2019\\\/08\\\/logox2.png\",\"contentUrl\":\"https:\\\/\\\/www.esplac.cat\\\/wp-content\\\/uploads\\\/2019\\\/08\\\/logox2.png\",\"width\":600,\"height\":295,\"caption\":\"Esplac\"},\"image\":{\"@id\":\"https:\\\/\\\/www.esplac.cat\\\/#\\\/schema\\\/logo\\\/image\\\/\"}},{\"@type\":\"Person\",\"@id\":\"https:\\\/\\\/www.esplac.cat\\\/#\\\/schema\\\/person\\\/908383cf240be18b68f8855d0583faca\",\"name\":\"Comunicaci\u00f3 Esplac\",\"image\":{\"@type\":\"ImageObject\",\"inLanguage\":\"es\",\"@id\":\"https:\\\/\\\/secure.gravatar.com\\\/avatar\\\/7a4cf8feb412a76ea4a740ca02d95b06b2907b5a6c648c2dd0a1082a093c3141?s=96&d=mm&r=g\",\"url\":\"https:\\\/\\\/secure.gravatar.com\\\/avatar\\\/7a4cf8feb412a76ea4a740ca02d95b06b2907b5a6c648c2dd0a1082a093c3141?s=96&d=mm&r=g\",\"contentUrl\":\"https:\\\/\\\/secure.gravatar.com\\\/avatar\\\/7a4cf8feb412a76ea4a740ca02d95b06b2907b5a6c648c2dd0a1082a093c3141?s=96&d=mm&r=g\",\"caption\":\"Comunicaci\u00f3 Esplac\"}}]}<\/script>\n<!-- \/ Yoast SEO plugin. -->","yoast_head_json":{"title":"El Sector Barcelona encara formaci\u00f3 i relleu al CIM - Esplac","robots":{"index":"index","follow":"follow","max-snippet":"max-snippet:-1","max-image-preview":"max-image-preview:large","max-video-preview":"max-video-preview:-1"},"canonical":"https:\/\/www.esplac.cat\/sector-barcelona-cim\/","og_locale":"es_ES","og_type":"article","og_title":"El Sector Barcelona encara formaci\u00f3 i relleu al CIM - Esplac","og_description":"El passat cap de setmana 26 i 27 de setembre [&hellip;]","og_url":"https:\/\/www.esplac.cat\/sector-barcelona-cim\/","og_site_name":"Esplac","article_published_time":"2015-11-06T07:37:39+00:00","og_image":[{"width":847,"height":350,"url":"https:\/\/www.esplac.cat\/wp-content\/uploads\/2015\/11\/06112015_CIMBcn2.jpg","type":"image\/jpeg"}],"author":"Comunicaci\u00f3 Esplac","twitter_card":"summary_large_image","twitter_misc":{"Escrito por":"Comunicaci\u00f3 Esplac","Tiempo de lectura":"2 minutos"},"schema":{"@context":"https:\/\/schema.org","@graph":[{"@type":"Article","@id":"https:\/\/www.esplac.cat\/sector-barcelona-cim\/#article","isPartOf":{"@id":"https:\/\/www.esplac.cat\/sector-barcelona-cim\/"},"author":{"name":"Comunicaci\u00f3 Esplac","@id":"https:\/\/www.esplac.cat\/#\/schema\/person\/908383cf240be18b68f8855d0583faca"},"headline":"El Sector Barcelona encara formaci\u00f3 i relleu al CIM","datePublished":"2015-11-06T07:37:39+00:00","mainEntityOfPage":{"@id":"https:\/\/www.esplac.cat\/sector-barcelona-cim\/"},"wordCount":421,"publisher":{"@id":"https:\/\/www.esplac.cat\/#organization"},"image":{"@id":"https:\/\/www.esplac.cat\/sector-barcelona-cim\/#primaryimage"},"thumbnailUrl":"https:\/\/www.esplac.cat\/wp-content\/uploads\/2015\/11\/06112015_CIMBcn2.jpg","keywords":["cim","formaci\u00f3","sector Barcelona","sectors geogr\u00e0fics"],"articleSection":["Activitats sectors","Sector Barcelona"],"inLanguage":"es"},{"@type":"WebPage","@id":"https:\/\/www.esplac.cat\/sector-barcelona-cim\/","url":"https:\/\/www.esplac.cat\/sector-barcelona-cim\/","name":"El Sector Barcelona encara formaci\u00f3 i relleu al CIM - Esplac","isPartOf":{"@id":"https:\/\/www.esplac.cat\/#website"},"primaryImageOfPage":{"@id":"https:\/\/www.esplac.cat\/sector-barcelona-cim\/#primaryimage"},"image":{"@id":"https:\/\/www.esplac.cat\/sector-barcelona-cim\/#primaryimage"},"thumbnailUrl":"https:\/\/www.esplac.cat\/wp-content\/uploads\/2015\/11\/06112015_CIMBcn2.jpg","datePublished":"2015-11-06T07:37:39+00:00","breadcrumb":{"@id":"https:\/\/www.esplac.cat\/sector-barcelona-cim\/#breadcrumb"},"inLanguage":"es","potentialAction":[{"@type":"ReadAction","target":["https:\/\/www.esplac.cat\/sector-barcelona-cim\/"]}]},{"@type":"ImageObject","inLanguage":"es","@id":"https:\/\/www.esplac.cat\/sector-barcelona-cim\/#primaryimage","url":"https:\/\/www.esplac.cat\/wp-content\/uploads\/2015\/11\/06112015_CIMBcn2.jpg","contentUrl":"https:\/\/www.esplac.cat\/wp-content\/uploads\/2015\/11\/06112015_CIMBcn2.jpg","width":847,"height":350},{"@type":"BreadcrumbList","@id":"https:\/\/www.esplac.cat\/sector-barcelona-cim\/#breadcrumb","itemListElement":[{"@type":"ListItem","position":1,"name":"Inici","item":"https:\/\/www.esplac.cat\/es\/"},{"@type":"ListItem","position":2,"name":"El Sector Barcelona encara formaci\u00f3 i relleu al CIM"}]},{"@type":"WebSite","@id":"https:\/\/www.esplac.cat\/#website","url":"https:\/\/www.esplac.cat\/","name":"Esplac","description":"Esplais Catalans","publisher":{"@id":"https:\/\/www.esplac.cat\/#organization"},"potentialAction":[{"@type":"SearchAction","target":{"@type":"EntryPoint","urlTemplate":"https:\/\/www.esplac.cat\/?s={search_term_string}"},"query-input":{"@type":"PropertyValueSpecification","valueRequired":true,"valueName":"search_term_string"}}],"inLanguage":"es"},{"@type":"Organization","@id":"https:\/\/www.esplac.cat\/#organization","name":"Esplac","url":"https:\/\/www.esplac.cat\/","logo":{"@type":"ImageObject","inLanguage":"es","@id":"https:\/\/www.esplac.cat\/#\/schema\/logo\/image\/","url":"https:\/\/www.esplac.cat\/wp-content\/uploads\/2019\/08\/logox2.png","contentUrl":"https:\/\/www.esplac.cat\/wp-content\/uploads\/2019\/08\/logox2.png","width":600,"height":295,"caption":"Esplac"},"image":{"@id":"https:\/\/www.esplac.cat\/#\/schema\/logo\/image\/"}},{"@type":"Person","@id":"https:\/\/www.esplac.cat\/#\/schema\/person\/908383cf240be18b68f8855d0583faca","name":"Comunicaci\u00f3 Esplac","image":{"@type":"ImageObject","inLanguage":"es","@id":"https:\/\/secure.gravatar.com\/avatar\/7a4cf8feb412a76ea4a740ca02d95b06b2907b5a6c648c2dd0a1082a093c3141?s=96&d=mm&r=g","url":"https:\/\/secure.gravatar.com\/avatar\/7a4cf8feb412a76ea4a740ca02d95b06b2907b5a6c648c2dd0a1082a093c3141?s=96&d=mm&r=g","contentUrl":"https:\/\/secure.gravatar.com\/avatar\/7a4cf8feb412a76ea4a740ca02d95b06b2907b5a6c648c2dd0a1082a093c3141?s=96&d=mm&r=g","caption":"Comunicaci\u00f3 Esplac"}}]}},"_links":{"self":[{"href":"https:\/\/www.esplac.cat\/es\/wp-json\/wp\/v2\/posts\/25490","targetHints":{"allow":["GET"]}}],"collection":[{"href":"https:\/\/www.esplac.cat\/es\/wp-json\/wp\/v2\/posts"}],"about":[{"href":"https:\/\/www.esplac.cat\/es\/wp-json\/wp\/v2\/types\/post"}],"author":[{"embeddable":true,"href":"https:\/\/www.esplac.cat\/es\/wp-json\/wp\/v2\/users\/3"}],"replies":[{"embeddable":true,"href":"https:\/\/www.esplac.cat\/es\/wp-json\/wp\/v2\/comments?post=25490"}],"version-history":[{"count":0,"href":"https:\/\/www.esplac.cat\/es\/wp-json\/wp\/v2\/posts\/25490\/revisions"}],"wp:featuredmedia":[{"embeddable":true,"href":"https:\/\/www.esplac.cat\/es\/wp-json\/wp\/v2\/media\/25491"}],"wp:attachment":[{"href":"https:\/\/www.esplac.cat\/es\/wp-json\/wp\/v2\/media?parent=25490"}],"wp:term":[{"taxonomy":"category","embeddable":true,"href":"https:\/\/www.esplac.cat\/es\/wp-json\/wp\/v2\/categories?post=25490"},{"taxonomy":"post_tag","embeddable":true,"href":"https:\/\/www.esplac.cat\/es\/wp-json\/wp\/v2\/tags?post=25490"}],"curies":[{"name":"wp","href":"https:\/\/api.w.org\/{rel}","templated":true}]}}