{"id":25495,"date":"2015-11-05T14:45:11","date_gmt":"2015-11-05T12:45:11","guid":{"rendered":"http:\/\/esplac.cat\/?p=8974"},"modified":"2015-11-05T14:45:11","modified_gmt":"2015-11-05T12:45:11","slug":"tenimdrets-recursos-per-treballar-els-drets-dels-infants","status":"publish","type":"post","link":"https:\/\/www.esplac.cat\/es\/tenimdrets-recursos-per-treballar-els-drets-dels-infants\/","title":{"rendered":"#Tenimdrets: recursos per treballar els drets dels infants"},"content":{"rendered":"<p class=\"p1\"><b>S&#8217;acosta la Diada Universal dels Drets dels Infants&#8230;\u00a0<\/b><b>Ja coneixes totes les activitats i jocs que tenim a Esplac per treballar els drets amb els infants i joves a l&#8217;esplai?<\/b><\/p>\n<p class=\"p1\">La celebraci\u00f3 de la Diada Universal dels Drets dels Infants del 20 de novembre \u00e9s una bona ocasi\u00f3 per donar a con\u00e8ixer als nostres barris o pobles la tasca dels esplais i promocionar encara m\u00e9s els drets dels infants, per\u00f2 el treball i la pr\u00e0ctica real es duu a terme dia a dia durant tot l&#8217;any, com a acci\u00f3 transversal del projecte educatiu. Enguany, des d&#8217;Esplac i des dels Sectors hem treballat per a qu\u00e8 les diades siguin el m\u00e0xim de participatives possibles i que els infants en siguin els grans protagonistes.<\/p>\n<p class=\"p1\">Com a pilar del nostre projecte educatiu, doncs, des d&#8217;Esplac hem anat elaborant durant els \u00faltims anys una s\u00e8rie de recursos per treballar els drets amb els infants, perqu\u00e8 siguin ells mateixos qui els coneguin i els puguin reivindicar. A m\u00e9s, els esplais tamb\u00e9 han anat nodrint el Banc de Recursos amb nombroses activitats per a totes les edats.<\/p>\n<p class=\"p1\">A continuaci\u00f3 teniu una selecci\u00f3 dels recursos i activitats que podeu fer servir per treballar expl\u00edcitament els drets dels infants a l&#8217;esplai.<\/p>\n<p class=\"p4\"><b>Recursos en pr\u00e9stec<\/b><\/p>\n<p class=\"p4\"><span class=\"s1\"><a href=\"http:\/\/esplac.cat\/tirant-pel-dret-un-joc-per-treballar-els-drets-humans-i-dels-infants\/\">Joc de taula \u00abTirant pel dret\u00bb<\/a><\/span>, per treballar els drets humans i dels infants<\/p>\n<p class=\"p4\"><b>Activitats al banc de recursos<\/b><\/p>\n<p class=\"p5\"><span class=\"s2\"><a href=\"http:\/\/assac.esplac.cat\/esplai\/banc_recursos_fitxes_activitat\/genera_pdf_act.php?id_activitat=102\">Cursa de relleus a l&#8217;arbre dels drets<\/a><\/span><\/p>\n<p class=\"p4\"><span class=\"s3\"><a href=\"http:\/\/assac.esplac.cat\/esplai\/banc_recursos_fitxes_activitat\/genera_pdf_act.php?id_activitat=40\">E<span class=\"s4\">ls invisibles s&#8217;apropen<\/span><\/a><\/span><\/p>\n<p class=\"p5\"><span class=\"s2\"><a href=\"http:\/\/assac.esplac.cat\/esplai\/banc_recursos_fitxes_activitat\/genera_pdf_act.php?id_activitat=264\">Gimcana dels drets dels infants (de 12 a 14 anys)<\/a><\/span><\/p>\n<p class=\"p5\"><span class=\"s2\"><a href=\"http:\/\/assac.esplac.cat\/esplai\/banc_recursos_fitxes_activitat\/genera_pdf_act.php?id_activitat=231\">Gimcana dels drets dels infants (de 4 a 8 anys)<\/a><\/span><\/p>\n<p class=\"p5\"><span class=\"s2\"><a href=\"http:\/\/assac.esplac.cat\/esplai\/banc_recursos_fitxes_activitat\/genera_pdf_act.php?id_activitat=25\">L&#8217;educaci\u00f3 sota l&#8217;ocupaci\u00f3<\/a><\/span><\/p>\n<p class=\"p5\"><span class=\"s2\"><a href=\"http:\/\/assac.esplac.cat\/esplai\/banc_recursos_fitxes_activitat\/genera_pdf_act.php?id_activitat=80\">La capsa dels secrets, quins no hem de guardar?<\/a><\/span><\/p>\n<p class=\"p5\"><span class=\"s2\"><a href=\"http:\/\/assac.esplac.cat\/esplai\/banc_recursos_fitxes_activitat\/genera_pdf_act.php?id_activitat=296\">Pallassades sense drets<\/a><\/span><\/p>\n<p class=\"p5\"><span class=\"s2\"><a href=\"http:\/\/assac.esplac.cat\/esplai\/banc_recursos_fitxes_activitat\/genera_pdf_act.php?id_activitat=79\">Quan no hi ha dret&#8230; Qu\u00e8 fem?<\/a><\/span><\/p>\n<p class=\"p5\"><span class=\"s2\"><a href=\"http:\/\/assac.esplac.cat\/esplai\/banc_recursos_fitxes_activitat\/genera_pdf_act.php?id_activitat=78\">Titanic<\/a><\/span><\/p>\n<p class=\"p5\"><span class=\"s2\"><a href=\"http:\/\/assac.esplac.cat\/esplai\/banc_recursos_fitxes_activitat\/genera_pdf_act.php?id_activitat=266\">Un tren anomenat dretrail<\/a><\/span><\/p>\n<p class=\"p5\"><span class=\"s2\"><a href=\"http:\/\/assac.esplac.cat\/esplai\/banc_recursos_fitxes_activitat\/genera_pdf_act.php?id_activitat=45\">Collage sobre el treball infantil<\/a><\/span><\/p>\n<p class=\"p5\"><span class=\"s2\"><a href=\"http:\/\/assac.esplac.cat\/esplai\/banc_recursos_fitxes_activitat\/genera_pdf_act.php?id_activitat=49\">Confer\u00e8ncia intergal\u00b7l\u00e0ctica<\/a><\/span><\/p>\n<p class=\"p5\"><span class=\"s2\"><a href=\"http:\/\/assac.esplac.cat\/esplai\/banc_recursos_fitxes_activitat\/genera_pdf_act.php?id_activitat=212\">Concurs passadrets<\/a><\/span><\/p>\n<p class=\"p5\"><span class=\"s2\"><a href=\"http:\/\/assac.esplac.cat\/esplai\/banc_recursos_fitxes_activitat\/genera_pdf_act.php?id_activitat=77\">Els drets del conill<\/a><\/span><\/p>\n<p class=\"p7\">I no oblideu que tamb\u00e9 teniu a la vostra disposic\u00f3 el nou Dec\u00e0leg de Participaci\u00f3 Infantil <a href=\"http:\/\/esplac.cat\/publiquem-el-decaleg-de-participacio-infantil-desplais-catalans\/\"><span class=\"s1\">\u201cDret a participar!\u201d<\/span><\/a><span class=\"s5\">, que aprofundeix expl\u00edcitament en el dret a la participaci\u00f3.<\/span><\/p>\n<p class=\"p7\">\n","protected":false},"excerpt":{"rendered":"<p>S&#8217;acosta la Diada Universal dels Drets dels Infants&#8230;\u00a0Ja coneixes totes [&hellip;]<\/p>\n","protected":false},"author":3,"featured_media":25496,"comment_status":"closed","ping_status":"open","sticky":false,"template":"","format":"standard","meta":{"om_disable_all_campaigns":false,"_monsterinsights_skip_tracking":false,"_monsterinsights_sitenote_active":false,"_monsterinsights_sitenote_note":"","_monsterinsights_sitenote_category":0,"_uf_show_specific_survey":0,"_uf_disable_surveys":false,"footnotes":""},"categories":[1135,1114,1],"tags":[375,44,45,376],"class_list":["post-25495","post","type-post","status-publish","format-standard","has-post-thumbnail","hentry","category-20-n-drets-dels-infants","category-recursos","category-sense-categoria","tag-20n","tag-banc-de-recursos","tag-drets-dels-infants","tag-dudi"],"yoast_head":"<!-- This site is optimized with the Yoast SEO plugin v27.5 - https:\/\/yoast.com\/product\/yoast-seo-wordpress\/ -->\n<title>#Tenimdrets: recursos per treballar els drets dels infants - Esplac<\/title>\n<meta name=\"robots\" content=\"index, follow, max-snippet:-1, max-image-preview:large, max-video-preview:-1\" \/>\n<link rel=\"canonical\" href=\"https:\/\/www.esplac.cat\/es\/tenimdrets-recursos-per-treballar-els-drets-dels-infants\/\" \/>\n<meta property=\"og:locale\" content=\"es_ES\" \/>\n<meta property=\"og:type\" content=\"article\" \/>\n<meta property=\"og:title\" content=\"#Tenimdrets: recursos per treballar els drets dels infants - Esplac\" \/>\n<meta property=\"og:description\" content=\"S&#8217;acosta la Diada Universal dels Drets dels Infants&#8230;\u00a0Ja coneixes totes [&hellip;]\" \/>\n<meta property=\"og:url\" content=\"https:\/\/www.esplac.cat\/es\/tenimdrets-recursos-per-treballar-els-drets-dels-infants\/\" \/>\n<meta property=\"og:site_name\" content=\"Esplac\" \/>\n<meta property=\"article:published_time\" content=\"2015-11-05T12:45:11+00:00\" \/>\n<meta property=\"og:image\" content=\"https:\/\/www.esplac.cat\/wp-content\/uploads\/2015\/11\/20151105_Recursos_20N.png\" \/>\n\t<meta property=\"og:image:width\" content=\"847\" \/>\n\t<meta property=\"og:image:height\" content=\"350\" \/>\n\t<meta property=\"og:image:type\" content=\"image\/png\" \/>\n<meta name=\"author\" content=\"Comunicaci\u00f3 Esplac\" \/>\n<meta name=\"twitter:card\" content=\"summary_large_image\" \/>\n<meta name=\"twitter:label1\" content=\"Escrito por\" \/>\n\t<meta name=\"twitter:data1\" content=\"Comunicaci\u00f3 Esplac\" \/>\n\t<meta name=\"twitter:label2\" content=\"Tiempo de lectura\" \/>\n\t<meta name=\"twitter:data2\" content=\"2 minutos\" \/>\n<script type=\"application\/ld+json\" class=\"yoast-schema-graph\">{\"@context\":\"https:\\\/\\\/schema.org\",\"@graph\":[{\"@type\":\"Article\",\"@id\":\"https:\\\/\\\/www.esplac.cat\\\/es\\\/tenimdrets-recursos-per-treballar-els-drets-dels-infants\\\/#article\",\"isPartOf\":{\"@id\":\"https:\\\/\\\/www.esplac.cat\\\/es\\\/tenimdrets-recursos-per-treballar-els-drets-dels-infants\\\/\"},\"author\":{\"name\":\"Comunicaci\u00f3 Esplac\",\"@id\":\"https:\\\/\\\/www.esplac.cat\\\/#\\\/schema\\\/person\\\/908383cf240be18b68f8855d0583faca\"},\"headline\":\"#Tenimdrets: recursos per treballar els drets dels infants\",\"datePublished\":\"2015-11-05T12:45:11+00:00\",\"mainEntityOfPage\":{\"@id\":\"https:\\\/\\\/www.esplac.cat\\\/es\\\/tenimdrets-recursos-per-treballar-els-drets-dels-infants\\\/\"},\"wordCount\":349,\"publisher\":{\"@id\":\"https:\\\/\\\/www.esplac.cat\\\/#organization\"},\"image\":{\"@id\":\"https:\\\/\\\/www.esplac.cat\\\/es\\\/tenimdrets-recursos-per-treballar-els-drets-dels-infants\\\/#primaryimage\"},\"thumbnailUrl\":\"https:\\\/\\\/www.esplac.cat\\\/wp-content\\\/uploads\\\/2015\\\/11\\\/20151105_Recursos_20N.png\",\"keywords\":[\"20N\",\"banc de recursos\",\"drets dels infants\",\"DUDI\"],\"articleSection\":[\"20-N: Drets dels infants\",\"Recursos\",\"Sense categoria\"],\"inLanguage\":\"es\"},{\"@type\":\"WebPage\",\"@id\":\"https:\\\/\\\/www.esplac.cat\\\/es\\\/tenimdrets-recursos-per-treballar-els-drets-dels-infants\\\/\",\"url\":\"https:\\\/\\\/www.esplac.cat\\\/es\\\/tenimdrets-recursos-per-treballar-els-drets-dels-infants\\\/\",\"name\":\"#Tenimdrets: recursos per treballar els drets dels infants - Esplac\",\"isPartOf\":{\"@id\":\"https:\\\/\\\/www.esplac.cat\\\/#website\"},\"primaryImageOfPage\":{\"@id\":\"https:\\\/\\\/www.esplac.cat\\\/es\\\/tenimdrets-recursos-per-treballar-els-drets-dels-infants\\\/#primaryimage\"},\"image\":{\"@id\":\"https:\\\/\\\/www.esplac.cat\\\/es\\\/tenimdrets-recursos-per-treballar-els-drets-dels-infants\\\/#primaryimage\"},\"thumbnailUrl\":\"https:\\\/\\\/www.esplac.cat\\\/wp-content\\\/uploads\\\/2015\\\/11\\\/20151105_Recursos_20N.png\",\"datePublished\":\"2015-11-05T12:45:11+00:00\",\"breadcrumb\":{\"@id\":\"https:\\\/\\\/www.esplac.cat\\\/es\\\/tenimdrets-recursos-per-treballar-els-drets-dels-infants\\\/#breadcrumb\"},\"inLanguage\":\"es\",\"potentialAction\":[{\"@type\":\"ReadAction\",\"target\":[\"https:\\\/\\\/www.esplac.cat\\\/es\\\/tenimdrets-recursos-per-treballar-els-drets-dels-infants\\\/\"]}]},{\"@type\":\"ImageObject\",\"inLanguage\":\"es\",\"@id\":\"https:\\\/\\\/www.esplac.cat\\\/es\\\/tenimdrets-recursos-per-treballar-els-drets-dels-infants\\\/#primaryimage\",\"url\":\"https:\\\/\\\/www.esplac.cat\\\/wp-content\\\/uploads\\\/2015\\\/11\\\/20151105_Recursos_20N.png\",\"contentUrl\":\"https:\\\/\\\/www.esplac.cat\\\/wp-content\\\/uploads\\\/2015\\\/11\\\/20151105_Recursos_20N.png\",\"width\":847,\"height\":350},{\"@type\":\"BreadcrumbList\",\"@id\":\"https:\\\/\\\/www.esplac.cat\\\/es\\\/tenimdrets-recursos-per-treballar-els-drets-dels-infants\\\/#breadcrumb\",\"itemListElement\":[{\"@type\":\"ListItem\",\"position\":1,\"name\":\"Inici\",\"item\":\"https:\\\/\\\/www.esplac.cat\\\/es\\\/\"},{\"@type\":\"ListItem\",\"position\":2,\"name\":\"#Tenimdrets: recursos per treballar els drets dels infants\"}]},{\"@type\":\"WebSite\",\"@id\":\"https:\\\/\\\/www.esplac.cat\\\/#website\",\"url\":\"https:\\\/\\\/www.esplac.cat\\\/\",\"name\":\"Esplac\",\"description\":\"Esplais Catalans\",\"publisher\":{\"@id\":\"https:\\\/\\\/www.esplac.cat\\\/#organization\"},\"potentialAction\":[{\"@type\":\"SearchAction\",\"target\":{\"@type\":\"EntryPoint\",\"urlTemplate\":\"https:\\\/\\\/www.esplac.cat\\\/?s={search_term_string}\"},\"query-input\":{\"@type\":\"PropertyValueSpecification\",\"valueRequired\":true,\"valueName\":\"search_term_string\"}}],\"inLanguage\":\"es\"},{\"@type\":\"Organization\",\"@id\":\"https:\\\/\\\/www.esplac.cat\\\/#organization\",\"name\":\"Esplac\",\"url\":\"https:\\\/\\\/www.esplac.cat\\\/\",\"logo\":{\"@type\":\"ImageObject\",\"inLanguage\":\"es\",\"@id\":\"https:\\\/\\\/www.esplac.cat\\\/#\\\/schema\\\/logo\\\/image\\\/\",\"url\":\"https:\\\/\\\/www.esplac.cat\\\/wp-content\\\/uploads\\\/2019\\\/08\\\/logox2.png\",\"contentUrl\":\"https:\\\/\\\/www.esplac.cat\\\/wp-content\\\/uploads\\\/2019\\\/08\\\/logox2.png\",\"width\":600,\"height\":295,\"caption\":\"Esplac\"},\"image\":{\"@id\":\"https:\\\/\\\/www.esplac.cat\\\/#\\\/schema\\\/logo\\\/image\\\/\"}},{\"@type\":\"Person\",\"@id\":\"https:\\\/\\\/www.esplac.cat\\\/#\\\/schema\\\/person\\\/908383cf240be18b68f8855d0583faca\",\"name\":\"Comunicaci\u00f3 Esplac\",\"image\":{\"@type\":\"ImageObject\",\"inLanguage\":\"es\",\"@id\":\"https:\\\/\\\/secure.gravatar.com\\\/avatar\\\/7a4cf8feb412a76ea4a740ca02d95b06b2907b5a6c648c2dd0a1082a093c3141?s=96&d=mm&r=g\",\"url\":\"https:\\\/\\\/secure.gravatar.com\\\/avatar\\\/7a4cf8feb412a76ea4a740ca02d95b06b2907b5a6c648c2dd0a1082a093c3141?s=96&d=mm&r=g\",\"contentUrl\":\"https:\\\/\\\/secure.gravatar.com\\\/avatar\\\/7a4cf8feb412a76ea4a740ca02d95b06b2907b5a6c648c2dd0a1082a093c3141?s=96&d=mm&r=g\",\"caption\":\"Comunicaci\u00f3 Esplac\"}}]}<\/script>\n<!-- \/ Yoast SEO plugin. -->","yoast_head_json":{"title":"#Tenimdrets: recursos per treballar els drets dels infants - Esplac","robots":{"index":"index","follow":"follow","max-snippet":"max-snippet:-1","max-image-preview":"max-image-preview:large","max-video-preview":"max-video-preview:-1"},"canonical":"https:\/\/www.esplac.cat\/es\/tenimdrets-recursos-per-treballar-els-drets-dels-infants\/","og_locale":"es_ES","og_type":"article","og_title":"#Tenimdrets: recursos per treballar els drets dels infants - Esplac","og_description":"S&#8217;acosta la Diada Universal dels Drets dels Infants&#8230;\u00a0Ja coneixes totes [&hellip;]","og_url":"https:\/\/www.esplac.cat\/es\/tenimdrets-recursos-per-treballar-els-drets-dels-infants\/","og_site_name":"Esplac","article_published_time":"2015-11-05T12:45:11+00:00","og_image":[{"width":847,"height":350,"url":"https:\/\/www.esplac.cat\/wp-content\/uploads\/2015\/11\/20151105_Recursos_20N.png","type":"image\/png"}],"author":"Comunicaci\u00f3 Esplac","twitter_card":"summary_large_image","twitter_misc":{"Escrito por":"Comunicaci\u00f3 Esplac","Tiempo de lectura":"2 minutos"},"schema":{"@context":"https:\/\/schema.org","@graph":[{"@type":"Article","@id":"https:\/\/www.esplac.cat\/es\/tenimdrets-recursos-per-treballar-els-drets-dels-infants\/#article","isPartOf":{"@id":"https:\/\/www.esplac.cat\/es\/tenimdrets-recursos-per-treballar-els-drets-dels-infants\/"},"author":{"name":"Comunicaci\u00f3 Esplac","@id":"https:\/\/www.esplac.cat\/#\/schema\/person\/908383cf240be18b68f8855d0583faca"},"headline":"#Tenimdrets: recursos per treballar els drets dels infants","datePublished":"2015-11-05T12:45:11+00:00","mainEntityOfPage":{"@id":"https:\/\/www.esplac.cat\/es\/tenimdrets-recursos-per-treballar-els-drets-dels-infants\/"},"wordCount":349,"publisher":{"@id":"https:\/\/www.esplac.cat\/#organization"},"image":{"@id":"https:\/\/www.esplac.cat\/es\/tenimdrets-recursos-per-treballar-els-drets-dels-infants\/#primaryimage"},"thumbnailUrl":"https:\/\/www.esplac.cat\/wp-content\/uploads\/2015\/11\/20151105_Recursos_20N.png","keywords":["20N","banc de recursos","drets dels infants","DUDI"],"articleSection":["20-N: Drets dels infants","Recursos","Sense categoria"],"inLanguage":"es"},{"@type":"WebPage","@id":"https:\/\/www.esplac.cat\/es\/tenimdrets-recursos-per-treballar-els-drets-dels-infants\/","url":"https:\/\/www.esplac.cat\/es\/tenimdrets-recursos-per-treballar-els-drets-dels-infants\/","name":"#Tenimdrets: recursos per treballar els drets dels infants - Esplac","isPartOf":{"@id":"https:\/\/www.esplac.cat\/#website"},"primaryImageOfPage":{"@id":"https:\/\/www.esplac.cat\/es\/tenimdrets-recursos-per-treballar-els-drets-dels-infants\/#primaryimage"},"image":{"@id":"https:\/\/www.esplac.cat\/es\/tenimdrets-recursos-per-treballar-els-drets-dels-infants\/#primaryimage"},"thumbnailUrl":"https:\/\/www.esplac.cat\/wp-content\/uploads\/2015\/11\/20151105_Recursos_20N.png","datePublished":"2015-11-05T12:45:11+00:00","breadcrumb":{"@id":"https:\/\/www.esplac.cat\/es\/tenimdrets-recursos-per-treballar-els-drets-dels-infants\/#breadcrumb"},"inLanguage":"es","potentialAction":[{"@type":"ReadAction","target":["https:\/\/www.esplac.cat\/es\/tenimdrets-recursos-per-treballar-els-drets-dels-infants\/"]}]},{"@type":"ImageObject","inLanguage":"es","@id":"https:\/\/www.esplac.cat\/es\/tenimdrets-recursos-per-treballar-els-drets-dels-infants\/#primaryimage","url":"https:\/\/www.esplac.cat\/wp-content\/uploads\/2015\/11\/20151105_Recursos_20N.png","contentUrl":"https:\/\/www.esplac.cat\/wp-content\/uploads\/2015\/11\/20151105_Recursos_20N.png","width":847,"height":350},{"@type":"BreadcrumbList","@id":"https:\/\/www.esplac.cat\/es\/tenimdrets-recursos-per-treballar-els-drets-dels-infants\/#breadcrumb","itemListElement":[{"@type":"ListItem","position":1,"name":"Inici","item":"https:\/\/www.esplac.cat\/es\/"},{"@type":"ListItem","position":2,"name":"#Tenimdrets: recursos per treballar els drets dels infants"}]},{"@type":"WebSite","@id":"https:\/\/www.esplac.cat\/#website","url":"https:\/\/www.esplac.cat\/","name":"Esplac","description":"Esplais Catalans","publisher":{"@id":"https:\/\/www.esplac.cat\/#organization"},"potentialAction":[{"@type":"SearchAction","target":{"@type":"EntryPoint","urlTemplate":"https:\/\/www.esplac.cat\/?s={search_term_string}"},"query-input":{"@type":"PropertyValueSpecification","valueRequired":true,"valueName":"search_term_string"}}],"inLanguage":"es"},{"@type":"Organization","@id":"https:\/\/www.esplac.cat\/#organization","name":"Esplac","url":"https:\/\/www.esplac.cat\/","logo":{"@type":"ImageObject","inLanguage":"es","@id":"https:\/\/www.esplac.cat\/#\/schema\/logo\/image\/","url":"https:\/\/www.esplac.cat\/wp-content\/uploads\/2019\/08\/logox2.png","contentUrl":"https:\/\/www.esplac.cat\/wp-content\/uploads\/2019\/08\/logox2.png","width":600,"height":295,"caption":"Esplac"},"image":{"@id":"https:\/\/www.esplac.cat\/#\/schema\/logo\/image\/"}},{"@type":"Person","@id":"https:\/\/www.esplac.cat\/#\/schema\/person\/908383cf240be18b68f8855d0583faca","name":"Comunicaci\u00f3 Esplac","image":{"@type":"ImageObject","inLanguage":"es","@id":"https:\/\/secure.gravatar.com\/avatar\/7a4cf8feb412a76ea4a740ca02d95b06b2907b5a6c648c2dd0a1082a093c3141?s=96&d=mm&r=g","url":"https:\/\/secure.gravatar.com\/avatar\/7a4cf8feb412a76ea4a740ca02d95b06b2907b5a6c648c2dd0a1082a093c3141?s=96&d=mm&r=g","contentUrl":"https:\/\/secure.gravatar.com\/avatar\/7a4cf8feb412a76ea4a740ca02d95b06b2907b5a6c648c2dd0a1082a093c3141?s=96&d=mm&r=g","caption":"Comunicaci\u00f3 Esplac"}}]}},"_links":{"self":[{"href":"https:\/\/www.esplac.cat\/es\/wp-json\/wp\/v2\/posts\/25495","targetHints":{"allow":["GET"]}}],"collection":[{"href":"https:\/\/www.esplac.cat\/es\/wp-json\/wp\/v2\/posts"}],"about":[{"href":"https:\/\/www.esplac.cat\/es\/wp-json\/wp\/v2\/types\/post"}],"author":[{"embeddable":true,"href":"https:\/\/www.esplac.cat\/es\/wp-json\/wp\/v2\/users\/3"}],"replies":[{"embeddable":true,"href":"https:\/\/www.esplac.cat\/es\/wp-json\/wp\/v2\/comments?post=25495"}],"version-history":[{"count":0,"href":"https:\/\/www.esplac.cat\/es\/wp-json\/wp\/v2\/posts\/25495\/revisions"}],"wp:featuredmedia":[{"embeddable":true,"href":"https:\/\/www.esplac.cat\/es\/wp-json\/wp\/v2\/media\/25496"}],"wp:attachment":[{"href":"https:\/\/www.esplac.cat\/es\/wp-json\/wp\/v2\/media?parent=25495"}],"wp:term":[{"taxonomy":"category","embeddable":true,"href":"https:\/\/www.esplac.cat\/es\/wp-json\/wp\/v2\/categories?post=25495"},{"taxonomy":"post_tag","embeddable":true,"href":"https:\/\/www.esplac.cat\/es\/wp-json\/wp\/v2\/tags?post=25495"}],"curies":[{"name":"wp","href":"https:\/\/api.w.org\/{rel}","templated":true}]}}