{"id":25525,"date":"2015-10-19T19:00:52","date_gmt":"2015-10-19T17:00:52","guid":{"rendered":"http:\/\/esplac.cat\/?p=7067"},"modified":"2015-10-19T19:00:52","modified_gmt":"2015-10-19T17:00:52","slug":"obertes-les-inscripcions-a-les-v-jornades-de-lleure-i-sexisme","status":"publish","type":"post","link":"https:\/\/www.esplac.cat\/es\/obertes-les-inscripcions-a-les-v-jornades-de-lleure-i-sexisme\/","title":{"rendered":"Obertes les inscripcions a les V Jornades de lleure i sexisme!"},"content":{"rendered":"<div><span style=\"color: #000000; font-family: arial, helvetica, sans-serif;\">Enguany les <span class=\"il\">Jornades de lleure i sexisme tenen un cartell d&#8217;all\u00f2 m\u00e9s omplet!<\/span>\u00a0Volen <strong>aprofundir sobre la tem\u00e0tica \u00abAdolesc\u00e8ncia, g\u00e8nere i sexualitat\u00bb<\/strong> i el programa ofereix una gran diversitat de tallers.<\/span><\/div>\n<div><\/div>\n<div>\n<p class=\"p1\"><a href=\"http:\/\/esplac.cat\/wp-content\/uploads\/2015\/10\/10462337_193916890941550_287626781460448462_n.jpg\"><img decoding=\"async\" class=\"size-full wp-image-8510 aligncenter\" src=\"http:\/\/esplac.cat\/wp-content\/uploads\/2015\/10\/10462337_193916890941550_287626781460448462_n.jpg\" alt=\"10462337_193916890941550_287626781460448462_n\" width=\"620\" height=\"877\" \/><\/a><\/p>\n<p class=\"p1\">La jornada s&#8217;iniciar\u00e0 amb una din\u00e0mica per treballar idees claus, generar reflexions, dubtes i els primers intercanvis d&#8217;opinions. Seguidament, s&#8217;iniciaran 5 tallers simultanis:<\/p>\n<ul class=\"ul1\">\n<li class=\"li2\"><span class=\"s1\">\u00ab<\/span><b>La vida secreta dels anticonceptius\u00bb\u00a0<\/b><span class=\"s2\">a c\u00e0rrec d&#8217;<\/span><b>\u00a0<\/b><a href=\"http:\/\/ulleresperesquerrans.com\/\"><span class=\"s3\">Ulleres per esquerrans<\/span><\/a><\/li>\n<li class=\"li2\"><span class=\"s2\">\u00ab<\/span><b>Si m\u2019estima&#8230; em donar\u00e0 el seu password. Prevenci\u00f3 de les viol\u00e8ncies de g\u00e8nere a les xarxes socials\u00bb\u00a0<\/b><span class=\"s2\">a c\u00e0rrec de\u00a0<a href=\"http:\/\/candela.cat\/inici\/\"><span class=\"s4\">Candela<\/span><\/a><\/span><\/li>\n<li class=\"li3\"><span class=\"s5\"><b>\u00abMasculinitats, rang i privilegi\u00bb\u00a0<\/b><\/span>a c\u00e0rrec d&#8217;\u00a0<a href=\"http:\/\/ulleresperesquerrans.com\/\"><span class=\"s4\">Ulleres per esquerrans<\/span><\/a> i\u00a0<a href=\"https:\/\/asscurcuma.wordpress.com\/\"><span class=\"s4\">C\u00farcuma<\/span><\/a><\/li>\n<li class=\"li2\"><b>\u00abDeclaracions d&#8217;identitat\u00bb\u00a0<\/b><span class=\"s2\">a c\u00e0rrec de\u00a0<a href=\"http:\/\/www.filalagulla.org\/\"><span class=\"s4\">Filalagulla<\/span><\/a><\/span><\/li>\n<li class=\"li3\">\u00ab<span class=\"s5\"><b>We like porn! Tot repensant la pornografia\u00bb\u00a0<\/b><\/span>a c\u00e0rrec de\u00a0Marta Molas, periodista col\u00b7laboradora a La Directa i encarregada de la botiga er\u00f2tica amantis Gr\u00e0cia.<\/li>\n<\/ul>\n<p class=\"p3\">Despr\u00e9s farem <span class=\"s5\"><b>dinar de carmanyola<\/b><\/span>\u00a0(cada u ha de portar\u00a0el dinar de casa) i a la tarda podrem\u00a0con\u00e8ixer 3 experi\u00e8ncies ben diverses!<\/p>\n<p class=\"p3\">Podrem:<\/p>\n<ul>\n<li class=\"p3\">Participar d&#8217;un tatre f\u00f2rum a c\u00e0rrec de <span class=\"s5\"><b>Cia. Penyora Teatre<\/b><\/span><\/li>\n<li class=\"p2\"><span class=\"s2\">Con\u00e8ixer l&#8217;equip\u00a0<\/span><b>Barcelona Roller Derby<\/b><span class=\"s2\">\u00a0<\/span><b>Ingles de acero,<\/b><\/li>\n<li class=\"p3\">Veure els documentals\u00a0<span class=\"s5\"><b>YES, WE FUCK<\/b><\/span>\u00a0i\u00a0<span class=\"s5\"><b>TCHINDAS <\/b><\/span>i tot seguit fer un col\u00b7loqui amb les persones membres d&#8217;aquests projectes.<\/li>\n<\/ul>\n<p class=\"p3\">Per acabar, gaudirem\u00a0de l&#8217;espectacle agosarat i divertit dels\u00a0<span class=\"s5\"><b>Mon\u00f2legs de la vagina!<\/b><\/span><b>\u00a0<\/b><\/p>\n<p class=\"p5\"><span class=\"s1\"><b>Ja podeu fer la inscripci\u00f3 formal a trav\u00e9s del seg\u00fcent\u00a0<\/b><a href=\"https:\/\/secure.jotformpro.com\/EscolaElSol\/Lleure_i_sexisme%20\"><span class=\"s6\"><b>formulari al qual\u00a0podeu accedir\u00a0clicant en aquest enlla\u00e7.<\/b><\/span><\/a><\/span><span class=\"s7\"><b>\u00a0<\/b><\/span><span class=\"s8\">Les places s\u00f3n limitades i\u00a0s&#8217;admetran per ordre de recepci\u00f3.\u00a0<\/span><span class=\"s9\">La inscripci\u00f3 t\u00e9 un cost de 5<\/span>\u20ac, destinats a pagar un preu simb\u00f2lic als col\u00b7lectius i persones que v\u00e9nen a dinamitzar els tallers.<\/p>\n<p class=\"p1\"><span class=\"s2\">\u00a0<\/span>Al blog de les <span class=\"s2\">jornades<\/span> podeu consultar el\u00a0<a href=\"https:\/\/lleureisexisme.wordpress.com\/2015\/10\/09\/programa-detallat\/\"><span class=\"s6\"><b>programa detallat<\/b><\/span><\/a><span class=\"s5\"><b>\u00a0<\/b><\/span>amb la informaci\u00f3 de tots els tallers!<\/p>\n<\/div>\n<p>&nbsp;<\/p>\n","protected":false},"excerpt":{"rendered":"<p>Enguany les Jornades de lleure i sexisme tenen un cartell [&hellip;]<\/p>\n","protected":false},"author":3,"featured_media":25526,"comment_status":"open","ping_status":"open","sticky":false,"template":"","format":"standard","meta":{"om_disable_all_campaigns":false,"_monsterinsights_skip_tracking":false,"_monsterinsights_sitenote_active":false,"_monsterinsights_sitenote_note":"","_monsterinsights_sitenote_category":0,"_uf_show_specific_survey":0,"_uf_disable_surveys":false,"footnotes":""},"categories":[1119,1],"tags":[564,391,58,585,565,73],"class_list":["post-25525","post","type-post","status-publish","format-standard","has-post-thumbnail","hentry","category-activitats-comissions-grups-de-treball","category-sense-categoria","tag-adolescencia","tag-feminisme","tag-genere","tag-jornades","tag-lleure-i-sexisme","tag-sexualitat"],"yoast_head":"<!-- This site is optimized with the Yoast SEO plugin v27.5 - https:\/\/yoast.com\/product\/yoast-seo-wordpress\/ -->\n<title>Obertes les inscripcions a les V Jornades de lleure i sexisme! - Esplac<\/title>\n<meta name=\"robots\" content=\"index, follow, max-snippet:-1, max-image-preview:large, max-video-preview:-1\" \/>\n<link rel=\"canonical\" href=\"https:\/\/www.esplac.cat\/obertes-les-inscripcions-a-les-v-jornades-de-lleure-i-sexisme\/\" \/>\n<meta property=\"og:locale\" content=\"es_ES\" \/>\n<meta property=\"og:type\" content=\"article\" \/>\n<meta property=\"og:title\" content=\"Obertes les inscripcions a les V Jornades de lleure i sexisme! - Esplac\" \/>\n<meta property=\"og:description\" content=\"Enguany les Jornades de lleure i sexisme tenen un cartell [&hellip;]\" \/>\n<meta property=\"og:url\" content=\"https:\/\/www.esplac.cat\/obertes-les-inscripcions-a-les-v-jornades-de-lleure-i-sexisme\/\" \/>\n<meta property=\"og:site_name\" content=\"Esplac\" \/>\n<meta property=\"article:published_time\" content=\"2015-10-19T17:00:52+00:00\" \/>\n<meta property=\"og:image\" content=\"https:\/\/www.esplac.cat\/wp-content\/uploads\/2015\/10\/20151019_Jornades-Lleure-sex.jpg\" \/>\n\t<meta property=\"og:image:width\" content=\"700\" \/>\n\t<meta property=\"og:image:height\" content=\"300\" \/>\n\t<meta property=\"og:image:type\" content=\"image\/jpeg\" \/>\n<meta name=\"author\" content=\"Comunicaci\u00f3 Esplac\" \/>\n<meta name=\"twitter:card\" content=\"summary_large_image\" \/>\n<meta name=\"twitter:label1\" content=\"Escrito por\" \/>\n\t<meta name=\"twitter:data1\" content=\"Comunicaci\u00f3 Esplac\" \/>\n\t<meta name=\"twitter:label2\" content=\"Tiempo de lectura\" \/>\n\t<meta name=\"twitter:data2\" content=\"2 minutos\" \/>\n<script type=\"application\/ld+json\" class=\"yoast-schema-graph\">{\"@context\":\"https:\\\/\\\/schema.org\",\"@graph\":[{\"@type\":\"Article\",\"@id\":\"https:\\\/\\\/www.esplac.cat\\\/obertes-les-inscripcions-a-les-v-jornades-de-lleure-i-sexisme\\\/#article\",\"isPartOf\":{\"@id\":\"https:\\\/\\\/www.esplac.cat\\\/obertes-les-inscripcions-a-les-v-jornades-de-lleure-i-sexisme\\\/\"},\"author\":{\"name\":\"Comunicaci\u00f3 Esplac\",\"@id\":\"https:\\\/\\\/www.esplac.cat\\\/#\\\/schema\\\/person\\\/908383cf240be18b68f8855d0583faca\"},\"headline\":\"Obertes les inscripcions a les V Jornades de lleure i sexisme!\",\"datePublished\":\"2015-10-19T17:00:52+00:00\",\"mainEntityOfPage\":{\"@id\":\"https:\\\/\\\/www.esplac.cat\\\/obertes-les-inscripcions-a-les-v-jornades-de-lleure-i-sexisme\\\/\"},\"wordCount\":324,\"commentCount\":0,\"publisher\":{\"@id\":\"https:\\\/\\\/www.esplac.cat\\\/#organization\"},\"image\":{\"@id\":\"https:\\\/\\\/www.esplac.cat\\\/obertes-les-inscripcions-a-les-v-jornades-de-lleure-i-sexisme\\\/#primaryimage\"},\"thumbnailUrl\":\"https:\\\/\\\/www.esplac.cat\\\/wp-content\\\/uploads\\\/2015\\\/10\\\/20151019_Jornades-Lleure-sex.jpg\",\"keywords\":[\"adolesc\u00e8ncia\",\"feminisme\",\"g\u00e8nere\",\"jornades\",\"lleure i sexisme\",\"sexualitat\"],\"articleSection\":[\"Activitats comissions i grups de treball\",\"Sense categoria\"],\"inLanguage\":\"es\",\"potentialAction\":[{\"@type\":\"CommentAction\",\"name\":\"Comment\",\"target\":[\"https:\\\/\\\/www.esplac.cat\\\/obertes-les-inscripcions-a-les-v-jornades-de-lleure-i-sexisme\\\/#respond\"]}]},{\"@type\":\"WebPage\",\"@id\":\"https:\\\/\\\/www.esplac.cat\\\/obertes-les-inscripcions-a-les-v-jornades-de-lleure-i-sexisme\\\/\",\"url\":\"https:\\\/\\\/www.esplac.cat\\\/obertes-les-inscripcions-a-les-v-jornades-de-lleure-i-sexisme\\\/\",\"name\":\"Obertes les inscripcions a les V Jornades de lleure i sexisme! - Esplac\",\"isPartOf\":{\"@id\":\"https:\\\/\\\/www.esplac.cat\\\/#website\"},\"primaryImageOfPage\":{\"@id\":\"https:\\\/\\\/www.esplac.cat\\\/obertes-les-inscripcions-a-les-v-jornades-de-lleure-i-sexisme\\\/#primaryimage\"},\"image\":{\"@id\":\"https:\\\/\\\/www.esplac.cat\\\/obertes-les-inscripcions-a-les-v-jornades-de-lleure-i-sexisme\\\/#primaryimage\"},\"thumbnailUrl\":\"https:\\\/\\\/www.esplac.cat\\\/wp-content\\\/uploads\\\/2015\\\/10\\\/20151019_Jornades-Lleure-sex.jpg\",\"datePublished\":\"2015-10-19T17:00:52+00:00\",\"breadcrumb\":{\"@id\":\"https:\\\/\\\/www.esplac.cat\\\/obertes-les-inscripcions-a-les-v-jornades-de-lleure-i-sexisme\\\/#breadcrumb\"},\"inLanguage\":\"es\",\"potentialAction\":[{\"@type\":\"ReadAction\",\"target\":[\"https:\\\/\\\/www.esplac.cat\\\/obertes-les-inscripcions-a-les-v-jornades-de-lleure-i-sexisme\\\/\"]}]},{\"@type\":\"ImageObject\",\"inLanguage\":\"es\",\"@id\":\"https:\\\/\\\/www.esplac.cat\\\/obertes-les-inscripcions-a-les-v-jornades-de-lleure-i-sexisme\\\/#primaryimage\",\"url\":\"https:\\\/\\\/www.esplac.cat\\\/wp-content\\\/uploads\\\/2015\\\/10\\\/20151019_Jornades-Lleure-sex.jpg\",\"contentUrl\":\"https:\\\/\\\/www.esplac.cat\\\/wp-content\\\/uploads\\\/2015\\\/10\\\/20151019_Jornades-Lleure-sex.jpg\",\"width\":700,\"height\":300},{\"@type\":\"BreadcrumbList\",\"@id\":\"https:\\\/\\\/www.esplac.cat\\\/obertes-les-inscripcions-a-les-v-jornades-de-lleure-i-sexisme\\\/#breadcrumb\",\"itemListElement\":[{\"@type\":\"ListItem\",\"position\":1,\"name\":\"Inici\",\"item\":\"https:\\\/\\\/www.esplac.cat\\\/es\\\/\"},{\"@type\":\"ListItem\",\"position\":2,\"name\":\"Obertes les inscripcions a les V Jornades de lleure i sexisme!\"}]},{\"@type\":\"WebSite\",\"@id\":\"https:\\\/\\\/www.esplac.cat\\\/#website\",\"url\":\"https:\\\/\\\/www.esplac.cat\\\/\",\"name\":\"Esplac\",\"description\":\"Esplais Catalans\",\"publisher\":{\"@id\":\"https:\\\/\\\/www.esplac.cat\\\/#organization\"},\"potentialAction\":[{\"@type\":\"SearchAction\",\"target\":{\"@type\":\"EntryPoint\",\"urlTemplate\":\"https:\\\/\\\/www.esplac.cat\\\/?s={search_term_string}\"},\"query-input\":{\"@type\":\"PropertyValueSpecification\",\"valueRequired\":true,\"valueName\":\"search_term_string\"}}],\"inLanguage\":\"es\"},{\"@type\":\"Organization\",\"@id\":\"https:\\\/\\\/www.esplac.cat\\\/#organization\",\"name\":\"Esplac\",\"url\":\"https:\\\/\\\/www.esplac.cat\\\/\",\"logo\":{\"@type\":\"ImageObject\",\"inLanguage\":\"es\",\"@id\":\"https:\\\/\\\/www.esplac.cat\\\/#\\\/schema\\\/logo\\\/image\\\/\",\"url\":\"https:\\\/\\\/www.esplac.cat\\\/wp-content\\\/uploads\\\/2019\\\/08\\\/logox2.png\",\"contentUrl\":\"https:\\\/\\\/www.esplac.cat\\\/wp-content\\\/uploads\\\/2019\\\/08\\\/logox2.png\",\"width\":600,\"height\":295,\"caption\":\"Esplac\"},\"image\":{\"@id\":\"https:\\\/\\\/www.esplac.cat\\\/#\\\/schema\\\/logo\\\/image\\\/\"}},{\"@type\":\"Person\",\"@id\":\"https:\\\/\\\/www.esplac.cat\\\/#\\\/schema\\\/person\\\/908383cf240be18b68f8855d0583faca\",\"name\":\"Comunicaci\u00f3 Esplac\",\"image\":{\"@type\":\"ImageObject\",\"inLanguage\":\"es\",\"@id\":\"https:\\\/\\\/secure.gravatar.com\\\/avatar\\\/7a4cf8feb412a76ea4a740ca02d95b06b2907b5a6c648c2dd0a1082a093c3141?s=96&d=mm&r=g\",\"url\":\"https:\\\/\\\/secure.gravatar.com\\\/avatar\\\/7a4cf8feb412a76ea4a740ca02d95b06b2907b5a6c648c2dd0a1082a093c3141?s=96&d=mm&r=g\",\"contentUrl\":\"https:\\\/\\\/secure.gravatar.com\\\/avatar\\\/7a4cf8feb412a76ea4a740ca02d95b06b2907b5a6c648c2dd0a1082a093c3141?s=96&d=mm&r=g\",\"caption\":\"Comunicaci\u00f3 Esplac\"}}]}<\/script>\n<!-- \/ Yoast SEO plugin. -->","yoast_head_json":{"title":"Obertes les inscripcions a les V Jornades de lleure i sexisme! - Esplac","robots":{"index":"index","follow":"follow","max-snippet":"max-snippet:-1","max-image-preview":"max-image-preview:large","max-video-preview":"max-video-preview:-1"},"canonical":"https:\/\/www.esplac.cat\/obertes-les-inscripcions-a-les-v-jornades-de-lleure-i-sexisme\/","og_locale":"es_ES","og_type":"article","og_title":"Obertes les inscripcions a les V Jornades de lleure i sexisme! - Esplac","og_description":"Enguany les Jornades de lleure i sexisme tenen un cartell [&hellip;]","og_url":"https:\/\/www.esplac.cat\/obertes-les-inscripcions-a-les-v-jornades-de-lleure-i-sexisme\/","og_site_name":"Esplac","article_published_time":"2015-10-19T17:00:52+00:00","og_image":[{"width":700,"height":300,"url":"https:\/\/www.esplac.cat\/wp-content\/uploads\/2015\/10\/20151019_Jornades-Lleure-sex.jpg","type":"image\/jpeg"}],"author":"Comunicaci\u00f3 Esplac","twitter_card":"summary_large_image","twitter_misc":{"Escrito por":"Comunicaci\u00f3 Esplac","Tiempo de lectura":"2 minutos"},"schema":{"@context":"https:\/\/schema.org","@graph":[{"@type":"Article","@id":"https:\/\/www.esplac.cat\/obertes-les-inscripcions-a-les-v-jornades-de-lleure-i-sexisme\/#article","isPartOf":{"@id":"https:\/\/www.esplac.cat\/obertes-les-inscripcions-a-les-v-jornades-de-lleure-i-sexisme\/"},"author":{"name":"Comunicaci\u00f3 Esplac","@id":"https:\/\/www.esplac.cat\/#\/schema\/person\/908383cf240be18b68f8855d0583faca"},"headline":"Obertes les inscripcions a les V Jornades de lleure i sexisme!","datePublished":"2015-10-19T17:00:52+00:00","mainEntityOfPage":{"@id":"https:\/\/www.esplac.cat\/obertes-les-inscripcions-a-les-v-jornades-de-lleure-i-sexisme\/"},"wordCount":324,"commentCount":0,"publisher":{"@id":"https:\/\/www.esplac.cat\/#organization"},"image":{"@id":"https:\/\/www.esplac.cat\/obertes-les-inscripcions-a-les-v-jornades-de-lleure-i-sexisme\/#primaryimage"},"thumbnailUrl":"https:\/\/www.esplac.cat\/wp-content\/uploads\/2015\/10\/20151019_Jornades-Lleure-sex.jpg","keywords":["adolesc\u00e8ncia","feminisme","g\u00e8nere","jornades","lleure i sexisme","sexualitat"],"articleSection":["Activitats comissions i grups de treball","Sense categoria"],"inLanguage":"es","potentialAction":[{"@type":"CommentAction","name":"Comment","target":["https:\/\/www.esplac.cat\/obertes-les-inscripcions-a-les-v-jornades-de-lleure-i-sexisme\/#respond"]}]},{"@type":"WebPage","@id":"https:\/\/www.esplac.cat\/obertes-les-inscripcions-a-les-v-jornades-de-lleure-i-sexisme\/","url":"https:\/\/www.esplac.cat\/obertes-les-inscripcions-a-les-v-jornades-de-lleure-i-sexisme\/","name":"Obertes les inscripcions a les V Jornades de lleure i sexisme! - Esplac","isPartOf":{"@id":"https:\/\/www.esplac.cat\/#website"},"primaryImageOfPage":{"@id":"https:\/\/www.esplac.cat\/obertes-les-inscripcions-a-les-v-jornades-de-lleure-i-sexisme\/#primaryimage"},"image":{"@id":"https:\/\/www.esplac.cat\/obertes-les-inscripcions-a-les-v-jornades-de-lleure-i-sexisme\/#primaryimage"},"thumbnailUrl":"https:\/\/www.esplac.cat\/wp-content\/uploads\/2015\/10\/20151019_Jornades-Lleure-sex.jpg","datePublished":"2015-10-19T17:00:52+00:00","breadcrumb":{"@id":"https:\/\/www.esplac.cat\/obertes-les-inscripcions-a-les-v-jornades-de-lleure-i-sexisme\/#breadcrumb"},"inLanguage":"es","potentialAction":[{"@type":"ReadAction","target":["https:\/\/www.esplac.cat\/obertes-les-inscripcions-a-les-v-jornades-de-lleure-i-sexisme\/"]}]},{"@type":"ImageObject","inLanguage":"es","@id":"https:\/\/www.esplac.cat\/obertes-les-inscripcions-a-les-v-jornades-de-lleure-i-sexisme\/#primaryimage","url":"https:\/\/www.esplac.cat\/wp-content\/uploads\/2015\/10\/20151019_Jornades-Lleure-sex.jpg","contentUrl":"https:\/\/www.esplac.cat\/wp-content\/uploads\/2015\/10\/20151019_Jornades-Lleure-sex.jpg","width":700,"height":300},{"@type":"BreadcrumbList","@id":"https:\/\/www.esplac.cat\/obertes-les-inscripcions-a-les-v-jornades-de-lleure-i-sexisme\/#breadcrumb","itemListElement":[{"@type":"ListItem","position":1,"name":"Inici","item":"https:\/\/www.esplac.cat\/es\/"},{"@type":"ListItem","position":2,"name":"Obertes les inscripcions a les V Jornades de lleure i sexisme!"}]},{"@type":"WebSite","@id":"https:\/\/www.esplac.cat\/#website","url":"https:\/\/www.esplac.cat\/","name":"Esplac","description":"Esplais Catalans","publisher":{"@id":"https:\/\/www.esplac.cat\/#organization"},"potentialAction":[{"@type":"SearchAction","target":{"@type":"EntryPoint","urlTemplate":"https:\/\/www.esplac.cat\/?s={search_term_string}"},"query-input":{"@type":"PropertyValueSpecification","valueRequired":true,"valueName":"search_term_string"}}],"inLanguage":"es"},{"@type":"Organization","@id":"https:\/\/www.esplac.cat\/#organization","name":"Esplac","url":"https:\/\/www.esplac.cat\/","logo":{"@type":"ImageObject","inLanguage":"es","@id":"https:\/\/www.esplac.cat\/#\/schema\/logo\/image\/","url":"https:\/\/www.esplac.cat\/wp-content\/uploads\/2019\/08\/logox2.png","contentUrl":"https:\/\/www.esplac.cat\/wp-content\/uploads\/2019\/08\/logox2.png","width":600,"height":295,"caption":"Esplac"},"image":{"@id":"https:\/\/www.esplac.cat\/#\/schema\/logo\/image\/"}},{"@type":"Person","@id":"https:\/\/www.esplac.cat\/#\/schema\/person\/908383cf240be18b68f8855d0583faca","name":"Comunicaci\u00f3 Esplac","image":{"@type":"ImageObject","inLanguage":"es","@id":"https:\/\/secure.gravatar.com\/avatar\/7a4cf8feb412a76ea4a740ca02d95b06b2907b5a6c648c2dd0a1082a093c3141?s=96&d=mm&r=g","url":"https:\/\/secure.gravatar.com\/avatar\/7a4cf8feb412a76ea4a740ca02d95b06b2907b5a6c648c2dd0a1082a093c3141?s=96&d=mm&r=g","contentUrl":"https:\/\/secure.gravatar.com\/avatar\/7a4cf8feb412a76ea4a740ca02d95b06b2907b5a6c648c2dd0a1082a093c3141?s=96&d=mm&r=g","caption":"Comunicaci\u00f3 Esplac"}}]}},"_links":{"self":[{"href":"https:\/\/www.esplac.cat\/es\/wp-json\/wp\/v2\/posts\/25525","targetHints":{"allow":["GET"]}}],"collection":[{"href":"https:\/\/www.esplac.cat\/es\/wp-json\/wp\/v2\/posts"}],"about":[{"href":"https:\/\/www.esplac.cat\/es\/wp-json\/wp\/v2\/types\/post"}],"author":[{"embeddable":true,"href":"https:\/\/www.esplac.cat\/es\/wp-json\/wp\/v2\/users\/3"}],"replies":[{"embeddable":true,"href":"https:\/\/www.esplac.cat\/es\/wp-json\/wp\/v2\/comments?post=25525"}],"version-history":[{"count":0,"href":"https:\/\/www.esplac.cat\/es\/wp-json\/wp\/v2\/posts\/25525\/revisions"}],"wp:featuredmedia":[{"embeddable":true,"href":"https:\/\/www.esplac.cat\/es\/wp-json\/wp\/v2\/media\/25526"}],"wp:attachment":[{"href":"https:\/\/www.esplac.cat\/es\/wp-json\/wp\/v2\/media?parent=25525"}],"wp:term":[{"taxonomy":"category","embeddable":true,"href":"https:\/\/www.esplac.cat\/es\/wp-json\/wp\/v2\/categories?post=25525"},{"taxonomy":"post_tag","embeddable":true,"href":"https:\/\/www.esplac.cat\/es\/wp-json\/wp\/v2\/tags?post=25525"}],"curies":[{"name":"wp","href":"https:\/\/api.w.org\/{rel}","templated":true}]}}