{"id":25528,"date":"2015-10-19T18:49:09","date_gmt":"2015-10-19T16:49:09","guid":{"rendered":"http:\/\/esplac.cat\/?p=7062"},"modified":"2019-11-14T13:17:45","modified_gmt":"2019-11-14T11:17:45","slug":"programa-de-les-jornades-de-sobirania-alimentaria","status":"publish","type":"post","link":"https:\/\/www.esplac.cat\/es\/programa-de-les-jornades-de-sobirania-alimentaria\/","title":{"rendered":"Programa de les Jornades de sobirania aliment\u00e0ria"},"content":{"rendered":"<p class=\"p1\">Des de la comissi\u00f3 Reduint Petjada, hem decidit que cal dir les coses pel seu nom, per aix\u00f2 us convidem a unes jornades de reflexi\u00f3, debat i acci\u00f3 sobre el paper de l&#8217;associacionisme educatiu en l\u2019actual societat de consum.<\/p>\n<p class=\"p1\">Apunteu a l&#8217;agenda que el proper <b>8 de novembre a l&#8217;espai Germanetes<\/b> se celebraran\u00a0les jornades d&#8217;educaci\u00f3 ambiental:<b> Les coses pel seu<span class=\"Apple-converted-space\">\u00a0<\/span>nom: Sobirania aliment\u00e0ria i Lleure. <\/b>(Incripci\u00f3: 2\u20ac a pagar a l&#8217;arribada)<\/p>\n<p class=\"p1\"><a href=\"http:\/\/esplac.cat\/web\/wp-content\/uploads\/2015\/10\/cartell-jornades-RP-2015.jpg\"><img decoding=\"async\" class=\"wp-image-8672 size-large aligncenter\" src=\"http:\/\/esplac.cat\/wp-content\/uploads\/2015\/10\/cartell-jornades-RP-2015-576x1024.jpg\" alt=\"cartell jornades RP 2015\" width=\"576\" height=\"1024\" srcset=\"https:\/\/www.esplac.cat\/wp-content\/uploads\/2015\/10\/cartell-jornades-RP-2015-169x300.jpg 169w, https:\/\/www.esplac.cat\/wp-content\/uploads\/2015\/10\/cartell-jornades-RP-2015-200x355.jpg 200w, https:\/\/www.esplac.cat\/wp-content\/uploads\/2015\/10\/cartell-jornades-RP-2015-400x711.jpg 400w, https:\/\/www.esplac.cat\/wp-content\/uploads\/2015\/10\/cartell-jornades-RP-2015-576x1024.jpg 576w, https:\/\/www.esplac.cat\/wp-content\/uploads\/2015\/10\/cartell-jornades-RP-2015-600x1066.jpg 600w, https:\/\/www.esplac.cat\/wp-content\/uploads\/2015\/10\/cartell-jornades-RP-2015.jpg 750w\" sizes=\"(max-width: 576px) 100vw, 576px\" \/><\/a><\/p>\n<p class=\"p3\">Ens trobem en una societat capitalista, competitiva i poc sostenible. Sabem que aquest model de societat actual basat en el benefici econ\u00f2mic d\u2019una minoria deixa de banda les relacions socials, el respecte cap a l\u2019entorn i en definitiva menysprea tots els valors pels que des del lleure educatiu treballem.<\/p>\n<p class=\"p3\">De la m\u00e0 d&#8217;en <strong>Miquel Vallmitjana<\/strong>, activista ambiental i membre de Som lo que Sembrem, descobrirem que la <b>sobirania aliment\u00e0ria ens planteja una visi\u00f3 alternativa al model de consum alimentari actual<\/b>. En aquestes jornades compararem aquesta perspectiva amb el model que rebutgem i plantejarem propostes viables per anar construint una societat respectuosa i compromesa amb criteris agroalimentaris sostenibles.<\/p>\n<p class=\"p3\">&#8230; I amb tot aix\u00f2 les entitats que eduquem en el lleure hi tenim molt a dir!<\/p>\n<p class=\"p3\"><strong>Si voleu participar-hi, nom\u00e9s cal que ompliu <a href=\"https:\/\/docs.google.com\/a\/esplac.cat\/forms\/d\/1aIrN9VQlA26Kccr8qmn8Z9AAgtixzyehtuRSPJxdX-U\/viewform?c=0&amp;w=1\"><span class=\"s1\">aquest formulari<\/span><\/a><span class=\"s2\">.<\/span><\/strong><\/p>\n<p class=\"p3\">Des de l&#8217;associacionisme educatiu treballem per la transformaci\u00f3 social!\u00a0Us hi esperem!<\/p>\n","protected":false},"excerpt":{"rendered":"<p>Des de la comissi\u00f3 Reduint Petjada, hem decidit que cal [&hellip;]<\/p>\n","protected":false},"author":3,"featured_media":25529,"comment_status":"open","ping_status":"open","sticky":false,"template":"","format":"standard","meta":{"om_disable_all_campaigns":false,"_monsterinsights_skip_tracking":false,"_monsterinsights_sitenote_active":false,"_monsterinsights_sitenote_note":"","_monsterinsights_sitenote_category":0,"_uf_show_specific_survey":0,"_uf_disable_surveys":false,"footnotes":""},"categories":[1119,1161,1],"tags":[571,459,581,83,573,582],"class_list":["post-25528","post","type-post","status-publish","format-standard","has-post-thumbnail","hentry","category-activitats-comissions-grups-de-treball","category-comissio-reduint-petjada","category-sense-categoria","tag-jornades-anticapitalistes","tag-medi-ambient","tag-miquel-vilamitjana","tag-reduint-petjada","tag-sobirania-alimentaria","tag-som-lo-que-sembrem"],"yoast_head":"<!-- This site is optimized with the Yoast SEO plugin v27.4 - https:\/\/yoast.com\/product\/yoast-seo-wordpress\/ -->\n<title>Programa de les Jornades de sobirania aliment\u00e0ria - Esplac<\/title>\n<meta name=\"robots\" content=\"index, follow, max-snippet:-1, max-image-preview:large, max-video-preview:-1\" \/>\n<link rel=\"canonical\" href=\"https:\/\/www.esplac.cat\/en\/programa-de-les-jornades-de-sobirania-alimentaria\/\" \/>\n<meta property=\"og:locale\" content=\"es_ES\" \/>\n<meta property=\"og:type\" content=\"article\" \/>\n<meta property=\"og:title\" content=\"Programa de les Jornades de sobirania aliment\u00e0ria - Esplac\" \/>\n<meta property=\"og:description\" content=\"Des de la comissi\u00f3 Reduint Petjada, hem decidit que cal [&hellip;]\" \/>\n<meta property=\"og:url\" content=\"https:\/\/www.esplac.cat\/en\/programa-de-les-jornades-de-sobirania-alimentaria\/\" \/>\n<meta property=\"og:site_name\" content=\"Esplac\" \/>\n<meta property=\"article:published_time\" content=\"2015-10-19T16:49:09+00:00\" \/>\n<meta property=\"article:modified_time\" content=\"2019-11-14T11:17:45+00:00\" \/>\n<meta property=\"og:image\" content=\"https:\/\/www.esplac.cat\/wp-content\/uploads\/2015\/10\/20151019_Jornades-Red_Petj2.jpg\" \/>\n\t<meta property=\"og:image:width\" content=\"847\" \/>\n\t<meta property=\"og:image:height\" content=\"350\" \/>\n\t<meta property=\"og:image:type\" content=\"image\/jpeg\" \/>\n<meta name=\"author\" content=\"Comunicaci\u00f3 Esplac\" \/>\n<meta name=\"twitter:card\" content=\"summary_large_image\" \/>\n<meta name=\"twitter:label1\" content=\"Escrito por\" \/>\n\t<meta name=\"twitter:data1\" content=\"Comunicaci\u00f3 Esplac\" \/>\n\t<meta name=\"twitter:label2\" content=\"Tiempo de lectura\" \/>\n\t<meta name=\"twitter:data2\" content=\"1 minuto\" \/>\n<script type=\"application\/ld+json\" class=\"yoast-schema-graph\">{\"@context\":\"https:\\\/\\\/schema.org\",\"@graph\":[{\"@type\":\"Article\",\"@id\":\"https:\\\/\\\/www.esplac.cat\\\/en\\\/programa-de-les-jornades-de-sobirania-alimentaria\\\/#article\",\"isPartOf\":{\"@id\":\"https:\\\/\\\/www.esplac.cat\\\/en\\\/programa-de-les-jornades-de-sobirania-alimentaria\\\/\"},\"author\":{\"name\":\"Comunicaci\u00f3 Esplac\",\"@id\":\"https:\\\/\\\/www.esplac.cat\\\/#\\\/schema\\\/person\\\/908383cf240be18b68f8855d0583faca\"},\"headline\":\"Programa de les Jornades de sobirania aliment\u00e0ria\",\"datePublished\":\"2015-10-19T16:49:09+00:00\",\"dateModified\":\"2019-11-14T11:17:45+00:00\",\"mainEntityOfPage\":{\"@id\":\"https:\\\/\\\/www.esplac.cat\\\/en\\\/programa-de-les-jornades-de-sobirania-alimentaria\\\/\"},\"wordCount\":236,\"commentCount\":0,\"publisher\":{\"@id\":\"https:\\\/\\\/www.esplac.cat\\\/#organization\"},\"image\":{\"@id\":\"https:\\\/\\\/www.esplac.cat\\\/en\\\/programa-de-les-jornades-de-sobirania-alimentaria\\\/#primaryimage\"},\"thumbnailUrl\":\"https:\\\/\\\/www.esplac.cat\\\/wp-content\\\/uploads\\\/2015\\\/10\\\/20151019_Jornades-Red_Petj2.jpg\",\"keywords\":[\"jornades anticapitalistes\",\"medi ambient\",\"Miquel Vilamitjana\",\"reduint petjada\",\"sobirania aliment\u00e0ria\",\"som lo que sembrem\"],\"articleSection\":[\"Activitats comissions i grups de treball\",\"Comissi\u00f3 Reduint Petjada\",\"Sense categoria\"],\"inLanguage\":\"es\",\"potentialAction\":[{\"@type\":\"CommentAction\",\"name\":\"Comment\",\"target\":[\"https:\\\/\\\/www.esplac.cat\\\/en\\\/programa-de-les-jornades-de-sobirania-alimentaria\\\/#respond\"]}]},{\"@type\":\"WebPage\",\"@id\":\"https:\\\/\\\/www.esplac.cat\\\/en\\\/programa-de-les-jornades-de-sobirania-alimentaria\\\/\",\"url\":\"https:\\\/\\\/www.esplac.cat\\\/en\\\/programa-de-les-jornades-de-sobirania-alimentaria\\\/\",\"name\":\"Programa de les Jornades de sobirania aliment\u00e0ria - Esplac\",\"isPartOf\":{\"@id\":\"https:\\\/\\\/www.esplac.cat\\\/#website\"},\"primaryImageOfPage\":{\"@id\":\"https:\\\/\\\/www.esplac.cat\\\/en\\\/programa-de-les-jornades-de-sobirania-alimentaria\\\/#primaryimage\"},\"image\":{\"@id\":\"https:\\\/\\\/www.esplac.cat\\\/en\\\/programa-de-les-jornades-de-sobirania-alimentaria\\\/#primaryimage\"},\"thumbnailUrl\":\"https:\\\/\\\/www.esplac.cat\\\/wp-content\\\/uploads\\\/2015\\\/10\\\/20151019_Jornades-Red_Petj2.jpg\",\"datePublished\":\"2015-10-19T16:49:09+00:00\",\"dateModified\":\"2019-11-14T11:17:45+00:00\",\"breadcrumb\":{\"@id\":\"https:\\\/\\\/www.esplac.cat\\\/en\\\/programa-de-les-jornades-de-sobirania-alimentaria\\\/#breadcrumb\"},\"inLanguage\":\"es\",\"potentialAction\":[{\"@type\":\"ReadAction\",\"target\":[\"https:\\\/\\\/www.esplac.cat\\\/en\\\/programa-de-les-jornades-de-sobirania-alimentaria\\\/\"]}]},{\"@type\":\"ImageObject\",\"inLanguage\":\"es\",\"@id\":\"https:\\\/\\\/www.esplac.cat\\\/en\\\/programa-de-les-jornades-de-sobirania-alimentaria\\\/#primaryimage\",\"url\":\"https:\\\/\\\/www.esplac.cat\\\/wp-content\\\/uploads\\\/2015\\\/10\\\/20151019_Jornades-Red_Petj2.jpg\",\"contentUrl\":\"https:\\\/\\\/www.esplac.cat\\\/wp-content\\\/uploads\\\/2015\\\/10\\\/20151019_Jornades-Red_Petj2.jpg\",\"width\":847,\"height\":350},{\"@type\":\"BreadcrumbList\",\"@id\":\"https:\\\/\\\/www.esplac.cat\\\/en\\\/programa-de-les-jornades-de-sobirania-alimentaria\\\/#breadcrumb\",\"itemListElement\":[{\"@type\":\"ListItem\",\"position\":1,\"name\":\"Inici\",\"item\":\"https:\\\/\\\/www.esplac.cat\\\/es\\\/\"},{\"@type\":\"ListItem\",\"position\":2,\"name\":\"Programa de les Jornades de sobirania aliment\u00e0ria\"}]},{\"@type\":\"WebSite\",\"@id\":\"https:\\\/\\\/www.esplac.cat\\\/#website\",\"url\":\"https:\\\/\\\/www.esplac.cat\\\/\",\"name\":\"Esplac\",\"description\":\"Esplais Catalans\",\"publisher\":{\"@id\":\"https:\\\/\\\/www.esplac.cat\\\/#organization\"},\"potentialAction\":[{\"@type\":\"SearchAction\",\"target\":{\"@type\":\"EntryPoint\",\"urlTemplate\":\"https:\\\/\\\/www.esplac.cat\\\/?s={search_term_string}\"},\"query-input\":{\"@type\":\"PropertyValueSpecification\",\"valueRequired\":true,\"valueName\":\"search_term_string\"}}],\"inLanguage\":\"es\"},{\"@type\":\"Organization\",\"@id\":\"https:\\\/\\\/www.esplac.cat\\\/#organization\",\"name\":\"Esplac\",\"url\":\"https:\\\/\\\/www.esplac.cat\\\/\",\"logo\":{\"@type\":\"ImageObject\",\"inLanguage\":\"es\",\"@id\":\"https:\\\/\\\/www.esplac.cat\\\/#\\\/schema\\\/logo\\\/image\\\/\",\"url\":\"https:\\\/\\\/www.esplac.cat\\\/wp-content\\\/uploads\\\/2019\\\/08\\\/logox2.png\",\"contentUrl\":\"https:\\\/\\\/www.esplac.cat\\\/wp-content\\\/uploads\\\/2019\\\/08\\\/logox2.png\",\"width\":600,\"height\":295,\"caption\":\"Esplac\"},\"image\":{\"@id\":\"https:\\\/\\\/www.esplac.cat\\\/#\\\/schema\\\/logo\\\/image\\\/\"}},{\"@type\":\"Person\",\"@id\":\"https:\\\/\\\/www.esplac.cat\\\/#\\\/schema\\\/person\\\/908383cf240be18b68f8855d0583faca\",\"name\":\"Comunicaci\u00f3 Esplac\",\"image\":{\"@type\":\"ImageObject\",\"inLanguage\":\"es\",\"@id\":\"https:\\\/\\\/secure.gravatar.com\\\/avatar\\\/7a4cf8feb412a76ea4a740ca02d95b06b2907b5a6c648c2dd0a1082a093c3141?s=96&d=mm&r=g\",\"url\":\"https:\\\/\\\/secure.gravatar.com\\\/avatar\\\/7a4cf8feb412a76ea4a740ca02d95b06b2907b5a6c648c2dd0a1082a093c3141?s=96&d=mm&r=g\",\"contentUrl\":\"https:\\\/\\\/secure.gravatar.com\\\/avatar\\\/7a4cf8feb412a76ea4a740ca02d95b06b2907b5a6c648c2dd0a1082a093c3141?s=96&d=mm&r=g\",\"caption\":\"Comunicaci\u00f3 Esplac\"}}]}<\/script>\n<!-- \/ Yoast SEO plugin. -->","yoast_head_json":{"title":"Programa de les Jornades de sobirania aliment\u00e0ria - Esplac","robots":{"index":"index","follow":"follow","max-snippet":"max-snippet:-1","max-image-preview":"max-image-preview:large","max-video-preview":"max-video-preview:-1"},"canonical":"https:\/\/www.esplac.cat\/en\/programa-de-les-jornades-de-sobirania-alimentaria\/","og_locale":"es_ES","og_type":"article","og_title":"Programa de les Jornades de sobirania aliment\u00e0ria - Esplac","og_description":"Des de la comissi\u00f3 Reduint Petjada, hem decidit que cal [&hellip;]","og_url":"https:\/\/www.esplac.cat\/en\/programa-de-les-jornades-de-sobirania-alimentaria\/","og_site_name":"Esplac","article_published_time":"2015-10-19T16:49:09+00:00","article_modified_time":"2019-11-14T11:17:45+00:00","og_image":[{"width":847,"height":350,"url":"https:\/\/www.esplac.cat\/wp-content\/uploads\/2015\/10\/20151019_Jornades-Red_Petj2.jpg","type":"image\/jpeg"}],"author":"Comunicaci\u00f3 Esplac","twitter_card":"summary_large_image","twitter_misc":{"Escrito por":"Comunicaci\u00f3 Esplac","Tiempo de lectura":"1 minuto"},"schema":{"@context":"https:\/\/schema.org","@graph":[{"@type":"Article","@id":"https:\/\/www.esplac.cat\/en\/programa-de-les-jornades-de-sobirania-alimentaria\/#article","isPartOf":{"@id":"https:\/\/www.esplac.cat\/en\/programa-de-les-jornades-de-sobirania-alimentaria\/"},"author":{"name":"Comunicaci\u00f3 Esplac","@id":"https:\/\/www.esplac.cat\/#\/schema\/person\/908383cf240be18b68f8855d0583faca"},"headline":"Programa de les Jornades de sobirania aliment\u00e0ria","datePublished":"2015-10-19T16:49:09+00:00","dateModified":"2019-11-14T11:17:45+00:00","mainEntityOfPage":{"@id":"https:\/\/www.esplac.cat\/en\/programa-de-les-jornades-de-sobirania-alimentaria\/"},"wordCount":236,"commentCount":0,"publisher":{"@id":"https:\/\/www.esplac.cat\/#organization"},"image":{"@id":"https:\/\/www.esplac.cat\/en\/programa-de-les-jornades-de-sobirania-alimentaria\/#primaryimage"},"thumbnailUrl":"https:\/\/www.esplac.cat\/wp-content\/uploads\/2015\/10\/20151019_Jornades-Red_Petj2.jpg","keywords":["jornades anticapitalistes","medi ambient","Miquel Vilamitjana","reduint petjada","sobirania aliment\u00e0ria","som lo que sembrem"],"articleSection":["Activitats comissions i grups de treball","Comissi\u00f3 Reduint Petjada","Sense categoria"],"inLanguage":"es","potentialAction":[{"@type":"CommentAction","name":"Comment","target":["https:\/\/www.esplac.cat\/en\/programa-de-les-jornades-de-sobirania-alimentaria\/#respond"]}]},{"@type":"WebPage","@id":"https:\/\/www.esplac.cat\/en\/programa-de-les-jornades-de-sobirania-alimentaria\/","url":"https:\/\/www.esplac.cat\/en\/programa-de-les-jornades-de-sobirania-alimentaria\/","name":"Programa de les Jornades de sobirania aliment\u00e0ria - Esplac","isPartOf":{"@id":"https:\/\/www.esplac.cat\/#website"},"primaryImageOfPage":{"@id":"https:\/\/www.esplac.cat\/en\/programa-de-les-jornades-de-sobirania-alimentaria\/#primaryimage"},"image":{"@id":"https:\/\/www.esplac.cat\/en\/programa-de-les-jornades-de-sobirania-alimentaria\/#primaryimage"},"thumbnailUrl":"https:\/\/www.esplac.cat\/wp-content\/uploads\/2015\/10\/20151019_Jornades-Red_Petj2.jpg","datePublished":"2015-10-19T16:49:09+00:00","dateModified":"2019-11-14T11:17:45+00:00","breadcrumb":{"@id":"https:\/\/www.esplac.cat\/en\/programa-de-les-jornades-de-sobirania-alimentaria\/#breadcrumb"},"inLanguage":"es","potentialAction":[{"@type":"ReadAction","target":["https:\/\/www.esplac.cat\/en\/programa-de-les-jornades-de-sobirania-alimentaria\/"]}]},{"@type":"ImageObject","inLanguage":"es","@id":"https:\/\/www.esplac.cat\/en\/programa-de-les-jornades-de-sobirania-alimentaria\/#primaryimage","url":"https:\/\/www.esplac.cat\/wp-content\/uploads\/2015\/10\/20151019_Jornades-Red_Petj2.jpg","contentUrl":"https:\/\/www.esplac.cat\/wp-content\/uploads\/2015\/10\/20151019_Jornades-Red_Petj2.jpg","width":847,"height":350},{"@type":"BreadcrumbList","@id":"https:\/\/www.esplac.cat\/en\/programa-de-les-jornades-de-sobirania-alimentaria\/#breadcrumb","itemListElement":[{"@type":"ListItem","position":1,"name":"Inici","item":"https:\/\/www.esplac.cat\/es\/"},{"@type":"ListItem","position":2,"name":"Programa de les Jornades de sobirania aliment\u00e0ria"}]},{"@type":"WebSite","@id":"https:\/\/www.esplac.cat\/#website","url":"https:\/\/www.esplac.cat\/","name":"Esplac","description":"Esplais Catalans","publisher":{"@id":"https:\/\/www.esplac.cat\/#organization"},"potentialAction":[{"@type":"SearchAction","target":{"@type":"EntryPoint","urlTemplate":"https:\/\/www.esplac.cat\/?s={search_term_string}"},"query-input":{"@type":"PropertyValueSpecification","valueRequired":true,"valueName":"search_term_string"}}],"inLanguage":"es"},{"@type":"Organization","@id":"https:\/\/www.esplac.cat\/#organization","name":"Esplac","url":"https:\/\/www.esplac.cat\/","logo":{"@type":"ImageObject","inLanguage":"es","@id":"https:\/\/www.esplac.cat\/#\/schema\/logo\/image\/","url":"https:\/\/www.esplac.cat\/wp-content\/uploads\/2019\/08\/logox2.png","contentUrl":"https:\/\/www.esplac.cat\/wp-content\/uploads\/2019\/08\/logox2.png","width":600,"height":295,"caption":"Esplac"},"image":{"@id":"https:\/\/www.esplac.cat\/#\/schema\/logo\/image\/"}},{"@type":"Person","@id":"https:\/\/www.esplac.cat\/#\/schema\/person\/908383cf240be18b68f8855d0583faca","name":"Comunicaci\u00f3 Esplac","image":{"@type":"ImageObject","inLanguage":"es","@id":"https:\/\/secure.gravatar.com\/avatar\/7a4cf8feb412a76ea4a740ca02d95b06b2907b5a6c648c2dd0a1082a093c3141?s=96&d=mm&r=g","url":"https:\/\/secure.gravatar.com\/avatar\/7a4cf8feb412a76ea4a740ca02d95b06b2907b5a6c648c2dd0a1082a093c3141?s=96&d=mm&r=g","contentUrl":"https:\/\/secure.gravatar.com\/avatar\/7a4cf8feb412a76ea4a740ca02d95b06b2907b5a6c648c2dd0a1082a093c3141?s=96&d=mm&r=g","caption":"Comunicaci\u00f3 Esplac"}}]}},"_links":{"self":[{"href":"https:\/\/www.esplac.cat\/es\/wp-json\/wp\/v2\/posts\/25528","targetHints":{"allow":["GET"]}}],"collection":[{"href":"https:\/\/www.esplac.cat\/es\/wp-json\/wp\/v2\/posts"}],"about":[{"href":"https:\/\/www.esplac.cat\/es\/wp-json\/wp\/v2\/types\/post"}],"author":[{"embeddable":true,"href":"https:\/\/www.esplac.cat\/es\/wp-json\/wp\/v2\/users\/3"}],"replies":[{"embeddable":true,"href":"https:\/\/www.esplac.cat\/es\/wp-json\/wp\/v2\/comments?post=25528"}],"version-history":[{"count":0,"href":"https:\/\/www.esplac.cat\/es\/wp-json\/wp\/v2\/posts\/25528\/revisions"}],"wp:featuredmedia":[{"embeddable":true,"href":"https:\/\/www.esplac.cat\/es\/wp-json\/wp\/v2\/media\/25529"}],"wp:attachment":[{"href":"https:\/\/www.esplac.cat\/es\/wp-json\/wp\/v2\/media?parent=25528"}],"wp:term":[{"taxonomy":"category","embeddable":true,"href":"https:\/\/www.esplac.cat\/es\/wp-json\/wp\/v2\/categories?post=25528"},{"taxonomy":"post_tag","embeddable":true,"href":"https:\/\/www.esplac.cat\/es\/wp-json\/wp\/v2\/tags?post=25528"}],"curies":[{"name":"wp","href":"https:\/\/api.w.org\/{rel}","templated":true}]}}