{"id":25546,"date":"2015-10-09T15:03:44","date_gmt":"2015-10-09T13:03:44","guid":{"rendered":"http:\/\/esplac.cat\/?p=7048"},"modified":"2015-10-09T15:03:44","modified_gmt":"2015-10-09T13:03:44","slug":"trobada-de-monitores-del-sector-barcelona-obrim-inscripcions","status":"publish","type":"post","link":"https:\/\/www.esplac.cat\/es\/trobada-de-monitores-del-sector-barcelona-obrim-inscripcions\/","title":{"rendered":"Trobada de Monitores del Sector Barcelona: Obrim inscripcions!"},"content":{"rendered":"<p class=\"p1\">Despr\u00e9s d&#8217;un treball continuat des de mitjans del curs passat, la <b>Trobada de Monitores del Sector Barcelona<\/b> ja va agafant forma! La comissi\u00f3 ha\u00a0agafat el projecte amb moltes ganes i motivaci\u00f3, procurant aconseguir el m\u00e0xim de consens entre tots els esplais del sector a l&#8217;hora d&#8217;organitzar i gestionar aquesta activitat!<\/p>\n<p class=\"p1\">Donant resposta al Pla de Treball del Sector, la Trobada no la farem en una casa de col\u00f2nies -com la <strong><a href=\"http:\/\/esplac.cat\/mes-de-160-esplaieros-i-esplaieres-a-la-trobada-de-monis-de-barcelona\/\"><span class=\"s1\">Trobada del 2014<\/span><\/a><\/strong><span class=\"s2\">&#8211;<\/span> sin\u00f3 en diferents espais del municipi de <a href=\"http:\/\/www.caldetes.cat\/portada.php\"><span class=\"s1\">Caldes d&#8217;Estrac<\/span><\/a><span class=\"s2\">; aconseguint, aix\u00ed\u00a0<\/span><b>visibilitzar la tasca educativa dels esplais<\/b> i aconseguir m\u00e9s <b>reconeixement p\u00fablic<\/b>.<\/p>\n<p class=\"p1\">Per aix\u00f2 \u00e9s important seguir amb aquesta din\u00e0mica fins el cap de setmana del 14 i 15 de novembre. En aquest mes i mig que ens queda, cal seguir treballant i recollint l&#8217;opini\u00f3 de tots els esplais que hi participaran. Acabem de tancar un formulari on hem volgut recollir el m\u00e0xim d&#8217;inter\u00e8s de les monitores i monitors dels esplais -de manera individual- respecte les formacions i tallers en els qu\u00e8 ens agradaria participar durant la trobada.<\/p>\n<p class=\"p1\"><strong>A partir d&#8217;avui, 9 d&#8217;octubre, obrim inscripcions per la trobada<\/strong>, mitjan\u00e7ant un formularis que hem enviat\u00a0als esplais de Barcelona per\u00a0correu! <strong>Us podeu inscriure fins el 25 d&#8217;octubre!!<\/strong><\/p>\n<p class=\"p1\">Enguany, tindrem formacions i sopar de germanor dissabte a la tarda-vespre. Com a novetats, farem activitats muscials a la nit! I el diumenge pel mat\u00ed, crearem diferents espais autogestionats per les monitores del sector, amb tallers de circ i torneigs a la platja; tancarem la Trobada amb un dinar popular al mig del poble i amb una sobretaula amb moltes sorpreses!<\/p>\n","protected":false},"excerpt":{"rendered":"<p>Despr\u00e9s d&#8217;un treball continuat des de mitjans del curs passat, [&hellip;]<\/p>\n","protected":false},"author":3,"featured_media":25547,"comment_status":"open","ping_status":"open","sticky":false,"template":"","format":"standard","meta":{"om_disable_all_campaigns":false,"_monsterinsights_skip_tracking":false,"_monsterinsights_sitenote_active":false,"_monsterinsights_sitenote_note":"","_monsterinsights_sitenote_category":0,"_uf_show_specific_survey":0,"_uf_disable_surveys":false,"footnotes":""},"categories":[1110,1128],"tags":[481,225,211,119,574,575],"class_list":["post-25546","post","type-post","status-publish","format-standard","has-post-thumbnail","hentry","category-activitats-sectors","category-sector-barcelona","tag-barcelona","tag-inscripcions","tag-monitores","tag-sector-barcelona","tag-tm","tag-trobada-monitors"],"yoast_head":"<!-- This site is optimized with the Yoast SEO plugin v27.5 - https:\/\/yoast.com\/product\/yoast-seo-wordpress\/ -->\n<title>Trobada de Monitores del Sector Barcelona: Obrim inscripcions! - Esplac<\/title>\n<meta name=\"robots\" content=\"index, follow, max-snippet:-1, max-image-preview:large, max-video-preview:-1\" \/>\n<link rel=\"canonical\" href=\"https:\/\/www.esplac.cat\/trobada-de-monitores-del-sector-barcelona-obrim-inscripcions\/\" \/>\n<meta property=\"og:locale\" content=\"es_ES\" \/>\n<meta property=\"og:type\" content=\"article\" \/>\n<meta property=\"og:title\" content=\"Trobada de Monitores del Sector Barcelona: Obrim inscripcions! - Esplac\" \/>\n<meta property=\"og:description\" content=\"Despr\u00e9s d&#8217;un treball continuat des de mitjans del curs passat, [&hellip;]\" \/>\n<meta property=\"og:url\" content=\"https:\/\/www.esplac.cat\/trobada-de-monitores-del-sector-barcelona-obrim-inscripcions\/\" \/>\n<meta property=\"og:site_name\" content=\"Esplac\" \/>\n<meta property=\"article:published_time\" content=\"2015-10-09T13:03:44+00:00\" \/>\n<meta property=\"og:image\" content=\"https:\/\/www.esplac.cat\/wp-content\/uploads\/2015\/10\/20151009_TM_Bcn.jpg\" \/>\n\t<meta property=\"og:image:width\" content=\"847\" \/>\n\t<meta property=\"og:image:height\" content=\"350\" \/>\n\t<meta property=\"og:image:type\" content=\"image\/jpeg\" \/>\n<meta name=\"author\" content=\"Comunicaci\u00f3 Esplac\" \/>\n<meta name=\"twitter:card\" content=\"summary_large_image\" \/>\n<meta name=\"twitter:label1\" content=\"Escrito por\" \/>\n\t<meta name=\"twitter:data1\" content=\"Comunicaci\u00f3 Esplac\" \/>\n\t<meta name=\"twitter:label2\" content=\"Tiempo de lectura\" \/>\n\t<meta name=\"twitter:data2\" content=\"1 minuto\" \/>\n<script type=\"application\/ld+json\" class=\"yoast-schema-graph\">{\"@context\":\"https:\\\/\\\/schema.org\",\"@graph\":[{\"@type\":\"Article\",\"@id\":\"https:\\\/\\\/www.esplac.cat\\\/trobada-de-monitores-del-sector-barcelona-obrim-inscripcions\\\/#article\",\"isPartOf\":{\"@id\":\"https:\\\/\\\/www.esplac.cat\\\/trobada-de-monitores-del-sector-barcelona-obrim-inscripcions\\\/\"},\"author\":{\"name\":\"Comunicaci\u00f3 Esplac\",\"@id\":\"https:\\\/\\\/www.esplac.cat\\\/#\\\/schema\\\/person\\\/908383cf240be18b68f8855d0583faca\"},\"headline\":\"Trobada de Monitores del Sector Barcelona: Obrim inscripcions!\",\"datePublished\":\"2015-10-09T13:03:44+00:00\",\"mainEntityOfPage\":{\"@id\":\"https:\\\/\\\/www.esplac.cat\\\/trobada-de-monitores-del-sector-barcelona-obrim-inscripcions\\\/\"},\"wordCount\":284,\"commentCount\":0,\"publisher\":{\"@id\":\"https:\\\/\\\/www.esplac.cat\\\/#organization\"},\"image\":{\"@id\":\"https:\\\/\\\/www.esplac.cat\\\/trobada-de-monitores-del-sector-barcelona-obrim-inscripcions\\\/#primaryimage\"},\"thumbnailUrl\":\"https:\\\/\\\/www.esplac.cat\\\/wp-content\\\/uploads\\\/2015\\\/10\\\/20151009_TM_Bcn.jpg\",\"keywords\":[\"barcelona\",\"inscripcions\",\"monitores\",\"sector Barcelona\",\"TM\",\"trobada monitors\"],\"articleSection\":[\"Activitats sectors\",\"Sector Barcelona\"],\"inLanguage\":\"es\",\"potentialAction\":[{\"@type\":\"CommentAction\",\"name\":\"Comment\",\"target\":[\"https:\\\/\\\/www.esplac.cat\\\/trobada-de-monitores-del-sector-barcelona-obrim-inscripcions\\\/#respond\"]}]},{\"@type\":\"WebPage\",\"@id\":\"https:\\\/\\\/www.esplac.cat\\\/trobada-de-monitores-del-sector-barcelona-obrim-inscripcions\\\/\",\"url\":\"https:\\\/\\\/www.esplac.cat\\\/trobada-de-monitores-del-sector-barcelona-obrim-inscripcions\\\/\",\"name\":\"Trobada de Monitores del Sector Barcelona: Obrim inscripcions! - Esplac\",\"isPartOf\":{\"@id\":\"https:\\\/\\\/www.esplac.cat\\\/#website\"},\"primaryImageOfPage\":{\"@id\":\"https:\\\/\\\/www.esplac.cat\\\/trobada-de-monitores-del-sector-barcelona-obrim-inscripcions\\\/#primaryimage\"},\"image\":{\"@id\":\"https:\\\/\\\/www.esplac.cat\\\/trobada-de-monitores-del-sector-barcelona-obrim-inscripcions\\\/#primaryimage\"},\"thumbnailUrl\":\"https:\\\/\\\/www.esplac.cat\\\/wp-content\\\/uploads\\\/2015\\\/10\\\/20151009_TM_Bcn.jpg\",\"datePublished\":\"2015-10-09T13:03:44+00:00\",\"breadcrumb\":{\"@id\":\"https:\\\/\\\/www.esplac.cat\\\/trobada-de-monitores-del-sector-barcelona-obrim-inscripcions\\\/#breadcrumb\"},\"inLanguage\":\"es\",\"potentialAction\":[{\"@type\":\"ReadAction\",\"target\":[\"https:\\\/\\\/www.esplac.cat\\\/trobada-de-monitores-del-sector-barcelona-obrim-inscripcions\\\/\"]}]},{\"@type\":\"ImageObject\",\"inLanguage\":\"es\",\"@id\":\"https:\\\/\\\/www.esplac.cat\\\/trobada-de-monitores-del-sector-barcelona-obrim-inscripcions\\\/#primaryimage\",\"url\":\"https:\\\/\\\/www.esplac.cat\\\/wp-content\\\/uploads\\\/2015\\\/10\\\/20151009_TM_Bcn.jpg\",\"contentUrl\":\"https:\\\/\\\/www.esplac.cat\\\/wp-content\\\/uploads\\\/2015\\\/10\\\/20151009_TM_Bcn.jpg\",\"width\":847,\"height\":350},{\"@type\":\"BreadcrumbList\",\"@id\":\"https:\\\/\\\/www.esplac.cat\\\/trobada-de-monitores-del-sector-barcelona-obrim-inscripcions\\\/#breadcrumb\",\"itemListElement\":[{\"@type\":\"ListItem\",\"position\":1,\"name\":\"Inici\",\"item\":\"https:\\\/\\\/www.esplac.cat\\\/es\\\/\"},{\"@type\":\"ListItem\",\"position\":2,\"name\":\"Trobada de Monitores del Sector Barcelona: Obrim inscripcions!\"}]},{\"@type\":\"WebSite\",\"@id\":\"https:\\\/\\\/www.esplac.cat\\\/#website\",\"url\":\"https:\\\/\\\/www.esplac.cat\\\/\",\"name\":\"Esplac\",\"description\":\"Esplais Catalans\",\"publisher\":{\"@id\":\"https:\\\/\\\/www.esplac.cat\\\/#organization\"},\"potentialAction\":[{\"@type\":\"SearchAction\",\"target\":{\"@type\":\"EntryPoint\",\"urlTemplate\":\"https:\\\/\\\/www.esplac.cat\\\/?s={search_term_string}\"},\"query-input\":{\"@type\":\"PropertyValueSpecification\",\"valueRequired\":true,\"valueName\":\"search_term_string\"}}],\"inLanguage\":\"es\"},{\"@type\":\"Organization\",\"@id\":\"https:\\\/\\\/www.esplac.cat\\\/#organization\",\"name\":\"Esplac\",\"url\":\"https:\\\/\\\/www.esplac.cat\\\/\",\"logo\":{\"@type\":\"ImageObject\",\"inLanguage\":\"es\",\"@id\":\"https:\\\/\\\/www.esplac.cat\\\/#\\\/schema\\\/logo\\\/image\\\/\",\"url\":\"https:\\\/\\\/www.esplac.cat\\\/wp-content\\\/uploads\\\/2019\\\/08\\\/logox2.png\",\"contentUrl\":\"https:\\\/\\\/www.esplac.cat\\\/wp-content\\\/uploads\\\/2019\\\/08\\\/logox2.png\",\"width\":600,\"height\":295,\"caption\":\"Esplac\"},\"image\":{\"@id\":\"https:\\\/\\\/www.esplac.cat\\\/#\\\/schema\\\/logo\\\/image\\\/\"}},{\"@type\":\"Person\",\"@id\":\"https:\\\/\\\/www.esplac.cat\\\/#\\\/schema\\\/person\\\/908383cf240be18b68f8855d0583faca\",\"name\":\"Comunicaci\u00f3 Esplac\",\"image\":{\"@type\":\"ImageObject\",\"inLanguage\":\"es\",\"@id\":\"https:\\\/\\\/secure.gravatar.com\\\/avatar\\\/7a4cf8feb412a76ea4a740ca02d95b06b2907b5a6c648c2dd0a1082a093c3141?s=96&d=mm&r=g\",\"url\":\"https:\\\/\\\/secure.gravatar.com\\\/avatar\\\/7a4cf8feb412a76ea4a740ca02d95b06b2907b5a6c648c2dd0a1082a093c3141?s=96&d=mm&r=g\",\"contentUrl\":\"https:\\\/\\\/secure.gravatar.com\\\/avatar\\\/7a4cf8feb412a76ea4a740ca02d95b06b2907b5a6c648c2dd0a1082a093c3141?s=96&d=mm&r=g\",\"caption\":\"Comunicaci\u00f3 Esplac\"}}]}<\/script>\n<!-- \/ Yoast SEO plugin. -->","yoast_head_json":{"title":"Trobada de Monitores del Sector Barcelona: Obrim inscripcions! - Esplac","robots":{"index":"index","follow":"follow","max-snippet":"max-snippet:-1","max-image-preview":"max-image-preview:large","max-video-preview":"max-video-preview:-1"},"canonical":"https:\/\/www.esplac.cat\/trobada-de-monitores-del-sector-barcelona-obrim-inscripcions\/","og_locale":"es_ES","og_type":"article","og_title":"Trobada de Monitores del Sector Barcelona: Obrim inscripcions! - Esplac","og_description":"Despr\u00e9s d&#8217;un treball continuat des de mitjans del curs passat, [&hellip;]","og_url":"https:\/\/www.esplac.cat\/trobada-de-monitores-del-sector-barcelona-obrim-inscripcions\/","og_site_name":"Esplac","article_published_time":"2015-10-09T13:03:44+00:00","og_image":[{"width":847,"height":350,"url":"https:\/\/www.esplac.cat\/wp-content\/uploads\/2015\/10\/20151009_TM_Bcn.jpg","type":"image\/jpeg"}],"author":"Comunicaci\u00f3 Esplac","twitter_card":"summary_large_image","twitter_misc":{"Escrito por":"Comunicaci\u00f3 Esplac","Tiempo de lectura":"1 minuto"},"schema":{"@context":"https:\/\/schema.org","@graph":[{"@type":"Article","@id":"https:\/\/www.esplac.cat\/trobada-de-monitores-del-sector-barcelona-obrim-inscripcions\/#article","isPartOf":{"@id":"https:\/\/www.esplac.cat\/trobada-de-monitores-del-sector-barcelona-obrim-inscripcions\/"},"author":{"name":"Comunicaci\u00f3 Esplac","@id":"https:\/\/www.esplac.cat\/#\/schema\/person\/908383cf240be18b68f8855d0583faca"},"headline":"Trobada de Monitores del Sector Barcelona: Obrim inscripcions!","datePublished":"2015-10-09T13:03:44+00:00","mainEntityOfPage":{"@id":"https:\/\/www.esplac.cat\/trobada-de-monitores-del-sector-barcelona-obrim-inscripcions\/"},"wordCount":284,"commentCount":0,"publisher":{"@id":"https:\/\/www.esplac.cat\/#organization"},"image":{"@id":"https:\/\/www.esplac.cat\/trobada-de-monitores-del-sector-barcelona-obrim-inscripcions\/#primaryimage"},"thumbnailUrl":"https:\/\/www.esplac.cat\/wp-content\/uploads\/2015\/10\/20151009_TM_Bcn.jpg","keywords":["barcelona","inscripcions","monitores","sector Barcelona","TM","trobada monitors"],"articleSection":["Activitats sectors","Sector Barcelona"],"inLanguage":"es","potentialAction":[{"@type":"CommentAction","name":"Comment","target":["https:\/\/www.esplac.cat\/trobada-de-monitores-del-sector-barcelona-obrim-inscripcions\/#respond"]}]},{"@type":"WebPage","@id":"https:\/\/www.esplac.cat\/trobada-de-monitores-del-sector-barcelona-obrim-inscripcions\/","url":"https:\/\/www.esplac.cat\/trobada-de-monitores-del-sector-barcelona-obrim-inscripcions\/","name":"Trobada de Monitores del Sector Barcelona: Obrim inscripcions! - Esplac","isPartOf":{"@id":"https:\/\/www.esplac.cat\/#website"},"primaryImageOfPage":{"@id":"https:\/\/www.esplac.cat\/trobada-de-monitores-del-sector-barcelona-obrim-inscripcions\/#primaryimage"},"image":{"@id":"https:\/\/www.esplac.cat\/trobada-de-monitores-del-sector-barcelona-obrim-inscripcions\/#primaryimage"},"thumbnailUrl":"https:\/\/www.esplac.cat\/wp-content\/uploads\/2015\/10\/20151009_TM_Bcn.jpg","datePublished":"2015-10-09T13:03:44+00:00","breadcrumb":{"@id":"https:\/\/www.esplac.cat\/trobada-de-monitores-del-sector-barcelona-obrim-inscripcions\/#breadcrumb"},"inLanguage":"es","potentialAction":[{"@type":"ReadAction","target":["https:\/\/www.esplac.cat\/trobada-de-monitores-del-sector-barcelona-obrim-inscripcions\/"]}]},{"@type":"ImageObject","inLanguage":"es","@id":"https:\/\/www.esplac.cat\/trobada-de-monitores-del-sector-barcelona-obrim-inscripcions\/#primaryimage","url":"https:\/\/www.esplac.cat\/wp-content\/uploads\/2015\/10\/20151009_TM_Bcn.jpg","contentUrl":"https:\/\/www.esplac.cat\/wp-content\/uploads\/2015\/10\/20151009_TM_Bcn.jpg","width":847,"height":350},{"@type":"BreadcrumbList","@id":"https:\/\/www.esplac.cat\/trobada-de-monitores-del-sector-barcelona-obrim-inscripcions\/#breadcrumb","itemListElement":[{"@type":"ListItem","position":1,"name":"Inici","item":"https:\/\/www.esplac.cat\/es\/"},{"@type":"ListItem","position":2,"name":"Trobada de Monitores del Sector Barcelona: Obrim inscripcions!"}]},{"@type":"WebSite","@id":"https:\/\/www.esplac.cat\/#website","url":"https:\/\/www.esplac.cat\/","name":"Esplac","description":"Esplais Catalans","publisher":{"@id":"https:\/\/www.esplac.cat\/#organization"},"potentialAction":[{"@type":"SearchAction","target":{"@type":"EntryPoint","urlTemplate":"https:\/\/www.esplac.cat\/?s={search_term_string}"},"query-input":{"@type":"PropertyValueSpecification","valueRequired":true,"valueName":"search_term_string"}}],"inLanguage":"es"},{"@type":"Organization","@id":"https:\/\/www.esplac.cat\/#organization","name":"Esplac","url":"https:\/\/www.esplac.cat\/","logo":{"@type":"ImageObject","inLanguage":"es","@id":"https:\/\/www.esplac.cat\/#\/schema\/logo\/image\/","url":"https:\/\/www.esplac.cat\/wp-content\/uploads\/2019\/08\/logox2.png","contentUrl":"https:\/\/www.esplac.cat\/wp-content\/uploads\/2019\/08\/logox2.png","width":600,"height":295,"caption":"Esplac"},"image":{"@id":"https:\/\/www.esplac.cat\/#\/schema\/logo\/image\/"}},{"@type":"Person","@id":"https:\/\/www.esplac.cat\/#\/schema\/person\/908383cf240be18b68f8855d0583faca","name":"Comunicaci\u00f3 Esplac","image":{"@type":"ImageObject","inLanguage":"es","@id":"https:\/\/secure.gravatar.com\/avatar\/7a4cf8feb412a76ea4a740ca02d95b06b2907b5a6c648c2dd0a1082a093c3141?s=96&d=mm&r=g","url":"https:\/\/secure.gravatar.com\/avatar\/7a4cf8feb412a76ea4a740ca02d95b06b2907b5a6c648c2dd0a1082a093c3141?s=96&d=mm&r=g","contentUrl":"https:\/\/secure.gravatar.com\/avatar\/7a4cf8feb412a76ea4a740ca02d95b06b2907b5a6c648c2dd0a1082a093c3141?s=96&d=mm&r=g","caption":"Comunicaci\u00f3 Esplac"}}]}},"_links":{"self":[{"href":"https:\/\/www.esplac.cat\/es\/wp-json\/wp\/v2\/posts\/25546","targetHints":{"allow":["GET"]}}],"collection":[{"href":"https:\/\/www.esplac.cat\/es\/wp-json\/wp\/v2\/posts"}],"about":[{"href":"https:\/\/www.esplac.cat\/es\/wp-json\/wp\/v2\/types\/post"}],"author":[{"embeddable":true,"href":"https:\/\/www.esplac.cat\/es\/wp-json\/wp\/v2\/users\/3"}],"replies":[{"embeddable":true,"href":"https:\/\/www.esplac.cat\/es\/wp-json\/wp\/v2\/comments?post=25546"}],"version-history":[{"count":0,"href":"https:\/\/www.esplac.cat\/es\/wp-json\/wp\/v2\/posts\/25546\/revisions"}],"wp:featuredmedia":[{"embeddable":true,"href":"https:\/\/www.esplac.cat\/es\/wp-json\/wp\/v2\/media\/25547"}],"wp:attachment":[{"href":"https:\/\/www.esplac.cat\/es\/wp-json\/wp\/v2\/media?parent=25546"}],"wp:term":[{"taxonomy":"category","embeddable":true,"href":"https:\/\/www.esplac.cat\/es\/wp-json\/wp\/v2\/categories?post=25546"},{"taxonomy":"post_tag","embeddable":true,"href":"https:\/\/www.esplac.cat\/es\/wp-json\/wp\/v2\/tags?post=25546"}],"curies":[{"name":"wp","href":"https:\/\/api.w.org\/{rel}","templated":true}]}}