{"id":25548,"date":"2015-10-08T14:35:17","date_gmt":"2015-10-08T12:35:17","guid":{"rendered":"http:\/\/esplac.cat\/?p=7039"},"modified":"2019-11-14T13:17:38","modified_gmt":"2019-11-14T11:17:38","slug":"ja-son-aqui-les-jornades-de-reduint-petjada","status":"publish","type":"post","link":"https:\/\/www.esplac.cat\/es\/ja-son-aqui-les-jornades-de-reduint-petjada\/","title":{"rendered":"Ja s\u00f3n aqu\u00ed les Jornades de Reduint Petjada!"},"content":{"rendered":"<p class=\"p1\">El proper <b>8 de novembre <\/b>se celebraran les <b>jornades d&#8217;educaci\u00f3 ambiental <\/b>de la comissi\u00f3 Reduint Petjada.<\/p>\n<p class=\"p1\">Seguint el format proposat en l&#8217;edici\u00f3 anterior, us convidem a passar un diumenge de formaci\u00f3, debat i intercanvi d&#8217;experi\u00e8ncies al voltant d&#8217;un tema tan actual com la <b>Sobirania aliment\u00e0ria<\/b>.<\/p>\n<p class=\"p1\">De la m\u00e0 d&#8217;en <b>Miquel Vallmitjana<\/b>, activista ambiental i membre actiu de <strong><a href=\"http:\/\/www.somloquesembrem.org\/\" target=\"_blank\" rel=\"noopener noreferrer\">Som lo que Sembrem<\/a><\/strong>, podrem fer un an\u00e0lisi sobre la producci\u00f3 d&#8217;aliments, la seva proced\u00e8ncia i el paper que tenim les organitzacions de lleure!<\/p>\n<p class=\"p1\">La jornada, que se celebrar\u00e0 a l&#8217;espai Germanetes (Eixample, Barcelona), tindr\u00e0 un format de pon\u00e8ncia, debat i taula rodona al mat\u00ed, dinarem de carmanyola totes plegades per agafar forces i tornar a comen\u00e7ar a la tarda amb una sessi\u00f3 de tallers sobre sobirania aliment\u00e0ria i esplais.<\/p>\n<p class=\"p1\"><a href=\"http:\/\/esplac.cat\/wp-content\/uploads\/2015\/10\/20151009_jornades_reduintPetjada.png\"><img decoding=\"async\" class=\"aligncenter size-medium wp-image-7046\" src=\"http:\/\/esplac.cat\/wp-content\/uploads\/2015\/10\/20151009_jornades_reduintPetjada-360x289.png\" alt=\"20151009_jornades_reduintPetjada\" width=\"360\" height=\"289\" \/><\/a><\/p>\n<p class=\"p1\">Si esteu interessades en participar podeu enviar un correu per fer la preinscripci\u00f3 i rebre tota la informaci\u00f3 a: <strong><a href=\"mailto:barcelonesnord@esplac.cat\"><span class=\"s1\">barcelonesnord@esplac.cat<\/span><\/a>.<\/strong><\/p>\n<p class=\"p1\">Us hi esperem !<\/p>\n","protected":false},"excerpt":{"rendered":"<p>El proper 8 de novembre se celebraran les jornades d&#8217;educaci\u00f3 [&hellip;]<\/p>\n","protected":false},"author":3,"featured_media":25533,"comment_status":"open","ping_status":"open","sticky":false,"template":"","format":"standard","meta":{"om_disable_all_campaigns":false,"_monsterinsights_skip_tracking":false,"_monsterinsights_sitenote_active":false,"_monsterinsights_sitenote_note":"","_monsterinsights_sitenote_category":0,"_uf_show_specific_survey":0,"_uf_disable_surveys":false,"footnotes":""},"categories":[1119,1161,1],"tags":[302,571,572,573],"class_list":["post-25548","post","type-post","status-publish","format-standard","has-post-thumbnail","hentry","category-activitats-comissions-grups-de-treball","category-comissio-reduint-petjada","category-sense-categoria","tag-alimentacio","tag-jornades-anticapitalistes","tag-reduint-petjades","tag-sobirania-alimentaria"],"yoast_head":"<!-- This site is optimized with the Yoast SEO plugin v27.5 - https:\/\/yoast.com\/product\/yoast-seo-wordpress\/ -->\n<title>Ja s\u00f3n aqu\u00ed les Jornades de Reduint Petjada! - Esplac<\/title>\n<meta name=\"robots\" content=\"index, follow, max-snippet:-1, max-image-preview:large, max-video-preview:-1\" \/>\n<link rel=\"canonical\" href=\"https:\/\/www.esplac.cat\/en\/ja-son-aqui-les-jornades-de-reduint-petjada\/\" \/>\n<meta property=\"og:locale\" content=\"es_ES\" \/>\n<meta property=\"og:type\" content=\"article\" \/>\n<meta property=\"og:title\" content=\"Ja s\u00f3n aqu\u00ed les Jornades de Reduint Petjada! - Esplac\" \/>\n<meta property=\"og:description\" content=\"El proper 8 de novembre se celebraran les jornades d&#8217;educaci\u00f3 [&hellip;]\" \/>\n<meta property=\"og:url\" content=\"https:\/\/www.esplac.cat\/en\/ja-son-aqui-les-jornades-de-reduint-petjada\/\" \/>\n<meta property=\"og:site_name\" content=\"Esplac\" \/>\n<meta property=\"article:published_time\" content=\"2015-10-08T12:35:17+00:00\" \/>\n<meta property=\"article:modified_time\" content=\"2019-11-14T11:17:38+00:00\" \/>\n<meta property=\"og:image\" content=\"https:\/\/www.esplac.cat\/wp-content\/uploads\/2015\/10\/20151019_Jornades_Red-Petj.jpg\" \/>\n\t<meta property=\"og:image:width\" content=\"847\" \/>\n\t<meta property=\"og:image:height\" content=\"350\" \/>\n\t<meta property=\"og:image:type\" content=\"image\/jpeg\" \/>\n<meta name=\"author\" content=\"Comunicaci\u00f3 Esplac\" \/>\n<meta name=\"twitter:card\" content=\"summary_large_image\" \/>\n<meta name=\"twitter:label1\" content=\"Escrito por\" \/>\n\t<meta name=\"twitter:data1\" content=\"Comunicaci\u00f3 Esplac\" \/>\n\t<meta name=\"twitter:label2\" content=\"Tiempo de lectura\" \/>\n\t<meta name=\"twitter:data2\" content=\"1 minuto\" \/>\n<script type=\"application\/ld+json\" class=\"yoast-schema-graph\">{\"@context\":\"https:\\\/\\\/schema.org\",\"@graph\":[{\"@type\":\"Article\",\"@id\":\"https:\\\/\\\/www.esplac.cat\\\/en\\\/ja-son-aqui-les-jornades-de-reduint-petjada\\\/#article\",\"isPartOf\":{\"@id\":\"https:\\\/\\\/www.esplac.cat\\\/en\\\/ja-son-aqui-les-jornades-de-reduint-petjada\\\/\"},\"author\":{\"name\":\"Comunicaci\u00f3 Esplac\",\"@id\":\"https:\\\/\\\/www.esplac.cat\\\/#\\\/schema\\\/person\\\/908383cf240be18b68f8855d0583faca\"},\"headline\":\"Ja s\u00f3n aqu\u00ed les Jornades de Reduint Petjada!\",\"datePublished\":\"2015-10-08T12:35:17+00:00\",\"dateModified\":\"2019-11-14T11:17:38+00:00\",\"mainEntityOfPage\":{\"@id\":\"https:\\\/\\\/www.esplac.cat\\\/en\\\/ja-son-aqui-les-jornades-de-reduint-petjada\\\/\"},\"wordCount\":174,\"commentCount\":0,\"publisher\":{\"@id\":\"https:\\\/\\\/www.esplac.cat\\\/#organization\"},\"image\":{\"@id\":\"https:\\\/\\\/www.esplac.cat\\\/en\\\/ja-son-aqui-les-jornades-de-reduint-petjada\\\/#primaryimage\"},\"thumbnailUrl\":\"https:\\\/\\\/www.esplac.cat\\\/wp-content\\\/uploads\\\/2015\\\/10\\\/20151019_Jornades_Red-Petj.jpg\",\"keywords\":[\"alimentaci\u00f3\",\"jornades anticapitalistes\",\"reduint petjades\",\"sobirania aliment\u00e0ria\"],\"articleSection\":[\"Activitats comissions i grups de treball\",\"Comissi\u00f3 Reduint Petjada\",\"Sense categoria\"],\"inLanguage\":\"es\",\"potentialAction\":[{\"@type\":\"CommentAction\",\"name\":\"Comment\",\"target\":[\"https:\\\/\\\/www.esplac.cat\\\/en\\\/ja-son-aqui-les-jornades-de-reduint-petjada\\\/#respond\"]}]},{\"@type\":\"WebPage\",\"@id\":\"https:\\\/\\\/www.esplac.cat\\\/en\\\/ja-son-aqui-les-jornades-de-reduint-petjada\\\/\",\"url\":\"https:\\\/\\\/www.esplac.cat\\\/en\\\/ja-son-aqui-les-jornades-de-reduint-petjada\\\/\",\"name\":\"Ja s\u00f3n aqu\u00ed les Jornades de Reduint Petjada! - Esplac\",\"isPartOf\":{\"@id\":\"https:\\\/\\\/www.esplac.cat\\\/#website\"},\"primaryImageOfPage\":{\"@id\":\"https:\\\/\\\/www.esplac.cat\\\/en\\\/ja-son-aqui-les-jornades-de-reduint-petjada\\\/#primaryimage\"},\"image\":{\"@id\":\"https:\\\/\\\/www.esplac.cat\\\/en\\\/ja-son-aqui-les-jornades-de-reduint-petjada\\\/#primaryimage\"},\"thumbnailUrl\":\"https:\\\/\\\/www.esplac.cat\\\/wp-content\\\/uploads\\\/2015\\\/10\\\/20151019_Jornades_Red-Petj.jpg\",\"datePublished\":\"2015-10-08T12:35:17+00:00\",\"dateModified\":\"2019-11-14T11:17:38+00:00\",\"breadcrumb\":{\"@id\":\"https:\\\/\\\/www.esplac.cat\\\/en\\\/ja-son-aqui-les-jornades-de-reduint-petjada\\\/#breadcrumb\"},\"inLanguage\":\"es\",\"potentialAction\":[{\"@type\":\"ReadAction\",\"target\":[\"https:\\\/\\\/www.esplac.cat\\\/en\\\/ja-son-aqui-les-jornades-de-reduint-petjada\\\/\"]}]},{\"@type\":\"ImageObject\",\"inLanguage\":\"es\",\"@id\":\"https:\\\/\\\/www.esplac.cat\\\/en\\\/ja-son-aqui-les-jornades-de-reduint-petjada\\\/#primaryimage\",\"url\":\"https:\\\/\\\/www.esplac.cat\\\/wp-content\\\/uploads\\\/2015\\\/10\\\/20151019_Jornades_Red-Petj.jpg\",\"contentUrl\":\"https:\\\/\\\/www.esplac.cat\\\/wp-content\\\/uploads\\\/2015\\\/10\\\/20151019_Jornades_Red-Petj.jpg\",\"width\":847,\"height\":350},{\"@type\":\"BreadcrumbList\",\"@id\":\"https:\\\/\\\/www.esplac.cat\\\/en\\\/ja-son-aqui-les-jornades-de-reduint-petjada\\\/#breadcrumb\",\"itemListElement\":[{\"@type\":\"ListItem\",\"position\":1,\"name\":\"Inici\",\"item\":\"https:\\\/\\\/www.esplac.cat\\\/es\\\/\"},{\"@type\":\"ListItem\",\"position\":2,\"name\":\"Ja s\u00f3n aqu\u00ed les Jornades de Reduint Petjada!\"}]},{\"@type\":\"WebSite\",\"@id\":\"https:\\\/\\\/www.esplac.cat\\\/#website\",\"url\":\"https:\\\/\\\/www.esplac.cat\\\/\",\"name\":\"Esplac\",\"description\":\"Esplais Catalans\",\"publisher\":{\"@id\":\"https:\\\/\\\/www.esplac.cat\\\/#organization\"},\"potentialAction\":[{\"@type\":\"SearchAction\",\"target\":{\"@type\":\"EntryPoint\",\"urlTemplate\":\"https:\\\/\\\/www.esplac.cat\\\/?s={search_term_string}\"},\"query-input\":{\"@type\":\"PropertyValueSpecification\",\"valueRequired\":true,\"valueName\":\"search_term_string\"}}],\"inLanguage\":\"es\"},{\"@type\":\"Organization\",\"@id\":\"https:\\\/\\\/www.esplac.cat\\\/#organization\",\"name\":\"Esplac\",\"url\":\"https:\\\/\\\/www.esplac.cat\\\/\",\"logo\":{\"@type\":\"ImageObject\",\"inLanguage\":\"es\",\"@id\":\"https:\\\/\\\/www.esplac.cat\\\/#\\\/schema\\\/logo\\\/image\\\/\",\"url\":\"https:\\\/\\\/www.esplac.cat\\\/wp-content\\\/uploads\\\/2019\\\/08\\\/logox2.png\",\"contentUrl\":\"https:\\\/\\\/www.esplac.cat\\\/wp-content\\\/uploads\\\/2019\\\/08\\\/logox2.png\",\"width\":600,\"height\":295,\"caption\":\"Esplac\"},\"image\":{\"@id\":\"https:\\\/\\\/www.esplac.cat\\\/#\\\/schema\\\/logo\\\/image\\\/\"}},{\"@type\":\"Person\",\"@id\":\"https:\\\/\\\/www.esplac.cat\\\/#\\\/schema\\\/person\\\/908383cf240be18b68f8855d0583faca\",\"name\":\"Comunicaci\u00f3 Esplac\",\"image\":{\"@type\":\"ImageObject\",\"inLanguage\":\"es\",\"@id\":\"https:\\\/\\\/secure.gravatar.com\\\/avatar\\\/7a4cf8feb412a76ea4a740ca02d95b06b2907b5a6c648c2dd0a1082a093c3141?s=96&d=mm&r=g\",\"url\":\"https:\\\/\\\/secure.gravatar.com\\\/avatar\\\/7a4cf8feb412a76ea4a740ca02d95b06b2907b5a6c648c2dd0a1082a093c3141?s=96&d=mm&r=g\",\"contentUrl\":\"https:\\\/\\\/secure.gravatar.com\\\/avatar\\\/7a4cf8feb412a76ea4a740ca02d95b06b2907b5a6c648c2dd0a1082a093c3141?s=96&d=mm&r=g\",\"caption\":\"Comunicaci\u00f3 Esplac\"}}]}<\/script>\n<!-- \/ Yoast SEO plugin. -->","yoast_head_json":{"title":"Ja s\u00f3n aqu\u00ed les Jornades de Reduint Petjada! - Esplac","robots":{"index":"index","follow":"follow","max-snippet":"max-snippet:-1","max-image-preview":"max-image-preview:large","max-video-preview":"max-video-preview:-1"},"canonical":"https:\/\/www.esplac.cat\/en\/ja-son-aqui-les-jornades-de-reduint-petjada\/","og_locale":"es_ES","og_type":"article","og_title":"Ja s\u00f3n aqu\u00ed les Jornades de Reduint Petjada! - Esplac","og_description":"El proper 8 de novembre se celebraran les jornades d&#8217;educaci\u00f3 [&hellip;]","og_url":"https:\/\/www.esplac.cat\/en\/ja-son-aqui-les-jornades-de-reduint-petjada\/","og_site_name":"Esplac","article_published_time":"2015-10-08T12:35:17+00:00","article_modified_time":"2019-11-14T11:17:38+00:00","og_image":[{"width":847,"height":350,"url":"https:\/\/www.esplac.cat\/wp-content\/uploads\/2015\/10\/20151019_Jornades_Red-Petj.jpg","type":"image\/jpeg"}],"author":"Comunicaci\u00f3 Esplac","twitter_card":"summary_large_image","twitter_misc":{"Escrito por":"Comunicaci\u00f3 Esplac","Tiempo de lectura":"1 minuto"},"schema":{"@context":"https:\/\/schema.org","@graph":[{"@type":"Article","@id":"https:\/\/www.esplac.cat\/en\/ja-son-aqui-les-jornades-de-reduint-petjada\/#article","isPartOf":{"@id":"https:\/\/www.esplac.cat\/en\/ja-son-aqui-les-jornades-de-reduint-petjada\/"},"author":{"name":"Comunicaci\u00f3 Esplac","@id":"https:\/\/www.esplac.cat\/#\/schema\/person\/908383cf240be18b68f8855d0583faca"},"headline":"Ja s\u00f3n aqu\u00ed les Jornades de Reduint Petjada!","datePublished":"2015-10-08T12:35:17+00:00","dateModified":"2019-11-14T11:17:38+00:00","mainEntityOfPage":{"@id":"https:\/\/www.esplac.cat\/en\/ja-son-aqui-les-jornades-de-reduint-petjada\/"},"wordCount":174,"commentCount":0,"publisher":{"@id":"https:\/\/www.esplac.cat\/#organization"},"image":{"@id":"https:\/\/www.esplac.cat\/en\/ja-son-aqui-les-jornades-de-reduint-petjada\/#primaryimage"},"thumbnailUrl":"https:\/\/www.esplac.cat\/wp-content\/uploads\/2015\/10\/20151019_Jornades_Red-Petj.jpg","keywords":["alimentaci\u00f3","jornades anticapitalistes","reduint petjades","sobirania aliment\u00e0ria"],"articleSection":["Activitats comissions i grups de treball","Comissi\u00f3 Reduint Petjada","Sense categoria"],"inLanguage":"es","potentialAction":[{"@type":"CommentAction","name":"Comment","target":["https:\/\/www.esplac.cat\/en\/ja-son-aqui-les-jornades-de-reduint-petjada\/#respond"]}]},{"@type":"WebPage","@id":"https:\/\/www.esplac.cat\/en\/ja-son-aqui-les-jornades-de-reduint-petjada\/","url":"https:\/\/www.esplac.cat\/en\/ja-son-aqui-les-jornades-de-reduint-petjada\/","name":"Ja s\u00f3n aqu\u00ed les Jornades de Reduint Petjada! - Esplac","isPartOf":{"@id":"https:\/\/www.esplac.cat\/#website"},"primaryImageOfPage":{"@id":"https:\/\/www.esplac.cat\/en\/ja-son-aqui-les-jornades-de-reduint-petjada\/#primaryimage"},"image":{"@id":"https:\/\/www.esplac.cat\/en\/ja-son-aqui-les-jornades-de-reduint-petjada\/#primaryimage"},"thumbnailUrl":"https:\/\/www.esplac.cat\/wp-content\/uploads\/2015\/10\/20151019_Jornades_Red-Petj.jpg","datePublished":"2015-10-08T12:35:17+00:00","dateModified":"2019-11-14T11:17:38+00:00","breadcrumb":{"@id":"https:\/\/www.esplac.cat\/en\/ja-son-aqui-les-jornades-de-reduint-petjada\/#breadcrumb"},"inLanguage":"es","potentialAction":[{"@type":"ReadAction","target":["https:\/\/www.esplac.cat\/en\/ja-son-aqui-les-jornades-de-reduint-petjada\/"]}]},{"@type":"ImageObject","inLanguage":"es","@id":"https:\/\/www.esplac.cat\/en\/ja-son-aqui-les-jornades-de-reduint-petjada\/#primaryimage","url":"https:\/\/www.esplac.cat\/wp-content\/uploads\/2015\/10\/20151019_Jornades_Red-Petj.jpg","contentUrl":"https:\/\/www.esplac.cat\/wp-content\/uploads\/2015\/10\/20151019_Jornades_Red-Petj.jpg","width":847,"height":350},{"@type":"BreadcrumbList","@id":"https:\/\/www.esplac.cat\/en\/ja-son-aqui-les-jornades-de-reduint-petjada\/#breadcrumb","itemListElement":[{"@type":"ListItem","position":1,"name":"Inici","item":"https:\/\/www.esplac.cat\/es\/"},{"@type":"ListItem","position":2,"name":"Ja s\u00f3n aqu\u00ed les Jornades de Reduint Petjada!"}]},{"@type":"WebSite","@id":"https:\/\/www.esplac.cat\/#website","url":"https:\/\/www.esplac.cat\/","name":"Esplac","description":"Esplais Catalans","publisher":{"@id":"https:\/\/www.esplac.cat\/#organization"},"potentialAction":[{"@type":"SearchAction","target":{"@type":"EntryPoint","urlTemplate":"https:\/\/www.esplac.cat\/?s={search_term_string}"},"query-input":{"@type":"PropertyValueSpecification","valueRequired":true,"valueName":"search_term_string"}}],"inLanguage":"es"},{"@type":"Organization","@id":"https:\/\/www.esplac.cat\/#organization","name":"Esplac","url":"https:\/\/www.esplac.cat\/","logo":{"@type":"ImageObject","inLanguage":"es","@id":"https:\/\/www.esplac.cat\/#\/schema\/logo\/image\/","url":"https:\/\/www.esplac.cat\/wp-content\/uploads\/2019\/08\/logox2.png","contentUrl":"https:\/\/www.esplac.cat\/wp-content\/uploads\/2019\/08\/logox2.png","width":600,"height":295,"caption":"Esplac"},"image":{"@id":"https:\/\/www.esplac.cat\/#\/schema\/logo\/image\/"}},{"@type":"Person","@id":"https:\/\/www.esplac.cat\/#\/schema\/person\/908383cf240be18b68f8855d0583faca","name":"Comunicaci\u00f3 Esplac","image":{"@type":"ImageObject","inLanguage":"es","@id":"https:\/\/secure.gravatar.com\/avatar\/7a4cf8feb412a76ea4a740ca02d95b06b2907b5a6c648c2dd0a1082a093c3141?s=96&d=mm&r=g","url":"https:\/\/secure.gravatar.com\/avatar\/7a4cf8feb412a76ea4a740ca02d95b06b2907b5a6c648c2dd0a1082a093c3141?s=96&d=mm&r=g","contentUrl":"https:\/\/secure.gravatar.com\/avatar\/7a4cf8feb412a76ea4a740ca02d95b06b2907b5a6c648c2dd0a1082a093c3141?s=96&d=mm&r=g","caption":"Comunicaci\u00f3 Esplac"}}]}},"_links":{"self":[{"href":"https:\/\/www.esplac.cat\/es\/wp-json\/wp\/v2\/posts\/25548","targetHints":{"allow":["GET"]}}],"collection":[{"href":"https:\/\/www.esplac.cat\/es\/wp-json\/wp\/v2\/posts"}],"about":[{"href":"https:\/\/www.esplac.cat\/es\/wp-json\/wp\/v2\/types\/post"}],"author":[{"embeddable":true,"href":"https:\/\/www.esplac.cat\/es\/wp-json\/wp\/v2\/users\/3"}],"replies":[{"embeddable":true,"href":"https:\/\/www.esplac.cat\/es\/wp-json\/wp\/v2\/comments?post=25548"}],"version-history":[{"count":0,"href":"https:\/\/www.esplac.cat\/es\/wp-json\/wp\/v2\/posts\/25548\/revisions"}],"wp:featuredmedia":[{"embeddable":true,"href":"https:\/\/www.esplac.cat\/es\/wp-json\/wp\/v2\/media\/25533"}],"wp:attachment":[{"href":"https:\/\/www.esplac.cat\/es\/wp-json\/wp\/v2\/media?parent=25548"}],"wp:term":[{"taxonomy":"category","embeddable":true,"href":"https:\/\/www.esplac.cat\/es\/wp-json\/wp\/v2\/categories?post=25548"},{"taxonomy":"post_tag","embeddable":true,"href":"https:\/\/www.esplac.cat\/es\/wp-json\/wp\/v2\/tags?post=25548"}],"curies":[{"name":"wp","href":"https:\/\/api.w.org\/{rel}","templated":true}]}}