{"id":25556,"date":"2015-09-18T11:39:25","date_gmt":"2015-09-18T09:39:25","guid":{"rendered":"http:\/\/esplac.cat\/?p=6991"},"modified":"2015-09-18T11:39:25","modified_gmt":"2015-09-18T09:39:25","slug":"diari-de-lesplaiada-un-resum-de-la-trobada-general-de-2015","status":"publish","type":"post","link":"https:\/\/www.esplac.cat\/es\/diari-de-lesplaiada-un-resum-de-la-trobada-general-de-2015\/","title":{"rendered":"Diari de l&#8217;Esplaiada: un resum de la trobada general de 2015"},"content":{"rendered":"<p>Per recordar el gran \u00e8xit que va suposar l&#8217;Esplaiada, amb m\u00e9s de 2.200 participants entre infants i monis, publiquem un recull en forma de diari digital: <strong>el Diari de l&#8217;Esplaiada!<\/strong><\/p>\n<p><strong><a href=\"http:\/\/issuu.com\/esplaiscatalans\/docs\/diari_correccions_separat_issu\/1\" target=\"_blank\" rel=\"noopener noreferrer\">Aqu\u00ed el podeu llegir i descarregar<\/a><\/strong>: <iframe src=\"\/\/e.issuu.com\/embed.html#4647276\/30142585\" width=\"380\" height=\"550\" frameborder=\"0\" allowfullscreen=\"allowfullscreen\"><\/iframe><\/p>\n<p>En aquesta publicaci\u00f3, que tamb\u00e9 repartirem en format impr\u00e8s entre els esplais, es pot llegir una cr\u00f2nica completa dels tres dies de la trobada. Tamb\u00e9 podeu llegir un text que reflexiona sobre la participaci\u00f3 i <strong>un tast en exclusiva del Dec\u00e0leg de Participaci\u00f3 Infantil, que presentarem la pr\u00f2xima setmana<\/strong>. A m\u00e9s, recollim el manifest dels infants que es va fer a l&#8217;acte reivindicatiu del diumenge 26 d&#8217;abril<\/p>\n<p>Podreu trobar tamb\u00e9 un recull de fotografies i il\u00b7lustracions de l&#8217;Esplaiada. <strong>Amb aquest diari seguirem recordant que #tenimveu<\/strong> i que infants i joves hem de participar per transformar el m\u00f3n!<\/p>\n","protected":false},"excerpt":{"rendered":"<p>Per recordar el gran \u00e8xit que va suposar l&#8217;Esplaiada, amb [&hellip;]<\/p>\n","protected":false},"author":3,"featured_media":25557,"comment_status":"open","ping_status":"open","sticky":false,"template":"","format":"standard","meta":{"om_disable_all_campaigns":false,"_monsterinsights_skip_tracking":false,"_monsterinsights_sitenote_active":false,"_monsterinsights_sitenote_note":"","_monsterinsights_sitenote_category":0,"_uf_show_specific_survey":0,"_uf_disable_surveys":false,"footnotes":""},"categories":[1111,1114,1],"tags":[452,299,461,40,377,284],"class_list":["post-25556","post","type-post","status-publish","format-standard","has-post-thumbnail","hentry","category-activitats-esplac","category-recursos","category-sense-categoria","tag-tenimveu","tag-esplaiada","tag-esplaiada-2015","tag-participacio","tag-participacio-infantil","tag-recursos"],"yoast_head":"<!-- This site is optimized with the Yoast SEO plugin v27.4 - https:\/\/yoast.com\/product\/yoast-seo-wordpress\/ -->\n<title>Diari de l&#039;Esplaiada: un resum de la trobada general de 2015 - Esplac<\/title>\n<meta name=\"robots\" content=\"index, follow, max-snippet:-1, max-image-preview:large, max-video-preview:-1\" \/>\n<link rel=\"canonical\" href=\"https:\/\/www.esplac.cat\/diari-de-lesplaiada-un-resum-de-la-trobada-general-de-2015\/\" \/>\n<meta property=\"og:locale\" content=\"es_ES\" \/>\n<meta property=\"og:type\" content=\"article\" \/>\n<meta property=\"og:title\" content=\"Diari de l&#039;Esplaiada: un resum de la trobada general de 2015 - Esplac\" \/>\n<meta property=\"og:description\" content=\"Per recordar el gran \u00e8xit que va suposar l&#8217;Esplaiada, amb [&hellip;]\" \/>\n<meta property=\"og:url\" content=\"https:\/\/www.esplac.cat\/diari-de-lesplaiada-un-resum-de-la-trobada-general-de-2015\/\" \/>\n<meta property=\"og:site_name\" content=\"Esplac\" \/>\n<meta property=\"article:published_time\" content=\"2015-09-18T09:39:25+00:00\" \/>\n<meta property=\"og:image\" content=\"https:\/\/www.esplac.cat\/wp-content\/uploads\/2015\/09\/20150918_Diari-Esplaiada.jpg\" \/>\n\t<meta property=\"og:image:width\" content=\"847\" \/>\n\t<meta property=\"og:image:height\" content=\"350\" \/>\n\t<meta property=\"og:image:type\" content=\"image\/jpeg\" \/>\n<meta name=\"author\" content=\"Comunicaci\u00f3 Esplac\" \/>\n<meta name=\"twitter:card\" content=\"summary_large_image\" \/>\n<meta name=\"twitter:label1\" content=\"Escrito por\" \/>\n\t<meta name=\"twitter:data1\" content=\"Comunicaci\u00f3 Esplac\" \/>\n\t<meta name=\"twitter:label2\" content=\"Tiempo de lectura\" \/>\n\t<meta name=\"twitter:data2\" content=\"1 minuto\" \/>\n<script type=\"application\/ld+json\" class=\"yoast-schema-graph\">{\"@context\":\"https:\\\/\\\/schema.org\",\"@graph\":[{\"@type\":\"Article\",\"@id\":\"https:\\\/\\\/www.esplac.cat\\\/diari-de-lesplaiada-un-resum-de-la-trobada-general-de-2015\\\/#article\",\"isPartOf\":{\"@id\":\"https:\\\/\\\/www.esplac.cat\\\/diari-de-lesplaiada-un-resum-de-la-trobada-general-de-2015\\\/\"},\"author\":{\"name\":\"Comunicaci\u00f3 Esplac\",\"@id\":\"https:\\\/\\\/www.esplac.cat\\\/#\\\/schema\\\/person\\\/908383cf240be18b68f8855d0583faca\"},\"headline\":\"Diari de l&#8217;Esplaiada: un resum de la trobada general de 2015\",\"datePublished\":\"2015-09-18T09:39:25+00:00\",\"mainEntityOfPage\":{\"@id\":\"https:\\\/\\\/www.esplac.cat\\\/diari-de-lesplaiada-un-resum-de-la-trobada-general-de-2015\\\/\"},\"wordCount\":155,\"commentCount\":0,\"publisher\":{\"@id\":\"https:\\\/\\\/www.esplac.cat\\\/#organization\"},\"image\":{\"@id\":\"https:\\\/\\\/www.esplac.cat\\\/diari-de-lesplaiada-un-resum-de-la-trobada-general-de-2015\\\/#primaryimage\"},\"thumbnailUrl\":\"https:\\\/\\\/www.esplac.cat\\\/wp-content\\\/uploads\\\/2015\\\/09\\\/20150918_Diari-Esplaiada.jpg\",\"keywords\":[\"#tenimveu\",\"esplaiada\",\"Esplaiada 2015\",\"participaci\u00f3\",\"participaci\u00f3 infantil\",\"recursos\"],\"articleSection\":[\"Activitats esplac\",\"Recursos\",\"Sense categoria\"],\"inLanguage\":\"es\",\"potentialAction\":[{\"@type\":\"CommentAction\",\"name\":\"Comment\",\"target\":[\"https:\\\/\\\/www.esplac.cat\\\/diari-de-lesplaiada-un-resum-de-la-trobada-general-de-2015\\\/#respond\"]}]},{\"@type\":\"WebPage\",\"@id\":\"https:\\\/\\\/www.esplac.cat\\\/diari-de-lesplaiada-un-resum-de-la-trobada-general-de-2015\\\/\",\"url\":\"https:\\\/\\\/www.esplac.cat\\\/diari-de-lesplaiada-un-resum-de-la-trobada-general-de-2015\\\/\",\"name\":\"Diari de l'Esplaiada: un resum de la trobada general de 2015 - Esplac\",\"isPartOf\":{\"@id\":\"https:\\\/\\\/www.esplac.cat\\\/#website\"},\"primaryImageOfPage\":{\"@id\":\"https:\\\/\\\/www.esplac.cat\\\/diari-de-lesplaiada-un-resum-de-la-trobada-general-de-2015\\\/#primaryimage\"},\"image\":{\"@id\":\"https:\\\/\\\/www.esplac.cat\\\/diari-de-lesplaiada-un-resum-de-la-trobada-general-de-2015\\\/#primaryimage\"},\"thumbnailUrl\":\"https:\\\/\\\/www.esplac.cat\\\/wp-content\\\/uploads\\\/2015\\\/09\\\/20150918_Diari-Esplaiada.jpg\",\"datePublished\":\"2015-09-18T09:39:25+00:00\",\"breadcrumb\":{\"@id\":\"https:\\\/\\\/www.esplac.cat\\\/diari-de-lesplaiada-un-resum-de-la-trobada-general-de-2015\\\/#breadcrumb\"},\"inLanguage\":\"es\",\"potentialAction\":[{\"@type\":\"ReadAction\",\"target\":[\"https:\\\/\\\/www.esplac.cat\\\/diari-de-lesplaiada-un-resum-de-la-trobada-general-de-2015\\\/\"]}]},{\"@type\":\"ImageObject\",\"inLanguage\":\"es\",\"@id\":\"https:\\\/\\\/www.esplac.cat\\\/diari-de-lesplaiada-un-resum-de-la-trobada-general-de-2015\\\/#primaryimage\",\"url\":\"https:\\\/\\\/www.esplac.cat\\\/wp-content\\\/uploads\\\/2015\\\/09\\\/20150918_Diari-Esplaiada.jpg\",\"contentUrl\":\"https:\\\/\\\/www.esplac.cat\\\/wp-content\\\/uploads\\\/2015\\\/09\\\/20150918_Diari-Esplaiada.jpg\",\"width\":847,\"height\":350},{\"@type\":\"BreadcrumbList\",\"@id\":\"https:\\\/\\\/www.esplac.cat\\\/diari-de-lesplaiada-un-resum-de-la-trobada-general-de-2015\\\/#breadcrumb\",\"itemListElement\":[{\"@type\":\"ListItem\",\"position\":1,\"name\":\"Inici\",\"item\":\"https:\\\/\\\/www.esplac.cat\\\/es\\\/\"},{\"@type\":\"ListItem\",\"position\":2,\"name\":\"Diari de l&#8217;Esplaiada: un resum de la trobada general de 2015\"}]},{\"@type\":\"WebSite\",\"@id\":\"https:\\\/\\\/www.esplac.cat\\\/#website\",\"url\":\"https:\\\/\\\/www.esplac.cat\\\/\",\"name\":\"Esplac\",\"description\":\"Esplais Catalans\",\"publisher\":{\"@id\":\"https:\\\/\\\/www.esplac.cat\\\/#organization\"},\"potentialAction\":[{\"@type\":\"SearchAction\",\"target\":{\"@type\":\"EntryPoint\",\"urlTemplate\":\"https:\\\/\\\/www.esplac.cat\\\/?s={search_term_string}\"},\"query-input\":{\"@type\":\"PropertyValueSpecification\",\"valueRequired\":true,\"valueName\":\"search_term_string\"}}],\"inLanguage\":\"es\"},{\"@type\":\"Organization\",\"@id\":\"https:\\\/\\\/www.esplac.cat\\\/#organization\",\"name\":\"Esplac\",\"url\":\"https:\\\/\\\/www.esplac.cat\\\/\",\"logo\":{\"@type\":\"ImageObject\",\"inLanguage\":\"es\",\"@id\":\"https:\\\/\\\/www.esplac.cat\\\/#\\\/schema\\\/logo\\\/image\\\/\",\"url\":\"https:\\\/\\\/www.esplac.cat\\\/wp-content\\\/uploads\\\/2019\\\/08\\\/logox2.png\",\"contentUrl\":\"https:\\\/\\\/www.esplac.cat\\\/wp-content\\\/uploads\\\/2019\\\/08\\\/logox2.png\",\"width\":600,\"height\":295,\"caption\":\"Esplac\"},\"image\":{\"@id\":\"https:\\\/\\\/www.esplac.cat\\\/#\\\/schema\\\/logo\\\/image\\\/\"}},{\"@type\":\"Person\",\"@id\":\"https:\\\/\\\/www.esplac.cat\\\/#\\\/schema\\\/person\\\/908383cf240be18b68f8855d0583faca\",\"name\":\"Comunicaci\u00f3 Esplac\",\"image\":{\"@type\":\"ImageObject\",\"inLanguage\":\"es\",\"@id\":\"https:\\\/\\\/secure.gravatar.com\\\/avatar\\\/7a4cf8feb412a76ea4a740ca02d95b06b2907b5a6c648c2dd0a1082a093c3141?s=96&d=mm&r=g\",\"url\":\"https:\\\/\\\/secure.gravatar.com\\\/avatar\\\/7a4cf8feb412a76ea4a740ca02d95b06b2907b5a6c648c2dd0a1082a093c3141?s=96&d=mm&r=g\",\"contentUrl\":\"https:\\\/\\\/secure.gravatar.com\\\/avatar\\\/7a4cf8feb412a76ea4a740ca02d95b06b2907b5a6c648c2dd0a1082a093c3141?s=96&d=mm&r=g\",\"caption\":\"Comunicaci\u00f3 Esplac\"}}]}<\/script>\n<!-- \/ Yoast SEO plugin. -->","yoast_head_json":{"title":"Diari de l'Esplaiada: un resum de la trobada general de 2015 - Esplac","robots":{"index":"index","follow":"follow","max-snippet":"max-snippet:-1","max-image-preview":"max-image-preview:large","max-video-preview":"max-video-preview:-1"},"canonical":"https:\/\/www.esplac.cat\/diari-de-lesplaiada-un-resum-de-la-trobada-general-de-2015\/","og_locale":"es_ES","og_type":"article","og_title":"Diari de l'Esplaiada: un resum de la trobada general de 2015 - Esplac","og_description":"Per recordar el gran \u00e8xit que va suposar l&#8217;Esplaiada, amb [&hellip;]","og_url":"https:\/\/www.esplac.cat\/diari-de-lesplaiada-un-resum-de-la-trobada-general-de-2015\/","og_site_name":"Esplac","article_published_time":"2015-09-18T09:39:25+00:00","og_image":[{"width":847,"height":350,"url":"https:\/\/www.esplac.cat\/wp-content\/uploads\/2015\/09\/20150918_Diari-Esplaiada.jpg","type":"image\/jpeg"}],"author":"Comunicaci\u00f3 Esplac","twitter_card":"summary_large_image","twitter_misc":{"Escrito por":"Comunicaci\u00f3 Esplac","Tiempo de lectura":"1 minuto"},"schema":{"@context":"https:\/\/schema.org","@graph":[{"@type":"Article","@id":"https:\/\/www.esplac.cat\/diari-de-lesplaiada-un-resum-de-la-trobada-general-de-2015\/#article","isPartOf":{"@id":"https:\/\/www.esplac.cat\/diari-de-lesplaiada-un-resum-de-la-trobada-general-de-2015\/"},"author":{"name":"Comunicaci\u00f3 Esplac","@id":"https:\/\/www.esplac.cat\/#\/schema\/person\/908383cf240be18b68f8855d0583faca"},"headline":"Diari de l&#8217;Esplaiada: un resum de la trobada general de 2015","datePublished":"2015-09-18T09:39:25+00:00","mainEntityOfPage":{"@id":"https:\/\/www.esplac.cat\/diari-de-lesplaiada-un-resum-de-la-trobada-general-de-2015\/"},"wordCount":155,"commentCount":0,"publisher":{"@id":"https:\/\/www.esplac.cat\/#organization"},"image":{"@id":"https:\/\/www.esplac.cat\/diari-de-lesplaiada-un-resum-de-la-trobada-general-de-2015\/#primaryimage"},"thumbnailUrl":"https:\/\/www.esplac.cat\/wp-content\/uploads\/2015\/09\/20150918_Diari-Esplaiada.jpg","keywords":["#tenimveu","esplaiada","Esplaiada 2015","participaci\u00f3","participaci\u00f3 infantil","recursos"],"articleSection":["Activitats esplac","Recursos","Sense categoria"],"inLanguage":"es","potentialAction":[{"@type":"CommentAction","name":"Comment","target":["https:\/\/www.esplac.cat\/diari-de-lesplaiada-un-resum-de-la-trobada-general-de-2015\/#respond"]}]},{"@type":"WebPage","@id":"https:\/\/www.esplac.cat\/diari-de-lesplaiada-un-resum-de-la-trobada-general-de-2015\/","url":"https:\/\/www.esplac.cat\/diari-de-lesplaiada-un-resum-de-la-trobada-general-de-2015\/","name":"Diari de l'Esplaiada: un resum de la trobada general de 2015 - Esplac","isPartOf":{"@id":"https:\/\/www.esplac.cat\/#website"},"primaryImageOfPage":{"@id":"https:\/\/www.esplac.cat\/diari-de-lesplaiada-un-resum-de-la-trobada-general-de-2015\/#primaryimage"},"image":{"@id":"https:\/\/www.esplac.cat\/diari-de-lesplaiada-un-resum-de-la-trobada-general-de-2015\/#primaryimage"},"thumbnailUrl":"https:\/\/www.esplac.cat\/wp-content\/uploads\/2015\/09\/20150918_Diari-Esplaiada.jpg","datePublished":"2015-09-18T09:39:25+00:00","breadcrumb":{"@id":"https:\/\/www.esplac.cat\/diari-de-lesplaiada-un-resum-de-la-trobada-general-de-2015\/#breadcrumb"},"inLanguage":"es","potentialAction":[{"@type":"ReadAction","target":["https:\/\/www.esplac.cat\/diari-de-lesplaiada-un-resum-de-la-trobada-general-de-2015\/"]}]},{"@type":"ImageObject","inLanguage":"es","@id":"https:\/\/www.esplac.cat\/diari-de-lesplaiada-un-resum-de-la-trobada-general-de-2015\/#primaryimage","url":"https:\/\/www.esplac.cat\/wp-content\/uploads\/2015\/09\/20150918_Diari-Esplaiada.jpg","contentUrl":"https:\/\/www.esplac.cat\/wp-content\/uploads\/2015\/09\/20150918_Diari-Esplaiada.jpg","width":847,"height":350},{"@type":"BreadcrumbList","@id":"https:\/\/www.esplac.cat\/diari-de-lesplaiada-un-resum-de-la-trobada-general-de-2015\/#breadcrumb","itemListElement":[{"@type":"ListItem","position":1,"name":"Inici","item":"https:\/\/www.esplac.cat\/es\/"},{"@type":"ListItem","position":2,"name":"Diari de l&#8217;Esplaiada: un resum de la trobada general de 2015"}]},{"@type":"WebSite","@id":"https:\/\/www.esplac.cat\/#website","url":"https:\/\/www.esplac.cat\/","name":"Esplac","description":"Esplais Catalans","publisher":{"@id":"https:\/\/www.esplac.cat\/#organization"},"potentialAction":[{"@type":"SearchAction","target":{"@type":"EntryPoint","urlTemplate":"https:\/\/www.esplac.cat\/?s={search_term_string}"},"query-input":{"@type":"PropertyValueSpecification","valueRequired":true,"valueName":"search_term_string"}}],"inLanguage":"es"},{"@type":"Organization","@id":"https:\/\/www.esplac.cat\/#organization","name":"Esplac","url":"https:\/\/www.esplac.cat\/","logo":{"@type":"ImageObject","inLanguage":"es","@id":"https:\/\/www.esplac.cat\/#\/schema\/logo\/image\/","url":"https:\/\/www.esplac.cat\/wp-content\/uploads\/2019\/08\/logox2.png","contentUrl":"https:\/\/www.esplac.cat\/wp-content\/uploads\/2019\/08\/logox2.png","width":600,"height":295,"caption":"Esplac"},"image":{"@id":"https:\/\/www.esplac.cat\/#\/schema\/logo\/image\/"}},{"@type":"Person","@id":"https:\/\/www.esplac.cat\/#\/schema\/person\/908383cf240be18b68f8855d0583faca","name":"Comunicaci\u00f3 Esplac","image":{"@type":"ImageObject","inLanguage":"es","@id":"https:\/\/secure.gravatar.com\/avatar\/7a4cf8feb412a76ea4a740ca02d95b06b2907b5a6c648c2dd0a1082a093c3141?s=96&d=mm&r=g","url":"https:\/\/secure.gravatar.com\/avatar\/7a4cf8feb412a76ea4a740ca02d95b06b2907b5a6c648c2dd0a1082a093c3141?s=96&d=mm&r=g","contentUrl":"https:\/\/secure.gravatar.com\/avatar\/7a4cf8feb412a76ea4a740ca02d95b06b2907b5a6c648c2dd0a1082a093c3141?s=96&d=mm&r=g","caption":"Comunicaci\u00f3 Esplac"}}]}},"_links":{"self":[{"href":"https:\/\/www.esplac.cat\/es\/wp-json\/wp\/v2\/posts\/25556","targetHints":{"allow":["GET"]}}],"collection":[{"href":"https:\/\/www.esplac.cat\/es\/wp-json\/wp\/v2\/posts"}],"about":[{"href":"https:\/\/www.esplac.cat\/es\/wp-json\/wp\/v2\/types\/post"}],"author":[{"embeddable":true,"href":"https:\/\/www.esplac.cat\/es\/wp-json\/wp\/v2\/users\/3"}],"replies":[{"embeddable":true,"href":"https:\/\/www.esplac.cat\/es\/wp-json\/wp\/v2\/comments?post=25556"}],"version-history":[{"count":0,"href":"https:\/\/www.esplac.cat\/es\/wp-json\/wp\/v2\/posts\/25556\/revisions"}],"wp:featuredmedia":[{"embeddable":true,"href":"https:\/\/www.esplac.cat\/es\/wp-json\/wp\/v2\/media\/25557"}],"wp:attachment":[{"href":"https:\/\/www.esplac.cat\/es\/wp-json\/wp\/v2\/media?parent=25556"}],"wp:term":[{"taxonomy":"category","embeddable":true,"href":"https:\/\/www.esplac.cat\/es\/wp-json\/wp\/v2\/categories?post=25556"},{"taxonomy":"post_tag","embeddable":true,"href":"https:\/\/www.esplac.cat\/es\/wp-json\/wp\/v2\/tags?post=25556"}],"curies":[{"name":"wp","href":"https:\/\/api.w.org\/{rel}","templated":true}]}}