{"id":25575,"date":"2015-09-08T13:48:33","date_gmt":"2015-09-08T11:48:33","guid":{"rendered":"http:\/\/esplac.cat\/?p=6956"},"modified":"2015-09-08T13:48:33","modified_gmt":"2015-09-08T11:48:33","slug":"les-7-novetats-principals-del-nou-esplacnet","status":"publish","type":"post","link":"https:\/\/www.esplac.cat\/es\/les-7-novetats-principals-del-nou-esplacnet\/","title":{"rendered":"Les 7 novetats principals del nou EsplacNet!"},"content":{"rendered":"<p>Ahir a la tarda vam\u00a0obrir la nova intranet dels esplais, renovada i m\u00e9s moderna: l&#8217;<strong>EsplacNet!<\/strong> Tots els esplais podeu accedir-hi amb la mateixa contrasenya que ten\u00edeu a l&#8217;Assac. <strong><a href=\"http:\/\/esplac.cat\/esplacnet\/login\/index.php\" target=\"_blank\" rel=\"noopener noreferrer\">Cliqueu aqu\u00ed per entrar a l&#8217;EsplacNet<\/a>.<\/strong><\/p>\n<p>Anirem incorporant poc a poc les novetats en aquesta nova eina, per\u00f2 pel moment ja podeu entrar i a<span data-sheets-value=\",null,null,null,null,null,null,null,null,0]\">ctualitzar les dades dels esplais, a m\u00e9s d&#8217;introduir dades de nous i noves monis i modificar les dades de monis\u00a0anteriors. A m\u00e9s,\u00a0podreu marcar qui s\u00f3n les persones de refer\u00e8ncia de l&#8217;esplai\u00a0(responsable, tresorer i persona de contacte) per facilitar la comunicaci\u00f3 amb Esplac i sobretot el trasp\u00e0s d&#8217;informaci\u00f3.<\/span><\/p>\n<p><span data-sheets-value=\",null,null,null,null,null,null,null,null,0]\">Podreu tamb\u00e9 omplir\u00a0el vostre perfil de monitor o monitora, m\u00e9s complet que el que hi havia anteriorment.<\/span> A m\u00e9s, ja podeu penjar la mem\u00f2ria del curs i de les activitats d&#8217;estiu!<\/p>\n<h1><span style=\"text-decoration: underline;\">Quines s\u00f3n les <strong>7\u00a0novetats\u00a0<\/strong>clau que podreu trobar a\u00a0l&#8217;EsplacNet?<\/span><\/h1>\n<h2>1.\u00a0<span data-sheets-value=\",,],,]],],,]],],,]],],,]],null,1,4,0,null,null,null,10,1]\">Tu, que ets moni d&#8217;esplai, tens acc\u00e9s propi a l&#8217;EsplacNet<\/span><\/h2>\n<p><span data-sheets-value=\",,],,]],],,]],],,]],],,]],null,null,4,0,null,,null,10]\">Els i les\u00a0monitores podreu\u00a0accedir com a usuaris de la intranet. All\u00e0 pots explicar quin grup portes, quin c\u00e0rrec tens aquest curs, a quines activitats o trobades et vols apuntar i moltes altres coses referents a la teva tasca com a monitor\/a. I, a m\u00e9s, si ets EGS o s\u00f2ci\/a de l&#8217;entitat, podr\u00e0s accedir a tota la informaci\u00f3 que necessites amb un perfil \u00fanic.<\/span><\/p>\n<h2><strong>2. Fem xarxa<\/strong><\/h2>\n<p><span data-sheets-value=\",,],,]],],,]],],,]],],,]],null,null,4,0,null,,null,10]\">La nova intranet inclour\u00e0 informaci\u00f3 de les entitats amb les quals\u00a0fem xarxa, del teu sector geogr\u00e0fic propi i d&#8217;Esplais Catalans, perqu\u00e8 no et perdis ni un detall de tot el que passa al teu voltant. Aquesta informaci\u00f3 ser\u00e0 personalitzada en funci\u00f3 del teu usuari i del moment del curs en el que ens trobem. \u00c9s a dir, l&#8217;EsplacNet pret\u00e9n ser una eina connectada\u00a0amb l&#8217;entorn.<\/span><\/p>\n<h2>3. Som transparents<\/h2>\n<p><span data-sheets-value=\",,],,]],],,]],],,]],],,]],null,null,4,0,null,,null,10]\">Des de la nova intranet podr\u00e0s consultar tota la informaci\u00f3 referida als criteris de distribucions econ\u00f2miques als esplais, aix\u00ed com la vostra situaci\u00f3 com a esplai en aquesta distribuci\u00f3 i els punts que teniu per a cadascun dels criteris, comparats amb els punts obtinguts pel total dels esplais federats.<\/span><\/p>\n<h2>4. Informar per visibilitzar<\/h2>\n<p><span data-sheets-value=\",,],,]],],,]],],,]],],,]],null,null,4,0,null,,null,10]\">El que fem els esplais \u00e9s important, cridem-ho ben fort! Tant si es tracta d&#8217;una sortida de cap de setmana, com d&#8217;unes col\u00f2nies, campaments o ruta, volem saber totes aquelles activitats que realitzeu per poder visibilitzar la gran tasca que feu els i les monis. Amb la nova intranet, us posarem m\u00e9s f\u00e0cil poder anar afegint aquesta informaci\u00f3 cada vegada que feu una activitat!<\/span><\/p>\n<h2>5. Ens adaptem a la realitat<\/h2>\n<p><span dir=\"\" data-sheets-value=\",,],,]],],,]],],,]],],,]],null,null,4,0,null,,null,10]\">Adaptem les dades de l&#8217;ASSAC a la vostra realitat: amb la nova intranet, ens podreu dir quins s\u00f3n els noms reals dels grups d&#8217;edat que teniu a l&#8217;esplai, i que aquests siguin els que utilitzeu per apuntar-vos a una trobada general, o enviar-nos les factures escanejades per a la justificaci\u00f3 econ\u00f2mica i que n&#8217;anem registrant els imports justificats. O indicar-nos m\u00e9s d&#8217;una persona, si us cal, com a responsable de l&#8217;entitat, contacte o tresorer\/a.<\/span><\/p>\n<h2><span data-sheets-value=\",,],,]],],,]],],,]],],,]],null,null,null,0,null,null,null,10,1]\">6. Compartir \u00e9s estimar<\/span><\/h2>\n<p><span data-sheets-value=\",,],,]],],,]],],,]],],,]],null,null,4,0,null,,null,10]\">Aix\u00f2 ja ho sab\u00edem fa temps, per\u00f2 ara hi afegim el fet de poder compartir els nostres projectes d&#8217;esplai o els nostres locals, si aix\u00ed ho volem, amb la resta d&#8217;esplais de l&#8217;entitat. Trobareu aquestes noves comparticions al renovat Banc de Recursos, on\u00a0tamb\u00e9 millorarem la cerca i la creaci\u00f3 de nous recursos!<\/span><\/p>\n<h2><strong>7. Seguim\u00a0el nostre progr\u00e9s<\/strong><\/h2>\n<p><span data-sheets-value=\",,],,]],],,]],],,]],],,]],null,null,4,0,null,,null,10]\">Vols con\u00e8ixer quin \u00e9s el teu percentatge de dades introdu\u00efdes a la intranet, com a esplai o com a moni, o en quin punt de la teva etapa formativa est\u00e0s segons les formacions en qu\u00e8 hagis participat? Per seguir aquest progr\u00e9s\u00a0afegirem una barra de progr\u00e9s per a qu\u00e8 ho puguis anar seguint d&#8217;una manera ben gr\u00e0fica!<\/span><\/p>\n","protected":false},"excerpt":{"rendered":"<p>Ahir a la tarda vam\u00a0obrir la nova intranet dels esplais, [&hellip;]<\/p>\n","protected":false},"author":3,"featured_media":25565,"comment_status":"open","ping_status":"open","sticky":false,"template":"","format":"standard","meta":{"om_disable_all_campaigns":false,"_monsterinsights_skip_tracking":false,"_monsterinsights_sitenote_active":false,"_monsterinsights_sitenote_note":"","_monsterinsights_sitenote_category":0,"_uf_show_specific_survey":0,"_uf_disable_surveys":false,"footnotes":""},"categories":[1117,1114,1],"tags":[498,557,548,559,353,560],"class_list":["post-25575","post","type-post","status-publish","format-standard","has-post-thumbnail","hentry","category-activitats-esplais","category-recursos","category-sense-categoria","tag-assac","tag-esplacnet","tag-intranet","tag-novetats","tag-transparencia","tag-xarxa"],"yoast_head":"<!-- This site is optimized with the Yoast SEO plugin v27.4 - https:\/\/yoast.com\/product\/yoast-seo-wordpress\/ -->\n<title>Les 7 novetats principals del nou EsplacNet! - Esplac<\/title>\n<meta name=\"robots\" content=\"index, follow, max-snippet:-1, max-image-preview:large, max-video-preview:-1\" \/>\n<link rel=\"canonical\" href=\"https:\/\/www.esplac.cat\/les-7-novetats-principals-del-nou-esplacnet\/\" \/>\n<meta property=\"og:locale\" content=\"es_ES\" \/>\n<meta property=\"og:type\" content=\"article\" \/>\n<meta property=\"og:title\" content=\"Les 7 novetats principals del nou EsplacNet! - Esplac\" \/>\n<meta property=\"og:description\" content=\"Ahir a la tarda vam\u00a0obrir la nova intranet dels esplais, [&hellip;]\" \/>\n<meta property=\"og:url\" content=\"https:\/\/www.esplac.cat\/les-7-novetats-principals-del-nou-esplacnet\/\" \/>\n<meta property=\"og:site_name\" content=\"Esplac\" \/>\n<meta property=\"article:published_time\" content=\"2015-09-08T11:48:33+00:00\" \/>\n<meta property=\"og:image\" content=\"https:\/\/www.esplac.cat\/wp-content\/uploads\/2015\/09\/20150904_Logo-EsplacNet-360x170.png\" \/>\n\t<meta property=\"og:image:width\" content=\"360\" \/>\n\t<meta property=\"og:image:height\" content=\"170\" \/>\n\t<meta property=\"og:image:type\" content=\"image\/png\" \/>\n<meta name=\"author\" content=\"Comunicaci\u00f3 Esplac\" \/>\n<meta name=\"twitter:card\" content=\"summary_large_image\" \/>\n<meta name=\"twitter:label1\" content=\"Escrito por\" \/>\n\t<meta name=\"twitter:data1\" content=\"Comunicaci\u00f3 Esplac\" \/>\n\t<meta name=\"twitter:label2\" content=\"Tiempo de lectura\" \/>\n\t<meta name=\"twitter:data2\" content=\"3 minutos\" \/>\n<script type=\"application\/ld+json\" class=\"yoast-schema-graph\">{\"@context\":\"https:\\\/\\\/schema.org\",\"@graph\":[{\"@type\":\"Article\",\"@id\":\"https:\\\/\\\/www.esplac.cat\\\/les-7-novetats-principals-del-nou-esplacnet\\\/#article\",\"isPartOf\":{\"@id\":\"https:\\\/\\\/www.esplac.cat\\\/les-7-novetats-principals-del-nou-esplacnet\\\/\"},\"author\":{\"name\":\"Comunicaci\u00f3 Esplac\",\"@id\":\"https:\\\/\\\/www.esplac.cat\\\/#\\\/schema\\\/person\\\/908383cf240be18b68f8855d0583faca\"},\"headline\":\"Les 7 novetats principals del nou EsplacNet!\",\"datePublished\":\"2015-09-08T11:48:33+00:00\",\"mainEntityOfPage\":{\"@id\":\"https:\\\/\\\/www.esplac.cat\\\/les-7-novetats-principals-del-nou-esplacnet\\\/\"},\"wordCount\":671,\"commentCount\":0,\"publisher\":{\"@id\":\"https:\\\/\\\/www.esplac.cat\\\/#organization\"},\"image\":{\"@id\":\"https:\\\/\\\/www.esplac.cat\\\/les-7-novetats-principals-del-nou-esplacnet\\\/#primaryimage\"},\"thumbnailUrl\":\"https:\\\/\\\/www.esplac.cat\\\/wp-content\\\/uploads\\\/2015\\\/09\\\/20150904_Logo-EsplacNet-360x170.png\",\"keywords\":[\"assac\",\"EsplacNet\",\"intranet\",\"novetats\",\"transpar\u00e8ncia\",\"xarxa\"],\"articleSection\":[\"Activitats esplais\",\"Recursos\",\"Sense categoria\"],\"inLanguage\":\"es\",\"potentialAction\":[{\"@type\":\"CommentAction\",\"name\":\"Comment\",\"target\":[\"https:\\\/\\\/www.esplac.cat\\\/les-7-novetats-principals-del-nou-esplacnet\\\/#respond\"]}]},{\"@type\":\"WebPage\",\"@id\":\"https:\\\/\\\/www.esplac.cat\\\/les-7-novetats-principals-del-nou-esplacnet\\\/\",\"url\":\"https:\\\/\\\/www.esplac.cat\\\/les-7-novetats-principals-del-nou-esplacnet\\\/\",\"name\":\"Les 7 novetats principals del nou EsplacNet! - Esplac\",\"isPartOf\":{\"@id\":\"https:\\\/\\\/www.esplac.cat\\\/#website\"},\"primaryImageOfPage\":{\"@id\":\"https:\\\/\\\/www.esplac.cat\\\/les-7-novetats-principals-del-nou-esplacnet\\\/#primaryimage\"},\"image\":{\"@id\":\"https:\\\/\\\/www.esplac.cat\\\/les-7-novetats-principals-del-nou-esplacnet\\\/#primaryimage\"},\"thumbnailUrl\":\"https:\\\/\\\/www.esplac.cat\\\/wp-content\\\/uploads\\\/2015\\\/09\\\/20150904_Logo-EsplacNet-360x170.png\",\"datePublished\":\"2015-09-08T11:48:33+00:00\",\"breadcrumb\":{\"@id\":\"https:\\\/\\\/www.esplac.cat\\\/les-7-novetats-principals-del-nou-esplacnet\\\/#breadcrumb\"},\"inLanguage\":\"es\",\"potentialAction\":[{\"@type\":\"ReadAction\",\"target\":[\"https:\\\/\\\/www.esplac.cat\\\/les-7-novetats-principals-del-nou-esplacnet\\\/\"]}]},{\"@type\":\"ImageObject\",\"inLanguage\":\"es\",\"@id\":\"https:\\\/\\\/www.esplac.cat\\\/les-7-novetats-principals-del-nou-esplacnet\\\/#primaryimage\",\"url\":\"https:\\\/\\\/www.esplac.cat\\\/wp-content\\\/uploads\\\/2015\\\/09\\\/20150904_Logo-EsplacNet-360x170.png\",\"contentUrl\":\"https:\\\/\\\/www.esplac.cat\\\/wp-content\\\/uploads\\\/2015\\\/09\\\/20150904_Logo-EsplacNet-360x170.png\",\"width\":360,\"height\":170},{\"@type\":\"BreadcrumbList\",\"@id\":\"https:\\\/\\\/www.esplac.cat\\\/les-7-novetats-principals-del-nou-esplacnet\\\/#breadcrumb\",\"itemListElement\":[{\"@type\":\"ListItem\",\"position\":1,\"name\":\"Inici\",\"item\":\"https:\\\/\\\/www.esplac.cat\\\/es\\\/\"},{\"@type\":\"ListItem\",\"position\":2,\"name\":\"Les 7 novetats principals del nou EsplacNet!\"}]},{\"@type\":\"WebSite\",\"@id\":\"https:\\\/\\\/www.esplac.cat\\\/#website\",\"url\":\"https:\\\/\\\/www.esplac.cat\\\/\",\"name\":\"Esplac\",\"description\":\"Esplais Catalans\",\"publisher\":{\"@id\":\"https:\\\/\\\/www.esplac.cat\\\/#organization\"},\"potentialAction\":[{\"@type\":\"SearchAction\",\"target\":{\"@type\":\"EntryPoint\",\"urlTemplate\":\"https:\\\/\\\/www.esplac.cat\\\/?s={search_term_string}\"},\"query-input\":{\"@type\":\"PropertyValueSpecification\",\"valueRequired\":true,\"valueName\":\"search_term_string\"}}],\"inLanguage\":\"es\"},{\"@type\":\"Organization\",\"@id\":\"https:\\\/\\\/www.esplac.cat\\\/#organization\",\"name\":\"Esplac\",\"url\":\"https:\\\/\\\/www.esplac.cat\\\/\",\"logo\":{\"@type\":\"ImageObject\",\"inLanguage\":\"es\",\"@id\":\"https:\\\/\\\/www.esplac.cat\\\/#\\\/schema\\\/logo\\\/image\\\/\",\"url\":\"https:\\\/\\\/www.esplac.cat\\\/wp-content\\\/uploads\\\/2019\\\/08\\\/logox2.png\",\"contentUrl\":\"https:\\\/\\\/www.esplac.cat\\\/wp-content\\\/uploads\\\/2019\\\/08\\\/logox2.png\",\"width\":600,\"height\":295,\"caption\":\"Esplac\"},\"image\":{\"@id\":\"https:\\\/\\\/www.esplac.cat\\\/#\\\/schema\\\/logo\\\/image\\\/\"}},{\"@type\":\"Person\",\"@id\":\"https:\\\/\\\/www.esplac.cat\\\/#\\\/schema\\\/person\\\/908383cf240be18b68f8855d0583faca\",\"name\":\"Comunicaci\u00f3 Esplac\",\"image\":{\"@type\":\"ImageObject\",\"inLanguage\":\"es\",\"@id\":\"https:\\\/\\\/secure.gravatar.com\\\/avatar\\\/7a4cf8feb412a76ea4a740ca02d95b06b2907b5a6c648c2dd0a1082a093c3141?s=96&d=mm&r=g\",\"url\":\"https:\\\/\\\/secure.gravatar.com\\\/avatar\\\/7a4cf8feb412a76ea4a740ca02d95b06b2907b5a6c648c2dd0a1082a093c3141?s=96&d=mm&r=g\",\"contentUrl\":\"https:\\\/\\\/secure.gravatar.com\\\/avatar\\\/7a4cf8feb412a76ea4a740ca02d95b06b2907b5a6c648c2dd0a1082a093c3141?s=96&d=mm&r=g\",\"caption\":\"Comunicaci\u00f3 Esplac\"}}]}<\/script>\n<!-- \/ Yoast SEO plugin. -->","yoast_head_json":{"title":"Les 7 novetats principals del nou EsplacNet! - Esplac","robots":{"index":"index","follow":"follow","max-snippet":"max-snippet:-1","max-image-preview":"max-image-preview:large","max-video-preview":"max-video-preview:-1"},"canonical":"https:\/\/www.esplac.cat\/les-7-novetats-principals-del-nou-esplacnet\/","og_locale":"es_ES","og_type":"article","og_title":"Les 7 novetats principals del nou EsplacNet! - Esplac","og_description":"Ahir a la tarda vam\u00a0obrir la nova intranet dels esplais, [&hellip;]","og_url":"https:\/\/www.esplac.cat\/les-7-novetats-principals-del-nou-esplacnet\/","og_site_name":"Esplac","article_published_time":"2015-09-08T11:48:33+00:00","og_image":[{"width":360,"height":170,"url":"https:\/\/www.esplac.cat\/wp-content\/uploads\/2015\/09\/20150904_Logo-EsplacNet-360x170.png","type":"image\/png"}],"author":"Comunicaci\u00f3 Esplac","twitter_card":"summary_large_image","twitter_misc":{"Escrito por":"Comunicaci\u00f3 Esplac","Tiempo de lectura":"3 minutos"},"schema":{"@context":"https:\/\/schema.org","@graph":[{"@type":"Article","@id":"https:\/\/www.esplac.cat\/les-7-novetats-principals-del-nou-esplacnet\/#article","isPartOf":{"@id":"https:\/\/www.esplac.cat\/les-7-novetats-principals-del-nou-esplacnet\/"},"author":{"name":"Comunicaci\u00f3 Esplac","@id":"https:\/\/www.esplac.cat\/#\/schema\/person\/908383cf240be18b68f8855d0583faca"},"headline":"Les 7 novetats principals del nou EsplacNet!","datePublished":"2015-09-08T11:48:33+00:00","mainEntityOfPage":{"@id":"https:\/\/www.esplac.cat\/les-7-novetats-principals-del-nou-esplacnet\/"},"wordCount":671,"commentCount":0,"publisher":{"@id":"https:\/\/www.esplac.cat\/#organization"},"image":{"@id":"https:\/\/www.esplac.cat\/les-7-novetats-principals-del-nou-esplacnet\/#primaryimage"},"thumbnailUrl":"https:\/\/www.esplac.cat\/wp-content\/uploads\/2015\/09\/20150904_Logo-EsplacNet-360x170.png","keywords":["assac","EsplacNet","intranet","novetats","transpar\u00e8ncia","xarxa"],"articleSection":["Activitats esplais","Recursos","Sense categoria"],"inLanguage":"es","potentialAction":[{"@type":"CommentAction","name":"Comment","target":["https:\/\/www.esplac.cat\/les-7-novetats-principals-del-nou-esplacnet\/#respond"]}]},{"@type":"WebPage","@id":"https:\/\/www.esplac.cat\/les-7-novetats-principals-del-nou-esplacnet\/","url":"https:\/\/www.esplac.cat\/les-7-novetats-principals-del-nou-esplacnet\/","name":"Les 7 novetats principals del nou EsplacNet! - Esplac","isPartOf":{"@id":"https:\/\/www.esplac.cat\/#website"},"primaryImageOfPage":{"@id":"https:\/\/www.esplac.cat\/les-7-novetats-principals-del-nou-esplacnet\/#primaryimage"},"image":{"@id":"https:\/\/www.esplac.cat\/les-7-novetats-principals-del-nou-esplacnet\/#primaryimage"},"thumbnailUrl":"https:\/\/www.esplac.cat\/wp-content\/uploads\/2015\/09\/20150904_Logo-EsplacNet-360x170.png","datePublished":"2015-09-08T11:48:33+00:00","breadcrumb":{"@id":"https:\/\/www.esplac.cat\/les-7-novetats-principals-del-nou-esplacnet\/#breadcrumb"},"inLanguage":"es","potentialAction":[{"@type":"ReadAction","target":["https:\/\/www.esplac.cat\/les-7-novetats-principals-del-nou-esplacnet\/"]}]},{"@type":"ImageObject","inLanguage":"es","@id":"https:\/\/www.esplac.cat\/les-7-novetats-principals-del-nou-esplacnet\/#primaryimage","url":"https:\/\/www.esplac.cat\/wp-content\/uploads\/2015\/09\/20150904_Logo-EsplacNet-360x170.png","contentUrl":"https:\/\/www.esplac.cat\/wp-content\/uploads\/2015\/09\/20150904_Logo-EsplacNet-360x170.png","width":360,"height":170},{"@type":"BreadcrumbList","@id":"https:\/\/www.esplac.cat\/les-7-novetats-principals-del-nou-esplacnet\/#breadcrumb","itemListElement":[{"@type":"ListItem","position":1,"name":"Inici","item":"https:\/\/www.esplac.cat\/es\/"},{"@type":"ListItem","position":2,"name":"Les 7 novetats principals del nou EsplacNet!"}]},{"@type":"WebSite","@id":"https:\/\/www.esplac.cat\/#website","url":"https:\/\/www.esplac.cat\/","name":"Esplac","description":"Esplais Catalans","publisher":{"@id":"https:\/\/www.esplac.cat\/#organization"},"potentialAction":[{"@type":"SearchAction","target":{"@type":"EntryPoint","urlTemplate":"https:\/\/www.esplac.cat\/?s={search_term_string}"},"query-input":{"@type":"PropertyValueSpecification","valueRequired":true,"valueName":"search_term_string"}}],"inLanguage":"es"},{"@type":"Organization","@id":"https:\/\/www.esplac.cat\/#organization","name":"Esplac","url":"https:\/\/www.esplac.cat\/","logo":{"@type":"ImageObject","inLanguage":"es","@id":"https:\/\/www.esplac.cat\/#\/schema\/logo\/image\/","url":"https:\/\/www.esplac.cat\/wp-content\/uploads\/2019\/08\/logox2.png","contentUrl":"https:\/\/www.esplac.cat\/wp-content\/uploads\/2019\/08\/logox2.png","width":600,"height":295,"caption":"Esplac"},"image":{"@id":"https:\/\/www.esplac.cat\/#\/schema\/logo\/image\/"}},{"@type":"Person","@id":"https:\/\/www.esplac.cat\/#\/schema\/person\/908383cf240be18b68f8855d0583faca","name":"Comunicaci\u00f3 Esplac","image":{"@type":"ImageObject","inLanguage":"es","@id":"https:\/\/secure.gravatar.com\/avatar\/7a4cf8feb412a76ea4a740ca02d95b06b2907b5a6c648c2dd0a1082a093c3141?s=96&d=mm&r=g","url":"https:\/\/secure.gravatar.com\/avatar\/7a4cf8feb412a76ea4a740ca02d95b06b2907b5a6c648c2dd0a1082a093c3141?s=96&d=mm&r=g","contentUrl":"https:\/\/secure.gravatar.com\/avatar\/7a4cf8feb412a76ea4a740ca02d95b06b2907b5a6c648c2dd0a1082a093c3141?s=96&d=mm&r=g","caption":"Comunicaci\u00f3 Esplac"}}]}},"_links":{"self":[{"href":"https:\/\/www.esplac.cat\/es\/wp-json\/wp\/v2\/posts\/25575","targetHints":{"allow":["GET"]}}],"collection":[{"href":"https:\/\/www.esplac.cat\/es\/wp-json\/wp\/v2\/posts"}],"about":[{"href":"https:\/\/www.esplac.cat\/es\/wp-json\/wp\/v2\/types\/post"}],"author":[{"embeddable":true,"href":"https:\/\/www.esplac.cat\/es\/wp-json\/wp\/v2\/users\/3"}],"replies":[{"embeddable":true,"href":"https:\/\/www.esplac.cat\/es\/wp-json\/wp\/v2\/comments?post=25575"}],"version-history":[{"count":0,"href":"https:\/\/www.esplac.cat\/es\/wp-json\/wp\/v2\/posts\/25575\/revisions"}],"wp:featuredmedia":[{"embeddable":true,"href":"https:\/\/www.esplac.cat\/es\/wp-json\/wp\/v2\/media\/25565"}],"wp:attachment":[{"href":"https:\/\/www.esplac.cat\/es\/wp-json\/wp\/v2\/media?parent=25575"}],"wp:term":[{"taxonomy":"category","embeddable":true,"href":"https:\/\/www.esplac.cat\/es\/wp-json\/wp\/v2\/categories?post=25575"},{"taxonomy":"post_tag","embeddable":true,"href":"https:\/\/www.esplac.cat\/es\/wp-json\/wp\/v2\/tags?post=25575"}],"curies":[{"name":"wp","href":"https:\/\/api.w.org\/{rel}","templated":true}]}}