{"id":25587,"date":"2015-07-23T10:54:08","date_gmt":"2015-07-23T08:54:08","guid":{"rendered":"http:\/\/esplac.cat\/?p=6907"},"modified":"2015-07-23T10:54:08","modified_gmt":"2015-07-23T08:54:08","slug":"bona-practica-de-colonies-a-campaments","status":"publish","type":"post","link":"https:\/\/www.esplac.cat\/es\/bona-practica-de-colonies-a-campaments\/","title":{"rendered":"Bona pr\u00e0ctica: de col\u00f2nies a campaments"},"content":{"rendered":"<p class=\"p1\">Els motius que ens poden portar a plantejar-nos <b>canviar el format de les nostres activitats de vacances<\/b> poden ser molts. A vegades, no sabem per on comen\u00e7ar a plantejar com passar de fer l&#8217;activitat d&#8217;estiu en casa de col\u00f2nies i <b>comen\u00e7ar a fer campaments<\/b>.<\/p>\n<p class=\"p1\">Un dels principals motius per pensar en deixar enrere les cases de col\u00f2nies a l&#8217;estiu i fer campaments \u00e9s l&#8217;<span class=\"s1\"><b>economia de l&#8217;esplai<\/b><\/span>! Els campaments sempre resulten m\u00e9s econ\u00f2mics quant a infraestructura que una casa de col\u00f2nies. Si ho fem per aquest motiu hem de tenir present que haurem de destinar esfor\u00e7os -especialment els primers anys- en invertir en infraestructures pr\u00f2pies i material que necessitarem durant els campaments:<\/p>\n<ul class=\"ul1\">\n<li class=\"li1\">Des de <span class=\"s1\">material d&#8217;intend\u00e8ncia i cuina<\/span>: olles grans i estris de cuina, fogonets o material per cuinar, com un \u00abpaellero\u00bb i bombones de gas but\u00e0 o una <span class=\"s3\"><a href=\"http:\/\/esplac.cat\/bona-practica-pica-de-campaments\/\">pica per rentar els plats, com ens suggereix l&#8217;esplai Isard-Flor de Neu<\/a>&#8230;<\/span><\/li>\n<li class=\"li1\">&#8230;passant per <span class=\"s1\">material d&#8217;acomodaci\u00f3<\/span>: tendes de campanya pels infants, tendes per guardar el material o destinades a intend\u00e8ncia o toldos, per protegir-nos del sol o de la pluja<\/li>\n<\/ul>\n<p class=\"p1\">Un altre\u00a0motiu que ens pot\u00a0emp\u00e8nyer a donar el pas per\u00a0fer Campaments \u00e9s el canvi de plantejament de l&#8217;esplai i pensar amb <span class=\"s1\"><b>nous objectius<\/b><\/span>: apropar-se a la natura, descobrir els l\u00edmits i superar les pors, promocionar l&#8217;autonomia i esperit de superviv\u00e8ncia dels infants&#8230; entre molts altres! <b>No hem d&#8217;oblidar que els campaments tamb\u00e9 s&#8217;han de poder adequar a les necessitats, limitacions i potencialitats de cada infant i de cada grup d&#8217;edat.<\/b><\/p>\n<ul class=\"ul1\">\n<li class=\"li1\">El centre d&#8217;inter\u00e8s es pot adequar a la ubicaci\u00f3 i recursos que la natura ens ofereix! Potser no podem crear grans decoracions (o potser s\u00ed!)<\/li>\n<li class=\"li1\">Hem de replantejar-nos els\u00a0objectius, adequats a cada grup d&#8217;edat i relacionats amb l&#8217;espai on desenvoluparem l&#8217;activitat (tenint en compte l&#8217;entorn i la nostra organitzaci\u00f3 amb aquest)<\/li>\n<\/ul>\n<p class=\"p1\">L&#8217;<strong><a href=\"https:\/\/esplaitorxa.wordpress.com\/\"><span class=\"s3\">esplai Torxa<\/span><\/a><\/strong>, aquest 2015, s&#8217;ha decidit a fer una primera aproximaci\u00f3 als campaments per deixar enrere les cases de col\u00f2nies als estius. Enguany, han desenvolupat l&#8217;activitat de vacances a la casa de col\u00f2nies Castell Vell, a Llinars del Vall\u00e8s. I per comen\u00e7ar a treballar amb els grups de l&#8217;esplai, la idea de dormir en tendes i viure en un campament, el que han fet ha estat:<\/p>\n<ul class=\"ul1\">\n<li class=\"li1\">Els grups de joves i grans han dormit, separats en dos grups, en tendes en terrenys propers a la casa de col\u00f2nies. A part de la zona de tendes, han habilitat un toldo per crear un espai m\u00e9s \u00edntim per als i les joves de l&#8217;esplai i que es sentin m\u00e9s seu el tros de bosc.<\/li>\n<li class=\"li1\">Els grups de mitjans i petits han dormit a la casa de col\u00f2nies. Aix\u00f2 ha perm\u00e8s que veiessin el funcionament dels altres grups de l&#8217;esplai i tinguessin ganes de provar-ho tamb\u00e9.<\/li>\n<li class=\"li1\">Han utilitzat les infraestructures de la casa (cuina, lavabos i sala de material) per poder organitzar-se a nivell d&#8217;equip de monis i poder veure quines necessitats i limitacions poden anar superant de cares al proper estiu.<\/li>\n<\/ul>\n<p class=\"p1\">Aix\u00f2 no els ha impedit dinamitzar un centre d&#8217;inter\u00e8s relacionat amb <em>El Senyor dels Anells<\/em>, aprofitant l&#8217;entorn de la casa de col\u00f2nies i dels terrenys on estaven ubicades les tendes dels grups de joves i grans.<\/p>\n<p class=\"p3\"><span class=\"s4\">L&#8217;esplai del\u00a0<strong><a href=\"http:\/\/dracmagic.org\/\"><span class=\"s5\">Drac M\u00e0gic<\/span><\/a> <\/strong><\/span>han fet el canvi de col\u00f2nies i campaments pels grups mitjans, els quals despr\u00e9s de 5 dies al campament aniran amb els i les m\u00e9s petites a la casa.<\/p>\n<p class=\"p1\">Tamb\u00e9 l&#8217;<strong><a href=\"http:\/\/www.oliverarodona.org\/\"><span class=\"s3\">esplai L&#8217;Olivera Rodona<\/span><\/a><\/strong> ha apostat per provar els campaments per primer estiu. Trobant un terreny a Bag\u00e0 amb els requisits que consideren necessaris per al primer any, han valorat que:<\/p>\n<ul class=\"ul1\">\n<li class=\"li1\">Era necessari buscar un terreny amb certes comoditats, per fer una transici\u00f3 de casa de col\u00f2nies a campaments agradables per a totes les persones que formen l&#8217;esplai. Fer un primer any amb instal\u00b7lacions ha de facilitar la tasca a l&#8217;equip d&#8217;intend\u00e8ncia, a l&#8217;equip de monis i l&#8217;adequaci\u00f3 dels infants i joves en aquesta nova manera de relacionar-se i viure durant 8 dies.<\/li>\n<li class=\"li1\">Disposi d&#8217;infraestructures de cuina i cobert; evitant aix\u00ed una gran inversi\u00f3 inicial en material d&#8217;aquest tipus i valorar, al tornar, la gesti\u00f3 d&#8217;aquests espais. Tanmateix, van demanar a altres esplais del sector si podien deixar material per a cuinar, com olles grans!<\/li>\n<li class=\"li1\">Que tingui lavabos i dutxes instal\u00b7lades al terreny; aquestes instal\u00b7lacions permetran als infants i joves sentir una acomodaci\u00f3 al terreny semblant a la casa de col\u00f2nies i facilitaran l&#8217;adaptaci\u00f3 al nou format!<\/li>\n<\/ul>\n<p class=\"p5\"><span class=\"s6\">Els esplais no tenen excusa per no fer activitats a l&#8217;est<\/span>iu: L&#8217;<strong><a href=\"http:\/\/esplaiguspira.com\/\"><span class=\"s7\">esplai Guspira<\/span><\/a><\/strong><span class=\"s6\"> i l<\/span>&#8216;esplai <a href=\"http:\/\/petikipeti.blogspot.com.es\/\"><span class=\"s7\"><strong>Peti ki Peti<\/strong> <\/span><\/a><span class=\"s6\">e<\/span>nguany han decidit ajuntar els grups de petits i fer unes col\u00f2nies conjuntes. Al ser grups m\u00e9s petits en nombre, sovint tenien dificultat en poder llogar una casa de col\u00f2nies, i aquesta \u00e9s una bona soluci\u00f3.<\/p>\n<p class=\"p1\">Al mat\u00ed feien les activitats per esplais i a la tarda feien activitats conjuntes al voltant d&#8217;un centre d&#8217;inter\u00e8s compartit. Tot i que requereix un plus de planificaci\u00f3 i organitzaci\u00f3, tant els infants com els i les monis valoren l&#8217;intercanvi molt positivament. No nom\u00e9s s&#8217;ha creat amistat entre els infants, tamb\u00e9 s&#8217;han compartit diferents maneres de fer i ha estat molt enriquidor pels dos esplais.<\/p>\n<p class=\"p1\"><strong>Al Banc de Recursos es pot consultar la <a href=\"http:\/\/esplac.cat\/guia-preparar-campaments-colonies-rutes\/\"><span class=\"s3\">Guia per preparar Campaments, col\u00f2nies i rutes<\/span><\/a> <\/strong>que ens pot donar pistes de totes aquelles tasques pr\u00e8vies, in situ i posteriors a l&#8217;activitat de vacances, per a qu\u00e8 no ens oblidem res!<\/p>\n","protected":false},"excerpt":{"rendered":"<p>Els motius que ens poden portar a plantejar-nos canviar el [&hellip;]<\/p>\n","protected":false},"author":3,"featured_media":6910,"comment_status":"open","ping_status":"open","sticky":false,"template":"","format":"standard","meta":{"om_disable_all_campaigns":false,"_monsterinsights_skip_tracking":false,"_monsterinsights_sitenote_active":false,"_monsterinsights_sitenote_note":"","_monsterinsights_sitenote_category":0,"_uf_show_specific_survey":0,"_uf_disable_surveys":false,"footnotes":""},"categories":[1117,1121],"tags":[546,53,429,547,101,430],"class_list":["post-25587","post","type-post","status-publish","format-standard","has-post-thumbnail","hentry","category-activitats-esplais","category-bones-practiques-2","tag-autonomia","tag-campaments","tag-ccr","tag-economia-de-lesplai","tag-esplaisfemlestiu","tag-guia-ccr"],"yoast_head":"<!-- This site is optimized with the Yoast SEO plugin v27.4 - https:\/\/yoast.com\/product\/yoast-seo-wordpress\/ -->\n<title>Bona pr\u00e0ctica: de col\u00f2nies a campaments - Esplac<\/title>\n<meta name=\"robots\" content=\"index, follow, max-snippet:-1, max-image-preview:large, max-video-preview:-1\" \/>\n<link rel=\"canonical\" href=\"https:\/\/www.esplac.cat\/en\/bona-practica-de-colonies-a-campaments\/\" \/>\n<meta property=\"og:locale\" content=\"es_ES\" \/>\n<meta property=\"og:type\" content=\"article\" \/>\n<meta property=\"og:title\" content=\"Bona pr\u00e0ctica: de col\u00f2nies a campaments - Esplac\" \/>\n<meta property=\"og:description\" content=\"Els motius que ens poden portar a plantejar-nos canviar el [&hellip;]\" \/>\n<meta property=\"og:url\" content=\"https:\/\/www.esplac.cat\/en\/bona-practica-de-colonies-a-campaments\/\" \/>\n<meta property=\"og:site_name\" content=\"Esplac\" \/>\n<meta property=\"article:published_time\" content=\"2015-07-23T08:54:08+00:00\" \/>\n<meta property=\"og:image\" content=\"https:\/\/www.esplac.cat\/wp-content\/uploads\/2019\/11\/logo-open.jpg\" \/>\n\t<meta property=\"og:image:width\" content=\"1200\" \/>\n\t<meta property=\"og:image:height\" content=\"630\" \/>\n\t<meta property=\"og:image:type\" content=\"image\/jpeg\" \/>\n<meta name=\"author\" content=\"Comunicaci\u00f3 Esplac\" \/>\n<meta name=\"twitter:card\" content=\"summary_large_image\" \/>\n<meta name=\"twitter:label1\" content=\"Escrito por\" \/>\n\t<meta name=\"twitter:data1\" content=\"Comunicaci\u00f3 Esplac\" \/>\n\t<meta name=\"twitter:label2\" content=\"Tiempo de lectura\" \/>\n\t<meta name=\"twitter:data2\" content=\"5 minutos\" \/>\n<script type=\"application\/ld+json\" class=\"yoast-schema-graph\">{\"@context\":\"https:\\\/\\\/schema.org\",\"@graph\":[{\"@type\":\"Article\",\"@id\":\"https:\\\/\\\/www.esplac.cat\\\/en\\\/bona-practica-de-colonies-a-campaments\\\/#article\",\"isPartOf\":{\"@id\":\"https:\\\/\\\/www.esplac.cat\\\/en\\\/bona-practica-de-colonies-a-campaments\\\/\"},\"author\":{\"name\":\"Comunicaci\u00f3 Esplac\",\"@id\":\"https:\\\/\\\/www.esplac.cat\\\/#\\\/schema\\\/person\\\/908383cf240be18b68f8855d0583faca\"},\"headline\":\"Bona pr\u00e0ctica: de col\u00f2nies a campaments\",\"datePublished\":\"2015-07-23T08:54:08+00:00\",\"mainEntityOfPage\":{\"@id\":\"https:\\\/\\\/www.esplac.cat\\\/en\\\/bona-practica-de-colonies-a-campaments\\\/\"},\"wordCount\":983,\"commentCount\":0,\"publisher\":{\"@id\":\"https:\\\/\\\/www.esplac.cat\\\/#organization\"},\"image\":{\"@id\":\"https:\\\/\\\/www.esplac.cat\\\/en\\\/bona-practica-de-colonies-a-campaments\\\/#primaryimage\"},\"thumbnailUrl\":\"\",\"keywords\":[\"autonomia\",\"campaments\",\"CCR\",\"economia de l'esplai\",\"esplaisfemlestiu\",\"Guia CCR\"],\"articleSection\":[\"Activitats esplais\",\"Bones pr\u00e0ctiques\"],\"inLanguage\":\"es\",\"potentialAction\":[{\"@type\":\"CommentAction\",\"name\":\"Comment\",\"target\":[\"https:\\\/\\\/www.esplac.cat\\\/en\\\/bona-practica-de-colonies-a-campaments\\\/#respond\"]}]},{\"@type\":\"WebPage\",\"@id\":\"https:\\\/\\\/www.esplac.cat\\\/en\\\/bona-practica-de-colonies-a-campaments\\\/\",\"url\":\"https:\\\/\\\/www.esplac.cat\\\/en\\\/bona-practica-de-colonies-a-campaments\\\/\",\"name\":\"Bona pr\u00e0ctica: de col\u00f2nies a campaments - Esplac\",\"isPartOf\":{\"@id\":\"https:\\\/\\\/www.esplac.cat\\\/#website\"},\"primaryImageOfPage\":{\"@id\":\"https:\\\/\\\/www.esplac.cat\\\/en\\\/bona-practica-de-colonies-a-campaments\\\/#primaryimage\"},\"image\":{\"@id\":\"https:\\\/\\\/www.esplac.cat\\\/en\\\/bona-practica-de-colonies-a-campaments\\\/#primaryimage\"},\"thumbnailUrl\":\"\",\"datePublished\":\"2015-07-23T08:54:08+00:00\",\"breadcrumb\":{\"@id\":\"https:\\\/\\\/www.esplac.cat\\\/en\\\/bona-practica-de-colonies-a-campaments\\\/#breadcrumb\"},\"inLanguage\":\"es\",\"potentialAction\":[{\"@type\":\"ReadAction\",\"target\":[\"https:\\\/\\\/www.esplac.cat\\\/en\\\/bona-practica-de-colonies-a-campaments\\\/\"]}]},{\"@type\":\"ImageObject\",\"inLanguage\":\"es\",\"@id\":\"https:\\\/\\\/www.esplac.cat\\\/en\\\/bona-practica-de-colonies-a-campaments\\\/#primaryimage\",\"url\":\"\",\"contentUrl\":\"\"},{\"@type\":\"BreadcrumbList\",\"@id\":\"https:\\\/\\\/www.esplac.cat\\\/en\\\/bona-practica-de-colonies-a-campaments\\\/#breadcrumb\",\"itemListElement\":[{\"@type\":\"ListItem\",\"position\":1,\"name\":\"Inici\",\"item\":\"https:\\\/\\\/www.esplac.cat\\\/es\\\/\"},{\"@type\":\"ListItem\",\"position\":2,\"name\":\"Bona pr\u00e0ctica: de col\u00f2nies a campaments\"}]},{\"@type\":\"WebSite\",\"@id\":\"https:\\\/\\\/www.esplac.cat\\\/#website\",\"url\":\"https:\\\/\\\/www.esplac.cat\\\/\",\"name\":\"Esplac\",\"description\":\"Esplais Catalans\",\"publisher\":{\"@id\":\"https:\\\/\\\/www.esplac.cat\\\/#organization\"},\"potentialAction\":[{\"@type\":\"SearchAction\",\"target\":{\"@type\":\"EntryPoint\",\"urlTemplate\":\"https:\\\/\\\/www.esplac.cat\\\/?s={search_term_string}\"},\"query-input\":{\"@type\":\"PropertyValueSpecification\",\"valueRequired\":true,\"valueName\":\"search_term_string\"}}],\"inLanguage\":\"es\"},{\"@type\":\"Organization\",\"@id\":\"https:\\\/\\\/www.esplac.cat\\\/#organization\",\"name\":\"Esplac\",\"url\":\"https:\\\/\\\/www.esplac.cat\\\/\",\"logo\":{\"@type\":\"ImageObject\",\"inLanguage\":\"es\",\"@id\":\"https:\\\/\\\/www.esplac.cat\\\/#\\\/schema\\\/logo\\\/image\\\/\",\"url\":\"https:\\\/\\\/www.esplac.cat\\\/wp-content\\\/uploads\\\/2019\\\/08\\\/logox2.png\",\"contentUrl\":\"https:\\\/\\\/www.esplac.cat\\\/wp-content\\\/uploads\\\/2019\\\/08\\\/logox2.png\",\"width\":600,\"height\":295,\"caption\":\"Esplac\"},\"image\":{\"@id\":\"https:\\\/\\\/www.esplac.cat\\\/#\\\/schema\\\/logo\\\/image\\\/\"}},{\"@type\":\"Person\",\"@id\":\"https:\\\/\\\/www.esplac.cat\\\/#\\\/schema\\\/person\\\/908383cf240be18b68f8855d0583faca\",\"name\":\"Comunicaci\u00f3 Esplac\",\"image\":{\"@type\":\"ImageObject\",\"inLanguage\":\"es\",\"@id\":\"https:\\\/\\\/secure.gravatar.com\\\/avatar\\\/7a4cf8feb412a76ea4a740ca02d95b06b2907b5a6c648c2dd0a1082a093c3141?s=96&d=mm&r=g\",\"url\":\"https:\\\/\\\/secure.gravatar.com\\\/avatar\\\/7a4cf8feb412a76ea4a740ca02d95b06b2907b5a6c648c2dd0a1082a093c3141?s=96&d=mm&r=g\",\"contentUrl\":\"https:\\\/\\\/secure.gravatar.com\\\/avatar\\\/7a4cf8feb412a76ea4a740ca02d95b06b2907b5a6c648c2dd0a1082a093c3141?s=96&d=mm&r=g\",\"caption\":\"Comunicaci\u00f3 Esplac\"}}]}<\/script>\n<!-- \/ Yoast SEO plugin. -->","yoast_head_json":{"title":"Bona pr\u00e0ctica: de col\u00f2nies a campaments - Esplac","robots":{"index":"index","follow":"follow","max-snippet":"max-snippet:-1","max-image-preview":"max-image-preview:large","max-video-preview":"max-video-preview:-1"},"canonical":"https:\/\/www.esplac.cat\/en\/bona-practica-de-colonies-a-campaments\/","og_locale":"es_ES","og_type":"article","og_title":"Bona pr\u00e0ctica: de col\u00f2nies a campaments - Esplac","og_description":"Els motius que ens poden portar a plantejar-nos canviar el [&hellip;]","og_url":"https:\/\/www.esplac.cat\/en\/bona-practica-de-colonies-a-campaments\/","og_site_name":"Esplac","article_published_time":"2015-07-23T08:54:08+00:00","og_image":[{"width":1200,"height":630,"url":"https:\/\/www.esplac.cat\/wp-content\/uploads\/2019\/11\/logo-open.jpg","type":"image\/jpeg"}],"author":"Comunicaci\u00f3 Esplac","twitter_card":"summary_large_image","twitter_misc":{"Escrito por":"Comunicaci\u00f3 Esplac","Tiempo de lectura":"5 minutos"},"schema":{"@context":"https:\/\/schema.org","@graph":[{"@type":"Article","@id":"https:\/\/www.esplac.cat\/en\/bona-practica-de-colonies-a-campaments\/#article","isPartOf":{"@id":"https:\/\/www.esplac.cat\/en\/bona-practica-de-colonies-a-campaments\/"},"author":{"name":"Comunicaci\u00f3 Esplac","@id":"https:\/\/www.esplac.cat\/#\/schema\/person\/908383cf240be18b68f8855d0583faca"},"headline":"Bona pr\u00e0ctica: de col\u00f2nies a campaments","datePublished":"2015-07-23T08:54:08+00:00","mainEntityOfPage":{"@id":"https:\/\/www.esplac.cat\/en\/bona-practica-de-colonies-a-campaments\/"},"wordCount":983,"commentCount":0,"publisher":{"@id":"https:\/\/www.esplac.cat\/#organization"},"image":{"@id":"https:\/\/www.esplac.cat\/en\/bona-practica-de-colonies-a-campaments\/#primaryimage"},"thumbnailUrl":"","keywords":["autonomia","campaments","CCR","economia de l'esplai","esplaisfemlestiu","Guia CCR"],"articleSection":["Activitats esplais","Bones pr\u00e0ctiques"],"inLanguage":"es","potentialAction":[{"@type":"CommentAction","name":"Comment","target":["https:\/\/www.esplac.cat\/en\/bona-practica-de-colonies-a-campaments\/#respond"]}]},{"@type":"WebPage","@id":"https:\/\/www.esplac.cat\/en\/bona-practica-de-colonies-a-campaments\/","url":"https:\/\/www.esplac.cat\/en\/bona-practica-de-colonies-a-campaments\/","name":"Bona pr\u00e0ctica: de col\u00f2nies a campaments - Esplac","isPartOf":{"@id":"https:\/\/www.esplac.cat\/#website"},"primaryImageOfPage":{"@id":"https:\/\/www.esplac.cat\/en\/bona-practica-de-colonies-a-campaments\/#primaryimage"},"image":{"@id":"https:\/\/www.esplac.cat\/en\/bona-practica-de-colonies-a-campaments\/#primaryimage"},"thumbnailUrl":"","datePublished":"2015-07-23T08:54:08+00:00","breadcrumb":{"@id":"https:\/\/www.esplac.cat\/en\/bona-practica-de-colonies-a-campaments\/#breadcrumb"},"inLanguage":"es","potentialAction":[{"@type":"ReadAction","target":["https:\/\/www.esplac.cat\/en\/bona-practica-de-colonies-a-campaments\/"]}]},{"@type":"ImageObject","inLanguage":"es","@id":"https:\/\/www.esplac.cat\/en\/bona-practica-de-colonies-a-campaments\/#primaryimage","url":"","contentUrl":""},{"@type":"BreadcrumbList","@id":"https:\/\/www.esplac.cat\/en\/bona-practica-de-colonies-a-campaments\/#breadcrumb","itemListElement":[{"@type":"ListItem","position":1,"name":"Inici","item":"https:\/\/www.esplac.cat\/es\/"},{"@type":"ListItem","position":2,"name":"Bona pr\u00e0ctica: de col\u00f2nies a campaments"}]},{"@type":"WebSite","@id":"https:\/\/www.esplac.cat\/#website","url":"https:\/\/www.esplac.cat\/","name":"Esplac","description":"Esplais Catalans","publisher":{"@id":"https:\/\/www.esplac.cat\/#organization"},"potentialAction":[{"@type":"SearchAction","target":{"@type":"EntryPoint","urlTemplate":"https:\/\/www.esplac.cat\/?s={search_term_string}"},"query-input":{"@type":"PropertyValueSpecification","valueRequired":true,"valueName":"search_term_string"}}],"inLanguage":"es"},{"@type":"Organization","@id":"https:\/\/www.esplac.cat\/#organization","name":"Esplac","url":"https:\/\/www.esplac.cat\/","logo":{"@type":"ImageObject","inLanguage":"es","@id":"https:\/\/www.esplac.cat\/#\/schema\/logo\/image\/","url":"https:\/\/www.esplac.cat\/wp-content\/uploads\/2019\/08\/logox2.png","contentUrl":"https:\/\/www.esplac.cat\/wp-content\/uploads\/2019\/08\/logox2.png","width":600,"height":295,"caption":"Esplac"},"image":{"@id":"https:\/\/www.esplac.cat\/#\/schema\/logo\/image\/"}},{"@type":"Person","@id":"https:\/\/www.esplac.cat\/#\/schema\/person\/908383cf240be18b68f8855d0583faca","name":"Comunicaci\u00f3 Esplac","image":{"@type":"ImageObject","inLanguage":"es","@id":"https:\/\/secure.gravatar.com\/avatar\/7a4cf8feb412a76ea4a740ca02d95b06b2907b5a6c648c2dd0a1082a093c3141?s=96&d=mm&r=g","url":"https:\/\/secure.gravatar.com\/avatar\/7a4cf8feb412a76ea4a740ca02d95b06b2907b5a6c648c2dd0a1082a093c3141?s=96&d=mm&r=g","contentUrl":"https:\/\/secure.gravatar.com\/avatar\/7a4cf8feb412a76ea4a740ca02d95b06b2907b5a6c648c2dd0a1082a093c3141?s=96&d=mm&r=g","caption":"Comunicaci\u00f3 Esplac"}}]}},"_links":{"self":[{"href":"https:\/\/www.esplac.cat\/es\/wp-json\/wp\/v2\/posts\/25587","targetHints":{"allow":["GET"]}}],"collection":[{"href":"https:\/\/www.esplac.cat\/es\/wp-json\/wp\/v2\/posts"}],"about":[{"href":"https:\/\/www.esplac.cat\/es\/wp-json\/wp\/v2\/types\/post"}],"author":[{"embeddable":true,"href":"https:\/\/www.esplac.cat\/es\/wp-json\/wp\/v2\/users\/3"}],"replies":[{"embeddable":true,"href":"https:\/\/www.esplac.cat\/es\/wp-json\/wp\/v2\/comments?post=25587"}],"version-history":[{"count":0,"href":"https:\/\/www.esplac.cat\/es\/wp-json\/wp\/v2\/posts\/25587\/revisions"}],"wp:featuredmedia":[{"embeddable":true,"href":"https:\/\/www.esplac.cat\/es\/wp-json\/"}],"wp:attachment":[{"href":"https:\/\/www.esplac.cat\/es\/wp-json\/wp\/v2\/media?parent=25587"}],"wp:term":[{"taxonomy":"category","embeddable":true,"href":"https:\/\/www.esplac.cat\/es\/wp-json\/wp\/v2\/categories?post=25587"},{"taxonomy":"post_tag","embeddable":true,"href":"https:\/\/www.esplac.cat\/es\/wp-json\/wp\/v2\/tags?post=25587"}],"curies":[{"name":"wp","href":"https:\/\/api.w.org\/{rel}","templated":true}]}}