{"id":25588,"date":"2015-07-20T16:29:57","date_gmt":"2015-07-20T14:29:57","guid":{"rendered":"http:\/\/esplac.cat\/?p=6902"},"modified":"2019-11-14T13:17:45","modified_gmt":"2019-11-14T11:17:45","slug":"estiu-verd-nou-concurs-de-bones-practiques-estiu","status":"publish","type":"post","link":"https:\/\/www.esplac.cat\/es\/estiu-verd-nou-concurs-de-bones-practiques-estiu\/","title":{"rendered":"&#8216;L&#8217;estiu Verd&#8217;: nou concurs de bones pr\u00e0ctiques d&#8217;estiu"},"content":{"rendered":"<p class=\"p1\">A l&#8217;esplai treballem per respectar el medi ambient i fomentar pr\u00e0ctiques sostenibles, i els campaments i col\u00f2nies s\u00f3n un gran moment per posar en pr\u00e0ctica els nostres coneixements i\u00a0fer les nostres activitats m\u00e9s sostenibles i ecol\u00f2giques. \u00c9s per aix\u00f2 que<strong> la comissi\u00f3 Reduint Petjada d&#8217;Esplac engega per primer cop\u00a0\u00abL&#8217;Estiu Verd\u00bb<\/strong>, un concurs per a qu\u00e8 ens\u00a0envieu les bones pr\u00e0ctiques ambientals que feu a les vostres sortides estiuenques amb l&#8217;esplai!<\/p>\n<p class=\"p1\"><strong>El concurs consisteix simplement en fer-nos arribar fotografies de les bones pr\u00e0ctiques i ens expliqueu breument quines iniciatives en mat\u00e8ria ambiental feu durant col\u00f2nies o campaments.<\/strong> Poden ser activitats d&#8217;educaci\u00f3 ambiental, pr\u00e0ctiques sostenibles, infraestructures de bioconstrucci\u00f3, h\u00e0bits saludables que fomenteu&#8230; L&#8217;\u00fanica condici\u00f3 \u00e9s que siguin pr\u00e0ctiques sostenibles i ecol\u00f2giques!<\/p>\n<p class=\"p1\">Animeu-vos a participar i fer\u00a0difusi\u00f3 de les vostres iniciatives per un esplai m\u00e9s verd! I si teniu qualsevol dubte, com sempre, nom\u00e9s cal que ens contacteu.\u00a0<strong><a href=\"http:\/\/esplac.cat\/wp-content\/uploads\/2015\/07\/Bases_concurs_estiu_verd_2015.pdf\" target=\"_blank\" rel=\"noopener noreferrer\">Cliqueu aqu\u00ed\u00a0per llegir el full amb les bases del concurs i la informaci\u00f3 m\u00e9s detallada<\/a>.<\/strong><\/p>\n<p class=\"p1\">Bon estiu!<\/p>\n","protected":false},"excerpt":{"rendered":"<p>A l&#8217;esplai treballem per respectar el medi ambient i fomentar [&hellip;]<\/p>\n","protected":false},"author":3,"featured_media":6905,"comment_status":"closed","ping_status":"open","sticky":false,"template":"","format":"standard","meta":{"om_disable_all_campaigns":false,"_monsterinsights_skip_tracking":false,"_monsterinsights_sitenote_active":false,"_monsterinsights_sitenote_note":"","_monsterinsights_sitenote_category":0,"_uf_show_specific_survey":0,"_uf_disable_surveys":false,"footnotes":""},"categories":[1117,1161],"tags":[67,53,429,104,251,226,544,459,545],"class_list":["post-25588","post","type-post","status-publish","format-standard","has-post-thumbnail","hentry","category-activitats-esplais","category-comissio-reduint-petjada","tag-bones-practiques","tag-campaments","tag-ccr","tag-colonies","tag-comissio-reduint-petjada","tag-concurs","tag-ecologisme","tag-medi-ambient","tag-sostenibilitat"],"yoast_head":"<!-- This site is optimized with the Yoast SEO plugin v27.5 - https:\/\/yoast.com\/product\/yoast-seo-wordpress\/ -->\n<title>&#039;L&#039;estiu Verd&#039;: nou concurs de bones pr\u00e0ctiques d&#039;estiu - Esplac<\/title>\n<meta name=\"robots\" content=\"index, follow, max-snippet:-1, max-image-preview:large, max-video-preview:-1\" \/>\n<link rel=\"canonical\" href=\"https:\/\/www.esplac.cat\/en\/estiu-verd-nou-concurs-de-bones-practiques-estiu\/\" \/>\n<meta property=\"og:locale\" content=\"es_ES\" \/>\n<meta property=\"og:type\" content=\"article\" \/>\n<meta property=\"og:title\" content=\"&#039;L&#039;estiu Verd&#039;: nou concurs de bones pr\u00e0ctiques d&#039;estiu - Esplac\" \/>\n<meta property=\"og:description\" content=\"A l&#8217;esplai treballem per respectar el medi ambient i fomentar [&hellip;]\" \/>\n<meta property=\"og:url\" content=\"https:\/\/www.esplac.cat\/en\/estiu-verd-nou-concurs-de-bones-practiques-estiu\/\" \/>\n<meta property=\"og:site_name\" content=\"Esplac\" \/>\n<meta property=\"article:published_time\" content=\"2015-07-20T14:29:57+00:00\" \/>\n<meta property=\"article:modified_time\" content=\"2019-11-14T11:17:45+00:00\" \/>\n<meta property=\"og:image\" content=\"https:\/\/www.esplac.cat\/wp-content\/uploads\/2019\/11\/logo-open.jpg\" \/>\n\t<meta property=\"og:image:width\" content=\"1200\" \/>\n\t<meta property=\"og:image:height\" content=\"630\" \/>\n\t<meta property=\"og:image:type\" content=\"image\/jpeg\" \/>\n<meta name=\"author\" content=\"Comunicaci\u00f3 Esplac\" \/>\n<meta name=\"twitter:card\" content=\"summary_large_image\" \/>\n<meta name=\"twitter:label1\" content=\"Escrito por\" \/>\n\t<meta name=\"twitter:data1\" content=\"Comunicaci\u00f3 Esplac\" \/>\n\t<meta name=\"twitter:label2\" content=\"Tiempo de lectura\" \/>\n\t<meta name=\"twitter:data2\" content=\"1 minuto\" \/>\n<script type=\"application\/ld+json\" class=\"yoast-schema-graph\">{\"@context\":\"https:\\\/\\\/schema.org\",\"@graph\":[{\"@type\":\"Article\",\"@id\":\"https:\\\/\\\/www.esplac.cat\\\/en\\\/estiu-verd-nou-concurs-de-bones-practiques-estiu\\\/#article\",\"isPartOf\":{\"@id\":\"https:\\\/\\\/www.esplac.cat\\\/en\\\/estiu-verd-nou-concurs-de-bones-practiques-estiu\\\/\"},\"author\":{\"name\":\"Comunicaci\u00f3 Esplac\",\"@id\":\"https:\\\/\\\/www.esplac.cat\\\/#\\\/schema\\\/person\\\/908383cf240be18b68f8855d0583faca\"},\"headline\":\"&#8216;L&#8217;estiu Verd&#8217;: nou concurs de bones pr\u00e0ctiques d&#8217;estiu\",\"datePublished\":\"2015-07-20T14:29:57+00:00\",\"dateModified\":\"2019-11-14T11:17:45+00:00\",\"mainEntityOfPage\":{\"@id\":\"https:\\\/\\\/www.esplac.cat\\\/en\\\/estiu-verd-nou-concurs-de-bones-practiques-estiu\\\/\"},\"wordCount\":200,\"publisher\":{\"@id\":\"https:\\\/\\\/www.esplac.cat\\\/#organization\"},\"image\":{\"@id\":\"https:\\\/\\\/www.esplac.cat\\\/en\\\/estiu-verd-nou-concurs-de-bones-practiques-estiu\\\/#primaryimage\"},\"thumbnailUrl\":\"\",\"keywords\":[\"bones pr\u00e0ctiques\",\"campaments\",\"CCR\",\"colonies\",\"comissi\u00f3 reduint petjada\",\"concurs\",\"ecologisme\",\"medi ambient\",\"sostenibilitat\"],\"articleSection\":[\"Activitats esplais\",\"Comissi\u00f3 Reduint Petjada\"],\"inLanguage\":\"es\"},{\"@type\":\"WebPage\",\"@id\":\"https:\\\/\\\/www.esplac.cat\\\/en\\\/estiu-verd-nou-concurs-de-bones-practiques-estiu\\\/\",\"url\":\"https:\\\/\\\/www.esplac.cat\\\/en\\\/estiu-verd-nou-concurs-de-bones-practiques-estiu\\\/\",\"name\":\"'L'estiu Verd': nou concurs de bones pr\u00e0ctiques d'estiu - Esplac\",\"isPartOf\":{\"@id\":\"https:\\\/\\\/www.esplac.cat\\\/#website\"},\"primaryImageOfPage\":{\"@id\":\"https:\\\/\\\/www.esplac.cat\\\/en\\\/estiu-verd-nou-concurs-de-bones-practiques-estiu\\\/#primaryimage\"},\"image\":{\"@id\":\"https:\\\/\\\/www.esplac.cat\\\/en\\\/estiu-verd-nou-concurs-de-bones-practiques-estiu\\\/#primaryimage\"},\"thumbnailUrl\":\"\",\"datePublished\":\"2015-07-20T14:29:57+00:00\",\"dateModified\":\"2019-11-14T11:17:45+00:00\",\"breadcrumb\":{\"@id\":\"https:\\\/\\\/www.esplac.cat\\\/en\\\/estiu-verd-nou-concurs-de-bones-practiques-estiu\\\/#breadcrumb\"},\"inLanguage\":\"es\",\"potentialAction\":[{\"@type\":\"ReadAction\",\"target\":[\"https:\\\/\\\/www.esplac.cat\\\/en\\\/estiu-verd-nou-concurs-de-bones-practiques-estiu\\\/\"]}]},{\"@type\":\"ImageObject\",\"inLanguage\":\"es\",\"@id\":\"https:\\\/\\\/www.esplac.cat\\\/en\\\/estiu-verd-nou-concurs-de-bones-practiques-estiu\\\/#primaryimage\",\"url\":\"\",\"contentUrl\":\"\"},{\"@type\":\"BreadcrumbList\",\"@id\":\"https:\\\/\\\/www.esplac.cat\\\/en\\\/estiu-verd-nou-concurs-de-bones-practiques-estiu\\\/#breadcrumb\",\"itemListElement\":[{\"@type\":\"ListItem\",\"position\":1,\"name\":\"Inici\",\"item\":\"https:\\\/\\\/www.esplac.cat\\\/es\\\/\"},{\"@type\":\"ListItem\",\"position\":2,\"name\":\"&#8216;L&#8217;estiu Verd&#8217;: nou concurs de bones pr\u00e0ctiques d&#8217;estiu\"}]},{\"@type\":\"WebSite\",\"@id\":\"https:\\\/\\\/www.esplac.cat\\\/#website\",\"url\":\"https:\\\/\\\/www.esplac.cat\\\/\",\"name\":\"Esplac\",\"description\":\"Esplais Catalans\",\"publisher\":{\"@id\":\"https:\\\/\\\/www.esplac.cat\\\/#organization\"},\"potentialAction\":[{\"@type\":\"SearchAction\",\"target\":{\"@type\":\"EntryPoint\",\"urlTemplate\":\"https:\\\/\\\/www.esplac.cat\\\/?s={search_term_string}\"},\"query-input\":{\"@type\":\"PropertyValueSpecification\",\"valueRequired\":true,\"valueName\":\"search_term_string\"}}],\"inLanguage\":\"es\"},{\"@type\":\"Organization\",\"@id\":\"https:\\\/\\\/www.esplac.cat\\\/#organization\",\"name\":\"Esplac\",\"url\":\"https:\\\/\\\/www.esplac.cat\\\/\",\"logo\":{\"@type\":\"ImageObject\",\"inLanguage\":\"es\",\"@id\":\"https:\\\/\\\/www.esplac.cat\\\/#\\\/schema\\\/logo\\\/image\\\/\",\"url\":\"https:\\\/\\\/www.esplac.cat\\\/wp-content\\\/uploads\\\/2019\\\/08\\\/logox2.png\",\"contentUrl\":\"https:\\\/\\\/www.esplac.cat\\\/wp-content\\\/uploads\\\/2019\\\/08\\\/logox2.png\",\"width\":600,\"height\":295,\"caption\":\"Esplac\"},\"image\":{\"@id\":\"https:\\\/\\\/www.esplac.cat\\\/#\\\/schema\\\/logo\\\/image\\\/\"}},{\"@type\":\"Person\",\"@id\":\"https:\\\/\\\/www.esplac.cat\\\/#\\\/schema\\\/person\\\/908383cf240be18b68f8855d0583faca\",\"name\":\"Comunicaci\u00f3 Esplac\",\"image\":{\"@type\":\"ImageObject\",\"inLanguage\":\"es\",\"@id\":\"https:\\\/\\\/secure.gravatar.com\\\/avatar\\\/7a4cf8feb412a76ea4a740ca02d95b06b2907b5a6c648c2dd0a1082a093c3141?s=96&d=mm&r=g\",\"url\":\"https:\\\/\\\/secure.gravatar.com\\\/avatar\\\/7a4cf8feb412a76ea4a740ca02d95b06b2907b5a6c648c2dd0a1082a093c3141?s=96&d=mm&r=g\",\"contentUrl\":\"https:\\\/\\\/secure.gravatar.com\\\/avatar\\\/7a4cf8feb412a76ea4a740ca02d95b06b2907b5a6c648c2dd0a1082a093c3141?s=96&d=mm&r=g\",\"caption\":\"Comunicaci\u00f3 Esplac\"}}]}<\/script>\n<!-- \/ Yoast SEO plugin. -->","yoast_head_json":{"title":"'L'estiu Verd': nou concurs de bones pr\u00e0ctiques d'estiu - Esplac","robots":{"index":"index","follow":"follow","max-snippet":"max-snippet:-1","max-image-preview":"max-image-preview:large","max-video-preview":"max-video-preview:-1"},"canonical":"https:\/\/www.esplac.cat\/en\/estiu-verd-nou-concurs-de-bones-practiques-estiu\/","og_locale":"es_ES","og_type":"article","og_title":"'L'estiu Verd': nou concurs de bones pr\u00e0ctiques d'estiu - Esplac","og_description":"A l&#8217;esplai treballem per respectar el medi ambient i fomentar [&hellip;]","og_url":"https:\/\/www.esplac.cat\/en\/estiu-verd-nou-concurs-de-bones-practiques-estiu\/","og_site_name":"Esplac","article_published_time":"2015-07-20T14:29:57+00:00","article_modified_time":"2019-11-14T11:17:45+00:00","og_image":[{"width":1200,"height":630,"url":"https:\/\/www.esplac.cat\/wp-content\/uploads\/2019\/11\/logo-open.jpg","type":"image\/jpeg"}],"author":"Comunicaci\u00f3 Esplac","twitter_card":"summary_large_image","twitter_misc":{"Escrito por":"Comunicaci\u00f3 Esplac","Tiempo de lectura":"1 minuto"},"schema":{"@context":"https:\/\/schema.org","@graph":[{"@type":"Article","@id":"https:\/\/www.esplac.cat\/en\/estiu-verd-nou-concurs-de-bones-practiques-estiu\/#article","isPartOf":{"@id":"https:\/\/www.esplac.cat\/en\/estiu-verd-nou-concurs-de-bones-practiques-estiu\/"},"author":{"name":"Comunicaci\u00f3 Esplac","@id":"https:\/\/www.esplac.cat\/#\/schema\/person\/908383cf240be18b68f8855d0583faca"},"headline":"&#8216;L&#8217;estiu Verd&#8217;: nou concurs de bones pr\u00e0ctiques d&#8217;estiu","datePublished":"2015-07-20T14:29:57+00:00","dateModified":"2019-11-14T11:17:45+00:00","mainEntityOfPage":{"@id":"https:\/\/www.esplac.cat\/en\/estiu-verd-nou-concurs-de-bones-practiques-estiu\/"},"wordCount":200,"publisher":{"@id":"https:\/\/www.esplac.cat\/#organization"},"image":{"@id":"https:\/\/www.esplac.cat\/en\/estiu-verd-nou-concurs-de-bones-practiques-estiu\/#primaryimage"},"thumbnailUrl":"","keywords":["bones pr\u00e0ctiques","campaments","CCR","colonies","comissi\u00f3 reduint petjada","concurs","ecologisme","medi ambient","sostenibilitat"],"articleSection":["Activitats esplais","Comissi\u00f3 Reduint Petjada"],"inLanguage":"es"},{"@type":"WebPage","@id":"https:\/\/www.esplac.cat\/en\/estiu-verd-nou-concurs-de-bones-practiques-estiu\/","url":"https:\/\/www.esplac.cat\/en\/estiu-verd-nou-concurs-de-bones-practiques-estiu\/","name":"'L'estiu Verd': nou concurs de bones pr\u00e0ctiques d'estiu - Esplac","isPartOf":{"@id":"https:\/\/www.esplac.cat\/#website"},"primaryImageOfPage":{"@id":"https:\/\/www.esplac.cat\/en\/estiu-verd-nou-concurs-de-bones-practiques-estiu\/#primaryimage"},"image":{"@id":"https:\/\/www.esplac.cat\/en\/estiu-verd-nou-concurs-de-bones-practiques-estiu\/#primaryimage"},"thumbnailUrl":"","datePublished":"2015-07-20T14:29:57+00:00","dateModified":"2019-11-14T11:17:45+00:00","breadcrumb":{"@id":"https:\/\/www.esplac.cat\/en\/estiu-verd-nou-concurs-de-bones-practiques-estiu\/#breadcrumb"},"inLanguage":"es","potentialAction":[{"@type":"ReadAction","target":["https:\/\/www.esplac.cat\/en\/estiu-verd-nou-concurs-de-bones-practiques-estiu\/"]}]},{"@type":"ImageObject","inLanguage":"es","@id":"https:\/\/www.esplac.cat\/en\/estiu-verd-nou-concurs-de-bones-practiques-estiu\/#primaryimage","url":"","contentUrl":""},{"@type":"BreadcrumbList","@id":"https:\/\/www.esplac.cat\/en\/estiu-verd-nou-concurs-de-bones-practiques-estiu\/#breadcrumb","itemListElement":[{"@type":"ListItem","position":1,"name":"Inici","item":"https:\/\/www.esplac.cat\/es\/"},{"@type":"ListItem","position":2,"name":"&#8216;L&#8217;estiu Verd&#8217;: nou concurs de bones pr\u00e0ctiques d&#8217;estiu"}]},{"@type":"WebSite","@id":"https:\/\/www.esplac.cat\/#website","url":"https:\/\/www.esplac.cat\/","name":"Esplac","description":"Esplais Catalans","publisher":{"@id":"https:\/\/www.esplac.cat\/#organization"},"potentialAction":[{"@type":"SearchAction","target":{"@type":"EntryPoint","urlTemplate":"https:\/\/www.esplac.cat\/?s={search_term_string}"},"query-input":{"@type":"PropertyValueSpecification","valueRequired":true,"valueName":"search_term_string"}}],"inLanguage":"es"},{"@type":"Organization","@id":"https:\/\/www.esplac.cat\/#organization","name":"Esplac","url":"https:\/\/www.esplac.cat\/","logo":{"@type":"ImageObject","inLanguage":"es","@id":"https:\/\/www.esplac.cat\/#\/schema\/logo\/image\/","url":"https:\/\/www.esplac.cat\/wp-content\/uploads\/2019\/08\/logox2.png","contentUrl":"https:\/\/www.esplac.cat\/wp-content\/uploads\/2019\/08\/logox2.png","width":600,"height":295,"caption":"Esplac"},"image":{"@id":"https:\/\/www.esplac.cat\/#\/schema\/logo\/image\/"}},{"@type":"Person","@id":"https:\/\/www.esplac.cat\/#\/schema\/person\/908383cf240be18b68f8855d0583faca","name":"Comunicaci\u00f3 Esplac","image":{"@type":"ImageObject","inLanguage":"es","@id":"https:\/\/secure.gravatar.com\/avatar\/7a4cf8feb412a76ea4a740ca02d95b06b2907b5a6c648c2dd0a1082a093c3141?s=96&d=mm&r=g","url":"https:\/\/secure.gravatar.com\/avatar\/7a4cf8feb412a76ea4a740ca02d95b06b2907b5a6c648c2dd0a1082a093c3141?s=96&d=mm&r=g","contentUrl":"https:\/\/secure.gravatar.com\/avatar\/7a4cf8feb412a76ea4a740ca02d95b06b2907b5a6c648c2dd0a1082a093c3141?s=96&d=mm&r=g","caption":"Comunicaci\u00f3 Esplac"}}]}},"_links":{"self":[{"href":"https:\/\/www.esplac.cat\/es\/wp-json\/wp\/v2\/posts\/25588","targetHints":{"allow":["GET"]}}],"collection":[{"href":"https:\/\/www.esplac.cat\/es\/wp-json\/wp\/v2\/posts"}],"about":[{"href":"https:\/\/www.esplac.cat\/es\/wp-json\/wp\/v2\/types\/post"}],"author":[{"embeddable":true,"href":"https:\/\/www.esplac.cat\/es\/wp-json\/wp\/v2\/users\/3"}],"replies":[{"embeddable":true,"href":"https:\/\/www.esplac.cat\/es\/wp-json\/wp\/v2\/comments?post=25588"}],"version-history":[{"count":0,"href":"https:\/\/www.esplac.cat\/es\/wp-json\/wp\/v2\/posts\/25588\/revisions"}],"wp:featuredmedia":[{"embeddable":true,"href":"https:\/\/www.esplac.cat\/es\/wp-json\/"}],"wp:attachment":[{"href":"https:\/\/www.esplac.cat\/es\/wp-json\/wp\/v2\/media?parent=25588"}],"wp:term":[{"taxonomy":"category","embeddable":true,"href":"https:\/\/www.esplac.cat\/es\/wp-json\/wp\/v2\/categories?post=25588"},{"taxonomy":"post_tag","embeddable":true,"href":"https:\/\/www.esplac.cat\/es\/wp-json\/wp\/v2\/tags?post=25588"}],"curies":[{"name":"wp","href":"https:\/\/api.w.org\/{rel}","templated":true}]}}