{"id":25598,"date":"2015-07-01T17:53:16","date_gmt":"2015-07-01T15:53:16","guid":{"rendered":"http:\/\/esplac.cat\/?p=6870"},"modified":"2015-07-01T17:53:16","modified_gmt":"2015-07-01T15:53:16","slug":"esplais-catalans-reclamem-la-derogacio-de-la-llei-mordassa","status":"publish","type":"post","link":"https:\/\/www.esplac.cat\/es\/esplais-catalans-reclamem-la-derogacio-de-la-llei-mordassa\/","title":{"rendered":"Esplais Catalans reclamem la derogaci\u00f3 de la &#8216;llei mordassa&#8217;"},"content":{"rendered":"<p>&nbsp;<\/p>\n<p>Davant l&#8217;entrada en vigor avui de la llei de protecci\u00f3 ciutadana, l&#8217;anomenada \u00abllei mordassa\u00bb, Esplais Catalans mostrem la nostra oposici\u00f3 frontal a aquest atac a les llibertats individuals i col\u00b7lectives.<\/p>\n<div>Esplais Catalans treballem per educar persones cr\u00edtiques, actives i compromeses que defensin els seus ideals. Les mesures que criminalitzen les protestes i les llibertats de manifestaci\u00f3, d&#8217;expressi\u00f3, de premsa i d&#8217;opini\u00f3 van contra els nostres valors i coarten la democr\u00e0cia i la possibilitat de participar de la ciutadania.<\/div>\n<div><\/div>\n<div>Per tot aix\u00f2, <strong>Esplais Catalans reclamem la derogaci\u00f3 immediata d&#8217;aquesta llei i donarem suport a les iniciatives i mobilitzacions que treballin en aquesta direcci\u00f3.<\/strong><\/div>\n","protected":false},"excerpt":{"rendered":"<p>&nbsp; Davant l&#8217;entrada en vigor avui de la llei de [&hellip;]<\/p>\n","protected":false},"author":3,"featured_media":25595,"comment_status":"closed","ping_status":"open","sticky":false,"template":"","format":"standard","meta":{"om_disable_all_campaigns":false,"_monsterinsights_skip_tracking":false,"_monsterinsights_sitenote_active":false,"_monsterinsights_sitenote_note":"","_monsterinsights_sitenote_category":0,"_uf_show_specific_survey":0,"_uf_disable_surveys":false,"footnotes":""},"categories":[1127],"tags":[531,532,533,534],"class_list":["post-25598","post","type-post","status-publish","format-standard","has-post-thumbnail","hentry","category-comunicats-posicionaments","tag-comunicat","tag-llei-mordassa","tag-llibertat-dexpressio","tag-posicionaments"],"yoast_head":"<!-- This site is optimized with the Yoast SEO plugin v27.5 - https:\/\/yoast.com\/product\/yoast-seo-wordpress\/ -->\n<title>Esplais Catalans reclamem la derogaci\u00f3 de la &#039;llei mordassa&#039; - Esplac<\/title>\n<meta name=\"robots\" content=\"index, follow, max-snippet:-1, max-image-preview:large, max-video-preview:-1\" \/>\n<link rel=\"canonical\" href=\"https:\/\/www.esplac.cat\/esplais-catalans-reclamem-la-derogacio-de-la-llei-mordassa\/\" \/>\n<meta property=\"og:locale\" content=\"es_ES\" \/>\n<meta property=\"og:type\" content=\"article\" \/>\n<meta property=\"og:title\" content=\"Esplais Catalans reclamem la derogaci\u00f3 de la &#039;llei mordassa&#039; - Esplac\" \/>\n<meta property=\"og:description\" content=\"&nbsp; Davant l&#8217;entrada en vigor avui de la llei de [&hellip;]\" \/>\n<meta property=\"og:url\" content=\"https:\/\/www.esplac.cat\/esplais-catalans-reclamem-la-derogacio-de-la-llei-mordassa\/\" \/>\n<meta property=\"og:site_name\" content=\"Esplac\" \/>\n<meta property=\"article:published_time\" content=\"2015-07-01T15:53:16+00:00\" \/>\n<meta property=\"og:image\" content=\"https:\/\/www.esplac.cat\/wp-content\/uploads\/2015\/07\/20150701_llei-mordassa-1.jpg\" \/>\n\t<meta property=\"og:image:width\" content=\"550\" \/>\n\t<meta property=\"og:image:height\" content=\"170\" \/>\n\t<meta property=\"og:image:type\" content=\"image\/jpeg\" \/>\n<meta name=\"author\" content=\"Comunicaci\u00f3 Esplac\" \/>\n<meta name=\"twitter:card\" content=\"summary_large_image\" \/>\n<meta name=\"twitter:label1\" content=\"Escrito por\" \/>\n\t<meta name=\"twitter:data1\" content=\"Comunicaci\u00f3 Esplac\" \/>\n\t<meta name=\"twitter:label2\" content=\"Tiempo de lectura\" \/>\n\t<meta name=\"twitter:data2\" content=\"1 minuto\" \/>\n<script type=\"application\/ld+json\" class=\"yoast-schema-graph\">{\"@context\":\"https:\\\/\\\/schema.org\",\"@graph\":[{\"@type\":\"Article\",\"@id\":\"https:\\\/\\\/www.esplac.cat\\\/esplais-catalans-reclamem-la-derogacio-de-la-llei-mordassa\\\/#article\",\"isPartOf\":{\"@id\":\"https:\\\/\\\/www.esplac.cat\\\/esplais-catalans-reclamem-la-derogacio-de-la-llei-mordassa\\\/\"},\"author\":{\"name\":\"Comunicaci\u00f3 Esplac\",\"@id\":\"https:\\\/\\\/www.esplac.cat\\\/#\\\/schema\\\/person\\\/908383cf240be18b68f8855d0583faca\"},\"headline\":\"Esplais Catalans reclamem la derogaci\u00f3 de la &#8216;llei mordassa&#8217;\",\"datePublished\":\"2015-07-01T15:53:16+00:00\",\"mainEntityOfPage\":{\"@id\":\"https:\\\/\\\/www.esplac.cat\\\/esplais-catalans-reclamem-la-derogacio-de-la-llei-mordassa\\\/\"},\"wordCount\":120,\"publisher\":{\"@id\":\"https:\\\/\\\/www.esplac.cat\\\/#organization\"},\"image\":{\"@id\":\"https:\\\/\\\/www.esplac.cat\\\/esplais-catalans-reclamem-la-derogacio-de-la-llei-mordassa\\\/#primaryimage\"},\"thumbnailUrl\":\"https:\\\/\\\/www.esplac.cat\\\/wp-content\\\/uploads\\\/2015\\\/07\\\/20150701_llei-mordassa-1.jpg\",\"keywords\":[\"comunicat\",\"llei mordassa\",\"llibertat d'expressi\u00f3\",\"posicionaments\"],\"articleSection\":[\"Comunicats i posicionaments\"],\"inLanguage\":\"es\"},{\"@type\":\"WebPage\",\"@id\":\"https:\\\/\\\/www.esplac.cat\\\/esplais-catalans-reclamem-la-derogacio-de-la-llei-mordassa\\\/\",\"url\":\"https:\\\/\\\/www.esplac.cat\\\/esplais-catalans-reclamem-la-derogacio-de-la-llei-mordassa\\\/\",\"name\":\"Esplais Catalans reclamem la derogaci\u00f3 de la 'llei mordassa' - Esplac\",\"isPartOf\":{\"@id\":\"https:\\\/\\\/www.esplac.cat\\\/#website\"},\"primaryImageOfPage\":{\"@id\":\"https:\\\/\\\/www.esplac.cat\\\/esplais-catalans-reclamem-la-derogacio-de-la-llei-mordassa\\\/#primaryimage\"},\"image\":{\"@id\":\"https:\\\/\\\/www.esplac.cat\\\/esplais-catalans-reclamem-la-derogacio-de-la-llei-mordassa\\\/#primaryimage\"},\"thumbnailUrl\":\"https:\\\/\\\/www.esplac.cat\\\/wp-content\\\/uploads\\\/2015\\\/07\\\/20150701_llei-mordassa-1.jpg\",\"datePublished\":\"2015-07-01T15:53:16+00:00\",\"breadcrumb\":{\"@id\":\"https:\\\/\\\/www.esplac.cat\\\/esplais-catalans-reclamem-la-derogacio-de-la-llei-mordassa\\\/#breadcrumb\"},\"inLanguage\":\"es\",\"potentialAction\":[{\"@type\":\"ReadAction\",\"target\":[\"https:\\\/\\\/www.esplac.cat\\\/esplais-catalans-reclamem-la-derogacio-de-la-llei-mordassa\\\/\"]}]},{\"@type\":\"ImageObject\",\"inLanguage\":\"es\",\"@id\":\"https:\\\/\\\/www.esplac.cat\\\/esplais-catalans-reclamem-la-derogacio-de-la-llei-mordassa\\\/#primaryimage\",\"url\":\"https:\\\/\\\/www.esplac.cat\\\/wp-content\\\/uploads\\\/2015\\\/07\\\/20150701_llei-mordassa-1.jpg\",\"contentUrl\":\"https:\\\/\\\/www.esplac.cat\\\/wp-content\\\/uploads\\\/2015\\\/07\\\/20150701_llei-mordassa-1.jpg\",\"width\":550,\"height\":170},{\"@type\":\"BreadcrumbList\",\"@id\":\"https:\\\/\\\/www.esplac.cat\\\/esplais-catalans-reclamem-la-derogacio-de-la-llei-mordassa\\\/#breadcrumb\",\"itemListElement\":[{\"@type\":\"ListItem\",\"position\":1,\"name\":\"Inici\",\"item\":\"https:\\\/\\\/www.esplac.cat\\\/es\\\/\"},{\"@type\":\"ListItem\",\"position\":2,\"name\":\"Esplais Catalans reclamem la derogaci\u00f3 de la &#8216;llei mordassa&#8217;\"}]},{\"@type\":\"WebSite\",\"@id\":\"https:\\\/\\\/www.esplac.cat\\\/#website\",\"url\":\"https:\\\/\\\/www.esplac.cat\\\/\",\"name\":\"Esplac\",\"description\":\"Esplais Catalans\",\"publisher\":{\"@id\":\"https:\\\/\\\/www.esplac.cat\\\/#organization\"},\"potentialAction\":[{\"@type\":\"SearchAction\",\"target\":{\"@type\":\"EntryPoint\",\"urlTemplate\":\"https:\\\/\\\/www.esplac.cat\\\/?s={search_term_string}\"},\"query-input\":{\"@type\":\"PropertyValueSpecification\",\"valueRequired\":true,\"valueName\":\"search_term_string\"}}],\"inLanguage\":\"es\"},{\"@type\":\"Organization\",\"@id\":\"https:\\\/\\\/www.esplac.cat\\\/#organization\",\"name\":\"Esplac\",\"url\":\"https:\\\/\\\/www.esplac.cat\\\/\",\"logo\":{\"@type\":\"ImageObject\",\"inLanguage\":\"es\",\"@id\":\"https:\\\/\\\/www.esplac.cat\\\/#\\\/schema\\\/logo\\\/image\\\/\",\"url\":\"https:\\\/\\\/www.esplac.cat\\\/wp-content\\\/uploads\\\/2019\\\/08\\\/logox2.png\",\"contentUrl\":\"https:\\\/\\\/www.esplac.cat\\\/wp-content\\\/uploads\\\/2019\\\/08\\\/logox2.png\",\"width\":600,\"height\":295,\"caption\":\"Esplac\"},\"image\":{\"@id\":\"https:\\\/\\\/www.esplac.cat\\\/#\\\/schema\\\/logo\\\/image\\\/\"}},{\"@type\":\"Person\",\"@id\":\"https:\\\/\\\/www.esplac.cat\\\/#\\\/schema\\\/person\\\/908383cf240be18b68f8855d0583faca\",\"name\":\"Comunicaci\u00f3 Esplac\",\"image\":{\"@type\":\"ImageObject\",\"inLanguage\":\"es\",\"@id\":\"https:\\\/\\\/secure.gravatar.com\\\/avatar\\\/7a4cf8feb412a76ea4a740ca02d95b06b2907b5a6c648c2dd0a1082a093c3141?s=96&d=mm&r=g\",\"url\":\"https:\\\/\\\/secure.gravatar.com\\\/avatar\\\/7a4cf8feb412a76ea4a740ca02d95b06b2907b5a6c648c2dd0a1082a093c3141?s=96&d=mm&r=g\",\"contentUrl\":\"https:\\\/\\\/secure.gravatar.com\\\/avatar\\\/7a4cf8feb412a76ea4a740ca02d95b06b2907b5a6c648c2dd0a1082a093c3141?s=96&d=mm&r=g\",\"caption\":\"Comunicaci\u00f3 Esplac\"}}]}<\/script>\n<!-- \/ Yoast SEO plugin. -->","yoast_head_json":{"title":"Esplais Catalans reclamem la derogaci\u00f3 de la 'llei mordassa' - Esplac","robots":{"index":"index","follow":"follow","max-snippet":"max-snippet:-1","max-image-preview":"max-image-preview:large","max-video-preview":"max-video-preview:-1"},"canonical":"https:\/\/www.esplac.cat\/esplais-catalans-reclamem-la-derogacio-de-la-llei-mordassa\/","og_locale":"es_ES","og_type":"article","og_title":"Esplais Catalans reclamem la derogaci\u00f3 de la 'llei mordassa' - Esplac","og_description":"&nbsp; Davant l&#8217;entrada en vigor avui de la llei de [&hellip;]","og_url":"https:\/\/www.esplac.cat\/esplais-catalans-reclamem-la-derogacio-de-la-llei-mordassa\/","og_site_name":"Esplac","article_published_time":"2015-07-01T15:53:16+00:00","og_image":[{"width":550,"height":170,"url":"https:\/\/www.esplac.cat\/wp-content\/uploads\/2015\/07\/20150701_llei-mordassa-1.jpg","type":"image\/jpeg"}],"author":"Comunicaci\u00f3 Esplac","twitter_card":"summary_large_image","twitter_misc":{"Escrito por":"Comunicaci\u00f3 Esplac","Tiempo de lectura":"1 minuto"},"schema":{"@context":"https:\/\/schema.org","@graph":[{"@type":"Article","@id":"https:\/\/www.esplac.cat\/esplais-catalans-reclamem-la-derogacio-de-la-llei-mordassa\/#article","isPartOf":{"@id":"https:\/\/www.esplac.cat\/esplais-catalans-reclamem-la-derogacio-de-la-llei-mordassa\/"},"author":{"name":"Comunicaci\u00f3 Esplac","@id":"https:\/\/www.esplac.cat\/#\/schema\/person\/908383cf240be18b68f8855d0583faca"},"headline":"Esplais Catalans reclamem la derogaci\u00f3 de la &#8216;llei mordassa&#8217;","datePublished":"2015-07-01T15:53:16+00:00","mainEntityOfPage":{"@id":"https:\/\/www.esplac.cat\/esplais-catalans-reclamem-la-derogacio-de-la-llei-mordassa\/"},"wordCount":120,"publisher":{"@id":"https:\/\/www.esplac.cat\/#organization"},"image":{"@id":"https:\/\/www.esplac.cat\/esplais-catalans-reclamem-la-derogacio-de-la-llei-mordassa\/#primaryimage"},"thumbnailUrl":"https:\/\/www.esplac.cat\/wp-content\/uploads\/2015\/07\/20150701_llei-mordassa-1.jpg","keywords":["comunicat","llei mordassa","llibertat d'expressi\u00f3","posicionaments"],"articleSection":["Comunicats i posicionaments"],"inLanguage":"es"},{"@type":"WebPage","@id":"https:\/\/www.esplac.cat\/esplais-catalans-reclamem-la-derogacio-de-la-llei-mordassa\/","url":"https:\/\/www.esplac.cat\/esplais-catalans-reclamem-la-derogacio-de-la-llei-mordassa\/","name":"Esplais Catalans reclamem la derogaci\u00f3 de la 'llei mordassa' - Esplac","isPartOf":{"@id":"https:\/\/www.esplac.cat\/#website"},"primaryImageOfPage":{"@id":"https:\/\/www.esplac.cat\/esplais-catalans-reclamem-la-derogacio-de-la-llei-mordassa\/#primaryimage"},"image":{"@id":"https:\/\/www.esplac.cat\/esplais-catalans-reclamem-la-derogacio-de-la-llei-mordassa\/#primaryimage"},"thumbnailUrl":"https:\/\/www.esplac.cat\/wp-content\/uploads\/2015\/07\/20150701_llei-mordassa-1.jpg","datePublished":"2015-07-01T15:53:16+00:00","breadcrumb":{"@id":"https:\/\/www.esplac.cat\/esplais-catalans-reclamem-la-derogacio-de-la-llei-mordassa\/#breadcrumb"},"inLanguage":"es","potentialAction":[{"@type":"ReadAction","target":["https:\/\/www.esplac.cat\/esplais-catalans-reclamem-la-derogacio-de-la-llei-mordassa\/"]}]},{"@type":"ImageObject","inLanguage":"es","@id":"https:\/\/www.esplac.cat\/esplais-catalans-reclamem-la-derogacio-de-la-llei-mordassa\/#primaryimage","url":"https:\/\/www.esplac.cat\/wp-content\/uploads\/2015\/07\/20150701_llei-mordassa-1.jpg","contentUrl":"https:\/\/www.esplac.cat\/wp-content\/uploads\/2015\/07\/20150701_llei-mordassa-1.jpg","width":550,"height":170},{"@type":"BreadcrumbList","@id":"https:\/\/www.esplac.cat\/esplais-catalans-reclamem-la-derogacio-de-la-llei-mordassa\/#breadcrumb","itemListElement":[{"@type":"ListItem","position":1,"name":"Inici","item":"https:\/\/www.esplac.cat\/es\/"},{"@type":"ListItem","position":2,"name":"Esplais Catalans reclamem la derogaci\u00f3 de la &#8216;llei mordassa&#8217;"}]},{"@type":"WebSite","@id":"https:\/\/www.esplac.cat\/#website","url":"https:\/\/www.esplac.cat\/","name":"Esplac","description":"Esplais Catalans","publisher":{"@id":"https:\/\/www.esplac.cat\/#organization"},"potentialAction":[{"@type":"SearchAction","target":{"@type":"EntryPoint","urlTemplate":"https:\/\/www.esplac.cat\/?s={search_term_string}"},"query-input":{"@type":"PropertyValueSpecification","valueRequired":true,"valueName":"search_term_string"}}],"inLanguage":"es"},{"@type":"Organization","@id":"https:\/\/www.esplac.cat\/#organization","name":"Esplac","url":"https:\/\/www.esplac.cat\/","logo":{"@type":"ImageObject","inLanguage":"es","@id":"https:\/\/www.esplac.cat\/#\/schema\/logo\/image\/","url":"https:\/\/www.esplac.cat\/wp-content\/uploads\/2019\/08\/logox2.png","contentUrl":"https:\/\/www.esplac.cat\/wp-content\/uploads\/2019\/08\/logox2.png","width":600,"height":295,"caption":"Esplac"},"image":{"@id":"https:\/\/www.esplac.cat\/#\/schema\/logo\/image\/"}},{"@type":"Person","@id":"https:\/\/www.esplac.cat\/#\/schema\/person\/908383cf240be18b68f8855d0583faca","name":"Comunicaci\u00f3 Esplac","image":{"@type":"ImageObject","inLanguage":"es","@id":"https:\/\/secure.gravatar.com\/avatar\/7a4cf8feb412a76ea4a740ca02d95b06b2907b5a6c648c2dd0a1082a093c3141?s=96&d=mm&r=g","url":"https:\/\/secure.gravatar.com\/avatar\/7a4cf8feb412a76ea4a740ca02d95b06b2907b5a6c648c2dd0a1082a093c3141?s=96&d=mm&r=g","contentUrl":"https:\/\/secure.gravatar.com\/avatar\/7a4cf8feb412a76ea4a740ca02d95b06b2907b5a6c648c2dd0a1082a093c3141?s=96&d=mm&r=g","caption":"Comunicaci\u00f3 Esplac"}}]}},"_links":{"self":[{"href":"https:\/\/www.esplac.cat\/es\/wp-json\/wp\/v2\/posts\/25598","targetHints":{"allow":["GET"]}}],"collection":[{"href":"https:\/\/www.esplac.cat\/es\/wp-json\/wp\/v2\/posts"}],"about":[{"href":"https:\/\/www.esplac.cat\/es\/wp-json\/wp\/v2\/types\/post"}],"author":[{"embeddable":true,"href":"https:\/\/www.esplac.cat\/es\/wp-json\/wp\/v2\/users\/3"}],"replies":[{"embeddable":true,"href":"https:\/\/www.esplac.cat\/es\/wp-json\/wp\/v2\/comments?post=25598"}],"version-history":[{"count":0,"href":"https:\/\/www.esplac.cat\/es\/wp-json\/wp\/v2\/posts\/25598\/revisions"}],"wp:featuredmedia":[{"embeddable":true,"href":"https:\/\/www.esplac.cat\/es\/wp-json\/wp\/v2\/media\/25595"}],"wp:attachment":[{"href":"https:\/\/www.esplac.cat\/es\/wp-json\/wp\/v2\/media?parent=25598"}],"wp:term":[{"taxonomy":"category","embeddable":true,"href":"https:\/\/www.esplac.cat\/es\/wp-json\/wp\/v2\/categories?post=25598"},{"taxonomy":"post_tag","embeddable":true,"href":"https:\/\/www.esplac.cat\/es\/wp-json\/wp\/v2\/tags?post=25598"}],"curies":[{"name":"wp","href":"https:\/\/api.w.org\/{rel}","templated":true}]}}