{"id":25601,"date":"2015-06-30T10:59:32","date_gmt":"2015-06-30T08:59:32","guid":{"rendered":"http:\/\/esplac.cat\/?p=6860"},"modified":"2015-06-30T10:59:32","modified_gmt":"2015-06-30T08:59:32","slug":"a-lestiu-lesplai-es-viu","status":"publish","type":"post","link":"https:\/\/www.esplac.cat\/es\/a-lestiu-lesplai-es-viu\/","title":{"rendered":"A l&#8217;estiu, l&#8217;esplai \u00e9s viu!"},"content":{"rendered":"<p class=\"p1\">L&#8217;arribada de l&#8217;estiu sempre ve acompanyada de les activitats m\u00e9s esperades pels infants, joves, monis i fam\u00edlies dels esplais. Parlem dels campaments, les col\u00f2nies, les rutes, els intercanvis intenacionales i els camps de treball. <b>Enguany hi participaran 4800 infants i joves i vora 1100 monitors i monitores.<\/b><\/p>\n<p class=\"p1\">Un any m\u00e9s, les col\u00f2nies perden for\u00e7a, <b>els campaments doblen en nombre les col\u00f2nies<\/b>. Destaquem tamb\u00e9 el creixement de les rutes any rere any. Sobretot les que s\u00f3n fora de Catalunya, un projecte que pren cada vegada m\u00e9s for\u00e7a entre els grups de joves dels esplais.<\/p>\n<p class=\"p1\">Els primers campaments han comen\u00e7at dilluns dia 22 de juny i els \u00faltims estan previstos que acabin el 6 de setembre. Podeu trobar totes les activitats que fan els esplais al <a href=\"http:\/\/esplac.cat\/cercador-activitats-estiu\/\" target=\"_blank\" rel=\"noopener noreferrer\"><b>Cercador de Campaments, Col\u00f2nies i Rutes<\/b><\/a>.<\/p>\n<p class=\"p1\">Si esteu a punt de marxar, recordeu fer un cop d&#8217;ull a la llista \u00abAbans de marxar\u00bb de la <b><a href=\"http:\/\/esplac.cat\/guia-preparar-campaments-colonies-rutes\/\" target=\"_blank\" rel=\"noopener noreferrer\">Guia de preparaci\u00f3 de campaments, col\u00f2nies i rutes<\/a>.<\/b>\u00a0A m\u00e9s, \u00e9s important tenir present i endur-nos l&#8217;<b><a href=\"http:\/\/jovecat.gencat.cat\/web\/.content\/_documents\/arxiu\/vacances_i_estades\/caus__esplais__altres_entitats_educacio_lleure\/activitats_estiu\/anem_jovecat.pdf\" target=\"_blank\" rel=\"noopener noreferrer\">Anem preparats<\/a>, <\/b>una\u00a0publicaci\u00f3 de la Direcci\u00f3 General de Joventut que d\u00f3na\u00a0les informacions i les recomanacions necess\u00e0ries per garantir un bon nivell qualitatiu en totes les activitats d\u2019educaci\u00f3 en el lleure i per vetllar tant per la seguretat i la integritat f\u00edsica dels participants com pel respecte al medi natural. Tam,b\u00e9 \u00e9s important que reviseu la\u00a0p\u00e0gina de\u00a0<strong><a href=\"http:\/\/jovecat.gencat.cat\/ca\/temes\/vacances_i_estades\/organitzacio_i_notificacio_d_activitats\/prevencio_edulleure\/\" target=\"_blank\" rel=\"noopener noreferrer\">Prevenci\u00f3 i Autoprotecci\u00f3 en les activitats del lleure de la Generalitat<\/a>.<\/strong><\/p>\n<p class=\"p2\">I durant tota l&#8217;estada, tingueu ben a m\u00e0 el <strong>tel\u00e8fon d&#8217;emerg\u00e8ncies d&#8217;Esplac<\/strong> per trucar-nos si necessiteu quelcom o teniu alguna incid\u00e8ncia: <strong>667 263 132<\/strong><\/p>\n<p class=\"p1\">Si teniu pensat treballar aspectes mediambientals, d&#8217;energies renovables o fer algun taller sobre l&#8217;energia del sol, teniu a la vostra disposici\u00f3 <b>carregadors solars<\/b> d&#8217;aparells petits i <b>forns solars<\/b> per fer receptes senzilles. <strong>Podeu demanar<\/strong><b>-ho en pr\u00e9stec al Banc de recursos de l&#8217;<a href=\"http:\/\/assac.esplac.cat\/\" target=\"_blank\" rel=\"noopener noreferrer\">Assac online<\/a><\/b>.<\/p>\n<p class=\"p1\">Podeu <b>compartir<\/b> amb tots els esplais <b>fotografies<\/b>\u00a0i informacions de les vostres activitats\u00a0afegint\u00a0el\u00a0hastag <b><span style=\"text-decoration: underline;\">#esplaisfemlestiu<\/span>.<\/b> Des del facebook i twitter d&#8217;Esplais Catalans les anirem compartint!<\/p>\n<p class=\"p1\">Us desitgem un bon estiu!<\/p>\n<p class=\"p1\">\n","protected":false},"excerpt":{"rendered":"<p>L&#8217;arribada de l&#8217;estiu sempre ve acompanyada de les activitats m\u00e9s [&hellip;]<\/p>\n","protected":false},"author":3,"featured_media":0,"comment_status":"closed","ping_status":"open","sticky":false,"template":"","format":"standard","meta":{"om_disable_all_campaigns":false,"_monsterinsights_skip_tracking":false,"_monsterinsights_sitenote_active":false,"_monsterinsights_sitenote_note":"","_monsterinsights_sitenote_category":0,"_uf_show_specific_survey":0,"_uf_disable_surveys":false,"footnotes":""},"categories":[1117],"tags":[451,145,53,429,457,101,430],"class_list":["post-25601","post","type-post","status-publish","format-standard","hentry","category-activitats-esplais","tag-activitats-destiu","tag-anem-preparats","tag-campaments","tag-ccr","tag-colonies-i-rutes","tag-esplaisfemlestiu","tag-guia-ccr"],"yoast_head":"<!-- This site is optimized with the Yoast SEO plugin v27.4 - https:\/\/yoast.com\/product\/yoast-seo-wordpress\/ -->\n<title>A l&#039;estiu, l&#039;esplai \u00e9s viu! - Esplac<\/title>\n<meta name=\"robots\" content=\"index, follow, max-snippet:-1, max-image-preview:large, max-video-preview:-1\" \/>\n<link rel=\"canonical\" href=\"https:\/\/www.esplac.cat\/es\/a-lestiu-lesplai-es-viu\/\" \/>\n<meta property=\"og:locale\" content=\"es_ES\" \/>\n<meta property=\"og:type\" content=\"article\" \/>\n<meta property=\"og:title\" content=\"A l&#039;estiu, l&#039;esplai \u00e9s viu! - Esplac\" \/>\n<meta property=\"og:description\" content=\"L&#8217;arribada de l&#8217;estiu sempre ve acompanyada de les activitats m\u00e9s [&hellip;]\" \/>\n<meta property=\"og:url\" content=\"https:\/\/www.esplac.cat\/es\/a-lestiu-lesplai-es-viu\/\" \/>\n<meta property=\"og:site_name\" content=\"Esplac\" \/>\n<meta property=\"article:published_time\" content=\"2015-06-30T08:59:32+00:00\" \/>\n<meta property=\"og:image\" content=\"https:\/\/www.esplac.cat\/wp-content\/uploads\/2019\/11\/logo-open.jpg\" \/>\n\t<meta property=\"og:image:width\" content=\"1200\" \/>\n\t<meta property=\"og:image:height\" content=\"630\" \/>\n\t<meta property=\"og:image:type\" content=\"image\/jpeg\" \/>\n<meta name=\"author\" content=\"Comunicaci\u00f3 Esplac\" \/>\n<meta name=\"twitter:card\" content=\"summary_large_image\" \/>\n<meta name=\"twitter:label1\" content=\"Escrito por\" \/>\n\t<meta name=\"twitter:data1\" content=\"Comunicaci\u00f3 Esplac\" \/>\n\t<meta name=\"twitter:label2\" content=\"Tiempo de lectura\" \/>\n\t<meta name=\"twitter:data2\" content=\"2 minutos\" \/>\n<script type=\"application\/ld+json\" class=\"yoast-schema-graph\">{\"@context\":\"https:\\\/\\\/schema.org\",\"@graph\":[{\"@type\":\"Article\",\"@id\":\"https:\\\/\\\/www.esplac.cat\\\/es\\\/a-lestiu-lesplai-es-viu\\\/#article\",\"isPartOf\":{\"@id\":\"https:\\\/\\\/www.esplac.cat\\\/es\\\/a-lestiu-lesplai-es-viu\\\/\"},\"author\":{\"name\":\"Comunicaci\u00f3 Esplac\",\"@id\":\"https:\\\/\\\/www.esplac.cat\\\/#\\\/schema\\\/person\\\/908383cf240be18b68f8855d0583faca\"},\"headline\":\"A l&#8217;estiu, l&#8217;esplai \u00e9s viu!\",\"datePublished\":\"2015-06-30T08:59:32+00:00\",\"mainEntityOfPage\":{\"@id\":\"https:\\\/\\\/www.esplac.cat\\\/es\\\/a-lestiu-lesplai-es-viu\\\/\"},\"wordCount\":371,\"publisher\":{\"@id\":\"https:\\\/\\\/www.esplac.cat\\\/#organization\"},\"keywords\":[\"activitats d'estiu\",\"anem preparats\",\"campaments\",\"CCR\",\"col\u00f2nies i rutes\",\"esplaisfemlestiu\",\"Guia CCR\"],\"articleSection\":[\"Activitats esplais\"],\"inLanguage\":\"es\"},{\"@type\":\"WebPage\",\"@id\":\"https:\\\/\\\/www.esplac.cat\\\/es\\\/a-lestiu-lesplai-es-viu\\\/\",\"url\":\"https:\\\/\\\/www.esplac.cat\\\/es\\\/a-lestiu-lesplai-es-viu\\\/\",\"name\":\"A l'estiu, l'esplai \u00e9s viu! - Esplac\",\"isPartOf\":{\"@id\":\"https:\\\/\\\/www.esplac.cat\\\/#website\"},\"datePublished\":\"2015-06-30T08:59:32+00:00\",\"breadcrumb\":{\"@id\":\"https:\\\/\\\/www.esplac.cat\\\/es\\\/a-lestiu-lesplai-es-viu\\\/#breadcrumb\"},\"inLanguage\":\"es\",\"potentialAction\":[{\"@type\":\"ReadAction\",\"target\":[\"https:\\\/\\\/www.esplac.cat\\\/es\\\/a-lestiu-lesplai-es-viu\\\/\"]}]},{\"@type\":\"BreadcrumbList\",\"@id\":\"https:\\\/\\\/www.esplac.cat\\\/es\\\/a-lestiu-lesplai-es-viu\\\/#breadcrumb\",\"itemListElement\":[{\"@type\":\"ListItem\",\"position\":1,\"name\":\"Inici\",\"item\":\"https:\\\/\\\/www.esplac.cat\\\/es\\\/\"},{\"@type\":\"ListItem\",\"position\":2,\"name\":\"A l&#8217;estiu, l&#8217;esplai \u00e9s viu!\"}]},{\"@type\":\"WebSite\",\"@id\":\"https:\\\/\\\/www.esplac.cat\\\/#website\",\"url\":\"https:\\\/\\\/www.esplac.cat\\\/\",\"name\":\"Esplac\",\"description\":\"Esplais Catalans\",\"publisher\":{\"@id\":\"https:\\\/\\\/www.esplac.cat\\\/#organization\"},\"potentialAction\":[{\"@type\":\"SearchAction\",\"target\":{\"@type\":\"EntryPoint\",\"urlTemplate\":\"https:\\\/\\\/www.esplac.cat\\\/?s={search_term_string}\"},\"query-input\":{\"@type\":\"PropertyValueSpecification\",\"valueRequired\":true,\"valueName\":\"search_term_string\"}}],\"inLanguage\":\"es\"},{\"@type\":\"Organization\",\"@id\":\"https:\\\/\\\/www.esplac.cat\\\/#organization\",\"name\":\"Esplac\",\"url\":\"https:\\\/\\\/www.esplac.cat\\\/\",\"logo\":{\"@type\":\"ImageObject\",\"inLanguage\":\"es\",\"@id\":\"https:\\\/\\\/www.esplac.cat\\\/#\\\/schema\\\/logo\\\/image\\\/\",\"url\":\"https:\\\/\\\/www.esplac.cat\\\/wp-content\\\/uploads\\\/2019\\\/08\\\/logox2.png\",\"contentUrl\":\"https:\\\/\\\/www.esplac.cat\\\/wp-content\\\/uploads\\\/2019\\\/08\\\/logox2.png\",\"width\":600,\"height\":295,\"caption\":\"Esplac\"},\"image\":{\"@id\":\"https:\\\/\\\/www.esplac.cat\\\/#\\\/schema\\\/logo\\\/image\\\/\"}},{\"@type\":\"Person\",\"@id\":\"https:\\\/\\\/www.esplac.cat\\\/#\\\/schema\\\/person\\\/908383cf240be18b68f8855d0583faca\",\"name\":\"Comunicaci\u00f3 Esplac\",\"image\":{\"@type\":\"ImageObject\",\"inLanguage\":\"es\",\"@id\":\"https:\\\/\\\/secure.gravatar.com\\\/avatar\\\/7a4cf8feb412a76ea4a740ca02d95b06b2907b5a6c648c2dd0a1082a093c3141?s=96&d=mm&r=g\",\"url\":\"https:\\\/\\\/secure.gravatar.com\\\/avatar\\\/7a4cf8feb412a76ea4a740ca02d95b06b2907b5a6c648c2dd0a1082a093c3141?s=96&d=mm&r=g\",\"contentUrl\":\"https:\\\/\\\/secure.gravatar.com\\\/avatar\\\/7a4cf8feb412a76ea4a740ca02d95b06b2907b5a6c648c2dd0a1082a093c3141?s=96&d=mm&r=g\",\"caption\":\"Comunicaci\u00f3 Esplac\"}}]}<\/script>\n<!-- \/ Yoast SEO plugin. -->","yoast_head_json":{"title":"A l'estiu, l'esplai \u00e9s viu! - Esplac","robots":{"index":"index","follow":"follow","max-snippet":"max-snippet:-1","max-image-preview":"max-image-preview:large","max-video-preview":"max-video-preview:-1"},"canonical":"https:\/\/www.esplac.cat\/es\/a-lestiu-lesplai-es-viu\/","og_locale":"es_ES","og_type":"article","og_title":"A l'estiu, l'esplai \u00e9s viu! - Esplac","og_description":"L&#8217;arribada de l&#8217;estiu sempre ve acompanyada de les activitats m\u00e9s [&hellip;]","og_url":"https:\/\/www.esplac.cat\/es\/a-lestiu-lesplai-es-viu\/","og_site_name":"Esplac","article_published_time":"2015-06-30T08:59:32+00:00","og_image":[{"width":1200,"height":630,"url":"https:\/\/www.esplac.cat\/wp-content\/uploads\/2019\/11\/logo-open.jpg","type":"image\/jpeg"}],"author":"Comunicaci\u00f3 Esplac","twitter_card":"summary_large_image","twitter_misc":{"Escrito por":"Comunicaci\u00f3 Esplac","Tiempo de lectura":"2 minutos"},"schema":{"@context":"https:\/\/schema.org","@graph":[{"@type":"Article","@id":"https:\/\/www.esplac.cat\/es\/a-lestiu-lesplai-es-viu\/#article","isPartOf":{"@id":"https:\/\/www.esplac.cat\/es\/a-lestiu-lesplai-es-viu\/"},"author":{"name":"Comunicaci\u00f3 Esplac","@id":"https:\/\/www.esplac.cat\/#\/schema\/person\/908383cf240be18b68f8855d0583faca"},"headline":"A l&#8217;estiu, l&#8217;esplai \u00e9s viu!","datePublished":"2015-06-30T08:59:32+00:00","mainEntityOfPage":{"@id":"https:\/\/www.esplac.cat\/es\/a-lestiu-lesplai-es-viu\/"},"wordCount":371,"publisher":{"@id":"https:\/\/www.esplac.cat\/#organization"},"keywords":["activitats d'estiu","anem preparats","campaments","CCR","col\u00f2nies i rutes","esplaisfemlestiu","Guia CCR"],"articleSection":["Activitats esplais"],"inLanguage":"es"},{"@type":"WebPage","@id":"https:\/\/www.esplac.cat\/es\/a-lestiu-lesplai-es-viu\/","url":"https:\/\/www.esplac.cat\/es\/a-lestiu-lesplai-es-viu\/","name":"A l'estiu, l'esplai \u00e9s viu! - Esplac","isPartOf":{"@id":"https:\/\/www.esplac.cat\/#website"},"datePublished":"2015-06-30T08:59:32+00:00","breadcrumb":{"@id":"https:\/\/www.esplac.cat\/es\/a-lestiu-lesplai-es-viu\/#breadcrumb"},"inLanguage":"es","potentialAction":[{"@type":"ReadAction","target":["https:\/\/www.esplac.cat\/es\/a-lestiu-lesplai-es-viu\/"]}]},{"@type":"BreadcrumbList","@id":"https:\/\/www.esplac.cat\/es\/a-lestiu-lesplai-es-viu\/#breadcrumb","itemListElement":[{"@type":"ListItem","position":1,"name":"Inici","item":"https:\/\/www.esplac.cat\/es\/"},{"@type":"ListItem","position":2,"name":"A l&#8217;estiu, l&#8217;esplai \u00e9s viu!"}]},{"@type":"WebSite","@id":"https:\/\/www.esplac.cat\/#website","url":"https:\/\/www.esplac.cat\/","name":"Esplac","description":"Esplais Catalans","publisher":{"@id":"https:\/\/www.esplac.cat\/#organization"},"potentialAction":[{"@type":"SearchAction","target":{"@type":"EntryPoint","urlTemplate":"https:\/\/www.esplac.cat\/?s={search_term_string}"},"query-input":{"@type":"PropertyValueSpecification","valueRequired":true,"valueName":"search_term_string"}}],"inLanguage":"es"},{"@type":"Organization","@id":"https:\/\/www.esplac.cat\/#organization","name":"Esplac","url":"https:\/\/www.esplac.cat\/","logo":{"@type":"ImageObject","inLanguage":"es","@id":"https:\/\/www.esplac.cat\/#\/schema\/logo\/image\/","url":"https:\/\/www.esplac.cat\/wp-content\/uploads\/2019\/08\/logox2.png","contentUrl":"https:\/\/www.esplac.cat\/wp-content\/uploads\/2019\/08\/logox2.png","width":600,"height":295,"caption":"Esplac"},"image":{"@id":"https:\/\/www.esplac.cat\/#\/schema\/logo\/image\/"}},{"@type":"Person","@id":"https:\/\/www.esplac.cat\/#\/schema\/person\/908383cf240be18b68f8855d0583faca","name":"Comunicaci\u00f3 Esplac","image":{"@type":"ImageObject","inLanguage":"es","@id":"https:\/\/secure.gravatar.com\/avatar\/7a4cf8feb412a76ea4a740ca02d95b06b2907b5a6c648c2dd0a1082a093c3141?s=96&d=mm&r=g","url":"https:\/\/secure.gravatar.com\/avatar\/7a4cf8feb412a76ea4a740ca02d95b06b2907b5a6c648c2dd0a1082a093c3141?s=96&d=mm&r=g","contentUrl":"https:\/\/secure.gravatar.com\/avatar\/7a4cf8feb412a76ea4a740ca02d95b06b2907b5a6c648c2dd0a1082a093c3141?s=96&d=mm&r=g","caption":"Comunicaci\u00f3 Esplac"}}]}},"_links":{"self":[{"href":"https:\/\/www.esplac.cat\/es\/wp-json\/wp\/v2\/posts\/25601","targetHints":{"allow":["GET"]}}],"collection":[{"href":"https:\/\/www.esplac.cat\/es\/wp-json\/wp\/v2\/posts"}],"about":[{"href":"https:\/\/www.esplac.cat\/es\/wp-json\/wp\/v2\/types\/post"}],"author":[{"embeddable":true,"href":"https:\/\/www.esplac.cat\/es\/wp-json\/wp\/v2\/users\/3"}],"replies":[{"embeddable":true,"href":"https:\/\/www.esplac.cat\/es\/wp-json\/wp\/v2\/comments?post=25601"}],"version-history":[{"count":0,"href":"https:\/\/www.esplac.cat\/es\/wp-json\/wp\/v2\/posts\/25601\/revisions"}],"wp:attachment":[{"href":"https:\/\/www.esplac.cat\/es\/wp-json\/wp\/v2\/media?parent=25601"}],"wp:term":[{"taxonomy":"category","embeddable":true,"href":"https:\/\/www.esplac.cat\/es\/wp-json\/wp\/v2\/categories?post=25601"},{"taxonomy":"post_tag","embeddable":true,"href":"https:\/\/www.esplac.cat\/es\/wp-json\/wp\/v2\/tags?post=25601"}],"curies":[{"name":"wp","href":"https:\/\/api.w.org\/{rel}","templated":true}]}}