{"id":25602,"date":"2015-06-29T17:57:54","date_gmt":"2015-06-29T15:57:54","guid":{"rendered":"http:\/\/esplac.cat\/?p=6856"},"modified":"2015-06-29T17:57:54","modified_gmt":"2015-06-29T15:57:54","slug":"concurs-per-realitzar-el-projecte-historia-dels-esplais","status":"publish","type":"post","link":"https:\/\/www.esplac.cat\/es\/concurs-per-realitzar-el-projecte-historia-dels-esplais\/","title":{"rendered":"Concurs per realitzar el projecte &#8216;Hist\u00f2ria dels esplais&#8217;"},"content":{"rendered":"<p class=\"p1\">Us comuniquem que hem obert un termini per a la presentaci\u00f3 de propostes amb l\u2019objectiu d&#8217;elaborar un projecte d&#8217;estudi hist\u00f2ric dels or\u00edgens dels esplais a Catalunya que volem fer a Esplais Catalans. Estem cercant una persona que pugui, per la seva formaci\u00f3 i experi\u00e8ncia, realitzar aquest estudi hist\u00f2ric de manera rigorosa, tot vinculant-la a la creaci\u00f3 i desenvolupament d&#8217;Esplac com a federaci\u00f3. El termini per presentar propostes finalitza el dia <span class=\"s1\"><b>7 de juliol de 2015.<\/b><\/span> Ens heu d&#8217;adre\u00e7ar la vostra proposta explicant la metodologia que utilitzareu a l&#8217;hora de fer l&#8217;estudi, una proposta de calendaritzaci\u00f3 i el curr\u00edculum vitae al mail <a href=\"mailto:esplac@esplac.cat\"><span class=\"s2\">esplac@esplac.cat<\/span><\/a> amb la refer\u00e8ncia <span class=\"s1\"><b>\u00abEstudiesplac\u00bb<\/b><\/span> a l&#8217;assumpte del mail.<\/p>\n<p class=\"p2\"><b>Funcions:<\/b><\/p>\n<ul class=\"ul1\">\n<li class=\"li1\">Tasca d&#8217;investigaci\u00f3 per tal de cercar els or\u00edgens dels esplais i identificar-ne els principals actors.<\/li>\n<li class=\"li1\">Realitzaci\u00f3 d&#8217;enquestes als esplais per con\u00e8ixer els seus or\u00edgens i la realitat del sector.<\/li>\n<li class=\"li1\">Investigaci\u00f3 en el fons documental d&#8217;Esplac, dels esplais i d&#8217;altres entitats, biblioteques, universitats&#8230;<\/li>\n<li class=\"li1\">Cerca d&#8217;imatges d&#8217;arxiu i v\u00eddeos hist\u00f2rics.<\/li>\n<li class=\"li1\">Realitzaci\u00f3 d&#8217;entrevistes a persones rellevants en el m\u00f3n d&#8217;Esplac i de l&#8217;associacionisme educatiu.<\/li>\n<li class=\"li1\">Com a resultat: Redacci\u00f3 i presentaci\u00f3 de l&#8217;estudi que ha de servir de base per realitzar el gui\u00f3 d&#8217;un documental sobre els or\u00edgens dels esplais.<\/li>\n<li class=\"li1\">Coordinaci\u00f3 amb el Cap de comunicaci\u00f3 d&#8217;Esplac i el responsable pol\u00edtic del projecte.<\/li>\n<li class=\"li1\">Maquetaci\u00f3 de l&#8217;estudi<\/li>\n<\/ul>\n<p class=\"p2\"><b>Es demana:<\/b><\/p>\n<ul class=\"ul1\">\n<li class=\"li1\">Llicenciatura en Hist\u00f2ria o amb experi\u00e8ncia demostrable en projectes similars.<\/li>\n<li class=\"li1\">Alta en els aut\u00f2noms o capacitat per poder generar factures per part de la persona encarregada de realitzar l&#8217;estudi.<\/li>\n<li class=\"li1\">Nivell alt de catal\u00e0 i castell\u00e0.<\/li>\n<li class=\"li1\">Compet\u00e8ncia escrita: capacitat de redacci\u00f3 i capacitat de s\u00edntesi.<\/li>\n<li class=\"li1\">Coneixement i experi\u00e8ncia en l&#8217;\u00e0mbit de l&#8217;associacionisme educatiu i els esplais.<\/li>\n<li class=\"li1\">Capacitat d&#8217;organitzaci\u00f3, gesti\u00f3 del temps i compliments de terminis, autonomia personal.<\/li>\n<li class=\"li1\">Disponibilitat per viatjar pel territori i flexibilitat hor\u00e0ria.<\/li>\n<li class=\"li1\">Menys de 35 anys.<\/li>\n<\/ul>\n<p class=\"p2\"><b>Es valorar\u00e0:<\/b><\/p>\n<ul class=\"ul1\">\n<li class=\"li1\">Coneixement de treball per projectes.<\/li>\n<li class=\"li1\">Coneixements i habilitats en disseny gr\u00e0fic.<\/li>\n<li class=\"li1\">Coneixement en temes espec\u00edfics relacionats amb el projecte educatiu d&#8217;Esplais Catalans.<\/li>\n<li class=\"li1\">Facilitat per con\u00e8ixer noves eines de treball.<\/li>\n<li class=\"li1\">Carnet de conduir i vehicle propi.<\/li>\n<li class=\"li1\">Experi\u00e8ncia associativa en el moviment associatiu juvenil.<\/li>\n<li class=\"li1\">Coneixement del Moviment Laic i Progressista i les entitats membres<\/li>\n<li class=\"li1\">Formacions complement\u00e0ries relacionades amb periodisme o comunicaci\u00f3.<\/li>\n<\/ul>\n<p class=\"p2\"><b>Condicions de la relaci\u00f3:<\/b><\/p>\n<ul class=\"ul1\">\n<li class=\"li1\">Honoraris totals del projecte: 3.500 \u20ac incl\u00f2s dietes i despla\u00e7aments.<\/li>\n<li class=\"li1\">Incorporaci\u00f3 a mitjans\u00a0de juliol.<\/li>\n<li class=\"li1\">Termini per presentar el projecte desembre de 2015.<\/li>\n<\/ul>\n<p class=\"p1\">Tot esperant rebre les vostres sol\u00b7licituds, rebeu una molt cordial salutaci\u00f3.<\/p>\n","protected":false},"excerpt":{"rendered":"<p>Us comuniquem que hem obert un termini per a la [&hellip;]<\/p>\n","protected":false},"author":3,"featured_media":25600,"comment_status":"closed","ping_status":"open","sticky":false,"template":"","format":"standard","meta":{"om_disable_all_campaigns":false,"_monsterinsights_skip_tracking":false,"_monsterinsights_sitenote_active":false,"_monsterinsights_sitenote_note":"","_monsterinsights_sitenote_category":0,"_uf_show_specific_survey":0,"_uf_disable_surveys":false,"footnotes":""},"categories":[1116,1142],"tags":[306,256,441,330],"class_list":["post-25602","post","type-post","status-publish","format-standard","has-post-thumbnail","hentry","category-secretaria-esplac","category-transformar-educant-historia-dels-esplais","tag-feina","tag-historia-dels-esplais","tag-laboral","tag-oferta-feina"],"yoast_head":"<!-- This site is optimized with the Yoast SEO plugin v27.4 - https:\/\/yoast.com\/product\/yoast-seo-wordpress\/ -->\n<title>Concurs per realitzar el projecte &#039;Hist\u00f2ria dels esplais&#039; - Esplac<\/title>\n<meta name=\"robots\" content=\"index, follow, max-snippet:-1, max-image-preview:large, max-video-preview:-1\" \/>\n<link rel=\"canonical\" href=\"https:\/\/www.esplac.cat\/concurs-per-realitzar-el-projecte-historia-dels-esplais\/\" \/>\n<meta property=\"og:locale\" content=\"es_ES\" \/>\n<meta property=\"og:type\" content=\"article\" \/>\n<meta property=\"og:title\" content=\"Concurs per realitzar el projecte &#039;Hist\u00f2ria dels esplais&#039; - Esplac\" \/>\n<meta property=\"og:description\" content=\"Us comuniquem que hem obert un termini per a la [&hellip;]\" \/>\n<meta property=\"og:url\" content=\"https:\/\/www.esplac.cat\/concurs-per-realitzar-el-projecte-historia-dels-esplais\/\" \/>\n<meta property=\"og:site_name\" content=\"Esplac\" \/>\n<meta property=\"article:published_time\" content=\"2015-06-29T15:57:54+00:00\" \/>\n<meta property=\"og:image\" content=\"https:\/\/www.esplac.cat\/wp-content\/uploads\/2012\/10\/curs_monitors_escola_sol-e1351092774841.jpeg\" \/>\n\t<meta property=\"og:image:width\" content=\"719\" \/>\n\t<meta property=\"og:image:height\" content=\"336\" \/>\n\t<meta property=\"og:image:type\" content=\"image\/jpeg\" \/>\n<meta name=\"author\" content=\"Comunicaci\u00f3 Esplac\" \/>\n<meta name=\"twitter:card\" content=\"summary_large_image\" \/>\n<meta name=\"twitter:label1\" content=\"Escrito por\" \/>\n\t<meta name=\"twitter:data1\" content=\"Comunicaci\u00f3 Esplac\" \/>\n\t<meta name=\"twitter:label2\" content=\"Tiempo de lectura\" \/>\n\t<meta name=\"twitter:data2\" content=\"2 minutos\" \/>\n<script type=\"application\/ld+json\" class=\"yoast-schema-graph\">{\"@context\":\"https:\\\/\\\/schema.org\",\"@graph\":[{\"@type\":\"Article\",\"@id\":\"https:\\\/\\\/www.esplac.cat\\\/concurs-per-realitzar-el-projecte-historia-dels-esplais\\\/#article\",\"isPartOf\":{\"@id\":\"https:\\\/\\\/www.esplac.cat\\\/concurs-per-realitzar-el-projecte-historia-dels-esplais\\\/\"},\"author\":{\"name\":\"Comunicaci\u00f3 Esplac\",\"@id\":\"https:\\\/\\\/www.esplac.cat\\\/#\\\/schema\\\/person\\\/908383cf240be18b68f8855d0583faca\"},\"headline\":\"Concurs per realitzar el projecte &#8216;Hist\u00f2ria dels esplais&#8217;\",\"datePublished\":\"2015-06-29T15:57:54+00:00\",\"mainEntityOfPage\":{\"@id\":\"https:\\\/\\\/www.esplac.cat\\\/concurs-per-realitzar-el-projecte-historia-dels-esplais\\\/\"},\"wordCount\":453,\"publisher\":{\"@id\":\"https:\\\/\\\/www.esplac.cat\\\/#organization\"},\"image\":{\"@id\":\"https:\\\/\\\/www.esplac.cat\\\/concurs-per-realitzar-el-projecte-historia-dels-esplais\\\/#primaryimage\"},\"thumbnailUrl\":\"https:\\\/\\\/www.esplac.cat\\\/wp-content\\\/uploads\\\/2012\\\/10\\\/curs_monitors_escola_sol-e1351092774841.jpeg\",\"keywords\":[\"feina\",\"hist\u00f2ria dels esplais\",\"laboral\",\"oferta feina\"],\"articleSection\":[\"Secretaria T\u00e8cnica\",\"Transformar educant: hist\u00f2ria dels esplais\"],\"inLanguage\":\"es\"},{\"@type\":\"WebPage\",\"@id\":\"https:\\\/\\\/www.esplac.cat\\\/concurs-per-realitzar-el-projecte-historia-dels-esplais\\\/\",\"url\":\"https:\\\/\\\/www.esplac.cat\\\/concurs-per-realitzar-el-projecte-historia-dels-esplais\\\/\",\"name\":\"Concurs per realitzar el projecte 'Hist\u00f2ria dels esplais' - Esplac\",\"isPartOf\":{\"@id\":\"https:\\\/\\\/www.esplac.cat\\\/#website\"},\"primaryImageOfPage\":{\"@id\":\"https:\\\/\\\/www.esplac.cat\\\/concurs-per-realitzar-el-projecte-historia-dels-esplais\\\/#primaryimage\"},\"image\":{\"@id\":\"https:\\\/\\\/www.esplac.cat\\\/concurs-per-realitzar-el-projecte-historia-dels-esplais\\\/#primaryimage\"},\"thumbnailUrl\":\"https:\\\/\\\/www.esplac.cat\\\/wp-content\\\/uploads\\\/2012\\\/10\\\/curs_monitors_escola_sol-e1351092774841.jpeg\",\"datePublished\":\"2015-06-29T15:57:54+00:00\",\"breadcrumb\":{\"@id\":\"https:\\\/\\\/www.esplac.cat\\\/concurs-per-realitzar-el-projecte-historia-dels-esplais\\\/#breadcrumb\"},\"inLanguage\":\"es\",\"potentialAction\":[{\"@type\":\"ReadAction\",\"target\":[\"https:\\\/\\\/www.esplac.cat\\\/concurs-per-realitzar-el-projecte-historia-dels-esplais\\\/\"]}]},{\"@type\":\"ImageObject\",\"inLanguage\":\"es\",\"@id\":\"https:\\\/\\\/www.esplac.cat\\\/concurs-per-realitzar-el-projecte-historia-dels-esplais\\\/#primaryimage\",\"url\":\"https:\\\/\\\/www.esplac.cat\\\/wp-content\\\/uploads\\\/2012\\\/10\\\/curs_monitors_escola_sol-e1351092774841.jpeg\",\"contentUrl\":\"https:\\\/\\\/www.esplac.cat\\\/wp-content\\\/uploads\\\/2012\\\/10\\\/curs_monitors_escola_sol-e1351092774841.jpeg\",\"width\":719,\"height\":336},{\"@type\":\"BreadcrumbList\",\"@id\":\"https:\\\/\\\/www.esplac.cat\\\/concurs-per-realitzar-el-projecte-historia-dels-esplais\\\/#breadcrumb\",\"itemListElement\":[{\"@type\":\"ListItem\",\"position\":1,\"name\":\"Inici\",\"item\":\"https:\\\/\\\/www.esplac.cat\\\/es\\\/\"},{\"@type\":\"ListItem\",\"position\":2,\"name\":\"Concurs per realitzar el projecte &#8216;Hist\u00f2ria dels esplais&#8217;\"}]},{\"@type\":\"WebSite\",\"@id\":\"https:\\\/\\\/www.esplac.cat\\\/#website\",\"url\":\"https:\\\/\\\/www.esplac.cat\\\/\",\"name\":\"Esplac\",\"description\":\"Esplais Catalans\",\"publisher\":{\"@id\":\"https:\\\/\\\/www.esplac.cat\\\/#organization\"},\"potentialAction\":[{\"@type\":\"SearchAction\",\"target\":{\"@type\":\"EntryPoint\",\"urlTemplate\":\"https:\\\/\\\/www.esplac.cat\\\/?s={search_term_string}\"},\"query-input\":{\"@type\":\"PropertyValueSpecification\",\"valueRequired\":true,\"valueName\":\"search_term_string\"}}],\"inLanguage\":\"es\"},{\"@type\":\"Organization\",\"@id\":\"https:\\\/\\\/www.esplac.cat\\\/#organization\",\"name\":\"Esplac\",\"url\":\"https:\\\/\\\/www.esplac.cat\\\/\",\"logo\":{\"@type\":\"ImageObject\",\"inLanguage\":\"es\",\"@id\":\"https:\\\/\\\/www.esplac.cat\\\/#\\\/schema\\\/logo\\\/image\\\/\",\"url\":\"https:\\\/\\\/www.esplac.cat\\\/wp-content\\\/uploads\\\/2019\\\/08\\\/logox2.png\",\"contentUrl\":\"https:\\\/\\\/www.esplac.cat\\\/wp-content\\\/uploads\\\/2019\\\/08\\\/logox2.png\",\"width\":600,\"height\":295,\"caption\":\"Esplac\"},\"image\":{\"@id\":\"https:\\\/\\\/www.esplac.cat\\\/#\\\/schema\\\/logo\\\/image\\\/\"}},{\"@type\":\"Person\",\"@id\":\"https:\\\/\\\/www.esplac.cat\\\/#\\\/schema\\\/person\\\/908383cf240be18b68f8855d0583faca\",\"name\":\"Comunicaci\u00f3 Esplac\",\"image\":{\"@type\":\"ImageObject\",\"inLanguage\":\"es\",\"@id\":\"https:\\\/\\\/secure.gravatar.com\\\/avatar\\\/7a4cf8feb412a76ea4a740ca02d95b06b2907b5a6c648c2dd0a1082a093c3141?s=96&d=mm&r=g\",\"url\":\"https:\\\/\\\/secure.gravatar.com\\\/avatar\\\/7a4cf8feb412a76ea4a740ca02d95b06b2907b5a6c648c2dd0a1082a093c3141?s=96&d=mm&r=g\",\"contentUrl\":\"https:\\\/\\\/secure.gravatar.com\\\/avatar\\\/7a4cf8feb412a76ea4a740ca02d95b06b2907b5a6c648c2dd0a1082a093c3141?s=96&d=mm&r=g\",\"caption\":\"Comunicaci\u00f3 Esplac\"}}]}<\/script>\n<!-- \/ Yoast SEO plugin. -->","yoast_head_json":{"title":"Concurs per realitzar el projecte 'Hist\u00f2ria dels esplais' - Esplac","robots":{"index":"index","follow":"follow","max-snippet":"max-snippet:-1","max-image-preview":"max-image-preview:large","max-video-preview":"max-video-preview:-1"},"canonical":"https:\/\/www.esplac.cat\/concurs-per-realitzar-el-projecte-historia-dels-esplais\/","og_locale":"es_ES","og_type":"article","og_title":"Concurs per realitzar el projecte 'Hist\u00f2ria dels esplais' - Esplac","og_description":"Us comuniquem que hem obert un termini per a la [&hellip;]","og_url":"https:\/\/www.esplac.cat\/concurs-per-realitzar-el-projecte-historia-dels-esplais\/","og_site_name":"Esplac","article_published_time":"2015-06-29T15:57:54+00:00","og_image":[{"width":719,"height":336,"url":"https:\/\/www.esplac.cat\/wp-content\/uploads\/2012\/10\/curs_monitors_escola_sol-e1351092774841.jpeg","type":"image\/jpeg"}],"author":"Comunicaci\u00f3 Esplac","twitter_card":"summary_large_image","twitter_misc":{"Escrito por":"Comunicaci\u00f3 Esplac","Tiempo de lectura":"2 minutos"},"schema":{"@context":"https:\/\/schema.org","@graph":[{"@type":"Article","@id":"https:\/\/www.esplac.cat\/concurs-per-realitzar-el-projecte-historia-dels-esplais\/#article","isPartOf":{"@id":"https:\/\/www.esplac.cat\/concurs-per-realitzar-el-projecte-historia-dels-esplais\/"},"author":{"name":"Comunicaci\u00f3 Esplac","@id":"https:\/\/www.esplac.cat\/#\/schema\/person\/908383cf240be18b68f8855d0583faca"},"headline":"Concurs per realitzar el projecte &#8216;Hist\u00f2ria dels esplais&#8217;","datePublished":"2015-06-29T15:57:54+00:00","mainEntityOfPage":{"@id":"https:\/\/www.esplac.cat\/concurs-per-realitzar-el-projecte-historia-dels-esplais\/"},"wordCount":453,"publisher":{"@id":"https:\/\/www.esplac.cat\/#organization"},"image":{"@id":"https:\/\/www.esplac.cat\/concurs-per-realitzar-el-projecte-historia-dels-esplais\/#primaryimage"},"thumbnailUrl":"https:\/\/www.esplac.cat\/wp-content\/uploads\/2012\/10\/curs_monitors_escola_sol-e1351092774841.jpeg","keywords":["feina","hist\u00f2ria dels esplais","laboral","oferta feina"],"articleSection":["Secretaria T\u00e8cnica","Transformar educant: hist\u00f2ria dels esplais"],"inLanguage":"es"},{"@type":"WebPage","@id":"https:\/\/www.esplac.cat\/concurs-per-realitzar-el-projecte-historia-dels-esplais\/","url":"https:\/\/www.esplac.cat\/concurs-per-realitzar-el-projecte-historia-dels-esplais\/","name":"Concurs per realitzar el projecte 'Hist\u00f2ria dels esplais' - Esplac","isPartOf":{"@id":"https:\/\/www.esplac.cat\/#website"},"primaryImageOfPage":{"@id":"https:\/\/www.esplac.cat\/concurs-per-realitzar-el-projecte-historia-dels-esplais\/#primaryimage"},"image":{"@id":"https:\/\/www.esplac.cat\/concurs-per-realitzar-el-projecte-historia-dels-esplais\/#primaryimage"},"thumbnailUrl":"https:\/\/www.esplac.cat\/wp-content\/uploads\/2012\/10\/curs_monitors_escola_sol-e1351092774841.jpeg","datePublished":"2015-06-29T15:57:54+00:00","breadcrumb":{"@id":"https:\/\/www.esplac.cat\/concurs-per-realitzar-el-projecte-historia-dels-esplais\/#breadcrumb"},"inLanguage":"es","potentialAction":[{"@type":"ReadAction","target":["https:\/\/www.esplac.cat\/concurs-per-realitzar-el-projecte-historia-dels-esplais\/"]}]},{"@type":"ImageObject","inLanguage":"es","@id":"https:\/\/www.esplac.cat\/concurs-per-realitzar-el-projecte-historia-dels-esplais\/#primaryimage","url":"https:\/\/www.esplac.cat\/wp-content\/uploads\/2012\/10\/curs_monitors_escola_sol-e1351092774841.jpeg","contentUrl":"https:\/\/www.esplac.cat\/wp-content\/uploads\/2012\/10\/curs_monitors_escola_sol-e1351092774841.jpeg","width":719,"height":336},{"@type":"BreadcrumbList","@id":"https:\/\/www.esplac.cat\/concurs-per-realitzar-el-projecte-historia-dels-esplais\/#breadcrumb","itemListElement":[{"@type":"ListItem","position":1,"name":"Inici","item":"https:\/\/www.esplac.cat\/es\/"},{"@type":"ListItem","position":2,"name":"Concurs per realitzar el projecte &#8216;Hist\u00f2ria dels esplais&#8217;"}]},{"@type":"WebSite","@id":"https:\/\/www.esplac.cat\/#website","url":"https:\/\/www.esplac.cat\/","name":"Esplac","description":"Esplais Catalans","publisher":{"@id":"https:\/\/www.esplac.cat\/#organization"},"potentialAction":[{"@type":"SearchAction","target":{"@type":"EntryPoint","urlTemplate":"https:\/\/www.esplac.cat\/?s={search_term_string}"},"query-input":{"@type":"PropertyValueSpecification","valueRequired":true,"valueName":"search_term_string"}}],"inLanguage":"es"},{"@type":"Organization","@id":"https:\/\/www.esplac.cat\/#organization","name":"Esplac","url":"https:\/\/www.esplac.cat\/","logo":{"@type":"ImageObject","inLanguage":"es","@id":"https:\/\/www.esplac.cat\/#\/schema\/logo\/image\/","url":"https:\/\/www.esplac.cat\/wp-content\/uploads\/2019\/08\/logox2.png","contentUrl":"https:\/\/www.esplac.cat\/wp-content\/uploads\/2019\/08\/logox2.png","width":600,"height":295,"caption":"Esplac"},"image":{"@id":"https:\/\/www.esplac.cat\/#\/schema\/logo\/image\/"}},{"@type":"Person","@id":"https:\/\/www.esplac.cat\/#\/schema\/person\/908383cf240be18b68f8855d0583faca","name":"Comunicaci\u00f3 Esplac","image":{"@type":"ImageObject","inLanguage":"es","@id":"https:\/\/secure.gravatar.com\/avatar\/7a4cf8feb412a76ea4a740ca02d95b06b2907b5a6c648c2dd0a1082a093c3141?s=96&d=mm&r=g","url":"https:\/\/secure.gravatar.com\/avatar\/7a4cf8feb412a76ea4a740ca02d95b06b2907b5a6c648c2dd0a1082a093c3141?s=96&d=mm&r=g","contentUrl":"https:\/\/secure.gravatar.com\/avatar\/7a4cf8feb412a76ea4a740ca02d95b06b2907b5a6c648c2dd0a1082a093c3141?s=96&d=mm&r=g","caption":"Comunicaci\u00f3 Esplac"}}]}},"_links":{"self":[{"href":"https:\/\/www.esplac.cat\/es\/wp-json\/wp\/v2\/posts\/25602","targetHints":{"allow":["GET"]}}],"collection":[{"href":"https:\/\/www.esplac.cat\/es\/wp-json\/wp\/v2\/posts"}],"about":[{"href":"https:\/\/www.esplac.cat\/es\/wp-json\/wp\/v2\/types\/post"}],"author":[{"embeddable":true,"href":"https:\/\/www.esplac.cat\/es\/wp-json\/wp\/v2\/users\/3"}],"replies":[{"embeddable":true,"href":"https:\/\/www.esplac.cat\/es\/wp-json\/wp\/v2\/comments?post=25602"}],"version-history":[{"count":0,"href":"https:\/\/www.esplac.cat\/es\/wp-json\/wp\/v2\/posts\/25602\/revisions"}],"wp:featuredmedia":[{"embeddable":true,"href":"https:\/\/www.esplac.cat\/es\/wp-json\/wp\/v2\/media\/25600"}],"wp:attachment":[{"href":"https:\/\/www.esplac.cat\/es\/wp-json\/wp\/v2\/media?parent=25602"}],"wp:term":[{"taxonomy":"category","embeddable":true,"href":"https:\/\/www.esplac.cat\/es\/wp-json\/wp\/v2\/categories?post=25602"},{"taxonomy":"post_tag","embeddable":true,"href":"https:\/\/www.esplac.cat\/es\/wp-json\/wp\/v2\/tags?post=25602"}],"curies":[{"name":"wp","href":"https:\/\/api.w.org\/{rel}","templated":true}]}}