{"id":25612,"date":"2015-06-05T10:16:54","date_gmt":"2015-06-05T08:16:54","guid":{"rendered":"http:\/\/esplac.cat\/?p=6739"},"modified":"2019-11-14T13:36:41","modified_gmt":"2019-11-14T11:36:41","slug":"votacio-oberta-tema-escola-esplac-16","status":"publish","type":"post","link":"https:\/\/www.esplac.cat\/es\/votacio-oberta-tema-escola-esplac-16\/","title":{"rendered":"Votaci\u00f3 oberta per escollir el tema de la propera Escola d&#8217;Esplac"},"content":{"rendered":"<p><!--:CA-->Com ja vam fer per l&#8217;edici\u00f3 d&#8217;aquest any, <strong>obrim un proc\u00e9s participatiu per a qu\u00e8 els esplais escolliu el tema principal de l&#8217;Escola d&#8217;Esplac 2016!<\/strong>\u00a0La trobada de formaci\u00f3 es far\u00e0 els dies <strong>20 i 21 de febrer<\/strong> de l&#8217;any vinent. Tamb\u00e9, com a novetat, podreu proposar quines franges hor\u00e0ries creieu m\u00e9s convenients per fer la trobada. Els quatre temes proposats, que s&#8217;extrauen de la valoraci\u00f3 de<a href=\"http:\/\/esplac.cat\/coneix-esplac\/escola-esplac-15\/\" target=\"_blank\" rel=\"noopener noreferrer\"> la darrera Escola, que es va fer a Cabrera de Mar al febrer d&#8217;aquest any<\/a>, s\u00f3n els seg\u00fcents:<\/p>\n<ol>\n<li><strong>Participaci\u00f3 a l&#8217;Esplai.\u00a0<\/strong>Participaci\u00f3 infantil, treball amb families, treball en xarxa. Escolliu aquest tema per parlar de fer canvis reals en la pr\u00e0ctica educativa de l&#8217;esplai.<\/li>\n<li><strong>Inclusi\u00f3 i Diversitat.<\/strong>\u00a0Diversitat personal i col\u00b7lectiva, diversitat funcional, sexual, sociocultural&#8230; Amb aquest eix tem\u00e0tic veurem com treballem aquestes q\u00fcestions dins de l&#8217;esplai.<\/li>\n<li><strong>Educaci\u00f3 per la Salut.<\/strong>\u00a0Salut mental, aliment\u00e0ria, f\u00edsica, sexual&#8230; Si surt escollit aquest tema intentarem detectar reptes i millores a l&#8217;esplai i debatrem com generem canvis en les nostres pr\u00e0ctiques de salut.<\/li>\n<li><strong>La pol\u00edtica a l&#8217;esplai.\u00a0<\/strong>Consum, finances, actualitat&#8230; Gr\u00e0cies a aquest tema tindrem l&#8217;oportunitat de debatre sobre el posicionament de l&#8217;esplai envers els esdeveniments socials, pol\u00edtics i econ\u00f2mics del nostre entorn. Com ens\u00a0reivindiquem? Quin \u00e9s el paper de les fam\u00edlies i els infants?<\/li>\n<\/ol>\n<p>Podeu votar a trav\u00e9s de l&#8217;<a title=\"Assac\" href=\"http:\/\/assac.esplac.cat\/\" target=\"_blank\" rel=\"noopener noreferrer\"><strong>Assac<\/strong><\/a> el tema que m\u00e9s us motiva i afegir quins enfocaments o subtemes us agradaria que es tractessin dins del tema general escollit. Cada esplai t\u00e9 un vot. A m\u00e9s, podreu decidir quina \u00e9s la franja hor\u00e0ria que preferiu per a realitzar l&#8217;Escola d&#8217;Esplac.\u00a0<strong>La data l\u00edmit per participar en la votaci\u00f3 \u00e9s el dimarts\u00a07 de juliol a les 23:59 hores (termini ampliat)<\/strong>. Digueu la vostra!<\/p>\n<p><!--:--><!--:es--><\/p>\n<p><!--:--><!--:en--><\/p>\n<p><!--:--><!--:fr--><\/p>\n<p><!--:--><\/p>\n","protected":false},"excerpt":{"rendered":"<p>Com ja vam fer per l&#8217;edici\u00f3 d&#8217;aquest any, obrim un [&hellip;]<\/p>\n","protected":false},"author":3,"featured_media":25592,"comment_status":"closed","ping_status":"open","sticky":false,"template":"","format":"standard","meta":{"om_disable_all_campaigns":false,"_monsterinsights_skip_tracking":false,"_monsterinsights_sitenote_active":false,"_monsterinsights_sitenote_note":"","_monsterinsights_sitenote_category":0,"_uf_show_specific_survey":0,"_uf_disable_surveys":false,"footnotes":""},"categories":[1111,1131,1129,1166],"tags":[184,516,54,40],"class_list":["post-25612","post","type-post","status-publish","format-standard","has-post-thumbnail","hentry","category-activitats-esplac","category-cursos-formacions","category-escola-desplac","category-inclusio-i-diversitat","tag-escola-desplac","tag-escola-desplac-16","tag-formacio","tag-participacio"],"yoast_head":"<!-- This site is optimized with the Yoast SEO plugin v27.4 - https:\/\/yoast.com\/product\/yoast-seo-wordpress\/ -->\n<title>Votaci\u00f3 oberta per escollir el tema de la propera Escola d&#039;Esplac - Esplac<\/title>\n<meta name=\"robots\" content=\"index, follow, max-snippet:-1, max-image-preview:large, max-video-preview:-1\" \/>\n<link rel=\"canonical\" href=\"https:\/\/www.esplac.cat\/votacio-oberta-tema-escola-esplac-16\/\" \/>\n<meta property=\"og:locale\" content=\"es_ES\" \/>\n<meta property=\"og:type\" content=\"article\" \/>\n<meta property=\"og:title\" content=\"Votaci\u00f3 oberta per escollir el tema de la propera Escola d&#039;Esplac - Esplac\" \/>\n<meta property=\"og:description\" content=\"Com ja vam fer per l&#8217;edici\u00f3 d&#8217;aquest any, obrim un [&hellip;]\" \/>\n<meta property=\"og:url\" content=\"https:\/\/www.esplac.cat\/votacio-oberta-tema-escola-esplac-16\/\" \/>\n<meta property=\"og:site_name\" content=\"Esplac\" \/>\n<meta property=\"article:published_time\" content=\"2015-06-05T08:16:54+00:00\" \/>\n<meta property=\"article:modified_time\" content=\"2019-11-14T11:36:41+00:00\" \/>\n<meta property=\"og:image\" content=\"https:\/\/www.esplac.cat\/wp-content\/uploads\/2015\/07\/20150604_TemaEE16.png\" \/>\n\t<meta property=\"og:image:width\" content=\"550\" \/>\n\t<meta property=\"og:image:height\" content=\"170\" \/>\n\t<meta property=\"og:image:type\" content=\"image\/png\" \/>\n<meta name=\"author\" content=\"Comunicaci\u00f3 Esplac\" \/>\n<meta name=\"twitter:card\" content=\"summary_large_image\" \/>\n<meta name=\"twitter:label1\" content=\"Escrito por\" \/>\n\t<meta name=\"twitter:data1\" content=\"Comunicaci\u00f3 Esplac\" \/>\n\t<meta name=\"twitter:label2\" content=\"Tiempo de lectura\" \/>\n\t<meta name=\"twitter:data2\" content=\"1 minuto\" \/>\n<script type=\"application\/ld+json\" class=\"yoast-schema-graph\">{\"@context\":\"https:\\\/\\\/schema.org\",\"@graph\":[{\"@type\":\"Article\",\"@id\":\"https:\\\/\\\/www.esplac.cat\\\/votacio-oberta-tema-escola-esplac-16\\\/#article\",\"isPartOf\":{\"@id\":\"https:\\\/\\\/www.esplac.cat\\\/votacio-oberta-tema-escola-esplac-16\\\/\"},\"author\":{\"name\":\"Comunicaci\u00f3 Esplac\",\"@id\":\"https:\\\/\\\/www.esplac.cat\\\/#\\\/schema\\\/person\\\/908383cf240be18b68f8855d0583faca\"},\"headline\":\"Votaci\u00f3 oberta per escollir el tema de la propera Escola d&#8217;Esplac\",\"datePublished\":\"2015-06-05T08:16:54+00:00\",\"dateModified\":\"2019-11-14T11:36:41+00:00\",\"mainEntityOfPage\":{\"@id\":\"https:\\\/\\\/www.esplac.cat\\\/votacio-oberta-tema-escola-esplac-16\\\/\"},\"wordCount\":327,\"publisher\":{\"@id\":\"https:\\\/\\\/www.esplac.cat\\\/#organization\"},\"image\":{\"@id\":\"https:\\\/\\\/www.esplac.cat\\\/votacio-oberta-tema-escola-esplac-16\\\/#primaryimage\"},\"thumbnailUrl\":\"https:\\\/\\\/www.esplac.cat\\\/wp-content\\\/uploads\\\/2015\\\/07\\\/20150604_TemaEE16.png\",\"keywords\":[\"escola d'Esplac\",\"Escola d'Esplac 16\",\"formaci\u00f3\",\"participaci\u00f3\"],\"articleSection\":[\"Activitats esplac\",\"Cursos i formacions\",\"Escola d'Esplac\",\"Inclusi\u00f3 i diversitat\"],\"inLanguage\":\"es\"},{\"@type\":\"WebPage\",\"@id\":\"https:\\\/\\\/www.esplac.cat\\\/votacio-oberta-tema-escola-esplac-16\\\/\",\"url\":\"https:\\\/\\\/www.esplac.cat\\\/votacio-oberta-tema-escola-esplac-16\\\/\",\"name\":\"Votaci\u00f3 oberta per escollir el tema de la propera Escola d'Esplac - Esplac\",\"isPartOf\":{\"@id\":\"https:\\\/\\\/www.esplac.cat\\\/#website\"},\"primaryImageOfPage\":{\"@id\":\"https:\\\/\\\/www.esplac.cat\\\/votacio-oberta-tema-escola-esplac-16\\\/#primaryimage\"},\"image\":{\"@id\":\"https:\\\/\\\/www.esplac.cat\\\/votacio-oberta-tema-escola-esplac-16\\\/#primaryimage\"},\"thumbnailUrl\":\"https:\\\/\\\/www.esplac.cat\\\/wp-content\\\/uploads\\\/2015\\\/07\\\/20150604_TemaEE16.png\",\"datePublished\":\"2015-06-05T08:16:54+00:00\",\"dateModified\":\"2019-11-14T11:36:41+00:00\",\"breadcrumb\":{\"@id\":\"https:\\\/\\\/www.esplac.cat\\\/votacio-oberta-tema-escola-esplac-16\\\/#breadcrumb\"},\"inLanguage\":\"es\",\"potentialAction\":[{\"@type\":\"ReadAction\",\"target\":[\"https:\\\/\\\/www.esplac.cat\\\/votacio-oberta-tema-escola-esplac-16\\\/\"]}]},{\"@type\":\"ImageObject\",\"inLanguage\":\"es\",\"@id\":\"https:\\\/\\\/www.esplac.cat\\\/votacio-oberta-tema-escola-esplac-16\\\/#primaryimage\",\"url\":\"https:\\\/\\\/www.esplac.cat\\\/wp-content\\\/uploads\\\/2015\\\/07\\\/20150604_TemaEE16.png\",\"contentUrl\":\"https:\\\/\\\/www.esplac.cat\\\/wp-content\\\/uploads\\\/2015\\\/07\\\/20150604_TemaEE16.png\",\"width\":550,\"height\":170},{\"@type\":\"BreadcrumbList\",\"@id\":\"https:\\\/\\\/www.esplac.cat\\\/votacio-oberta-tema-escola-esplac-16\\\/#breadcrumb\",\"itemListElement\":[{\"@type\":\"ListItem\",\"position\":1,\"name\":\"Inici\",\"item\":\"https:\\\/\\\/www.esplac.cat\\\/es\\\/\"},{\"@type\":\"ListItem\",\"position\":2,\"name\":\"Votaci\u00f3 oberta per escollir el tema de la propera Escola d&#8217;Esplac\"}]},{\"@type\":\"WebSite\",\"@id\":\"https:\\\/\\\/www.esplac.cat\\\/#website\",\"url\":\"https:\\\/\\\/www.esplac.cat\\\/\",\"name\":\"Esplac\",\"description\":\"Esplais Catalans\",\"publisher\":{\"@id\":\"https:\\\/\\\/www.esplac.cat\\\/#organization\"},\"potentialAction\":[{\"@type\":\"SearchAction\",\"target\":{\"@type\":\"EntryPoint\",\"urlTemplate\":\"https:\\\/\\\/www.esplac.cat\\\/?s={search_term_string}\"},\"query-input\":{\"@type\":\"PropertyValueSpecification\",\"valueRequired\":true,\"valueName\":\"search_term_string\"}}],\"inLanguage\":\"es\"},{\"@type\":\"Organization\",\"@id\":\"https:\\\/\\\/www.esplac.cat\\\/#organization\",\"name\":\"Esplac\",\"url\":\"https:\\\/\\\/www.esplac.cat\\\/\",\"logo\":{\"@type\":\"ImageObject\",\"inLanguage\":\"es\",\"@id\":\"https:\\\/\\\/www.esplac.cat\\\/#\\\/schema\\\/logo\\\/image\\\/\",\"url\":\"https:\\\/\\\/www.esplac.cat\\\/wp-content\\\/uploads\\\/2019\\\/08\\\/logox2.png\",\"contentUrl\":\"https:\\\/\\\/www.esplac.cat\\\/wp-content\\\/uploads\\\/2019\\\/08\\\/logox2.png\",\"width\":600,\"height\":295,\"caption\":\"Esplac\"},\"image\":{\"@id\":\"https:\\\/\\\/www.esplac.cat\\\/#\\\/schema\\\/logo\\\/image\\\/\"}},{\"@type\":\"Person\",\"@id\":\"https:\\\/\\\/www.esplac.cat\\\/#\\\/schema\\\/person\\\/908383cf240be18b68f8855d0583faca\",\"name\":\"Comunicaci\u00f3 Esplac\",\"image\":{\"@type\":\"ImageObject\",\"inLanguage\":\"es\",\"@id\":\"https:\\\/\\\/secure.gravatar.com\\\/avatar\\\/7a4cf8feb412a76ea4a740ca02d95b06b2907b5a6c648c2dd0a1082a093c3141?s=96&d=mm&r=g\",\"url\":\"https:\\\/\\\/secure.gravatar.com\\\/avatar\\\/7a4cf8feb412a76ea4a740ca02d95b06b2907b5a6c648c2dd0a1082a093c3141?s=96&d=mm&r=g\",\"contentUrl\":\"https:\\\/\\\/secure.gravatar.com\\\/avatar\\\/7a4cf8feb412a76ea4a740ca02d95b06b2907b5a6c648c2dd0a1082a093c3141?s=96&d=mm&r=g\",\"caption\":\"Comunicaci\u00f3 Esplac\"}}]}<\/script>\n<!-- \/ Yoast SEO plugin. -->","yoast_head_json":{"title":"Votaci\u00f3 oberta per escollir el tema de la propera Escola d'Esplac - Esplac","robots":{"index":"index","follow":"follow","max-snippet":"max-snippet:-1","max-image-preview":"max-image-preview:large","max-video-preview":"max-video-preview:-1"},"canonical":"https:\/\/www.esplac.cat\/votacio-oberta-tema-escola-esplac-16\/","og_locale":"es_ES","og_type":"article","og_title":"Votaci\u00f3 oberta per escollir el tema de la propera Escola d'Esplac - Esplac","og_description":"Com ja vam fer per l&#8217;edici\u00f3 d&#8217;aquest any, obrim un [&hellip;]","og_url":"https:\/\/www.esplac.cat\/votacio-oberta-tema-escola-esplac-16\/","og_site_name":"Esplac","article_published_time":"2015-06-05T08:16:54+00:00","article_modified_time":"2019-11-14T11:36:41+00:00","og_image":[{"width":550,"height":170,"url":"https:\/\/www.esplac.cat\/wp-content\/uploads\/2015\/07\/20150604_TemaEE16.png","type":"image\/png"}],"author":"Comunicaci\u00f3 Esplac","twitter_card":"summary_large_image","twitter_misc":{"Escrito por":"Comunicaci\u00f3 Esplac","Tiempo de lectura":"1 minuto"},"schema":{"@context":"https:\/\/schema.org","@graph":[{"@type":"Article","@id":"https:\/\/www.esplac.cat\/votacio-oberta-tema-escola-esplac-16\/#article","isPartOf":{"@id":"https:\/\/www.esplac.cat\/votacio-oberta-tema-escola-esplac-16\/"},"author":{"name":"Comunicaci\u00f3 Esplac","@id":"https:\/\/www.esplac.cat\/#\/schema\/person\/908383cf240be18b68f8855d0583faca"},"headline":"Votaci\u00f3 oberta per escollir el tema de la propera Escola d&#8217;Esplac","datePublished":"2015-06-05T08:16:54+00:00","dateModified":"2019-11-14T11:36:41+00:00","mainEntityOfPage":{"@id":"https:\/\/www.esplac.cat\/votacio-oberta-tema-escola-esplac-16\/"},"wordCount":327,"publisher":{"@id":"https:\/\/www.esplac.cat\/#organization"},"image":{"@id":"https:\/\/www.esplac.cat\/votacio-oberta-tema-escola-esplac-16\/#primaryimage"},"thumbnailUrl":"https:\/\/www.esplac.cat\/wp-content\/uploads\/2015\/07\/20150604_TemaEE16.png","keywords":["escola d'Esplac","Escola d'Esplac 16","formaci\u00f3","participaci\u00f3"],"articleSection":["Activitats esplac","Cursos i formacions","Escola d'Esplac","Inclusi\u00f3 i diversitat"],"inLanguage":"es"},{"@type":"WebPage","@id":"https:\/\/www.esplac.cat\/votacio-oberta-tema-escola-esplac-16\/","url":"https:\/\/www.esplac.cat\/votacio-oberta-tema-escola-esplac-16\/","name":"Votaci\u00f3 oberta per escollir el tema de la propera Escola d'Esplac - Esplac","isPartOf":{"@id":"https:\/\/www.esplac.cat\/#website"},"primaryImageOfPage":{"@id":"https:\/\/www.esplac.cat\/votacio-oberta-tema-escola-esplac-16\/#primaryimage"},"image":{"@id":"https:\/\/www.esplac.cat\/votacio-oberta-tema-escola-esplac-16\/#primaryimage"},"thumbnailUrl":"https:\/\/www.esplac.cat\/wp-content\/uploads\/2015\/07\/20150604_TemaEE16.png","datePublished":"2015-06-05T08:16:54+00:00","dateModified":"2019-11-14T11:36:41+00:00","breadcrumb":{"@id":"https:\/\/www.esplac.cat\/votacio-oberta-tema-escola-esplac-16\/#breadcrumb"},"inLanguage":"es","potentialAction":[{"@type":"ReadAction","target":["https:\/\/www.esplac.cat\/votacio-oberta-tema-escola-esplac-16\/"]}]},{"@type":"ImageObject","inLanguage":"es","@id":"https:\/\/www.esplac.cat\/votacio-oberta-tema-escola-esplac-16\/#primaryimage","url":"https:\/\/www.esplac.cat\/wp-content\/uploads\/2015\/07\/20150604_TemaEE16.png","contentUrl":"https:\/\/www.esplac.cat\/wp-content\/uploads\/2015\/07\/20150604_TemaEE16.png","width":550,"height":170},{"@type":"BreadcrumbList","@id":"https:\/\/www.esplac.cat\/votacio-oberta-tema-escola-esplac-16\/#breadcrumb","itemListElement":[{"@type":"ListItem","position":1,"name":"Inici","item":"https:\/\/www.esplac.cat\/es\/"},{"@type":"ListItem","position":2,"name":"Votaci\u00f3 oberta per escollir el tema de la propera Escola d&#8217;Esplac"}]},{"@type":"WebSite","@id":"https:\/\/www.esplac.cat\/#website","url":"https:\/\/www.esplac.cat\/","name":"Esplac","description":"Esplais Catalans","publisher":{"@id":"https:\/\/www.esplac.cat\/#organization"},"potentialAction":[{"@type":"SearchAction","target":{"@type":"EntryPoint","urlTemplate":"https:\/\/www.esplac.cat\/?s={search_term_string}"},"query-input":{"@type":"PropertyValueSpecification","valueRequired":true,"valueName":"search_term_string"}}],"inLanguage":"es"},{"@type":"Organization","@id":"https:\/\/www.esplac.cat\/#organization","name":"Esplac","url":"https:\/\/www.esplac.cat\/","logo":{"@type":"ImageObject","inLanguage":"es","@id":"https:\/\/www.esplac.cat\/#\/schema\/logo\/image\/","url":"https:\/\/www.esplac.cat\/wp-content\/uploads\/2019\/08\/logox2.png","contentUrl":"https:\/\/www.esplac.cat\/wp-content\/uploads\/2019\/08\/logox2.png","width":600,"height":295,"caption":"Esplac"},"image":{"@id":"https:\/\/www.esplac.cat\/#\/schema\/logo\/image\/"}},{"@type":"Person","@id":"https:\/\/www.esplac.cat\/#\/schema\/person\/908383cf240be18b68f8855d0583faca","name":"Comunicaci\u00f3 Esplac","image":{"@type":"ImageObject","inLanguage":"es","@id":"https:\/\/secure.gravatar.com\/avatar\/7a4cf8feb412a76ea4a740ca02d95b06b2907b5a6c648c2dd0a1082a093c3141?s=96&d=mm&r=g","url":"https:\/\/secure.gravatar.com\/avatar\/7a4cf8feb412a76ea4a740ca02d95b06b2907b5a6c648c2dd0a1082a093c3141?s=96&d=mm&r=g","contentUrl":"https:\/\/secure.gravatar.com\/avatar\/7a4cf8feb412a76ea4a740ca02d95b06b2907b5a6c648c2dd0a1082a093c3141?s=96&d=mm&r=g","caption":"Comunicaci\u00f3 Esplac"}}]}},"_links":{"self":[{"href":"https:\/\/www.esplac.cat\/es\/wp-json\/wp\/v2\/posts\/25612","targetHints":{"allow":["GET"]}}],"collection":[{"href":"https:\/\/www.esplac.cat\/es\/wp-json\/wp\/v2\/posts"}],"about":[{"href":"https:\/\/www.esplac.cat\/es\/wp-json\/wp\/v2\/types\/post"}],"author":[{"embeddable":true,"href":"https:\/\/www.esplac.cat\/es\/wp-json\/wp\/v2\/users\/3"}],"replies":[{"embeddable":true,"href":"https:\/\/www.esplac.cat\/es\/wp-json\/wp\/v2\/comments?post=25612"}],"version-history":[{"count":0,"href":"https:\/\/www.esplac.cat\/es\/wp-json\/wp\/v2\/posts\/25612\/revisions"}],"wp:featuredmedia":[{"embeddable":true,"href":"https:\/\/www.esplac.cat\/es\/wp-json\/wp\/v2\/media\/25592"}],"wp:attachment":[{"href":"https:\/\/www.esplac.cat\/es\/wp-json\/wp\/v2\/media?parent=25612"}],"wp:term":[{"taxonomy":"category","embeddable":true,"href":"https:\/\/www.esplac.cat\/es\/wp-json\/wp\/v2\/categories?post=25612"},{"taxonomy":"post_tag","embeddable":true,"href":"https:\/\/www.esplac.cat\/es\/wp-json\/wp\/v2\/tags?post=25612"}],"curies":[{"name":"wp","href":"https:\/\/api.w.org\/{rel}","templated":true}]}}