{"id":25615,"date":"2015-05-18T12:34:23","date_gmt":"2015-05-18T10:34:23","guid":{"rendered":"http:\/\/esplac.cat\/?p=6709"},"modified":"2015-05-18T12:34:23","modified_gmt":"2015-05-18T10:34:23","slug":"esplac-vaga-de-totes","status":"publish","type":"post","link":"https:\/\/www.esplac.cat\/es\/esplac-vaga-de-totes\/","title":{"rendered":"Esplac amb la vaga de totes"},"content":{"rendered":"<p><!--:CA-->L\u2019\u00faltima AGO d\u2019Esplac el passat diumenge 30 de novembre,<strong><a title=\"Resoluci\u00f3 Vaga de Totes\" href=\"http:\/\/esplac.cat\/wp-content\/uploads\/2014\/11\/resolucio-vaga-totes-ago14.pdf\" target=\"_blank\" rel=\"noopener noreferrer\"> v<\/a><a title=\"Resoluci\u00f3 Vaga de Totes\" href=\"http:\/\/esplac.cat\/wp-content\/uploads\/2014\/11\/resolucio-vaga-totes-ago14.pdf\" target=\"_blank\" rel=\"noopener noreferrer\">am decidir entre totes donar suport a una resoluci\u00f3 entorn a la Vaga de Totes.<\/a><\/strong><\/p>\n<p>Durant els \u00faltims mesos s\u00f3n molts els actes, trobades i manifestacions que s\u2019han anat fent per tot el territori, per\u00f2 dem\u00e0, 19-M, \u00e9s una data especial: per aquest dia hi ha convocada una vaga de consum i altres actes i activitats i per aix\u00f2 cal que estiguem totes preparades!<\/p>\n<p><strong><span style=\"text-decoration: underline;\">QU\u00c8 \u00c9S UNA VAGA DE CONSUM?<\/span><\/strong><\/p>\n<p>Una vaga de consum \u00e9s una manera de tocar i bloquejar el sector productiu i els seus beneficis.<\/p>\n<p><strong>Consisteix, tal com el seu nom indica, en no consumir durant tota la jornada. Aix\u00f2 inclou tot tipus de mercaderies: des de la compra al mercat o botigues, als cinemes o als bars fins a \u00a0l\u2019electricitat i el gas.<\/strong><\/p>\n<p>Es tracta doncs, d\u2019una forma de lluita a la que tothom, al marge de la seva situaci\u00f3, pot adherir-s\u2019hi i expressar el seu malestar. Una vaga que permet incloure diversos tipus d\u2019accions i diferents nivells de contestaci\u00f3.<\/p>\n<p><span style=\"text-decoration: underline;\"><strong>PER QU\u00c8 ES FA AQUESTA ACCI\u00d3?<\/strong><\/span><\/p>\n<ul>\n<li>Per visibilitzar el treball de cura que realitzem les dones quotidianament.<\/li>\n<li>Per denunciar el sistema de mercat capitalista.<\/li>\n<li>Per dir prou als increments del cost dels serveis b\u00e0sics (electricitat, gas, aigua).<\/li>\n<li>Per rebutjar la pressi\u00f3 consumista que el sistema capitalista patriarcal exerceix sobre les persones i en especial les dones.<\/li>\n<li>Per impugnar els c\u00e0nons de bellesa que pretenen fixar la nostra manera de vestir i repudiar la imposici\u00f3 d\u2019unes talles que no s\u2019adapten a la majoria dels nostres cossos.<\/li>\n<li>Per denunciar la invasi\u00f3 de la moda que ens embolcalla des de que naixem.<\/li>\n<li>Per denunciar tamb\u00e9 l\u2019explotaci\u00f3 de les dones que treballen en el sector t\u00e8xtil i la confecci\u00f3.<\/li>\n<li>Per dir prou a les condicions de treball i salaris de mis\u00e8ria de les dones treballadores.<\/li>\n<\/ul>\n<p><span style=\"text-decoration: underline;\"><strong>QU\u00c8 PUC FER EN EL MEU ESPLAI? (ALGUNES IDEES)<\/strong><\/span><\/p>\n<ul>\n<li>Assegurar que els nostres esplais siguin espais lliures de sexisme i de desigualtats entre les persones que hi participen (infants, monitores, fam\u00edlies, etc.)<\/li>\n<li>Treballar amb infants i joves els c\u00e0nons de bellesa: qu\u00e8 s\u2019hi amaga al darrere? Les pressions per assolir cossos \u201cperfectes\u201d i la frustraci\u00f3 que aix\u00f2 pot provocar.<\/li>\n<li>Reflexionar amb els infants i joves sobre la situaci\u00f3 laboral de la dona i les injust\u00edcies que l\u2019envolten. L\u2019escletxa salarial i les desigualtats que encara en l\u2019actualitat es troben a la feina.<\/li>\n<li>Treballar amb infants i joves el sistema capitalista i el consumisme. \u00c9s m\u00e9s feli\u00e7 qui m\u00e9s t\u00e9? Com podem crear una alternativa al model hegem\u00f2nic?<\/li>\n<li>Participar activament dels actes i les accions proposades pel 19M (ja sigui a t\u00edtol individual o a t\u00edtol d\u2019esplai).<\/li>\n<\/ul>\n<h2><span style=\"text-decoration: underline;\"><strong>CONVOCAT\u00d2RIES UNIT\u00c0RIES<\/strong><\/span><\/h2>\n<p><strong>18 de maig a les 22h: cassolada i apagada de llum<\/strong><\/p>\n<p><strong>19 de maig a les 18h: manifestaci\u00f3 a la Pla\u00e7a de la Catedral (Barcelona)<\/strong><\/p>\n<p><strong>CONVOCAT\u00d2RIES PER BARRIS I POBLES:\u00a0<\/strong><a href=\"https:\/\/vagadetotes.wordpress.com\/#convocatories19m\"><strong>https:\/\/vagadetotes.wordpress.com\/#convocatories19m<\/strong><\/a><!--:--><!--:es--><\/p>\n<p><!--:--><!--:en--><\/p>\n<p><!--:--><!--:fr--><\/p>\n<p><!--:--><\/p>\n","protected":false},"excerpt":{"rendered":"<p>L\u2019\u00faltima AGO d\u2019Esplac el passat diumenge 30 de novembre, vam [&hellip;]<\/p>\n","protected":false},"author":3,"featured_media":25616,"comment_status":"open","ping_status":"open","sticky":false,"template":"","format":"standard","meta":{"om_disable_all_campaigns":false,"_monsterinsights_skip_tracking":false,"_monsterinsights_sitenote_active":false,"_monsterinsights_sitenote_note":"","_monsterinsights_sitenote_category":0,"_uf_show_specific_survey":0,"_uf_disable_surveys":false,"footnotes":""},"categories":[1127],"tags":[391,326,511,512],"class_list":["post-25615","post","type-post","status-publish","format-standard","has-post-thumbnail","hentry","category-comunicats-posicionaments","tag-feminisme","tag-posicionament","tag-vaga-de-consum","tag-vaga-de-totes"],"yoast_head":"<!-- This site is optimized with the Yoast SEO plugin v27.4 - https:\/\/yoast.com\/product\/yoast-seo-wordpress\/ -->\n<title>Esplac amb la vaga de totes - Esplac<\/title>\n<meta name=\"robots\" content=\"index, follow, max-snippet:-1, max-image-preview:large, max-video-preview:-1\" \/>\n<link rel=\"canonical\" href=\"https:\/\/www.esplac.cat\/esplac-vaga-de-totes\/\" \/>\n<meta property=\"og:locale\" content=\"es_ES\" \/>\n<meta property=\"og:type\" content=\"article\" \/>\n<meta property=\"og:title\" content=\"Esplac amb la vaga de totes - Esplac\" \/>\n<meta property=\"og:description\" content=\"L\u2019\u00faltima AGO d\u2019Esplac el passat diumenge 30 de novembre, vam [&hellip;]\" \/>\n<meta property=\"og:url\" content=\"https:\/\/www.esplac.cat\/esplac-vaga-de-totes\/\" \/>\n<meta property=\"og:site_name\" content=\"Esplac\" \/>\n<meta property=\"article:published_time\" content=\"2015-05-18T10:34:23+00:00\" \/>\n<meta property=\"og:image\" content=\"https:\/\/www.esplac.cat\/wp-content\/uploads\/2015\/05\/20150518_VagaTotes.png\" \/>\n\t<meta property=\"og:image:width\" content=\"550\" \/>\n\t<meta property=\"og:image:height\" content=\"170\" \/>\n\t<meta property=\"og:image:type\" content=\"image\/png\" \/>\n<meta name=\"author\" content=\"Comunicaci\u00f3 Esplac\" \/>\n<meta name=\"twitter:card\" content=\"summary_large_image\" \/>\n<meta name=\"twitter:label1\" content=\"Escrito por\" \/>\n\t<meta name=\"twitter:data1\" content=\"Comunicaci\u00f3 Esplac\" \/>\n\t<meta name=\"twitter:label2\" content=\"Tiempo de lectura\" \/>\n\t<meta name=\"twitter:data2\" content=\"3 minutos\" \/>\n<script type=\"application\/ld+json\" class=\"yoast-schema-graph\">{\"@context\":\"https:\\\/\\\/schema.org\",\"@graph\":[{\"@type\":\"Article\",\"@id\":\"https:\\\/\\\/www.esplac.cat\\\/esplac-vaga-de-totes\\\/#article\",\"isPartOf\":{\"@id\":\"https:\\\/\\\/www.esplac.cat\\\/esplac-vaga-de-totes\\\/\"},\"author\":{\"name\":\"Comunicaci\u00f3 Esplac\",\"@id\":\"https:\\\/\\\/www.esplac.cat\\\/#\\\/schema\\\/person\\\/908383cf240be18b68f8855d0583faca\"},\"headline\":\"Esplac amb la vaga de totes\",\"datePublished\":\"2015-05-18T10:34:23+00:00\",\"mainEntityOfPage\":{\"@id\":\"https:\\\/\\\/www.esplac.cat\\\/esplac-vaga-de-totes\\\/\"},\"wordCount\":513,\"commentCount\":0,\"publisher\":{\"@id\":\"https:\\\/\\\/www.esplac.cat\\\/#organization\"},\"image\":{\"@id\":\"https:\\\/\\\/www.esplac.cat\\\/esplac-vaga-de-totes\\\/#primaryimage\"},\"thumbnailUrl\":\"https:\\\/\\\/www.esplac.cat\\\/wp-content\\\/uploads\\\/2015\\\/05\\\/20150518_VagaTotes.png\",\"keywords\":[\"feminisme\",\"posicionament\",\"vaga de consum\",\"vaga de totes\"],\"articleSection\":[\"Comunicats i posicionaments\"],\"inLanguage\":\"es\",\"potentialAction\":[{\"@type\":\"CommentAction\",\"name\":\"Comment\",\"target\":[\"https:\\\/\\\/www.esplac.cat\\\/esplac-vaga-de-totes\\\/#respond\"]}]},{\"@type\":\"WebPage\",\"@id\":\"https:\\\/\\\/www.esplac.cat\\\/esplac-vaga-de-totes\\\/\",\"url\":\"https:\\\/\\\/www.esplac.cat\\\/esplac-vaga-de-totes\\\/\",\"name\":\"Esplac amb la vaga de totes - Esplac\",\"isPartOf\":{\"@id\":\"https:\\\/\\\/www.esplac.cat\\\/#website\"},\"primaryImageOfPage\":{\"@id\":\"https:\\\/\\\/www.esplac.cat\\\/esplac-vaga-de-totes\\\/#primaryimage\"},\"image\":{\"@id\":\"https:\\\/\\\/www.esplac.cat\\\/esplac-vaga-de-totes\\\/#primaryimage\"},\"thumbnailUrl\":\"https:\\\/\\\/www.esplac.cat\\\/wp-content\\\/uploads\\\/2015\\\/05\\\/20150518_VagaTotes.png\",\"datePublished\":\"2015-05-18T10:34:23+00:00\",\"breadcrumb\":{\"@id\":\"https:\\\/\\\/www.esplac.cat\\\/esplac-vaga-de-totes\\\/#breadcrumb\"},\"inLanguage\":\"es\",\"potentialAction\":[{\"@type\":\"ReadAction\",\"target\":[\"https:\\\/\\\/www.esplac.cat\\\/esplac-vaga-de-totes\\\/\"]}]},{\"@type\":\"ImageObject\",\"inLanguage\":\"es\",\"@id\":\"https:\\\/\\\/www.esplac.cat\\\/esplac-vaga-de-totes\\\/#primaryimage\",\"url\":\"https:\\\/\\\/www.esplac.cat\\\/wp-content\\\/uploads\\\/2015\\\/05\\\/20150518_VagaTotes.png\",\"contentUrl\":\"https:\\\/\\\/www.esplac.cat\\\/wp-content\\\/uploads\\\/2015\\\/05\\\/20150518_VagaTotes.png\",\"width\":550,\"height\":170},{\"@type\":\"BreadcrumbList\",\"@id\":\"https:\\\/\\\/www.esplac.cat\\\/esplac-vaga-de-totes\\\/#breadcrumb\",\"itemListElement\":[{\"@type\":\"ListItem\",\"position\":1,\"name\":\"Inici\",\"item\":\"https:\\\/\\\/www.esplac.cat\\\/es\\\/\"},{\"@type\":\"ListItem\",\"position\":2,\"name\":\"Esplac amb la vaga de totes\"}]},{\"@type\":\"WebSite\",\"@id\":\"https:\\\/\\\/www.esplac.cat\\\/#website\",\"url\":\"https:\\\/\\\/www.esplac.cat\\\/\",\"name\":\"Esplac\",\"description\":\"Esplais Catalans\",\"publisher\":{\"@id\":\"https:\\\/\\\/www.esplac.cat\\\/#organization\"},\"potentialAction\":[{\"@type\":\"SearchAction\",\"target\":{\"@type\":\"EntryPoint\",\"urlTemplate\":\"https:\\\/\\\/www.esplac.cat\\\/?s={search_term_string}\"},\"query-input\":{\"@type\":\"PropertyValueSpecification\",\"valueRequired\":true,\"valueName\":\"search_term_string\"}}],\"inLanguage\":\"es\"},{\"@type\":\"Organization\",\"@id\":\"https:\\\/\\\/www.esplac.cat\\\/#organization\",\"name\":\"Esplac\",\"url\":\"https:\\\/\\\/www.esplac.cat\\\/\",\"logo\":{\"@type\":\"ImageObject\",\"inLanguage\":\"es\",\"@id\":\"https:\\\/\\\/www.esplac.cat\\\/#\\\/schema\\\/logo\\\/image\\\/\",\"url\":\"https:\\\/\\\/www.esplac.cat\\\/wp-content\\\/uploads\\\/2019\\\/08\\\/logox2.png\",\"contentUrl\":\"https:\\\/\\\/www.esplac.cat\\\/wp-content\\\/uploads\\\/2019\\\/08\\\/logox2.png\",\"width\":600,\"height\":295,\"caption\":\"Esplac\"},\"image\":{\"@id\":\"https:\\\/\\\/www.esplac.cat\\\/#\\\/schema\\\/logo\\\/image\\\/\"}},{\"@type\":\"Person\",\"@id\":\"https:\\\/\\\/www.esplac.cat\\\/#\\\/schema\\\/person\\\/908383cf240be18b68f8855d0583faca\",\"name\":\"Comunicaci\u00f3 Esplac\",\"image\":{\"@type\":\"ImageObject\",\"inLanguage\":\"es\",\"@id\":\"https:\\\/\\\/secure.gravatar.com\\\/avatar\\\/7a4cf8feb412a76ea4a740ca02d95b06b2907b5a6c648c2dd0a1082a093c3141?s=96&d=mm&r=g\",\"url\":\"https:\\\/\\\/secure.gravatar.com\\\/avatar\\\/7a4cf8feb412a76ea4a740ca02d95b06b2907b5a6c648c2dd0a1082a093c3141?s=96&d=mm&r=g\",\"contentUrl\":\"https:\\\/\\\/secure.gravatar.com\\\/avatar\\\/7a4cf8feb412a76ea4a740ca02d95b06b2907b5a6c648c2dd0a1082a093c3141?s=96&d=mm&r=g\",\"caption\":\"Comunicaci\u00f3 Esplac\"}}]}<\/script>\n<!-- \/ Yoast SEO plugin. -->","yoast_head_json":{"title":"Esplac amb la vaga de totes - Esplac","robots":{"index":"index","follow":"follow","max-snippet":"max-snippet:-1","max-image-preview":"max-image-preview:large","max-video-preview":"max-video-preview:-1"},"canonical":"https:\/\/www.esplac.cat\/esplac-vaga-de-totes\/","og_locale":"es_ES","og_type":"article","og_title":"Esplac amb la vaga de totes - Esplac","og_description":"L\u2019\u00faltima AGO d\u2019Esplac el passat diumenge 30 de novembre, vam [&hellip;]","og_url":"https:\/\/www.esplac.cat\/esplac-vaga-de-totes\/","og_site_name":"Esplac","article_published_time":"2015-05-18T10:34:23+00:00","og_image":[{"width":550,"height":170,"url":"https:\/\/www.esplac.cat\/wp-content\/uploads\/2015\/05\/20150518_VagaTotes.png","type":"image\/png"}],"author":"Comunicaci\u00f3 Esplac","twitter_card":"summary_large_image","twitter_misc":{"Escrito por":"Comunicaci\u00f3 Esplac","Tiempo de lectura":"3 minutos"},"schema":{"@context":"https:\/\/schema.org","@graph":[{"@type":"Article","@id":"https:\/\/www.esplac.cat\/esplac-vaga-de-totes\/#article","isPartOf":{"@id":"https:\/\/www.esplac.cat\/esplac-vaga-de-totes\/"},"author":{"name":"Comunicaci\u00f3 Esplac","@id":"https:\/\/www.esplac.cat\/#\/schema\/person\/908383cf240be18b68f8855d0583faca"},"headline":"Esplac amb la vaga de totes","datePublished":"2015-05-18T10:34:23+00:00","mainEntityOfPage":{"@id":"https:\/\/www.esplac.cat\/esplac-vaga-de-totes\/"},"wordCount":513,"commentCount":0,"publisher":{"@id":"https:\/\/www.esplac.cat\/#organization"},"image":{"@id":"https:\/\/www.esplac.cat\/esplac-vaga-de-totes\/#primaryimage"},"thumbnailUrl":"https:\/\/www.esplac.cat\/wp-content\/uploads\/2015\/05\/20150518_VagaTotes.png","keywords":["feminisme","posicionament","vaga de consum","vaga de totes"],"articleSection":["Comunicats i posicionaments"],"inLanguage":"es","potentialAction":[{"@type":"CommentAction","name":"Comment","target":["https:\/\/www.esplac.cat\/esplac-vaga-de-totes\/#respond"]}]},{"@type":"WebPage","@id":"https:\/\/www.esplac.cat\/esplac-vaga-de-totes\/","url":"https:\/\/www.esplac.cat\/esplac-vaga-de-totes\/","name":"Esplac amb la vaga de totes - Esplac","isPartOf":{"@id":"https:\/\/www.esplac.cat\/#website"},"primaryImageOfPage":{"@id":"https:\/\/www.esplac.cat\/esplac-vaga-de-totes\/#primaryimage"},"image":{"@id":"https:\/\/www.esplac.cat\/esplac-vaga-de-totes\/#primaryimage"},"thumbnailUrl":"https:\/\/www.esplac.cat\/wp-content\/uploads\/2015\/05\/20150518_VagaTotes.png","datePublished":"2015-05-18T10:34:23+00:00","breadcrumb":{"@id":"https:\/\/www.esplac.cat\/esplac-vaga-de-totes\/#breadcrumb"},"inLanguage":"es","potentialAction":[{"@type":"ReadAction","target":["https:\/\/www.esplac.cat\/esplac-vaga-de-totes\/"]}]},{"@type":"ImageObject","inLanguage":"es","@id":"https:\/\/www.esplac.cat\/esplac-vaga-de-totes\/#primaryimage","url":"https:\/\/www.esplac.cat\/wp-content\/uploads\/2015\/05\/20150518_VagaTotes.png","contentUrl":"https:\/\/www.esplac.cat\/wp-content\/uploads\/2015\/05\/20150518_VagaTotes.png","width":550,"height":170},{"@type":"BreadcrumbList","@id":"https:\/\/www.esplac.cat\/esplac-vaga-de-totes\/#breadcrumb","itemListElement":[{"@type":"ListItem","position":1,"name":"Inici","item":"https:\/\/www.esplac.cat\/es\/"},{"@type":"ListItem","position":2,"name":"Esplac amb la vaga de totes"}]},{"@type":"WebSite","@id":"https:\/\/www.esplac.cat\/#website","url":"https:\/\/www.esplac.cat\/","name":"Esplac","description":"Esplais Catalans","publisher":{"@id":"https:\/\/www.esplac.cat\/#organization"},"potentialAction":[{"@type":"SearchAction","target":{"@type":"EntryPoint","urlTemplate":"https:\/\/www.esplac.cat\/?s={search_term_string}"},"query-input":{"@type":"PropertyValueSpecification","valueRequired":true,"valueName":"search_term_string"}}],"inLanguage":"es"},{"@type":"Organization","@id":"https:\/\/www.esplac.cat\/#organization","name":"Esplac","url":"https:\/\/www.esplac.cat\/","logo":{"@type":"ImageObject","inLanguage":"es","@id":"https:\/\/www.esplac.cat\/#\/schema\/logo\/image\/","url":"https:\/\/www.esplac.cat\/wp-content\/uploads\/2019\/08\/logox2.png","contentUrl":"https:\/\/www.esplac.cat\/wp-content\/uploads\/2019\/08\/logox2.png","width":600,"height":295,"caption":"Esplac"},"image":{"@id":"https:\/\/www.esplac.cat\/#\/schema\/logo\/image\/"}},{"@type":"Person","@id":"https:\/\/www.esplac.cat\/#\/schema\/person\/908383cf240be18b68f8855d0583faca","name":"Comunicaci\u00f3 Esplac","image":{"@type":"ImageObject","inLanguage":"es","@id":"https:\/\/secure.gravatar.com\/avatar\/7a4cf8feb412a76ea4a740ca02d95b06b2907b5a6c648c2dd0a1082a093c3141?s=96&d=mm&r=g","url":"https:\/\/secure.gravatar.com\/avatar\/7a4cf8feb412a76ea4a740ca02d95b06b2907b5a6c648c2dd0a1082a093c3141?s=96&d=mm&r=g","contentUrl":"https:\/\/secure.gravatar.com\/avatar\/7a4cf8feb412a76ea4a740ca02d95b06b2907b5a6c648c2dd0a1082a093c3141?s=96&d=mm&r=g","caption":"Comunicaci\u00f3 Esplac"}}]}},"_links":{"self":[{"href":"https:\/\/www.esplac.cat\/es\/wp-json\/wp\/v2\/posts\/25615","targetHints":{"allow":["GET"]}}],"collection":[{"href":"https:\/\/www.esplac.cat\/es\/wp-json\/wp\/v2\/posts"}],"about":[{"href":"https:\/\/www.esplac.cat\/es\/wp-json\/wp\/v2\/types\/post"}],"author":[{"embeddable":true,"href":"https:\/\/www.esplac.cat\/es\/wp-json\/wp\/v2\/users\/3"}],"replies":[{"embeddable":true,"href":"https:\/\/www.esplac.cat\/es\/wp-json\/wp\/v2\/comments?post=25615"}],"version-history":[{"count":0,"href":"https:\/\/www.esplac.cat\/es\/wp-json\/wp\/v2\/posts\/25615\/revisions"}],"wp:featuredmedia":[{"embeddable":true,"href":"https:\/\/www.esplac.cat\/es\/wp-json\/wp\/v2\/media\/25616"}],"wp:attachment":[{"href":"https:\/\/www.esplac.cat\/es\/wp-json\/wp\/v2\/media?parent=25615"}],"wp:term":[{"taxonomy":"category","embeddable":true,"href":"https:\/\/www.esplac.cat\/es\/wp-json\/wp\/v2\/categories?post=25615"},{"taxonomy":"post_tag","embeddable":true,"href":"https:\/\/www.esplac.cat\/es\/wp-json\/wp\/v2\/tags?post=25615"}],"curies":[{"name":"wp","href":"https:\/\/api.w.org\/{rel}","templated":true}]}}