{"id":25617,"date":"2015-05-14T16:19:00","date_gmt":"2015-05-14T14:19:00","guid":{"rendered":"http:\/\/esplac.cat\/?p=6677"},"modified":"2015-05-14T16:19:00","modified_gmt":"2015-05-14T14:19:00","slug":"no-volem-feixistes-als-instituts-publics-dolot-ni-enlloc","status":"publish","type":"post","link":"https:\/\/www.esplac.cat\/es\/no-volem-feixistes-als-instituts-publics-dolot-ni-enlloc\/","title":{"rendered":"No volem feixistes als instituts p\u00fablics d&#8217;Olot, ni enlloc!"},"content":{"rendered":"<p><!--:CA--><\/p>\n<div>Esplais Catalans, com a associaci\u00f3 que treballa per una educaci\u00f3 transformadora basada en els drets dels infants i lliure de discriminacions, ens adherim al manifest d&#8217;UCFR que denuncia la pres\u00e8ncia del candidat a les eleccions municipals de PxC, Ignasi Mulleras, a l&#8217;IES Garrotxa a fer una xerrada. Reprodu\u00efm a continuaci\u00f3 el manifest \u00edntegre de la plataforma antifeixista. <strong>Feixisme fora de les escoles, a Olot i a tot arreu!<\/strong><\/div>\n<div><\/div>\n<h3>Manifest de\u00a0<strong>UCFR GARROTXA\u00a0<\/strong><br \/>\nOlot, 11 de maig de 2014<\/h3>\n<div>\n<p>Amb motiu de la campanya electoral, Olot Televisi\u00f3 va organitzar 5 xerrades en 5 Instituts d\u2019Educaci\u00f3 Secund\u00e0ria p\u00fablics d&#8217;Olot amb els 5 grups municipals que tenen representaci\u00f3 al consistori d\u2019Olot (CiU, PSC, PP, ERC i PxC): un candidat, un IES. Amb aquesta brillant idea, l\u2019actual regidor i candidat per PxC Ignasi Mulleras va entrar a l&#8217;IES Garrotxa en horari lectiu a fer una xerrada.\u00a0La xerrada va ser retransmesa el dimecres 13 de maig, a les 14:40h i a les 22:40h.<\/p>\n<p>Des d&#8217;Unitat Contra el Feixisme (integrada per m\u00e9s de 400 entitats i molt\u00edssimes persones a t\u00edtol individual), considerem que \u00e9s absolutament aberrant:<\/p>\n<\/div>\n<ol>\n<li><strong>Que una televisi\u00f3 finan\u00e7ada amb diners p\u00fablics cedeixi espai a un partit feixista i obertament xen\u00f2fob.<\/strong><\/li>\n<li><strong>Que un institut p\u00fablic permeti l\u2019entrada d\u2019aquest candidat a una aula d\u2019estudiants en horari lectiu.\u00a0<\/strong>Quines maneres s\u00f3n aquestes de fomentar la participaci\u00f3 pol\u00edtica entre els i les joves? Qu\u00e8 se suposa que havien d\u2019aprendre els i les estudiants d\u2019aquesta persona<\/li>\n<\/ol>\n<div>\n<p>Per tant:<\/p>\n<ul>\n<li><strong>Exigim explicacions a la Direcci\u00f3 de l\u2019IES Garrotxa<\/strong><\/li>\n<li><strong>Exigim explicacions a la Inspecci\u00f3 Educativa<\/strong><\/li>\n<li><strong>Exigim que el Consell de l\u2019Audiovisual de Catalunya es pronunc\u00efi i que eviti l&#8217;emissi\u00f3<\/strong><\/li>\n<li><strong>Exigim responsabilitats a la direcci\u00f3 de la televisi\u00f3 per l&#8217;ocurr\u00e8ncia<\/strong><\/li>\n<li><strong>Exigim responsabilitats als responsables pol\u00edtics per permetre al canal de televisi\u00f3 dur-ho a terme \u00a0<\/strong><\/li>\n<li><strong>Demanem a totes les entitats i persones que s\u2019adhereixin a aquest Manifest, perque no podem permetre aquesta impunitat: ens mereixem m\u00e9s respecte, i una societat lliure de feixisme i racisme.<\/strong><\/li>\n<li><strong>Demanem a totes les persones amb dret a vot el proper 24 de maig no votar feixisme ni racisme: #NoVotisPxC !<\/strong><\/li>\n<\/ul>\n<p>No podem deixar via lliure a la Garrotxa a personatges com l\u2019Ignacio Mulleras, cap de llista de PxC a Olot, exdirigent del partit feixista Democracia Nacional i imputat, conjuntament amb Joan Carles Fuentes, regidor de PxC a Vic, i Robert Hernando, per l\u2019intent d\u2019homicidi de Josep Anglada:\u00a0<a href=\"http:\/\/novotispxc.wordpress.com\/2015\/05\/02\/novotispxc-ignacio-mulleras-olot\/\">http:\/\/novotispxc.wordpress.com\/2015\/05\/02\/novotispxc-ignacio-mulleras-olot\/\u00a0<\/a><\/p>\n<p>Des de UCFR Garrotxa continuarem treballant des de tots els fronts de manera activa i compromesa amb la conviv\u00e8ncia en la diversitat,\u00a0 i per fer dels nostres pobles i barris espais lliures de feixisme i racisme, i denunciant totes aquelles agressions i vulneracions als drets humans. FEIXISTES NI A OLOT NI ENLLOC! NO PASSARAN!<\/p>\n<\/div>\n<p><!--:--><!--:fr--><\/p>\n<p><!--:--><\/p>\n","protected":false},"excerpt":{"rendered":"<p>Esplais Catalans, com a associaci\u00f3 que treballa per una educaci\u00f3 [&hellip;]<\/p>\n","protected":false},"author":3,"featured_media":25618,"comment_status":"open","ping_status":"open","sticky":false,"template":"","format":"standard","meta":{"om_disable_all_campaigns":false,"_monsterinsights_skip_tracking":false,"_monsterinsights_sitenote_active":false,"_monsterinsights_sitenote_note":"","_monsterinsights_sitenote_category":0,"_uf_show_specific_survey":0,"_uf_disable_surveys":false,"footnotes":""},"categories":[1127,1],"tags":[508,378,509,326,510,379],"class_list":["post-25617","post","type-post","status-publish","format-standard","has-post-thumbnail","hentry","category-comunicats-posicionaments","category-sense-categoria","tag-antifeixisme","tag-feixisme","tag-olot","tag-posicionament","tag-pxc","tag-racisme"],"yoast_head":"<!-- This site is optimized with the Yoast SEO plugin v27.5 - https:\/\/yoast.com\/product\/yoast-seo-wordpress\/ -->\n<title>No volem feixistes als instituts p\u00fablics d&#039;Olot, ni enlloc! - Esplac<\/title>\n<meta name=\"robots\" content=\"index, follow, max-snippet:-1, max-image-preview:large, max-video-preview:-1\" \/>\n<link rel=\"canonical\" href=\"https:\/\/www.esplac.cat\/no-volem-feixistes-als-instituts-publics-dolot-ni-enlloc\/\" \/>\n<meta property=\"og:locale\" content=\"es_ES\" \/>\n<meta property=\"og:type\" content=\"article\" \/>\n<meta property=\"og:title\" content=\"No volem feixistes als instituts p\u00fablics d&#039;Olot, ni enlloc! - Esplac\" \/>\n<meta property=\"og:description\" content=\"Esplais Catalans, com a associaci\u00f3 que treballa per una educaci\u00f3 [&hellip;]\" \/>\n<meta property=\"og:url\" content=\"https:\/\/www.esplac.cat\/no-volem-feixistes-als-instituts-publics-dolot-ni-enlloc\/\" \/>\n<meta property=\"og:site_name\" content=\"Esplac\" \/>\n<meta property=\"article:published_time\" content=\"2015-05-14T14:19:00+00:00\" \/>\n<meta property=\"og:image\" content=\"https:\/\/www.esplac.cat\/wp-content\/uploads\/2015\/05\/20150514_No-votis-PxC.jpg\" \/>\n\t<meta property=\"og:image:width\" content=\"847\" \/>\n\t<meta property=\"og:image:height\" content=\"350\" \/>\n\t<meta property=\"og:image:type\" content=\"image\/jpeg\" \/>\n<meta name=\"author\" content=\"Comunicaci\u00f3 Esplac\" \/>\n<meta name=\"twitter:card\" content=\"summary_large_image\" \/>\n<meta name=\"twitter:label1\" content=\"Escrito por\" \/>\n\t<meta name=\"twitter:data1\" content=\"Comunicaci\u00f3 Esplac\" \/>\n\t<meta name=\"twitter:label2\" content=\"Tiempo de lectura\" \/>\n\t<meta name=\"twitter:data2\" content=\"2 minutos\" \/>\n<script type=\"application\/ld+json\" class=\"yoast-schema-graph\">{\"@context\":\"https:\\\/\\\/schema.org\",\"@graph\":[{\"@type\":\"Article\",\"@id\":\"https:\\\/\\\/www.esplac.cat\\\/no-volem-feixistes-als-instituts-publics-dolot-ni-enlloc\\\/#article\",\"isPartOf\":{\"@id\":\"https:\\\/\\\/www.esplac.cat\\\/no-volem-feixistes-als-instituts-publics-dolot-ni-enlloc\\\/\"},\"author\":{\"name\":\"Comunicaci\u00f3 Esplac\",\"@id\":\"https:\\\/\\\/www.esplac.cat\\\/#\\\/schema\\\/person\\\/908383cf240be18b68f8855d0583faca\"},\"headline\":\"No volem feixistes als instituts p\u00fablics d&#8217;Olot, ni enlloc!\",\"datePublished\":\"2015-05-14T14:19:00+00:00\",\"mainEntityOfPage\":{\"@id\":\"https:\\\/\\\/www.esplac.cat\\\/no-volem-feixistes-als-instituts-publics-dolot-ni-enlloc\\\/\"},\"wordCount\":490,\"commentCount\":0,\"publisher\":{\"@id\":\"https:\\\/\\\/www.esplac.cat\\\/#organization\"},\"image\":{\"@id\":\"https:\\\/\\\/www.esplac.cat\\\/no-volem-feixistes-als-instituts-publics-dolot-ni-enlloc\\\/#primaryimage\"},\"thumbnailUrl\":\"https:\\\/\\\/www.esplac.cat\\\/wp-content\\\/uploads\\\/2015\\\/05\\\/20150514_No-votis-PxC.jpg\",\"keywords\":[\"antifeixisme\",\"feixisme\",\"Olot\",\"posicionament\",\"PxC\",\"racisme\"],\"articleSection\":[\"Comunicats i posicionaments\",\"Sense categoria\"],\"inLanguage\":\"es\",\"potentialAction\":[{\"@type\":\"CommentAction\",\"name\":\"Comment\",\"target\":[\"https:\\\/\\\/www.esplac.cat\\\/no-volem-feixistes-als-instituts-publics-dolot-ni-enlloc\\\/#respond\"]}]},{\"@type\":\"WebPage\",\"@id\":\"https:\\\/\\\/www.esplac.cat\\\/no-volem-feixistes-als-instituts-publics-dolot-ni-enlloc\\\/\",\"url\":\"https:\\\/\\\/www.esplac.cat\\\/no-volem-feixistes-als-instituts-publics-dolot-ni-enlloc\\\/\",\"name\":\"No volem feixistes als instituts p\u00fablics d'Olot, ni enlloc! - Esplac\",\"isPartOf\":{\"@id\":\"https:\\\/\\\/www.esplac.cat\\\/#website\"},\"primaryImageOfPage\":{\"@id\":\"https:\\\/\\\/www.esplac.cat\\\/no-volem-feixistes-als-instituts-publics-dolot-ni-enlloc\\\/#primaryimage\"},\"image\":{\"@id\":\"https:\\\/\\\/www.esplac.cat\\\/no-volem-feixistes-als-instituts-publics-dolot-ni-enlloc\\\/#primaryimage\"},\"thumbnailUrl\":\"https:\\\/\\\/www.esplac.cat\\\/wp-content\\\/uploads\\\/2015\\\/05\\\/20150514_No-votis-PxC.jpg\",\"datePublished\":\"2015-05-14T14:19:00+00:00\",\"breadcrumb\":{\"@id\":\"https:\\\/\\\/www.esplac.cat\\\/no-volem-feixistes-als-instituts-publics-dolot-ni-enlloc\\\/#breadcrumb\"},\"inLanguage\":\"es\",\"potentialAction\":[{\"@type\":\"ReadAction\",\"target\":[\"https:\\\/\\\/www.esplac.cat\\\/no-volem-feixistes-als-instituts-publics-dolot-ni-enlloc\\\/\"]}]},{\"@type\":\"ImageObject\",\"inLanguage\":\"es\",\"@id\":\"https:\\\/\\\/www.esplac.cat\\\/no-volem-feixistes-als-instituts-publics-dolot-ni-enlloc\\\/#primaryimage\",\"url\":\"https:\\\/\\\/www.esplac.cat\\\/wp-content\\\/uploads\\\/2015\\\/05\\\/20150514_No-votis-PxC.jpg\",\"contentUrl\":\"https:\\\/\\\/www.esplac.cat\\\/wp-content\\\/uploads\\\/2015\\\/05\\\/20150514_No-votis-PxC.jpg\",\"width\":847,\"height\":350},{\"@type\":\"BreadcrumbList\",\"@id\":\"https:\\\/\\\/www.esplac.cat\\\/no-volem-feixistes-als-instituts-publics-dolot-ni-enlloc\\\/#breadcrumb\",\"itemListElement\":[{\"@type\":\"ListItem\",\"position\":1,\"name\":\"Inici\",\"item\":\"https:\\\/\\\/www.esplac.cat\\\/es\\\/\"},{\"@type\":\"ListItem\",\"position\":2,\"name\":\"No volem feixistes als instituts p\u00fablics d&#8217;Olot, ni enlloc!\"}]},{\"@type\":\"WebSite\",\"@id\":\"https:\\\/\\\/www.esplac.cat\\\/#website\",\"url\":\"https:\\\/\\\/www.esplac.cat\\\/\",\"name\":\"Esplac\",\"description\":\"Esplais Catalans\",\"publisher\":{\"@id\":\"https:\\\/\\\/www.esplac.cat\\\/#organization\"},\"potentialAction\":[{\"@type\":\"SearchAction\",\"target\":{\"@type\":\"EntryPoint\",\"urlTemplate\":\"https:\\\/\\\/www.esplac.cat\\\/?s={search_term_string}\"},\"query-input\":{\"@type\":\"PropertyValueSpecification\",\"valueRequired\":true,\"valueName\":\"search_term_string\"}}],\"inLanguage\":\"es\"},{\"@type\":\"Organization\",\"@id\":\"https:\\\/\\\/www.esplac.cat\\\/#organization\",\"name\":\"Esplac\",\"url\":\"https:\\\/\\\/www.esplac.cat\\\/\",\"logo\":{\"@type\":\"ImageObject\",\"inLanguage\":\"es\",\"@id\":\"https:\\\/\\\/www.esplac.cat\\\/#\\\/schema\\\/logo\\\/image\\\/\",\"url\":\"https:\\\/\\\/www.esplac.cat\\\/wp-content\\\/uploads\\\/2019\\\/08\\\/logox2.png\",\"contentUrl\":\"https:\\\/\\\/www.esplac.cat\\\/wp-content\\\/uploads\\\/2019\\\/08\\\/logox2.png\",\"width\":600,\"height\":295,\"caption\":\"Esplac\"},\"image\":{\"@id\":\"https:\\\/\\\/www.esplac.cat\\\/#\\\/schema\\\/logo\\\/image\\\/\"}},{\"@type\":\"Person\",\"@id\":\"https:\\\/\\\/www.esplac.cat\\\/#\\\/schema\\\/person\\\/908383cf240be18b68f8855d0583faca\",\"name\":\"Comunicaci\u00f3 Esplac\",\"image\":{\"@type\":\"ImageObject\",\"inLanguage\":\"es\",\"@id\":\"https:\\\/\\\/secure.gravatar.com\\\/avatar\\\/7a4cf8feb412a76ea4a740ca02d95b06b2907b5a6c648c2dd0a1082a093c3141?s=96&d=mm&r=g\",\"url\":\"https:\\\/\\\/secure.gravatar.com\\\/avatar\\\/7a4cf8feb412a76ea4a740ca02d95b06b2907b5a6c648c2dd0a1082a093c3141?s=96&d=mm&r=g\",\"contentUrl\":\"https:\\\/\\\/secure.gravatar.com\\\/avatar\\\/7a4cf8feb412a76ea4a740ca02d95b06b2907b5a6c648c2dd0a1082a093c3141?s=96&d=mm&r=g\",\"caption\":\"Comunicaci\u00f3 Esplac\"}}]}<\/script>\n<!-- \/ Yoast SEO plugin. -->","yoast_head_json":{"title":"No volem feixistes als instituts p\u00fablics d'Olot, ni enlloc! - Esplac","robots":{"index":"index","follow":"follow","max-snippet":"max-snippet:-1","max-image-preview":"max-image-preview:large","max-video-preview":"max-video-preview:-1"},"canonical":"https:\/\/www.esplac.cat\/no-volem-feixistes-als-instituts-publics-dolot-ni-enlloc\/","og_locale":"es_ES","og_type":"article","og_title":"No volem feixistes als instituts p\u00fablics d'Olot, ni enlloc! - Esplac","og_description":"Esplais Catalans, com a associaci\u00f3 que treballa per una educaci\u00f3 [&hellip;]","og_url":"https:\/\/www.esplac.cat\/no-volem-feixistes-als-instituts-publics-dolot-ni-enlloc\/","og_site_name":"Esplac","article_published_time":"2015-05-14T14:19:00+00:00","og_image":[{"width":847,"height":350,"url":"https:\/\/www.esplac.cat\/wp-content\/uploads\/2015\/05\/20150514_No-votis-PxC.jpg","type":"image\/jpeg"}],"author":"Comunicaci\u00f3 Esplac","twitter_card":"summary_large_image","twitter_misc":{"Escrito por":"Comunicaci\u00f3 Esplac","Tiempo de lectura":"2 minutos"},"schema":{"@context":"https:\/\/schema.org","@graph":[{"@type":"Article","@id":"https:\/\/www.esplac.cat\/no-volem-feixistes-als-instituts-publics-dolot-ni-enlloc\/#article","isPartOf":{"@id":"https:\/\/www.esplac.cat\/no-volem-feixistes-als-instituts-publics-dolot-ni-enlloc\/"},"author":{"name":"Comunicaci\u00f3 Esplac","@id":"https:\/\/www.esplac.cat\/#\/schema\/person\/908383cf240be18b68f8855d0583faca"},"headline":"No volem feixistes als instituts p\u00fablics d&#8217;Olot, ni enlloc!","datePublished":"2015-05-14T14:19:00+00:00","mainEntityOfPage":{"@id":"https:\/\/www.esplac.cat\/no-volem-feixistes-als-instituts-publics-dolot-ni-enlloc\/"},"wordCount":490,"commentCount":0,"publisher":{"@id":"https:\/\/www.esplac.cat\/#organization"},"image":{"@id":"https:\/\/www.esplac.cat\/no-volem-feixistes-als-instituts-publics-dolot-ni-enlloc\/#primaryimage"},"thumbnailUrl":"https:\/\/www.esplac.cat\/wp-content\/uploads\/2015\/05\/20150514_No-votis-PxC.jpg","keywords":["antifeixisme","feixisme","Olot","posicionament","PxC","racisme"],"articleSection":["Comunicats i posicionaments","Sense categoria"],"inLanguage":"es","potentialAction":[{"@type":"CommentAction","name":"Comment","target":["https:\/\/www.esplac.cat\/no-volem-feixistes-als-instituts-publics-dolot-ni-enlloc\/#respond"]}]},{"@type":"WebPage","@id":"https:\/\/www.esplac.cat\/no-volem-feixistes-als-instituts-publics-dolot-ni-enlloc\/","url":"https:\/\/www.esplac.cat\/no-volem-feixistes-als-instituts-publics-dolot-ni-enlloc\/","name":"No volem feixistes als instituts p\u00fablics d'Olot, ni enlloc! - Esplac","isPartOf":{"@id":"https:\/\/www.esplac.cat\/#website"},"primaryImageOfPage":{"@id":"https:\/\/www.esplac.cat\/no-volem-feixistes-als-instituts-publics-dolot-ni-enlloc\/#primaryimage"},"image":{"@id":"https:\/\/www.esplac.cat\/no-volem-feixistes-als-instituts-publics-dolot-ni-enlloc\/#primaryimage"},"thumbnailUrl":"https:\/\/www.esplac.cat\/wp-content\/uploads\/2015\/05\/20150514_No-votis-PxC.jpg","datePublished":"2015-05-14T14:19:00+00:00","breadcrumb":{"@id":"https:\/\/www.esplac.cat\/no-volem-feixistes-als-instituts-publics-dolot-ni-enlloc\/#breadcrumb"},"inLanguage":"es","potentialAction":[{"@type":"ReadAction","target":["https:\/\/www.esplac.cat\/no-volem-feixistes-als-instituts-publics-dolot-ni-enlloc\/"]}]},{"@type":"ImageObject","inLanguage":"es","@id":"https:\/\/www.esplac.cat\/no-volem-feixistes-als-instituts-publics-dolot-ni-enlloc\/#primaryimage","url":"https:\/\/www.esplac.cat\/wp-content\/uploads\/2015\/05\/20150514_No-votis-PxC.jpg","contentUrl":"https:\/\/www.esplac.cat\/wp-content\/uploads\/2015\/05\/20150514_No-votis-PxC.jpg","width":847,"height":350},{"@type":"BreadcrumbList","@id":"https:\/\/www.esplac.cat\/no-volem-feixistes-als-instituts-publics-dolot-ni-enlloc\/#breadcrumb","itemListElement":[{"@type":"ListItem","position":1,"name":"Inici","item":"https:\/\/www.esplac.cat\/es\/"},{"@type":"ListItem","position":2,"name":"No volem feixistes als instituts p\u00fablics d&#8217;Olot, ni enlloc!"}]},{"@type":"WebSite","@id":"https:\/\/www.esplac.cat\/#website","url":"https:\/\/www.esplac.cat\/","name":"Esplac","description":"Esplais Catalans","publisher":{"@id":"https:\/\/www.esplac.cat\/#organization"},"potentialAction":[{"@type":"SearchAction","target":{"@type":"EntryPoint","urlTemplate":"https:\/\/www.esplac.cat\/?s={search_term_string}"},"query-input":{"@type":"PropertyValueSpecification","valueRequired":true,"valueName":"search_term_string"}}],"inLanguage":"es"},{"@type":"Organization","@id":"https:\/\/www.esplac.cat\/#organization","name":"Esplac","url":"https:\/\/www.esplac.cat\/","logo":{"@type":"ImageObject","inLanguage":"es","@id":"https:\/\/www.esplac.cat\/#\/schema\/logo\/image\/","url":"https:\/\/www.esplac.cat\/wp-content\/uploads\/2019\/08\/logox2.png","contentUrl":"https:\/\/www.esplac.cat\/wp-content\/uploads\/2019\/08\/logox2.png","width":600,"height":295,"caption":"Esplac"},"image":{"@id":"https:\/\/www.esplac.cat\/#\/schema\/logo\/image\/"}},{"@type":"Person","@id":"https:\/\/www.esplac.cat\/#\/schema\/person\/908383cf240be18b68f8855d0583faca","name":"Comunicaci\u00f3 Esplac","image":{"@type":"ImageObject","inLanguage":"es","@id":"https:\/\/secure.gravatar.com\/avatar\/7a4cf8feb412a76ea4a740ca02d95b06b2907b5a6c648c2dd0a1082a093c3141?s=96&d=mm&r=g","url":"https:\/\/secure.gravatar.com\/avatar\/7a4cf8feb412a76ea4a740ca02d95b06b2907b5a6c648c2dd0a1082a093c3141?s=96&d=mm&r=g","contentUrl":"https:\/\/secure.gravatar.com\/avatar\/7a4cf8feb412a76ea4a740ca02d95b06b2907b5a6c648c2dd0a1082a093c3141?s=96&d=mm&r=g","caption":"Comunicaci\u00f3 Esplac"}}]}},"_links":{"self":[{"href":"https:\/\/www.esplac.cat\/es\/wp-json\/wp\/v2\/posts\/25617","targetHints":{"allow":["GET"]}}],"collection":[{"href":"https:\/\/www.esplac.cat\/es\/wp-json\/wp\/v2\/posts"}],"about":[{"href":"https:\/\/www.esplac.cat\/es\/wp-json\/wp\/v2\/types\/post"}],"author":[{"embeddable":true,"href":"https:\/\/www.esplac.cat\/es\/wp-json\/wp\/v2\/users\/3"}],"replies":[{"embeddable":true,"href":"https:\/\/www.esplac.cat\/es\/wp-json\/wp\/v2\/comments?post=25617"}],"version-history":[{"count":0,"href":"https:\/\/www.esplac.cat\/es\/wp-json\/wp\/v2\/posts\/25617\/revisions"}],"wp:featuredmedia":[{"embeddable":true,"href":"https:\/\/www.esplac.cat\/es\/wp-json\/wp\/v2\/media\/25618"}],"wp:attachment":[{"href":"https:\/\/www.esplac.cat\/es\/wp-json\/wp\/v2\/media?parent=25617"}],"wp:term":[{"taxonomy":"category","embeddable":true,"href":"https:\/\/www.esplac.cat\/es\/wp-json\/wp\/v2\/categories?post=25617"},{"taxonomy":"post_tag","embeddable":true,"href":"https:\/\/www.esplac.cat\/es\/wp-json\/wp\/v2\/tags?post=25617"}],"curies":[{"name":"wp","href":"https:\/\/api.w.org\/{rel}","templated":true}]}}