{"id":25623,"date":"2015-04-20T10:46:33","date_gmt":"2015-04-20T08:46:33","guid":{"rendered":"http:\/\/esplac.cat\/?p=6620"},"modified":"2015-04-20T10:46:33","modified_gmt":"2015-04-20T08:46:33","slug":"demanem-labsolucio-de-les-5-monis-del-clupi-de-cerdanyola","status":"publish","type":"post","link":"https:\/\/www.esplac.cat\/es\/demanem-labsolucio-de-les-5-monis-del-clupi-de-cerdanyola\/","title":{"rendered":"Demanem l&#8217;absoluci\u00f3 de les 5 monis del Clupi de Cerdanyola"},"content":{"rendered":"<p><!--:CA-->Esplais Catalans volem fer arribar el comunicat de l&#8217;esplai Clupi, Club Infantil Cerdanyola, enfront de l&#8217;acusaci\u00f3 de 5 monis de l&#8217;esplai:<\/p>\n<p><strong>Comunicat monitores encausades Clupi:<\/strong><\/p>\n<p>Des del Club Infantil Cerdanyola (Clupi, esplai d\u2019Esplais Catalans) ens trobem en una situaci\u00f3 dif\u00edcil i dolorosa. Cinc dels nostres monitors i monitores (el Bernat, la Berta, el Joan, l\u2019Elena i el Guillem) es troben encausats pels fets que es van produir el 29 de Maig passat al barri de Sants durant el desallotjament de Can Vies.<\/p>\n<p>Com a monitors i monitores voluntaris d\u2019esplai creiem en l\u2019educaci\u00f3 en el lleure com a eina de transformaci\u00f3 social. Promovem aix\u00ed, valors com la solidaritat, el respecte mutu amb les persones i l\u2019entorn, la participaci\u00f3 infantil, el creixement personal, l\u2019esperit cr\u00edtic, la conviv\u00e8ncia, la pau, el di\u00e0leg, la cooperaci\u00f3, la comprensi\u00f3 i la just\u00edcia social.<\/p>\n<p>Aquell dia vam baixar al barri de Sants en solidaritat amb les ve\u00efnes que de forma pac\u00edfica van organitzar una cassolada per reclamar una resoluci\u00f3 del conflicte mitjan\u00e7ant el di\u00e0leg.<br \/>\nAra se\u2019ls acusa d\u2019uns fets en els que no van participar i dels quals s\u00f3n innocents, i que a m\u00e9s a m\u00e9s, s\u00f3n totalment contraris als nostres principis. Se\u2019ls demana 5 anys i 10 mesos de pres\u00f3 a cadascun d\u2019ells.<\/p>\n<p><strong>Des del Club Infantil Cerdanyola (CLUPI) i amb el suport d\u2019Esplais Catalans demanem\u00a0<\/strong><strong>l\u2019absoluci\u00f3 per a totes elles.<\/strong><\/p>\n<p><em>(*fotografia de Gorka Leiza a l&#8217;<a title=\"5 monis Clupi La Directa\" href=\"https:\/\/directa.cat\/jutgen-cinc-universitaris-de-cerdanyola-detinguts-durant-fets-de-can-vies\" target=\"_blank\" rel=\"noopener noreferrer\">entrevista als cinc monis<\/a> apareguda al diari La Directa)<\/em><!--:--><!--:es--><\/p>\n<p><!--:--><!--:en--><\/p>\n<p><!--:--><!--:fr--><\/p>\n<p><!--:--><\/p>\n","protected":false},"excerpt":{"rendered":"<p>Esplais Catalans volem fer arribar el comunicat de l&#8217;esplai Clupi, [&hellip;]<\/p>\n","protected":false},"author":3,"featured_media":25624,"comment_status":"open","ping_status":"open","sticky":false,"template":"","format":"standard","meta":{"om_disable_all_campaigns":false,"_monsterinsights_skip_tracking":false,"_monsterinsights_sitenote_active":false,"_monsterinsights_sitenote_note":"","_monsterinsights_sitenote_category":0,"_uf_show_specific_survey":0,"_uf_disable_surveys":false,"footnotes":""},"categories":[1127],"tags":[261,501,502,134],"class_list":["post-25623","post","type-post","status-publish","format-standard","has-post-thumbnail","hentry","category-comunicats-posicionaments","tag-can-vies","tag-clupi","tag-repressio","tag-transformacio-social"],"yoast_head":"<!-- This site is optimized with the Yoast SEO plugin v27.4 - https:\/\/yoast.com\/product\/yoast-seo-wordpress\/ -->\n<title>Demanem l&#039;absoluci\u00f3 de les 5 monis del Clupi de Cerdanyola - Esplac<\/title>\n<meta name=\"robots\" content=\"index, follow, max-snippet:-1, max-image-preview:large, max-video-preview:-1\" \/>\n<link rel=\"canonical\" href=\"https:\/\/www.esplac.cat\/demanem-labsolucio-de-les-5-monis-del-clupi-de-cerdanyola\/\" \/>\n<meta property=\"og:locale\" content=\"es_ES\" \/>\n<meta property=\"og:type\" content=\"article\" \/>\n<meta property=\"og:title\" content=\"Demanem l&#039;absoluci\u00f3 de les 5 monis del Clupi de Cerdanyola - Esplac\" \/>\n<meta property=\"og:description\" content=\"Esplais Catalans volem fer arribar el comunicat de l&#8217;esplai Clupi, [&hellip;]\" \/>\n<meta property=\"og:url\" content=\"https:\/\/www.esplac.cat\/demanem-labsolucio-de-les-5-monis-del-clupi-de-cerdanyola\/\" \/>\n<meta property=\"og:site_name\" content=\"Esplac\" \/>\n<meta property=\"article:published_time\" content=\"2015-04-20T08:46:33+00:00\" \/>\n<meta property=\"og:image\" content=\"https:\/\/www.esplac.cat\/wp-content\/uploads\/2015\/04\/20150414_Clupi-Can-Vies.png\" \/>\n\t<meta property=\"og:image:width\" content=\"847\" \/>\n\t<meta property=\"og:image:height\" content=\"350\" \/>\n\t<meta property=\"og:image:type\" content=\"image\/png\" \/>\n<meta name=\"author\" content=\"Comunicaci\u00f3 Esplac\" \/>\n<meta name=\"twitter:card\" content=\"summary_large_image\" \/>\n<meta name=\"twitter:label1\" content=\"Escrito por\" \/>\n\t<meta name=\"twitter:data1\" content=\"Comunicaci\u00f3 Esplac\" \/>\n\t<meta name=\"twitter:label2\" content=\"Tiempo de lectura\" \/>\n\t<meta name=\"twitter:data2\" content=\"1 minuto\" \/>\n<script type=\"application\/ld+json\" class=\"yoast-schema-graph\">{\"@context\":\"https:\\\/\\\/schema.org\",\"@graph\":[{\"@type\":\"Article\",\"@id\":\"https:\\\/\\\/www.esplac.cat\\\/demanem-labsolucio-de-les-5-monis-del-clupi-de-cerdanyola\\\/#article\",\"isPartOf\":{\"@id\":\"https:\\\/\\\/www.esplac.cat\\\/demanem-labsolucio-de-les-5-monis-del-clupi-de-cerdanyola\\\/\"},\"author\":{\"name\":\"Comunicaci\u00f3 Esplac\",\"@id\":\"https:\\\/\\\/www.esplac.cat\\\/#\\\/schema\\\/person\\\/908383cf240be18b68f8855d0583faca\"},\"headline\":\"Demanem l&#8217;absoluci\u00f3 de les 5 monis del Clupi de Cerdanyola\",\"datePublished\":\"2015-04-20T08:46:33+00:00\",\"mainEntityOfPage\":{\"@id\":\"https:\\\/\\\/www.esplac.cat\\\/demanem-labsolucio-de-les-5-monis-del-clupi-de-cerdanyola\\\/\"},\"wordCount\":274,\"commentCount\":0,\"publisher\":{\"@id\":\"https:\\\/\\\/www.esplac.cat\\\/#organization\"},\"image\":{\"@id\":\"https:\\\/\\\/www.esplac.cat\\\/demanem-labsolucio-de-les-5-monis-del-clupi-de-cerdanyola\\\/#primaryimage\"},\"thumbnailUrl\":\"https:\\\/\\\/www.esplac.cat\\\/wp-content\\\/uploads\\\/2015\\\/04\\\/20150414_Clupi-Can-Vies.png\",\"keywords\":[\"can vies\",\"clupi\",\"repressi\u00f3\",\"transformaci\u00f3 social\"],\"articleSection\":[\"Comunicats i posicionaments\"],\"inLanguage\":\"es\",\"potentialAction\":[{\"@type\":\"CommentAction\",\"name\":\"Comment\",\"target\":[\"https:\\\/\\\/www.esplac.cat\\\/demanem-labsolucio-de-les-5-monis-del-clupi-de-cerdanyola\\\/#respond\"]}]},{\"@type\":\"WebPage\",\"@id\":\"https:\\\/\\\/www.esplac.cat\\\/demanem-labsolucio-de-les-5-monis-del-clupi-de-cerdanyola\\\/\",\"url\":\"https:\\\/\\\/www.esplac.cat\\\/demanem-labsolucio-de-les-5-monis-del-clupi-de-cerdanyola\\\/\",\"name\":\"Demanem l'absoluci\u00f3 de les 5 monis del Clupi de Cerdanyola - Esplac\",\"isPartOf\":{\"@id\":\"https:\\\/\\\/www.esplac.cat\\\/#website\"},\"primaryImageOfPage\":{\"@id\":\"https:\\\/\\\/www.esplac.cat\\\/demanem-labsolucio-de-les-5-monis-del-clupi-de-cerdanyola\\\/#primaryimage\"},\"image\":{\"@id\":\"https:\\\/\\\/www.esplac.cat\\\/demanem-labsolucio-de-les-5-monis-del-clupi-de-cerdanyola\\\/#primaryimage\"},\"thumbnailUrl\":\"https:\\\/\\\/www.esplac.cat\\\/wp-content\\\/uploads\\\/2015\\\/04\\\/20150414_Clupi-Can-Vies.png\",\"datePublished\":\"2015-04-20T08:46:33+00:00\",\"breadcrumb\":{\"@id\":\"https:\\\/\\\/www.esplac.cat\\\/demanem-labsolucio-de-les-5-monis-del-clupi-de-cerdanyola\\\/#breadcrumb\"},\"inLanguage\":\"es\",\"potentialAction\":[{\"@type\":\"ReadAction\",\"target\":[\"https:\\\/\\\/www.esplac.cat\\\/demanem-labsolucio-de-les-5-monis-del-clupi-de-cerdanyola\\\/\"]}]},{\"@type\":\"ImageObject\",\"inLanguage\":\"es\",\"@id\":\"https:\\\/\\\/www.esplac.cat\\\/demanem-labsolucio-de-les-5-monis-del-clupi-de-cerdanyola\\\/#primaryimage\",\"url\":\"https:\\\/\\\/www.esplac.cat\\\/wp-content\\\/uploads\\\/2015\\\/04\\\/20150414_Clupi-Can-Vies.png\",\"contentUrl\":\"https:\\\/\\\/www.esplac.cat\\\/wp-content\\\/uploads\\\/2015\\\/04\\\/20150414_Clupi-Can-Vies.png\",\"width\":847,\"height\":350},{\"@type\":\"BreadcrumbList\",\"@id\":\"https:\\\/\\\/www.esplac.cat\\\/demanem-labsolucio-de-les-5-monis-del-clupi-de-cerdanyola\\\/#breadcrumb\",\"itemListElement\":[{\"@type\":\"ListItem\",\"position\":1,\"name\":\"Inici\",\"item\":\"https:\\\/\\\/www.esplac.cat\\\/es\\\/\"},{\"@type\":\"ListItem\",\"position\":2,\"name\":\"Demanem l&#8217;absoluci\u00f3 de les 5 monis del Clupi de Cerdanyola\"}]},{\"@type\":\"WebSite\",\"@id\":\"https:\\\/\\\/www.esplac.cat\\\/#website\",\"url\":\"https:\\\/\\\/www.esplac.cat\\\/\",\"name\":\"Esplac\",\"description\":\"Esplais Catalans\",\"publisher\":{\"@id\":\"https:\\\/\\\/www.esplac.cat\\\/#organization\"},\"potentialAction\":[{\"@type\":\"SearchAction\",\"target\":{\"@type\":\"EntryPoint\",\"urlTemplate\":\"https:\\\/\\\/www.esplac.cat\\\/?s={search_term_string}\"},\"query-input\":{\"@type\":\"PropertyValueSpecification\",\"valueRequired\":true,\"valueName\":\"search_term_string\"}}],\"inLanguage\":\"es\"},{\"@type\":\"Organization\",\"@id\":\"https:\\\/\\\/www.esplac.cat\\\/#organization\",\"name\":\"Esplac\",\"url\":\"https:\\\/\\\/www.esplac.cat\\\/\",\"logo\":{\"@type\":\"ImageObject\",\"inLanguage\":\"es\",\"@id\":\"https:\\\/\\\/www.esplac.cat\\\/#\\\/schema\\\/logo\\\/image\\\/\",\"url\":\"https:\\\/\\\/www.esplac.cat\\\/wp-content\\\/uploads\\\/2019\\\/08\\\/logox2.png\",\"contentUrl\":\"https:\\\/\\\/www.esplac.cat\\\/wp-content\\\/uploads\\\/2019\\\/08\\\/logox2.png\",\"width\":600,\"height\":295,\"caption\":\"Esplac\"},\"image\":{\"@id\":\"https:\\\/\\\/www.esplac.cat\\\/#\\\/schema\\\/logo\\\/image\\\/\"}},{\"@type\":\"Person\",\"@id\":\"https:\\\/\\\/www.esplac.cat\\\/#\\\/schema\\\/person\\\/908383cf240be18b68f8855d0583faca\",\"name\":\"Comunicaci\u00f3 Esplac\",\"image\":{\"@type\":\"ImageObject\",\"inLanguage\":\"es\",\"@id\":\"https:\\\/\\\/secure.gravatar.com\\\/avatar\\\/7a4cf8feb412a76ea4a740ca02d95b06b2907b5a6c648c2dd0a1082a093c3141?s=96&d=mm&r=g\",\"url\":\"https:\\\/\\\/secure.gravatar.com\\\/avatar\\\/7a4cf8feb412a76ea4a740ca02d95b06b2907b5a6c648c2dd0a1082a093c3141?s=96&d=mm&r=g\",\"contentUrl\":\"https:\\\/\\\/secure.gravatar.com\\\/avatar\\\/7a4cf8feb412a76ea4a740ca02d95b06b2907b5a6c648c2dd0a1082a093c3141?s=96&d=mm&r=g\",\"caption\":\"Comunicaci\u00f3 Esplac\"}}]}<\/script>\n<!-- \/ Yoast SEO plugin. -->","yoast_head_json":{"title":"Demanem l'absoluci\u00f3 de les 5 monis del Clupi de Cerdanyola - Esplac","robots":{"index":"index","follow":"follow","max-snippet":"max-snippet:-1","max-image-preview":"max-image-preview:large","max-video-preview":"max-video-preview:-1"},"canonical":"https:\/\/www.esplac.cat\/demanem-labsolucio-de-les-5-monis-del-clupi-de-cerdanyola\/","og_locale":"es_ES","og_type":"article","og_title":"Demanem l'absoluci\u00f3 de les 5 monis del Clupi de Cerdanyola - Esplac","og_description":"Esplais Catalans volem fer arribar el comunicat de l&#8217;esplai Clupi, [&hellip;]","og_url":"https:\/\/www.esplac.cat\/demanem-labsolucio-de-les-5-monis-del-clupi-de-cerdanyola\/","og_site_name":"Esplac","article_published_time":"2015-04-20T08:46:33+00:00","og_image":[{"width":847,"height":350,"url":"https:\/\/www.esplac.cat\/wp-content\/uploads\/2015\/04\/20150414_Clupi-Can-Vies.png","type":"image\/png"}],"author":"Comunicaci\u00f3 Esplac","twitter_card":"summary_large_image","twitter_misc":{"Escrito por":"Comunicaci\u00f3 Esplac","Tiempo de lectura":"1 minuto"},"schema":{"@context":"https:\/\/schema.org","@graph":[{"@type":"Article","@id":"https:\/\/www.esplac.cat\/demanem-labsolucio-de-les-5-monis-del-clupi-de-cerdanyola\/#article","isPartOf":{"@id":"https:\/\/www.esplac.cat\/demanem-labsolucio-de-les-5-monis-del-clupi-de-cerdanyola\/"},"author":{"name":"Comunicaci\u00f3 Esplac","@id":"https:\/\/www.esplac.cat\/#\/schema\/person\/908383cf240be18b68f8855d0583faca"},"headline":"Demanem l&#8217;absoluci\u00f3 de les 5 monis del Clupi de Cerdanyola","datePublished":"2015-04-20T08:46:33+00:00","mainEntityOfPage":{"@id":"https:\/\/www.esplac.cat\/demanem-labsolucio-de-les-5-monis-del-clupi-de-cerdanyola\/"},"wordCount":274,"commentCount":0,"publisher":{"@id":"https:\/\/www.esplac.cat\/#organization"},"image":{"@id":"https:\/\/www.esplac.cat\/demanem-labsolucio-de-les-5-monis-del-clupi-de-cerdanyola\/#primaryimage"},"thumbnailUrl":"https:\/\/www.esplac.cat\/wp-content\/uploads\/2015\/04\/20150414_Clupi-Can-Vies.png","keywords":["can vies","clupi","repressi\u00f3","transformaci\u00f3 social"],"articleSection":["Comunicats i posicionaments"],"inLanguage":"es","potentialAction":[{"@type":"CommentAction","name":"Comment","target":["https:\/\/www.esplac.cat\/demanem-labsolucio-de-les-5-monis-del-clupi-de-cerdanyola\/#respond"]}]},{"@type":"WebPage","@id":"https:\/\/www.esplac.cat\/demanem-labsolucio-de-les-5-monis-del-clupi-de-cerdanyola\/","url":"https:\/\/www.esplac.cat\/demanem-labsolucio-de-les-5-monis-del-clupi-de-cerdanyola\/","name":"Demanem l'absoluci\u00f3 de les 5 monis del Clupi de Cerdanyola - Esplac","isPartOf":{"@id":"https:\/\/www.esplac.cat\/#website"},"primaryImageOfPage":{"@id":"https:\/\/www.esplac.cat\/demanem-labsolucio-de-les-5-monis-del-clupi-de-cerdanyola\/#primaryimage"},"image":{"@id":"https:\/\/www.esplac.cat\/demanem-labsolucio-de-les-5-monis-del-clupi-de-cerdanyola\/#primaryimage"},"thumbnailUrl":"https:\/\/www.esplac.cat\/wp-content\/uploads\/2015\/04\/20150414_Clupi-Can-Vies.png","datePublished":"2015-04-20T08:46:33+00:00","breadcrumb":{"@id":"https:\/\/www.esplac.cat\/demanem-labsolucio-de-les-5-monis-del-clupi-de-cerdanyola\/#breadcrumb"},"inLanguage":"es","potentialAction":[{"@type":"ReadAction","target":["https:\/\/www.esplac.cat\/demanem-labsolucio-de-les-5-monis-del-clupi-de-cerdanyola\/"]}]},{"@type":"ImageObject","inLanguage":"es","@id":"https:\/\/www.esplac.cat\/demanem-labsolucio-de-les-5-monis-del-clupi-de-cerdanyola\/#primaryimage","url":"https:\/\/www.esplac.cat\/wp-content\/uploads\/2015\/04\/20150414_Clupi-Can-Vies.png","contentUrl":"https:\/\/www.esplac.cat\/wp-content\/uploads\/2015\/04\/20150414_Clupi-Can-Vies.png","width":847,"height":350},{"@type":"BreadcrumbList","@id":"https:\/\/www.esplac.cat\/demanem-labsolucio-de-les-5-monis-del-clupi-de-cerdanyola\/#breadcrumb","itemListElement":[{"@type":"ListItem","position":1,"name":"Inici","item":"https:\/\/www.esplac.cat\/es\/"},{"@type":"ListItem","position":2,"name":"Demanem l&#8217;absoluci\u00f3 de les 5 monis del Clupi de Cerdanyola"}]},{"@type":"WebSite","@id":"https:\/\/www.esplac.cat\/#website","url":"https:\/\/www.esplac.cat\/","name":"Esplac","description":"Esplais Catalans","publisher":{"@id":"https:\/\/www.esplac.cat\/#organization"},"potentialAction":[{"@type":"SearchAction","target":{"@type":"EntryPoint","urlTemplate":"https:\/\/www.esplac.cat\/?s={search_term_string}"},"query-input":{"@type":"PropertyValueSpecification","valueRequired":true,"valueName":"search_term_string"}}],"inLanguage":"es"},{"@type":"Organization","@id":"https:\/\/www.esplac.cat\/#organization","name":"Esplac","url":"https:\/\/www.esplac.cat\/","logo":{"@type":"ImageObject","inLanguage":"es","@id":"https:\/\/www.esplac.cat\/#\/schema\/logo\/image\/","url":"https:\/\/www.esplac.cat\/wp-content\/uploads\/2019\/08\/logox2.png","contentUrl":"https:\/\/www.esplac.cat\/wp-content\/uploads\/2019\/08\/logox2.png","width":600,"height":295,"caption":"Esplac"},"image":{"@id":"https:\/\/www.esplac.cat\/#\/schema\/logo\/image\/"}},{"@type":"Person","@id":"https:\/\/www.esplac.cat\/#\/schema\/person\/908383cf240be18b68f8855d0583faca","name":"Comunicaci\u00f3 Esplac","image":{"@type":"ImageObject","inLanguage":"es","@id":"https:\/\/secure.gravatar.com\/avatar\/7a4cf8feb412a76ea4a740ca02d95b06b2907b5a6c648c2dd0a1082a093c3141?s=96&d=mm&r=g","url":"https:\/\/secure.gravatar.com\/avatar\/7a4cf8feb412a76ea4a740ca02d95b06b2907b5a6c648c2dd0a1082a093c3141?s=96&d=mm&r=g","contentUrl":"https:\/\/secure.gravatar.com\/avatar\/7a4cf8feb412a76ea4a740ca02d95b06b2907b5a6c648c2dd0a1082a093c3141?s=96&d=mm&r=g","caption":"Comunicaci\u00f3 Esplac"}}]}},"_links":{"self":[{"href":"https:\/\/www.esplac.cat\/es\/wp-json\/wp\/v2\/posts\/25623","targetHints":{"allow":["GET"]}}],"collection":[{"href":"https:\/\/www.esplac.cat\/es\/wp-json\/wp\/v2\/posts"}],"about":[{"href":"https:\/\/www.esplac.cat\/es\/wp-json\/wp\/v2\/types\/post"}],"author":[{"embeddable":true,"href":"https:\/\/www.esplac.cat\/es\/wp-json\/wp\/v2\/users\/3"}],"replies":[{"embeddable":true,"href":"https:\/\/www.esplac.cat\/es\/wp-json\/wp\/v2\/comments?post=25623"}],"version-history":[{"count":0,"href":"https:\/\/www.esplac.cat\/es\/wp-json\/wp\/v2\/posts\/25623\/revisions"}],"wp:featuredmedia":[{"embeddable":true,"href":"https:\/\/www.esplac.cat\/es\/wp-json\/wp\/v2\/media\/25624"}],"wp:attachment":[{"href":"https:\/\/www.esplac.cat\/es\/wp-json\/wp\/v2\/media?parent=25623"}],"wp:term":[{"taxonomy":"category","embeddable":true,"href":"https:\/\/www.esplac.cat\/es\/wp-json\/wp\/v2\/categories?post=25623"},{"taxonomy":"post_tag","embeddable":true,"href":"https:\/\/www.esplac.cat\/es\/wp-json\/wp\/v2\/tags?post=25623"}],"curies":[{"name":"wp","href":"https:\/\/api.w.org\/{rel}","templated":true}]}}