{"id":25627,"date":"2015-04-08T18:12:38","date_gmt":"2015-04-08T16:12:38","guid":{"rendered":"http:\/\/esplac.cat\/?p=6595"},"modified":"2015-04-08T18:12:38","modified_gmt":"2015-04-08T16:12:38","slug":"nou-curs-de-creixement-marta-mata-estiu-2015","status":"publish","type":"post","link":"https:\/\/www.esplac.cat\/es\/nou-curs-de-creixement-marta-mata-estiu-2015\/","title":{"rendered":"Nou curs de Creixement Marta Mata per l&#8217;estiu!"},"content":{"rendered":"<p><!--:CA-->A partir del dia 15 d&#8217;abril s&#8217;obren les inscripcions per al <strong>nou\u00a0curs Marta Mata de Creixement d&#8217;aquest estiu<\/strong>, adre\u00e7at a\u00a0monitors i monitores.\u00a0El curs es realitzar\u00e0 a Cases Altes de Posada (Nav\u00e8s, Solson\u00e8s) del 3 al 14 d&#8217;agost a la Granja escola Can Pau, i el cap de setmana del 19 i 20 de setembre a\u00a0l&#8217;Alberg Santa Maria del Mar de Coma-ruga. <a title=\"Creixement Marta Mata\" href=\"http:\/\/www.escolaelsol.org\/pla-de-formacio-del-moviment\/15310204-curs-creixement-marta-mata-monitor\/a-.htm\" target=\"_blank\" rel=\"noopener noreferrer\"><strong>Cliqueu aqu\u00ed per obtenir tota la informaci\u00f3 sobre el curs.<\/strong><\/a><\/p>\n<p>Gr\u00e0cies a aquests cursos, els i les monis podran gaudir d&#8217;una\u00a0formaci\u00f3 a mida,\u00a0orientada a l&#8217;associacionisme educatiu\u00a0i\u00a0amb un equip fort i estable de formadores. Ser\u00e0 un moment idoni per a compartir debats amb altres monitors i monitores d&#8217;esplai i adquirir les eines necess\u00e0ries per poder cr\u00e9ixer en la formaci\u00f3 associativa.<\/p>\n<p>El Programa de Formaci\u00f3\u00a0<a href=\"http:\/\/www.escolaelsol.org\/pla-de-formacio-del-moviment\/programa-marta-mata-formacio-per-a-activistes.htm\" target=\"_blank\" rel=\"noopener noreferrer\">Marta Mata<\/a>,\u00a0adre\u00e7at a m\u00e9s de 3.000 persones que participen als esplais i altres entitats de base, es consolida cada vegada m\u00e9s. Esplais Catalans volem mantenir i potenciar la formaci\u00f3 continuada i garantir que els i les monitores continuen participant en aquests cursos que els permeten millorar la seva tasca educativa i perfeccionar el seu estil educatiu. Es busca, a m\u00e9s, adaptar la formaci\u00f3 a cada etapa i situaci\u00f3 que viu cada persona a l&#8217;esplai.<\/p>\n<p>Trobareu tota la informaci\u00f3 sobre aquest curs i d&#8217;altres <a title=\"Curs Marta Mata creixement estiu 2015\" href=\"http:\/\/www.escolaelsol.org\/pla-de-formacio-del-moviment\/15310204-curs-creixement-marta-mata-monitor\/a-.htm\" target=\"_blank\" rel=\"noopener noreferrer\"><strong>al web de l&#8217;Escola Lliure el Sol<\/strong><\/a>!<!--:--><!--:es-->&nbsp;<\/p>\n<p><!--:--><!--:en-->&nbsp;<\/p>\n<p><!--:--><!--:fr-->&nbsp;<\/p>\n<p><!--:--><\/p>\n","protected":false},"excerpt":{"rendered":"<p>A partir del dia 15 d&#8217;abril s&#8217;obren les inscripcions per [&hellip;]<\/p>\n","protected":false},"author":3,"featured_media":25628,"comment_status":"open","ping_status":"open","sticky":false,"template":"","format":"standard","meta":{"om_disable_all_campaigns":false,"_monsterinsights_skip_tracking":false,"_monsterinsights_sitenote_active":false,"_monsterinsights_sitenote_note":"","_monsterinsights_sitenote_category":0,"_uf_show_specific_survey":0,"_uf_disable_surveys":false,"footnotes":""},"categories":[1131],"tags":[70,71,43,54,369],"class_list":["post-25627","post","type-post","status-publish","format-standard","has-post-thumbnail","hentry","category-cursos-formacions","tag-creixement-marta-mata","tag-curs-de-monitors","tag-escola-lliure-el-sol","tag-formacio","tag-marta-mata"],"yoast_head":"<!-- This site is optimized with the Yoast SEO plugin v27.5 - https:\/\/yoast.com\/product\/yoast-seo-wordpress\/ -->\n<title>Nou curs de Creixement Marta Mata per l&#039;estiu! - Esplac<\/title>\n<meta name=\"robots\" content=\"index, follow, max-snippet:-1, max-image-preview:large, max-video-preview:-1\" \/>\n<link rel=\"canonical\" href=\"https:\/\/www.esplac.cat\/nou-curs-de-creixement-marta-mata-estiu-2015\/\" \/>\n<meta property=\"og:locale\" content=\"es_ES\" \/>\n<meta property=\"og:type\" content=\"article\" \/>\n<meta property=\"og:title\" content=\"Nou curs de Creixement Marta Mata per l&#039;estiu! - Esplac\" \/>\n<meta property=\"og:description\" content=\"A partir del dia 15 d&#8217;abril s&#8217;obren les inscripcions per [&hellip;]\" \/>\n<meta property=\"og:url\" content=\"https:\/\/www.esplac.cat\/nou-curs-de-creixement-marta-mata-estiu-2015\/\" \/>\n<meta property=\"og:site_name\" content=\"Esplac\" \/>\n<meta property=\"article:published_time\" content=\"2015-04-08T16:12:38+00:00\" \/>\n<meta property=\"og:image\" content=\"https:\/\/www.esplac.cat\/wp-content\/uploads\/2013\/02\/DSC08098.jpg\" \/>\n\t<meta property=\"og:image:width\" content=\"3872\" \/>\n\t<meta property=\"og:image:height\" content=\"2176\" \/>\n\t<meta property=\"og:image:type\" content=\"image\/jpeg\" \/>\n<meta name=\"author\" content=\"Comunicaci\u00f3 Esplac\" \/>\n<meta name=\"twitter:card\" content=\"summary_large_image\" \/>\n<meta name=\"twitter:label1\" content=\"Escrito por\" \/>\n\t<meta name=\"twitter:data1\" content=\"Comunicaci\u00f3 Esplac\" \/>\n\t<meta name=\"twitter:label2\" content=\"Tiempo de lectura\" \/>\n\t<meta name=\"twitter:data2\" content=\"1 minuto\" \/>\n<script type=\"application\/ld+json\" class=\"yoast-schema-graph\">{\"@context\":\"https:\\\/\\\/schema.org\",\"@graph\":[{\"@type\":\"Article\",\"@id\":\"https:\\\/\\\/www.esplac.cat\\\/nou-curs-de-creixement-marta-mata-estiu-2015\\\/#article\",\"isPartOf\":{\"@id\":\"https:\\\/\\\/www.esplac.cat\\\/nou-curs-de-creixement-marta-mata-estiu-2015\\\/\"},\"author\":{\"name\":\"Comunicaci\u00f3 Esplac\",\"@id\":\"https:\\\/\\\/www.esplac.cat\\\/#\\\/schema\\\/person\\\/908383cf240be18b68f8855d0583faca\"},\"headline\":\"Nou curs de Creixement Marta Mata per l&#8217;estiu!\",\"datePublished\":\"2015-04-08T16:12:38+00:00\",\"mainEntityOfPage\":{\"@id\":\"https:\\\/\\\/www.esplac.cat\\\/nou-curs-de-creixement-marta-mata-estiu-2015\\\/\"},\"wordCount\":250,\"commentCount\":0,\"publisher\":{\"@id\":\"https:\\\/\\\/www.esplac.cat\\\/#organization\"},\"image\":{\"@id\":\"https:\\\/\\\/www.esplac.cat\\\/nou-curs-de-creixement-marta-mata-estiu-2015\\\/#primaryimage\"},\"thumbnailUrl\":\"https:\\\/\\\/www.esplac.cat\\\/wp-content\\\/uploads\\\/2013\\\/02\\\/DSC08098.jpg\",\"keywords\":[\"creixement marta mata\",\"curs de monitors\",\"escola lliure el sol\",\"formaci\u00f3\",\"Marta Mata\"],\"articleSection\":[\"Cursos i formacions\"],\"inLanguage\":\"es\",\"potentialAction\":[{\"@type\":\"CommentAction\",\"name\":\"Comment\",\"target\":[\"https:\\\/\\\/www.esplac.cat\\\/nou-curs-de-creixement-marta-mata-estiu-2015\\\/#respond\"]}]},{\"@type\":\"WebPage\",\"@id\":\"https:\\\/\\\/www.esplac.cat\\\/nou-curs-de-creixement-marta-mata-estiu-2015\\\/\",\"url\":\"https:\\\/\\\/www.esplac.cat\\\/nou-curs-de-creixement-marta-mata-estiu-2015\\\/\",\"name\":\"Nou curs de Creixement Marta Mata per l'estiu! - Esplac\",\"isPartOf\":{\"@id\":\"https:\\\/\\\/www.esplac.cat\\\/#website\"},\"primaryImageOfPage\":{\"@id\":\"https:\\\/\\\/www.esplac.cat\\\/nou-curs-de-creixement-marta-mata-estiu-2015\\\/#primaryimage\"},\"image\":{\"@id\":\"https:\\\/\\\/www.esplac.cat\\\/nou-curs-de-creixement-marta-mata-estiu-2015\\\/#primaryimage\"},\"thumbnailUrl\":\"https:\\\/\\\/www.esplac.cat\\\/wp-content\\\/uploads\\\/2013\\\/02\\\/DSC08098.jpg\",\"datePublished\":\"2015-04-08T16:12:38+00:00\",\"breadcrumb\":{\"@id\":\"https:\\\/\\\/www.esplac.cat\\\/nou-curs-de-creixement-marta-mata-estiu-2015\\\/#breadcrumb\"},\"inLanguage\":\"es\",\"potentialAction\":[{\"@type\":\"ReadAction\",\"target\":[\"https:\\\/\\\/www.esplac.cat\\\/nou-curs-de-creixement-marta-mata-estiu-2015\\\/\"]}]},{\"@type\":\"ImageObject\",\"inLanguage\":\"es\",\"@id\":\"https:\\\/\\\/www.esplac.cat\\\/nou-curs-de-creixement-marta-mata-estiu-2015\\\/#primaryimage\",\"url\":\"https:\\\/\\\/www.esplac.cat\\\/wp-content\\\/uploads\\\/2013\\\/02\\\/DSC08098.jpg\",\"contentUrl\":\"https:\\\/\\\/www.esplac.cat\\\/wp-content\\\/uploads\\\/2013\\\/02\\\/DSC08098.jpg\",\"width\":3872,\"height\":2176},{\"@type\":\"BreadcrumbList\",\"@id\":\"https:\\\/\\\/www.esplac.cat\\\/nou-curs-de-creixement-marta-mata-estiu-2015\\\/#breadcrumb\",\"itemListElement\":[{\"@type\":\"ListItem\",\"position\":1,\"name\":\"Inici\",\"item\":\"https:\\\/\\\/www.esplac.cat\\\/es\\\/\"},{\"@type\":\"ListItem\",\"position\":2,\"name\":\"Nou curs de Creixement Marta Mata per l&#8217;estiu!\"}]},{\"@type\":\"WebSite\",\"@id\":\"https:\\\/\\\/www.esplac.cat\\\/#website\",\"url\":\"https:\\\/\\\/www.esplac.cat\\\/\",\"name\":\"Esplac\",\"description\":\"Esplais Catalans\",\"publisher\":{\"@id\":\"https:\\\/\\\/www.esplac.cat\\\/#organization\"},\"potentialAction\":[{\"@type\":\"SearchAction\",\"target\":{\"@type\":\"EntryPoint\",\"urlTemplate\":\"https:\\\/\\\/www.esplac.cat\\\/?s={search_term_string}\"},\"query-input\":{\"@type\":\"PropertyValueSpecification\",\"valueRequired\":true,\"valueName\":\"search_term_string\"}}],\"inLanguage\":\"es\"},{\"@type\":\"Organization\",\"@id\":\"https:\\\/\\\/www.esplac.cat\\\/#organization\",\"name\":\"Esplac\",\"url\":\"https:\\\/\\\/www.esplac.cat\\\/\",\"logo\":{\"@type\":\"ImageObject\",\"inLanguage\":\"es\",\"@id\":\"https:\\\/\\\/www.esplac.cat\\\/#\\\/schema\\\/logo\\\/image\\\/\",\"url\":\"https:\\\/\\\/www.esplac.cat\\\/wp-content\\\/uploads\\\/2019\\\/08\\\/logox2.png\",\"contentUrl\":\"https:\\\/\\\/www.esplac.cat\\\/wp-content\\\/uploads\\\/2019\\\/08\\\/logox2.png\",\"width\":600,\"height\":295,\"caption\":\"Esplac\"},\"image\":{\"@id\":\"https:\\\/\\\/www.esplac.cat\\\/#\\\/schema\\\/logo\\\/image\\\/\"}},{\"@type\":\"Person\",\"@id\":\"https:\\\/\\\/www.esplac.cat\\\/#\\\/schema\\\/person\\\/908383cf240be18b68f8855d0583faca\",\"name\":\"Comunicaci\u00f3 Esplac\",\"image\":{\"@type\":\"ImageObject\",\"inLanguage\":\"es\",\"@id\":\"https:\\\/\\\/secure.gravatar.com\\\/avatar\\\/7a4cf8feb412a76ea4a740ca02d95b06b2907b5a6c648c2dd0a1082a093c3141?s=96&d=mm&r=g\",\"url\":\"https:\\\/\\\/secure.gravatar.com\\\/avatar\\\/7a4cf8feb412a76ea4a740ca02d95b06b2907b5a6c648c2dd0a1082a093c3141?s=96&d=mm&r=g\",\"contentUrl\":\"https:\\\/\\\/secure.gravatar.com\\\/avatar\\\/7a4cf8feb412a76ea4a740ca02d95b06b2907b5a6c648c2dd0a1082a093c3141?s=96&d=mm&r=g\",\"caption\":\"Comunicaci\u00f3 Esplac\"}}]}<\/script>\n<!-- \/ Yoast SEO plugin. -->","yoast_head_json":{"title":"Nou curs de Creixement Marta Mata per l'estiu! - Esplac","robots":{"index":"index","follow":"follow","max-snippet":"max-snippet:-1","max-image-preview":"max-image-preview:large","max-video-preview":"max-video-preview:-1"},"canonical":"https:\/\/www.esplac.cat\/nou-curs-de-creixement-marta-mata-estiu-2015\/","og_locale":"es_ES","og_type":"article","og_title":"Nou curs de Creixement Marta Mata per l'estiu! - Esplac","og_description":"A partir del dia 15 d&#8217;abril s&#8217;obren les inscripcions per [&hellip;]","og_url":"https:\/\/www.esplac.cat\/nou-curs-de-creixement-marta-mata-estiu-2015\/","og_site_name":"Esplac","article_published_time":"2015-04-08T16:12:38+00:00","og_image":[{"width":3872,"height":2176,"url":"https:\/\/www.esplac.cat\/wp-content\/uploads\/2013\/02\/DSC08098.jpg","type":"image\/jpeg"}],"author":"Comunicaci\u00f3 Esplac","twitter_card":"summary_large_image","twitter_misc":{"Escrito por":"Comunicaci\u00f3 Esplac","Tiempo de lectura":"1 minuto"},"schema":{"@context":"https:\/\/schema.org","@graph":[{"@type":"Article","@id":"https:\/\/www.esplac.cat\/nou-curs-de-creixement-marta-mata-estiu-2015\/#article","isPartOf":{"@id":"https:\/\/www.esplac.cat\/nou-curs-de-creixement-marta-mata-estiu-2015\/"},"author":{"name":"Comunicaci\u00f3 Esplac","@id":"https:\/\/www.esplac.cat\/#\/schema\/person\/908383cf240be18b68f8855d0583faca"},"headline":"Nou curs de Creixement Marta Mata per l&#8217;estiu!","datePublished":"2015-04-08T16:12:38+00:00","mainEntityOfPage":{"@id":"https:\/\/www.esplac.cat\/nou-curs-de-creixement-marta-mata-estiu-2015\/"},"wordCount":250,"commentCount":0,"publisher":{"@id":"https:\/\/www.esplac.cat\/#organization"},"image":{"@id":"https:\/\/www.esplac.cat\/nou-curs-de-creixement-marta-mata-estiu-2015\/#primaryimage"},"thumbnailUrl":"https:\/\/www.esplac.cat\/wp-content\/uploads\/2013\/02\/DSC08098.jpg","keywords":["creixement marta mata","curs de monitors","escola lliure el sol","formaci\u00f3","Marta Mata"],"articleSection":["Cursos i formacions"],"inLanguage":"es","potentialAction":[{"@type":"CommentAction","name":"Comment","target":["https:\/\/www.esplac.cat\/nou-curs-de-creixement-marta-mata-estiu-2015\/#respond"]}]},{"@type":"WebPage","@id":"https:\/\/www.esplac.cat\/nou-curs-de-creixement-marta-mata-estiu-2015\/","url":"https:\/\/www.esplac.cat\/nou-curs-de-creixement-marta-mata-estiu-2015\/","name":"Nou curs de Creixement Marta Mata per l'estiu! - Esplac","isPartOf":{"@id":"https:\/\/www.esplac.cat\/#website"},"primaryImageOfPage":{"@id":"https:\/\/www.esplac.cat\/nou-curs-de-creixement-marta-mata-estiu-2015\/#primaryimage"},"image":{"@id":"https:\/\/www.esplac.cat\/nou-curs-de-creixement-marta-mata-estiu-2015\/#primaryimage"},"thumbnailUrl":"https:\/\/www.esplac.cat\/wp-content\/uploads\/2013\/02\/DSC08098.jpg","datePublished":"2015-04-08T16:12:38+00:00","breadcrumb":{"@id":"https:\/\/www.esplac.cat\/nou-curs-de-creixement-marta-mata-estiu-2015\/#breadcrumb"},"inLanguage":"es","potentialAction":[{"@type":"ReadAction","target":["https:\/\/www.esplac.cat\/nou-curs-de-creixement-marta-mata-estiu-2015\/"]}]},{"@type":"ImageObject","inLanguage":"es","@id":"https:\/\/www.esplac.cat\/nou-curs-de-creixement-marta-mata-estiu-2015\/#primaryimage","url":"https:\/\/www.esplac.cat\/wp-content\/uploads\/2013\/02\/DSC08098.jpg","contentUrl":"https:\/\/www.esplac.cat\/wp-content\/uploads\/2013\/02\/DSC08098.jpg","width":3872,"height":2176},{"@type":"BreadcrumbList","@id":"https:\/\/www.esplac.cat\/nou-curs-de-creixement-marta-mata-estiu-2015\/#breadcrumb","itemListElement":[{"@type":"ListItem","position":1,"name":"Inici","item":"https:\/\/www.esplac.cat\/es\/"},{"@type":"ListItem","position":2,"name":"Nou curs de Creixement Marta Mata per l&#8217;estiu!"}]},{"@type":"WebSite","@id":"https:\/\/www.esplac.cat\/#website","url":"https:\/\/www.esplac.cat\/","name":"Esplac","description":"Esplais Catalans","publisher":{"@id":"https:\/\/www.esplac.cat\/#organization"},"potentialAction":[{"@type":"SearchAction","target":{"@type":"EntryPoint","urlTemplate":"https:\/\/www.esplac.cat\/?s={search_term_string}"},"query-input":{"@type":"PropertyValueSpecification","valueRequired":true,"valueName":"search_term_string"}}],"inLanguage":"es"},{"@type":"Organization","@id":"https:\/\/www.esplac.cat\/#organization","name":"Esplac","url":"https:\/\/www.esplac.cat\/","logo":{"@type":"ImageObject","inLanguage":"es","@id":"https:\/\/www.esplac.cat\/#\/schema\/logo\/image\/","url":"https:\/\/www.esplac.cat\/wp-content\/uploads\/2019\/08\/logox2.png","contentUrl":"https:\/\/www.esplac.cat\/wp-content\/uploads\/2019\/08\/logox2.png","width":600,"height":295,"caption":"Esplac"},"image":{"@id":"https:\/\/www.esplac.cat\/#\/schema\/logo\/image\/"}},{"@type":"Person","@id":"https:\/\/www.esplac.cat\/#\/schema\/person\/908383cf240be18b68f8855d0583faca","name":"Comunicaci\u00f3 Esplac","image":{"@type":"ImageObject","inLanguage":"es","@id":"https:\/\/secure.gravatar.com\/avatar\/7a4cf8feb412a76ea4a740ca02d95b06b2907b5a6c648c2dd0a1082a093c3141?s=96&d=mm&r=g","url":"https:\/\/secure.gravatar.com\/avatar\/7a4cf8feb412a76ea4a740ca02d95b06b2907b5a6c648c2dd0a1082a093c3141?s=96&d=mm&r=g","contentUrl":"https:\/\/secure.gravatar.com\/avatar\/7a4cf8feb412a76ea4a740ca02d95b06b2907b5a6c648c2dd0a1082a093c3141?s=96&d=mm&r=g","caption":"Comunicaci\u00f3 Esplac"}}]}},"_links":{"self":[{"href":"https:\/\/www.esplac.cat\/es\/wp-json\/wp\/v2\/posts\/25627","targetHints":{"allow":["GET"]}}],"collection":[{"href":"https:\/\/www.esplac.cat\/es\/wp-json\/wp\/v2\/posts"}],"about":[{"href":"https:\/\/www.esplac.cat\/es\/wp-json\/wp\/v2\/types\/post"}],"author":[{"embeddable":true,"href":"https:\/\/www.esplac.cat\/es\/wp-json\/wp\/v2\/users\/3"}],"replies":[{"embeddable":true,"href":"https:\/\/www.esplac.cat\/es\/wp-json\/wp\/v2\/comments?post=25627"}],"version-history":[{"count":0,"href":"https:\/\/www.esplac.cat\/es\/wp-json\/wp\/v2\/posts\/25627\/revisions"}],"wp:featuredmedia":[{"embeddable":true,"href":"https:\/\/www.esplac.cat\/es\/wp-json\/wp\/v2\/media\/25628"}],"wp:attachment":[{"href":"https:\/\/www.esplac.cat\/es\/wp-json\/wp\/v2\/media?parent=25627"}],"wp:term":[{"taxonomy":"category","embeddable":true,"href":"https:\/\/www.esplac.cat\/es\/wp-json\/wp\/v2\/categories?post=25627"},{"taxonomy":"post_tag","embeddable":true,"href":"https:\/\/www.esplac.cat\/es\/wp-json\/wp\/v2\/tags?post=25627"}],"curies":[{"name":"wp","href":"https:\/\/api.w.org\/{rel}","templated":true}]}}