{"id":25633,"date":"2015-03-25T18:25:09","date_gmt":"2015-03-25T16:25:09","guid":{"rendered":"http:\/\/esplac.cat\/?p=6507"},"modified":"2015-03-25T18:25:09","modified_gmt":"2015-03-25T16:25:09","slug":"contra-la-sentencia-per-accio-aturem-el-parlament","status":"publish","type":"post","link":"https:\/\/www.esplac.cat\/es\/contra-la-sentencia-per-accio-aturem-el-parlament\/","title":{"rendered":"Contra la sent\u00e8ncia per l&#8217;acci\u00f3 d&#8217;Aturem el Parlament"},"content":{"rendered":"<p><!--:CA-->Esplais Catalans ens volem sumar a les mostres de <strong>rebuig\u00a0a la decisi\u00f3 del Tribunal Suprem de condemnar 8 de les 20 persones que el juny del 2011 van encerclar el Parlament a 3 anys de pres\u00f3.<\/strong> Aquesta sentencia resol un recurs interposat per la Fiscalia, el Parlament de Catalunya, la Generalitat i Manos Limpias contra l\u2019absoluci\u00f3 dictada per l\u2019Audi\u00e8ncia Nacional el juliol de l\u2019any passat.<\/p>\n<p>Com explica<strong> <a title=\"Comunicat Aturem Parlament CJB\" href=\"http:\/\/www.cjb.cat\/blog\/2015\/03\/rebuig-anulacio-absolucio-aturemelparlament\/\" target=\"_blank\" rel=\"noopener noreferrer\">el CJB en el seu comunicat<\/a><\/strong>, el Suprem recolza la seva sent\u00e8ncia en que \u201cparalitzar el treball ordinari de l\u2019\u00f2rgan legislatiu suposa (\u2026) atacar els valors superiors de l\u2019ordre democr\u00e0tic\u201d. Per\u00f2, el 15 de juny del 2011 la sessi\u00f3 al Parlament es va dur a terme complint tots els punts de l\u2019ordre del dia, que nom\u00e9s van patir un canvi d\u2019ordre.<\/p>\n<p>La reflexi\u00f3 dels magistrats de l\u2019Audi\u00e8ncia, per contra, deia que \u201cquan els canals d\u2019expressi\u00f3 i d\u2019acc\u00e9s a l\u2019espai p\u00fablic es troben controlats per mitjans de comunicaci\u00f3 privats, quan sectors de la societat tenen una gran dificultat per fer-se sentir o per intervenir en el debat pol\u00edtic i social; resulta obligatori admetre cert exc\u00e9s en l\u2019exercici de les llibertats d\u2019expressi\u00f3 i manifestaci\u00f3 si es vol dotar d\u2019un m\u00ednim d\u2019efic\u00e0cia la protesta i la cr\u00edtica; com mecanismes d\u2019imprescindible contrap\u00e8s en una democr\u00e0cia que se sustenta sobre el pluralisme, valor essencial i que promou la lliure igualtat de les persones i grups per que els drets siguin reals i efectius, com enuncia la Constituci\u00f3 en el seu t\u00edtol preliminar\u201d.<\/p>\n<p>Esplais Catalans considerem, com ja ho ha expressat el CJB i moltes altres plataformes i entitats, que\u00a0<strong>aquesta acci\u00f3 d&#8217;encerclar el Parlament \u00e9s un exercici de defensa de la llibertat d\u2019expressi\u00f3 i del dret a reuni\u00f3. I sense llibertat de manifestaci\u00f3, no hi pot haver democr\u00e0cia.<\/strong> Per aix\u00f2, considerem la decisi\u00f3 del Tribunal Suprem desproporcionada i marcadament pol\u00edtica i ens sumem a les mobilitzacions i campanyes que es duguin a terme contra aquesta sent\u00e8ncia.<!--:--><!--:es-->&nbsp;<\/p>\n<p><!--:--><!--:en-->&nbsp;<\/p>\n<p><!--:--><!--:fr-->&nbsp;<\/p>\n<p><!--:--><\/p>\n","protected":false},"excerpt":{"rendered":"<p>Esplais Catalans ens volem sumar a les mostres de rebuig\u00a0a [&hellip;]<\/p>\n","protected":false},"author":3,"featured_media":25604,"comment_status":"open","ping_status":"open","sticky":false,"template":"","format":"standard","meta":{"om_disable_all_campaigns":false,"_monsterinsights_skip_tracking":false,"_monsterinsights_sitenote_active":false,"_monsterinsights_sitenote_note":"","_monsterinsights_sitenote_category":0,"_uf_show_specific_survey":0,"_uf_disable_surveys":false,"footnotes":""},"categories":[1127],"tags":[494,495,496,326],"class_list":["post-25633","post","type-post","status-publish","format-standard","has-post-thumbnail","hentry","category-comunicats-posicionaments","tag-3anysxprotestar","tag-15m","tag-aturem-el-parlament","tag-posicionament"],"yoast_head":"<!-- This site is optimized with the Yoast SEO plugin v27.4 - https:\/\/yoast.com\/product\/yoast-seo-wordpress\/ -->\n<title>Contra la sent\u00e8ncia per l&#039;acci\u00f3 d&#039;Aturem el Parlament - Esplac<\/title>\n<meta name=\"robots\" content=\"index, follow, max-snippet:-1, max-image-preview:large, max-video-preview:-1\" \/>\n<link rel=\"canonical\" href=\"https:\/\/www.esplac.cat\/contra-la-sentencia-per-accio-aturem-el-parlament\/\" \/>\n<meta property=\"og:locale\" content=\"es_ES\" \/>\n<meta property=\"og:type\" content=\"article\" \/>\n<meta property=\"og:title\" content=\"Contra la sent\u00e8ncia per l&#039;acci\u00f3 d&#039;Aturem el Parlament - Esplac\" \/>\n<meta property=\"og:description\" content=\"Esplais Catalans ens volem sumar a les mostres de rebuig\u00a0a [&hellip;]\" \/>\n<meta property=\"og:url\" content=\"https:\/\/www.esplac.cat\/contra-la-sentencia-per-accio-aturem-el-parlament\/\" \/>\n<meta property=\"og:site_name\" content=\"Esplac\" \/>\n<meta property=\"article:published_time\" content=\"2015-03-25T16:25:09+00:00\" \/>\n<meta property=\"og:image\" content=\"https:\/\/www.esplac.cat\/wp-content\/uploads\/2013\/02\/DSC08123-1024x575.jpg\" \/>\n\t<meta property=\"og:image:width\" content=\"1024\" \/>\n\t<meta property=\"og:image:height\" content=\"575\" \/>\n\t<meta property=\"og:image:type\" content=\"image\/jpeg\" \/>\n<meta name=\"author\" content=\"Comunicaci\u00f3 Esplac\" \/>\n<meta name=\"twitter:card\" content=\"summary_large_image\" \/>\n<meta name=\"twitter:label1\" content=\"Escrito por\" \/>\n\t<meta name=\"twitter:data1\" content=\"Comunicaci\u00f3 Esplac\" \/>\n\t<meta name=\"twitter:label2\" content=\"Tiempo de lectura\" \/>\n\t<meta name=\"twitter:data2\" content=\"2 minutos\" \/>\n<script type=\"application\/ld+json\" class=\"yoast-schema-graph\">{\"@context\":\"https:\\\/\\\/schema.org\",\"@graph\":[{\"@type\":\"Article\",\"@id\":\"https:\\\/\\\/www.esplac.cat\\\/contra-la-sentencia-per-accio-aturem-el-parlament\\\/#article\",\"isPartOf\":{\"@id\":\"https:\\\/\\\/www.esplac.cat\\\/contra-la-sentencia-per-accio-aturem-el-parlament\\\/\"},\"author\":{\"name\":\"Comunicaci\u00f3 Esplac\",\"@id\":\"https:\\\/\\\/www.esplac.cat\\\/#\\\/schema\\\/person\\\/908383cf240be18b68f8855d0583faca\"},\"headline\":\"Contra la sent\u00e8ncia per l&#8217;acci\u00f3 d&#8217;Aturem el Parlament\",\"datePublished\":\"2015-03-25T16:25:09+00:00\",\"mainEntityOfPage\":{\"@id\":\"https:\\\/\\\/www.esplac.cat\\\/contra-la-sentencia-per-accio-aturem-el-parlament\\\/\"},\"wordCount\":362,\"commentCount\":0,\"publisher\":{\"@id\":\"https:\\\/\\\/www.esplac.cat\\\/#organization\"},\"image\":{\"@id\":\"https:\\\/\\\/www.esplac.cat\\\/contra-la-sentencia-per-accio-aturem-el-parlament\\\/#primaryimage\"},\"thumbnailUrl\":\"https:\\\/\\\/www.esplac.cat\\\/wp-content\\\/uploads\\\/2013\\\/02\\\/DSC08123.jpg\",\"keywords\":[\"#3anysXprotestar\",\"15m\",\"Aturem el Parlament\",\"posicionament\"],\"articleSection\":[\"Comunicats i posicionaments\"],\"inLanguage\":\"es\",\"potentialAction\":[{\"@type\":\"CommentAction\",\"name\":\"Comment\",\"target\":[\"https:\\\/\\\/www.esplac.cat\\\/contra-la-sentencia-per-accio-aturem-el-parlament\\\/#respond\"]}]},{\"@type\":\"WebPage\",\"@id\":\"https:\\\/\\\/www.esplac.cat\\\/contra-la-sentencia-per-accio-aturem-el-parlament\\\/\",\"url\":\"https:\\\/\\\/www.esplac.cat\\\/contra-la-sentencia-per-accio-aturem-el-parlament\\\/\",\"name\":\"Contra la sent\u00e8ncia per l'acci\u00f3 d'Aturem el Parlament - Esplac\",\"isPartOf\":{\"@id\":\"https:\\\/\\\/www.esplac.cat\\\/#website\"},\"primaryImageOfPage\":{\"@id\":\"https:\\\/\\\/www.esplac.cat\\\/contra-la-sentencia-per-accio-aturem-el-parlament\\\/#primaryimage\"},\"image\":{\"@id\":\"https:\\\/\\\/www.esplac.cat\\\/contra-la-sentencia-per-accio-aturem-el-parlament\\\/#primaryimage\"},\"thumbnailUrl\":\"https:\\\/\\\/www.esplac.cat\\\/wp-content\\\/uploads\\\/2013\\\/02\\\/DSC08123.jpg\",\"datePublished\":\"2015-03-25T16:25:09+00:00\",\"breadcrumb\":{\"@id\":\"https:\\\/\\\/www.esplac.cat\\\/contra-la-sentencia-per-accio-aturem-el-parlament\\\/#breadcrumb\"},\"inLanguage\":\"es\",\"potentialAction\":[{\"@type\":\"ReadAction\",\"target\":[\"https:\\\/\\\/www.esplac.cat\\\/contra-la-sentencia-per-accio-aturem-el-parlament\\\/\"]}]},{\"@type\":\"ImageObject\",\"inLanguage\":\"es\",\"@id\":\"https:\\\/\\\/www.esplac.cat\\\/contra-la-sentencia-per-accio-aturem-el-parlament\\\/#primaryimage\",\"url\":\"https:\\\/\\\/www.esplac.cat\\\/wp-content\\\/uploads\\\/2013\\\/02\\\/DSC08123.jpg\",\"contentUrl\":\"https:\\\/\\\/www.esplac.cat\\\/wp-content\\\/uploads\\\/2013\\\/02\\\/DSC08123.jpg\",\"width\":3872,\"height\":2176},{\"@type\":\"BreadcrumbList\",\"@id\":\"https:\\\/\\\/www.esplac.cat\\\/contra-la-sentencia-per-accio-aturem-el-parlament\\\/#breadcrumb\",\"itemListElement\":[{\"@type\":\"ListItem\",\"position\":1,\"name\":\"Inici\",\"item\":\"https:\\\/\\\/www.esplac.cat\\\/es\\\/\"},{\"@type\":\"ListItem\",\"position\":2,\"name\":\"Contra la sent\u00e8ncia per l&#8217;acci\u00f3 d&#8217;Aturem el Parlament\"}]},{\"@type\":\"WebSite\",\"@id\":\"https:\\\/\\\/www.esplac.cat\\\/#website\",\"url\":\"https:\\\/\\\/www.esplac.cat\\\/\",\"name\":\"Esplac\",\"description\":\"Esplais Catalans\",\"publisher\":{\"@id\":\"https:\\\/\\\/www.esplac.cat\\\/#organization\"},\"potentialAction\":[{\"@type\":\"SearchAction\",\"target\":{\"@type\":\"EntryPoint\",\"urlTemplate\":\"https:\\\/\\\/www.esplac.cat\\\/?s={search_term_string}\"},\"query-input\":{\"@type\":\"PropertyValueSpecification\",\"valueRequired\":true,\"valueName\":\"search_term_string\"}}],\"inLanguage\":\"es\"},{\"@type\":\"Organization\",\"@id\":\"https:\\\/\\\/www.esplac.cat\\\/#organization\",\"name\":\"Esplac\",\"url\":\"https:\\\/\\\/www.esplac.cat\\\/\",\"logo\":{\"@type\":\"ImageObject\",\"inLanguage\":\"es\",\"@id\":\"https:\\\/\\\/www.esplac.cat\\\/#\\\/schema\\\/logo\\\/image\\\/\",\"url\":\"https:\\\/\\\/www.esplac.cat\\\/wp-content\\\/uploads\\\/2019\\\/08\\\/logox2.png\",\"contentUrl\":\"https:\\\/\\\/www.esplac.cat\\\/wp-content\\\/uploads\\\/2019\\\/08\\\/logox2.png\",\"width\":600,\"height\":295,\"caption\":\"Esplac\"},\"image\":{\"@id\":\"https:\\\/\\\/www.esplac.cat\\\/#\\\/schema\\\/logo\\\/image\\\/\"}},{\"@type\":\"Person\",\"@id\":\"https:\\\/\\\/www.esplac.cat\\\/#\\\/schema\\\/person\\\/908383cf240be18b68f8855d0583faca\",\"name\":\"Comunicaci\u00f3 Esplac\",\"image\":{\"@type\":\"ImageObject\",\"inLanguage\":\"es\",\"@id\":\"https:\\\/\\\/secure.gravatar.com\\\/avatar\\\/7a4cf8feb412a76ea4a740ca02d95b06b2907b5a6c648c2dd0a1082a093c3141?s=96&d=mm&r=g\",\"url\":\"https:\\\/\\\/secure.gravatar.com\\\/avatar\\\/7a4cf8feb412a76ea4a740ca02d95b06b2907b5a6c648c2dd0a1082a093c3141?s=96&d=mm&r=g\",\"contentUrl\":\"https:\\\/\\\/secure.gravatar.com\\\/avatar\\\/7a4cf8feb412a76ea4a740ca02d95b06b2907b5a6c648c2dd0a1082a093c3141?s=96&d=mm&r=g\",\"caption\":\"Comunicaci\u00f3 Esplac\"}}]}<\/script>\n<!-- \/ Yoast SEO plugin. -->","yoast_head_json":{"title":"Contra la sent\u00e8ncia per l'acci\u00f3 d'Aturem el Parlament - Esplac","robots":{"index":"index","follow":"follow","max-snippet":"max-snippet:-1","max-image-preview":"max-image-preview:large","max-video-preview":"max-video-preview:-1"},"canonical":"https:\/\/www.esplac.cat\/contra-la-sentencia-per-accio-aturem-el-parlament\/","og_locale":"es_ES","og_type":"article","og_title":"Contra la sent\u00e8ncia per l'acci\u00f3 d'Aturem el Parlament - Esplac","og_description":"Esplais Catalans ens volem sumar a les mostres de rebuig\u00a0a [&hellip;]","og_url":"https:\/\/www.esplac.cat\/contra-la-sentencia-per-accio-aturem-el-parlament\/","og_site_name":"Esplac","article_published_time":"2015-03-25T16:25:09+00:00","og_image":[{"width":1024,"height":575,"url":"https:\/\/www.esplac.cat\/wp-content\/uploads\/2013\/02\/DSC08123-1024x575.jpg","type":"image\/jpeg"}],"author":"Comunicaci\u00f3 Esplac","twitter_card":"summary_large_image","twitter_misc":{"Escrito por":"Comunicaci\u00f3 Esplac","Tiempo de lectura":"2 minutos"},"schema":{"@context":"https:\/\/schema.org","@graph":[{"@type":"Article","@id":"https:\/\/www.esplac.cat\/contra-la-sentencia-per-accio-aturem-el-parlament\/#article","isPartOf":{"@id":"https:\/\/www.esplac.cat\/contra-la-sentencia-per-accio-aturem-el-parlament\/"},"author":{"name":"Comunicaci\u00f3 Esplac","@id":"https:\/\/www.esplac.cat\/#\/schema\/person\/908383cf240be18b68f8855d0583faca"},"headline":"Contra la sent\u00e8ncia per l&#8217;acci\u00f3 d&#8217;Aturem el Parlament","datePublished":"2015-03-25T16:25:09+00:00","mainEntityOfPage":{"@id":"https:\/\/www.esplac.cat\/contra-la-sentencia-per-accio-aturem-el-parlament\/"},"wordCount":362,"commentCount":0,"publisher":{"@id":"https:\/\/www.esplac.cat\/#organization"},"image":{"@id":"https:\/\/www.esplac.cat\/contra-la-sentencia-per-accio-aturem-el-parlament\/#primaryimage"},"thumbnailUrl":"https:\/\/www.esplac.cat\/wp-content\/uploads\/2013\/02\/DSC08123.jpg","keywords":["#3anysXprotestar","15m","Aturem el Parlament","posicionament"],"articleSection":["Comunicats i posicionaments"],"inLanguage":"es","potentialAction":[{"@type":"CommentAction","name":"Comment","target":["https:\/\/www.esplac.cat\/contra-la-sentencia-per-accio-aturem-el-parlament\/#respond"]}]},{"@type":"WebPage","@id":"https:\/\/www.esplac.cat\/contra-la-sentencia-per-accio-aturem-el-parlament\/","url":"https:\/\/www.esplac.cat\/contra-la-sentencia-per-accio-aturem-el-parlament\/","name":"Contra la sent\u00e8ncia per l'acci\u00f3 d'Aturem el Parlament - Esplac","isPartOf":{"@id":"https:\/\/www.esplac.cat\/#website"},"primaryImageOfPage":{"@id":"https:\/\/www.esplac.cat\/contra-la-sentencia-per-accio-aturem-el-parlament\/#primaryimage"},"image":{"@id":"https:\/\/www.esplac.cat\/contra-la-sentencia-per-accio-aturem-el-parlament\/#primaryimage"},"thumbnailUrl":"https:\/\/www.esplac.cat\/wp-content\/uploads\/2013\/02\/DSC08123.jpg","datePublished":"2015-03-25T16:25:09+00:00","breadcrumb":{"@id":"https:\/\/www.esplac.cat\/contra-la-sentencia-per-accio-aturem-el-parlament\/#breadcrumb"},"inLanguage":"es","potentialAction":[{"@type":"ReadAction","target":["https:\/\/www.esplac.cat\/contra-la-sentencia-per-accio-aturem-el-parlament\/"]}]},{"@type":"ImageObject","inLanguage":"es","@id":"https:\/\/www.esplac.cat\/contra-la-sentencia-per-accio-aturem-el-parlament\/#primaryimage","url":"https:\/\/www.esplac.cat\/wp-content\/uploads\/2013\/02\/DSC08123.jpg","contentUrl":"https:\/\/www.esplac.cat\/wp-content\/uploads\/2013\/02\/DSC08123.jpg","width":3872,"height":2176},{"@type":"BreadcrumbList","@id":"https:\/\/www.esplac.cat\/contra-la-sentencia-per-accio-aturem-el-parlament\/#breadcrumb","itemListElement":[{"@type":"ListItem","position":1,"name":"Inici","item":"https:\/\/www.esplac.cat\/es\/"},{"@type":"ListItem","position":2,"name":"Contra la sent\u00e8ncia per l&#8217;acci\u00f3 d&#8217;Aturem el Parlament"}]},{"@type":"WebSite","@id":"https:\/\/www.esplac.cat\/#website","url":"https:\/\/www.esplac.cat\/","name":"Esplac","description":"Esplais Catalans","publisher":{"@id":"https:\/\/www.esplac.cat\/#organization"},"potentialAction":[{"@type":"SearchAction","target":{"@type":"EntryPoint","urlTemplate":"https:\/\/www.esplac.cat\/?s={search_term_string}"},"query-input":{"@type":"PropertyValueSpecification","valueRequired":true,"valueName":"search_term_string"}}],"inLanguage":"es"},{"@type":"Organization","@id":"https:\/\/www.esplac.cat\/#organization","name":"Esplac","url":"https:\/\/www.esplac.cat\/","logo":{"@type":"ImageObject","inLanguage":"es","@id":"https:\/\/www.esplac.cat\/#\/schema\/logo\/image\/","url":"https:\/\/www.esplac.cat\/wp-content\/uploads\/2019\/08\/logox2.png","contentUrl":"https:\/\/www.esplac.cat\/wp-content\/uploads\/2019\/08\/logox2.png","width":600,"height":295,"caption":"Esplac"},"image":{"@id":"https:\/\/www.esplac.cat\/#\/schema\/logo\/image\/"}},{"@type":"Person","@id":"https:\/\/www.esplac.cat\/#\/schema\/person\/908383cf240be18b68f8855d0583faca","name":"Comunicaci\u00f3 Esplac","image":{"@type":"ImageObject","inLanguage":"es","@id":"https:\/\/secure.gravatar.com\/avatar\/7a4cf8feb412a76ea4a740ca02d95b06b2907b5a6c648c2dd0a1082a093c3141?s=96&d=mm&r=g","url":"https:\/\/secure.gravatar.com\/avatar\/7a4cf8feb412a76ea4a740ca02d95b06b2907b5a6c648c2dd0a1082a093c3141?s=96&d=mm&r=g","contentUrl":"https:\/\/secure.gravatar.com\/avatar\/7a4cf8feb412a76ea4a740ca02d95b06b2907b5a6c648c2dd0a1082a093c3141?s=96&d=mm&r=g","caption":"Comunicaci\u00f3 Esplac"}}]}},"_links":{"self":[{"href":"https:\/\/www.esplac.cat\/es\/wp-json\/wp\/v2\/posts\/25633","targetHints":{"allow":["GET"]}}],"collection":[{"href":"https:\/\/www.esplac.cat\/es\/wp-json\/wp\/v2\/posts"}],"about":[{"href":"https:\/\/www.esplac.cat\/es\/wp-json\/wp\/v2\/types\/post"}],"author":[{"embeddable":true,"href":"https:\/\/www.esplac.cat\/es\/wp-json\/wp\/v2\/users\/3"}],"replies":[{"embeddable":true,"href":"https:\/\/www.esplac.cat\/es\/wp-json\/wp\/v2\/comments?post=25633"}],"version-history":[{"count":0,"href":"https:\/\/www.esplac.cat\/es\/wp-json\/wp\/v2\/posts\/25633\/revisions"}],"wp:featuredmedia":[{"embeddable":true,"href":"https:\/\/www.esplac.cat\/es\/wp-json\/wp\/v2\/media\/25604"}],"wp:attachment":[{"href":"https:\/\/www.esplac.cat\/es\/wp-json\/wp\/v2\/media?parent=25633"}],"wp:term":[{"taxonomy":"category","embeddable":true,"href":"https:\/\/www.esplac.cat\/es\/wp-json\/wp\/v2\/categories?post=25633"},{"taxonomy":"post_tag","embeddable":true,"href":"https:\/\/www.esplac.cat\/es\/wp-json\/wp\/v2\/tags?post=25633"}],"curies":[{"name":"wp","href":"https:\/\/api.w.org\/{rel}","templated":true}]}}