{"id":25646,"date":"2015-03-06T14:29:19","date_gmt":"2015-03-06T12:29:19","guid":{"rendered":"http:\/\/esplac.cat\/?p=6369"},"modified":"2015-03-06T14:29:19","modified_gmt":"2015-03-06T12:29:19","slug":"8-marc-reclamem-igualtat-genere","status":"publish","type":"post","link":"https:\/\/www.esplac.cat\/es\/8-marc-reclamem-igualtat-genere\/","title":{"rendered":"Reclamem la veritable igualtat de g\u00e8nere!"},"content":{"rendered":"<p><!--:CA--><\/p>\n<p dir=\"ltr\">Aquest diumenge ja \u00e9s el 8 de mar\u00e7, el Dia Internacional de les Dones Treballadores. Des de diferents col\u00b7lectius feministes, grups de dones i altres entitats que lluitem per la igualtat de g\u00e8nere, ja fa anys que es treballa per reivindicar el paper de la dona en la societat. S\u2019ha comen\u00e7at a entendre que les desigualtats de g\u00e8nere existents responen a m\u00faltiples factors que, a primer cop d\u2019ull, semblarien aliens a la lluita feminista, per\u00f2 que no ho s\u00f3n. Per aix\u00f2 s&#8217;ha donat un pas m\u00e9s aquest 8 de mar\u00e7, amb la mobilitzaci\u00f3 de<strong>\u00a0la vaga de totes<\/strong> (<strong><a href=\"http:\/\/esplac.cat\/wp-content\/uploads\/2014\/11\/resolucio-vaga-totes-ago14.pdf\">a la qual ens vam sumar a la passada Assemblea General de l\u2019entitat<\/a><\/strong>),<strong>\u00a0que culminar\u00e0 en unes jornades reivindicatives a la primavera.<\/strong><\/p>\n<p dir=\"ltr\">La data \u00e9s \u00fanicament una excusa per recordar tota la lluita que s\u2019ha dut a terme per les dones (i tamb\u00e9 en molts casos pels homes) amb l\u2019objectiu d\u2019assolir una veritable igualtat en tots els nivells de vida. Va comen\u00e7ar en el camp laboral, una mica m\u00e9s tard amb la reclamaci\u00f3 del sufragi universal, a poc a poc en l\u2019\u00e0mbit familiar i de relaci\u00f3&#8230; Tanmateix, encara avui dia, la reivindicaci\u00f3 i els canvis s\u00f3n necessaris. Per aquest motiu el 8 de mar\u00e7 \u00e9s clau per a conscienciar-nos que encara ens falta molt cam\u00ed per rec\u00f3rrer; per al\u00e7ar la veu davant les injust\u00edcies que veiem cometre dia rere dia; per transformar el nostre entorn i la societat, en un espai on poder viure plenament com a persones; per a desfer el g\u00e8nere i convertir-lo en una oportunitat de vida i no pas en un motiu de discriminaci\u00f3.<\/p>\n<p dir=\"ltr\">Esplais Catalans i els esplais som actors principals perqu\u00e8 eduquem i ho fem de manera cr\u00edtica. Som conscients que el cam\u00ed \u00e9s llarg per\u00f2 que \u00e9s possible un canvi real. Som conscients que l\u2019educaci\u00f3 no canviar\u00e0 immediatament la societat, per\u00f2 canviar\u00e0 a aquelles persones que en un futur transformaran la societat. Quan eduquem, transformem mentalitats, posem en dubte maneres de fer i veure la vida i oferim la possibilitat de crear noves formes de relacionar-nos.<\/p>\n<p dir=\"ltr\">Cal que com a monitores i monitors i com a esplais actuem en conseq\u00fc\u00e8ncia. Analitzem el nostre entorn, posem en entredit les regles del joc, conscienciem-nos de les desigualtats de g\u00e8nere que encara reprodu\u00efm&#8230; I tot aix\u00f2 a trav\u00e9s del joc, que \u00e9s la nostra gran eina de canvi.<\/p>\n<p dir=\"ltr\"><a href=\"http:\/\/esplac.cat\/banc-recursos\/?gen_6=on&amp;durada=indiferent&amp;edat_ini=4&amp;edat_fi=99&amp;part=&amp;espai=2&amp;activitats=Cerca+activitats&amp;data_ini=1998&amp;data_fi=2015\">Al Banc de Recursos<\/a> podeu trobar activitats, tallers, enlla\u00e7os i documents molt interessants per treballar sobre el g\u00e8nere!<\/p>\n<p dir=\"ltr\">Per tot aix\u00f2, <strong>participem i animem a participar el diumenge de les convocat\u00f2ries arreu del territori i tamb\u00e9 a les mobilitzacions de la vaga de totes previstes pel 6 i 7 de mar\u00e7.<\/strong> Cada poble, cada vila, cada barri s&#8217;ha organitzat per a qu\u00e8 aquestes siguin dates de conscienciaci\u00f3 i comprom\u00eds en la lluita contra el patriarcat. <a title=\"Vaga de totes convocat\u00f2ries\" href=\"https:\/\/vagadetotes.wordpress.com\/2015\/03\/03\/jornades-de-lluita-6-i-7-de-marc-barris-pobles\/\" target=\"_blank\" rel=\"noopener noreferrer\"><strong>Aqu\u00ed <\/strong><\/a>podeu trobar les convocat\u00f2ries per les<strong> jornades de lluita del 6 i 7 de mar\u00e7 de la vaga de totes<\/strong> i per les mobilitzacions del 8 de mar\u00e7. Les m\u00e9s destacades a Catalunya s\u00f3n les seg\u00fcents:<\/p>\n<ul>\n<li dir=\"ltr\">\n<p dir=\"ltr\"><strong>Barcelona<\/strong>: manifestaci\u00f3 a les 12 h a Pla\u00e7a Universitat<\/p>\n<\/li>\n<li dir=\"ltr\">\n<p dir=\"ltr\"><strong>Girona<\/strong>: concentraci\u00f3 + vermut a les 12.30 h a Pla\u00e7a Independ\u00e8ncia<\/p>\n<\/li>\n<li dir=\"ltr\">\n<p dir=\"ltr\"><strong>Tarragona<\/strong>: manifestaci\u00f3 a les 18 h a Pla\u00e7a dels Despullats<\/p>\n<\/li>\n<li dir=\"ltr\">\n<p dir=\"ltr\"><strong>Lleida<\/strong>: manifestaci\u00f3 a les 12.30 h a Pla\u00e7a de l\u2019IEI<\/p>\n<\/li>\n<\/ul>\n<p><!--:--><!--:es-->&nbsp;<\/p>\n<p><!--:--><!--:en-->&nbsp;<\/p>\n<p><!--:--><!--:fr-->&nbsp;<\/p>\n<p><!--:--><\/p>\n","protected":false},"excerpt":{"rendered":"<p>Aquest diumenge ja \u00e9s el 8 de mar\u00e7, el Dia [&hellip;]<\/p>\n","protected":false},"author":3,"featured_media":0,"comment_status":"open","ping_status":"open","sticky":false,"template":"","format":"standard","meta":{"om_disable_all_campaigns":false,"_monsterinsights_skip_tracking":false,"_monsterinsights_sitenote_active":false,"_monsterinsights_sitenote_note":"","_monsterinsights_sitenote_category":0,"_uf_show_specific_survey":0,"_uf_disable_surveys":false,"footnotes":""},"categories":[1127],"tags":[463,214,464,391,58,465,466],"class_list":["post-25646","post","type-post","status-publish","format-standard","hentry","category-comunicats-posicionaments","tag-8-de-marc","tag-dia-internacional-de-les-dones","tag-dones","tag-feminisme","tag-genere","tag-lluita-feminista","tag-patriarcat"],"yoast_head":"<!-- This site is optimized with the Yoast SEO plugin v27.4 - https:\/\/yoast.com\/product\/yoast-seo-wordpress\/ -->\n<title>Reclamem la veritable igualtat de g\u00e8nere! - Esplac<\/title>\n<meta name=\"robots\" content=\"index, follow, max-snippet:-1, max-image-preview:large, max-video-preview:-1\" \/>\n<link rel=\"canonical\" href=\"https:\/\/www.esplac.cat\/8-marc-reclamem-igualtat-genere\/\" \/>\n<meta property=\"og:locale\" content=\"es_ES\" \/>\n<meta property=\"og:type\" content=\"article\" \/>\n<meta property=\"og:title\" content=\"Reclamem la veritable igualtat de g\u00e8nere! - Esplac\" \/>\n<meta property=\"og:description\" content=\"Aquest diumenge ja \u00e9s el 8 de mar\u00e7, el Dia [&hellip;]\" \/>\n<meta property=\"og:url\" content=\"https:\/\/www.esplac.cat\/8-marc-reclamem-igualtat-genere\/\" \/>\n<meta property=\"og:site_name\" content=\"Esplac\" \/>\n<meta property=\"article:published_time\" content=\"2015-03-06T12:29:19+00:00\" \/>\n<meta property=\"og:image\" content=\"https:\/\/www.esplac.cat\/wp-content\/uploads\/2019\/11\/logo-open.jpg\" \/>\n\t<meta property=\"og:image:width\" content=\"1200\" \/>\n\t<meta property=\"og:image:height\" content=\"630\" \/>\n\t<meta property=\"og:image:type\" content=\"image\/jpeg\" \/>\n<meta name=\"author\" content=\"Comunicaci\u00f3 Esplac\" \/>\n<meta name=\"twitter:card\" content=\"summary_large_image\" \/>\n<meta name=\"twitter:label1\" content=\"Escrito por\" \/>\n\t<meta name=\"twitter:data1\" content=\"Comunicaci\u00f3 Esplac\" \/>\n\t<meta name=\"twitter:label2\" content=\"Tiempo de lectura\" \/>\n\t<meta name=\"twitter:data2\" content=\"3 minutos\" \/>\n<script type=\"application\/ld+json\" class=\"yoast-schema-graph\">{\"@context\":\"https:\\\/\\\/schema.org\",\"@graph\":[{\"@type\":\"Article\",\"@id\":\"https:\\\/\\\/www.esplac.cat\\\/8-marc-reclamem-igualtat-genere\\\/#article\",\"isPartOf\":{\"@id\":\"https:\\\/\\\/www.esplac.cat\\\/8-marc-reclamem-igualtat-genere\\\/\"},\"author\":{\"name\":\"Comunicaci\u00f3 Esplac\",\"@id\":\"https:\\\/\\\/www.esplac.cat\\\/#\\\/schema\\\/person\\\/908383cf240be18b68f8855d0583faca\"},\"headline\":\"Reclamem la veritable igualtat de g\u00e8nere!\",\"datePublished\":\"2015-03-06T12:29:19+00:00\",\"mainEntityOfPage\":{\"@id\":\"https:\\\/\\\/www.esplac.cat\\\/8-marc-reclamem-igualtat-genere\\\/\"},\"wordCount\":582,\"commentCount\":0,\"publisher\":{\"@id\":\"https:\\\/\\\/www.esplac.cat\\\/#organization\"},\"keywords\":[\"8 de mar\u00e7\",\"Dia Internacional de les Dones\",\"dones\",\"feminisme\",\"g\u00e8nere\",\"lluita feminista\",\"patriarcat\"],\"articleSection\":[\"Comunicats i posicionaments\"],\"inLanguage\":\"es\",\"potentialAction\":[{\"@type\":\"CommentAction\",\"name\":\"Comment\",\"target\":[\"https:\\\/\\\/www.esplac.cat\\\/8-marc-reclamem-igualtat-genere\\\/#respond\"]}]},{\"@type\":\"WebPage\",\"@id\":\"https:\\\/\\\/www.esplac.cat\\\/8-marc-reclamem-igualtat-genere\\\/\",\"url\":\"https:\\\/\\\/www.esplac.cat\\\/8-marc-reclamem-igualtat-genere\\\/\",\"name\":\"Reclamem la veritable igualtat de g\u00e8nere! - Esplac\",\"isPartOf\":{\"@id\":\"https:\\\/\\\/www.esplac.cat\\\/#website\"},\"datePublished\":\"2015-03-06T12:29:19+00:00\",\"breadcrumb\":{\"@id\":\"https:\\\/\\\/www.esplac.cat\\\/8-marc-reclamem-igualtat-genere\\\/#breadcrumb\"},\"inLanguage\":\"es\",\"potentialAction\":[{\"@type\":\"ReadAction\",\"target\":[\"https:\\\/\\\/www.esplac.cat\\\/8-marc-reclamem-igualtat-genere\\\/\"]}]},{\"@type\":\"BreadcrumbList\",\"@id\":\"https:\\\/\\\/www.esplac.cat\\\/8-marc-reclamem-igualtat-genere\\\/#breadcrumb\",\"itemListElement\":[{\"@type\":\"ListItem\",\"position\":1,\"name\":\"Inici\",\"item\":\"https:\\\/\\\/www.esplac.cat\\\/es\\\/\"},{\"@type\":\"ListItem\",\"position\":2,\"name\":\"Reclamem la veritable igualtat de g\u00e8nere!\"}]},{\"@type\":\"WebSite\",\"@id\":\"https:\\\/\\\/www.esplac.cat\\\/#website\",\"url\":\"https:\\\/\\\/www.esplac.cat\\\/\",\"name\":\"Esplac\",\"description\":\"Esplais Catalans\",\"publisher\":{\"@id\":\"https:\\\/\\\/www.esplac.cat\\\/#organization\"},\"potentialAction\":[{\"@type\":\"SearchAction\",\"target\":{\"@type\":\"EntryPoint\",\"urlTemplate\":\"https:\\\/\\\/www.esplac.cat\\\/?s={search_term_string}\"},\"query-input\":{\"@type\":\"PropertyValueSpecification\",\"valueRequired\":true,\"valueName\":\"search_term_string\"}}],\"inLanguage\":\"es\"},{\"@type\":\"Organization\",\"@id\":\"https:\\\/\\\/www.esplac.cat\\\/#organization\",\"name\":\"Esplac\",\"url\":\"https:\\\/\\\/www.esplac.cat\\\/\",\"logo\":{\"@type\":\"ImageObject\",\"inLanguage\":\"es\",\"@id\":\"https:\\\/\\\/www.esplac.cat\\\/#\\\/schema\\\/logo\\\/image\\\/\",\"url\":\"https:\\\/\\\/www.esplac.cat\\\/wp-content\\\/uploads\\\/2019\\\/08\\\/logox2.png\",\"contentUrl\":\"https:\\\/\\\/www.esplac.cat\\\/wp-content\\\/uploads\\\/2019\\\/08\\\/logox2.png\",\"width\":600,\"height\":295,\"caption\":\"Esplac\"},\"image\":{\"@id\":\"https:\\\/\\\/www.esplac.cat\\\/#\\\/schema\\\/logo\\\/image\\\/\"}},{\"@type\":\"Person\",\"@id\":\"https:\\\/\\\/www.esplac.cat\\\/#\\\/schema\\\/person\\\/908383cf240be18b68f8855d0583faca\",\"name\":\"Comunicaci\u00f3 Esplac\",\"image\":{\"@type\":\"ImageObject\",\"inLanguage\":\"es\",\"@id\":\"https:\\\/\\\/secure.gravatar.com\\\/avatar\\\/7a4cf8feb412a76ea4a740ca02d95b06b2907b5a6c648c2dd0a1082a093c3141?s=96&d=mm&r=g\",\"url\":\"https:\\\/\\\/secure.gravatar.com\\\/avatar\\\/7a4cf8feb412a76ea4a740ca02d95b06b2907b5a6c648c2dd0a1082a093c3141?s=96&d=mm&r=g\",\"contentUrl\":\"https:\\\/\\\/secure.gravatar.com\\\/avatar\\\/7a4cf8feb412a76ea4a740ca02d95b06b2907b5a6c648c2dd0a1082a093c3141?s=96&d=mm&r=g\",\"caption\":\"Comunicaci\u00f3 Esplac\"}}]}<\/script>\n<!-- \/ Yoast SEO plugin. -->","yoast_head_json":{"title":"Reclamem la veritable igualtat de g\u00e8nere! - Esplac","robots":{"index":"index","follow":"follow","max-snippet":"max-snippet:-1","max-image-preview":"max-image-preview:large","max-video-preview":"max-video-preview:-1"},"canonical":"https:\/\/www.esplac.cat\/8-marc-reclamem-igualtat-genere\/","og_locale":"es_ES","og_type":"article","og_title":"Reclamem la veritable igualtat de g\u00e8nere! - Esplac","og_description":"Aquest diumenge ja \u00e9s el 8 de mar\u00e7, el Dia [&hellip;]","og_url":"https:\/\/www.esplac.cat\/8-marc-reclamem-igualtat-genere\/","og_site_name":"Esplac","article_published_time":"2015-03-06T12:29:19+00:00","og_image":[{"width":1200,"height":630,"url":"https:\/\/www.esplac.cat\/wp-content\/uploads\/2019\/11\/logo-open.jpg","type":"image\/jpeg"}],"author":"Comunicaci\u00f3 Esplac","twitter_card":"summary_large_image","twitter_misc":{"Escrito por":"Comunicaci\u00f3 Esplac","Tiempo de lectura":"3 minutos"},"schema":{"@context":"https:\/\/schema.org","@graph":[{"@type":"Article","@id":"https:\/\/www.esplac.cat\/8-marc-reclamem-igualtat-genere\/#article","isPartOf":{"@id":"https:\/\/www.esplac.cat\/8-marc-reclamem-igualtat-genere\/"},"author":{"name":"Comunicaci\u00f3 Esplac","@id":"https:\/\/www.esplac.cat\/#\/schema\/person\/908383cf240be18b68f8855d0583faca"},"headline":"Reclamem la veritable igualtat de g\u00e8nere!","datePublished":"2015-03-06T12:29:19+00:00","mainEntityOfPage":{"@id":"https:\/\/www.esplac.cat\/8-marc-reclamem-igualtat-genere\/"},"wordCount":582,"commentCount":0,"publisher":{"@id":"https:\/\/www.esplac.cat\/#organization"},"keywords":["8 de mar\u00e7","Dia Internacional de les Dones","dones","feminisme","g\u00e8nere","lluita feminista","patriarcat"],"articleSection":["Comunicats i posicionaments"],"inLanguage":"es","potentialAction":[{"@type":"CommentAction","name":"Comment","target":["https:\/\/www.esplac.cat\/8-marc-reclamem-igualtat-genere\/#respond"]}]},{"@type":"WebPage","@id":"https:\/\/www.esplac.cat\/8-marc-reclamem-igualtat-genere\/","url":"https:\/\/www.esplac.cat\/8-marc-reclamem-igualtat-genere\/","name":"Reclamem la veritable igualtat de g\u00e8nere! - Esplac","isPartOf":{"@id":"https:\/\/www.esplac.cat\/#website"},"datePublished":"2015-03-06T12:29:19+00:00","breadcrumb":{"@id":"https:\/\/www.esplac.cat\/8-marc-reclamem-igualtat-genere\/#breadcrumb"},"inLanguage":"es","potentialAction":[{"@type":"ReadAction","target":["https:\/\/www.esplac.cat\/8-marc-reclamem-igualtat-genere\/"]}]},{"@type":"BreadcrumbList","@id":"https:\/\/www.esplac.cat\/8-marc-reclamem-igualtat-genere\/#breadcrumb","itemListElement":[{"@type":"ListItem","position":1,"name":"Inici","item":"https:\/\/www.esplac.cat\/es\/"},{"@type":"ListItem","position":2,"name":"Reclamem la veritable igualtat de g\u00e8nere!"}]},{"@type":"WebSite","@id":"https:\/\/www.esplac.cat\/#website","url":"https:\/\/www.esplac.cat\/","name":"Esplac","description":"Esplais Catalans","publisher":{"@id":"https:\/\/www.esplac.cat\/#organization"},"potentialAction":[{"@type":"SearchAction","target":{"@type":"EntryPoint","urlTemplate":"https:\/\/www.esplac.cat\/?s={search_term_string}"},"query-input":{"@type":"PropertyValueSpecification","valueRequired":true,"valueName":"search_term_string"}}],"inLanguage":"es"},{"@type":"Organization","@id":"https:\/\/www.esplac.cat\/#organization","name":"Esplac","url":"https:\/\/www.esplac.cat\/","logo":{"@type":"ImageObject","inLanguage":"es","@id":"https:\/\/www.esplac.cat\/#\/schema\/logo\/image\/","url":"https:\/\/www.esplac.cat\/wp-content\/uploads\/2019\/08\/logox2.png","contentUrl":"https:\/\/www.esplac.cat\/wp-content\/uploads\/2019\/08\/logox2.png","width":600,"height":295,"caption":"Esplac"},"image":{"@id":"https:\/\/www.esplac.cat\/#\/schema\/logo\/image\/"}},{"@type":"Person","@id":"https:\/\/www.esplac.cat\/#\/schema\/person\/908383cf240be18b68f8855d0583faca","name":"Comunicaci\u00f3 Esplac","image":{"@type":"ImageObject","inLanguage":"es","@id":"https:\/\/secure.gravatar.com\/avatar\/7a4cf8feb412a76ea4a740ca02d95b06b2907b5a6c648c2dd0a1082a093c3141?s=96&d=mm&r=g","url":"https:\/\/secure.gravatar.com\/avatar\/7a4cf8feb412a76ea4a740ca02d95b06b2907b5a6c648c2dd0a1082a093c3141?s=96&d=mm&r=g","contentUrl":"https:\/\/secure.gravatar.com\/avatar\/7a4cf8feb412a76ea4a740ca02d95b06b2907b5a6c648c2dd0a1082a093c3141?s=96&d=mm&r=g","caption":"Comunicaci\u00f3 Esplac"}}]}},"_links":{"self":[{"href":"https:\/\/www.esplac.cat\/es\/wp-json\/wp\/v2\/posts\/25646","targetHints":{"allow":["GET"]}}],"collection":[{"href":"https:\/\/www.esplac.cat\/es\/wp-json\/wp\/v2\/posts"}],"about":[{"href":"https:\/\/www.esplac.cat\/es\/wp-json\/wp\/v2\/types\/post"}],"author":[{"embeddable":true,"href":"https:\/\/www.esplac.cat\/es\/wp-json\/wp\/v2\/users\/3"}],"replies":[{"embeddable":true,"href":"https:\/\/www.esplac.cat\/es\/wp-json\/wp\/v2\/comments?post=25646"}],"version-history":[{"count":0,"href":"https:\/\/www.esplac.cat\/es\/wp-json\/wp\/v2\/posts\/25646\/revisions"}],"wp:attachment":[{"href":"https:\/\/www.esplac.cat\/es\/wp-json\/wp\/v2\/media?parent=25646"}],"wp:term":[{"taxonomy":"category","embeddable":true,"href":"https:\/\/www.esplac.cat\/es\/wp-json\/wp\/v2\/categories?post=25646"},{"taxonomy":"post_tag","embeddable":true,"href":"https:\/\/www.esplac.cat\/es\/wp-json\/wp\/v2\/tags?post=25646"}],"curies":[{"name":"wp","href":"https:\/\/api.w.org\/{rel}","templated":true}]}}