{"id":25652,"date":"2015-02-19T14:33:39","date_gmt":"2015-02-19T12:33:39","guid":{"rendered":"http:\/\/esplac.cat\/?p=6275"},"modified":"2015-02-19T14:33:39","modified_gmt":"2015-02-19T12:33:39","slug":"nou-calendari-documentacio-campaments-colonies-rutes","status":"publish","type":"post","link":"https:\/\/www.esplac.cat\/es\/nou-calendari-documentacio-campaments-colonies-rutes\/","title":{"rendered":"Nou calendari de documentaci\u00f3 per campaments, col\u00f2nies i rutes de 2015"},"content":{"rendered":"<p><!--:CA-->La preparaci\u00f3 dels campaments, col\u00f2nies i rutes de primavera ja est\u00e0 en marxa! En poc m\u00e9s d&#8217;un mes i mig, molts esplais estarem portant a la pr\u00e0ctica el nostre projecte de primavera amb els infants i joves de l&#8217;esplai.<\/p>\n<p>Compartim el <a href=\"http:\/\/esplac.cat\/wp-content\/uploads\/2015\/02\/NOU_Calendari_CCR.pdf\"><strong>calendari de documentaci\u00f3 pels campaments, col\u00f2nies i rutes de la primavera i l&#8217;estiu de 2015<\/strong><\/a> on estan recollits els terminis d&#8217;entrega de documentaci\u00f3 i altres dates important per recordar. Tamb\u00e9 hi ha incloses les dates per les activitats d&#8217;estiu, perqu\u00e8 les puguem planificar amb temps. El calendari \u00e9s lleugerament diferent al dels darrers anys, perqu\u00e8 no inclou els terminis de la justificaci\u00f3 de subvencions. Des de l&#8217;any passat fem una \u00fanica distribuci\u00f3 on fusionem l&#8217;anual amb la d&#8217;estiu.<\/p>\n<p>Tota la documentaci\u00f3 recollida al calendari \u00e9s b\u00e0sica per garantir la qualitat de les activitats que fem fora de l&#8217;esplai.<\/p>\n<p>Per aquells esplais que vulguin\u00a0<strong>aprofundir en la preparaci\u00f3 i organitzaci\u00f3 de campaments<\/strong>, l&#8217;Escola El Sol organitza, per segona vegada, el <strong>Monogr\u00e0fic d&#8217;organitzaci\u00f3 de campaments<\/strong>. <a href=\"http:\/\/www.escolaelsol.org\/oferta-formativa\/organitzacio-de-campaments.htm\"><strong>Les inscripcions ja s\u00f3n obertes!<\/strong><\/a><!--:--><!--:es-->&nbsp;<\/p>\n<p><!--:--><!--:en-->&nbsp;<\/p>\n<p><!--:--><!--:fr-->&nbsp;<\/p>\n<p><!--:--><\/p>\n","protected":false},"excerpt":{"rendered":"<p>La preparaci\u00f3 dels campaments, col\u00f2nies i rutes de primavera ja [&hellip;]<\/p>\n","protected":false},"author":3,"featured_media":25628,"comment_status":"open","ping_status":"open","sticky":false,"template":"","format":"standard","meta":{"om_disable_all_campaigns":false,"_monsterinsights_skip_tracking":false,"_monsterinsights_sitenote_active":false,"_monsterinsights_sitenote_note":"","_monsterinsights_sitenote_category":0,"_uf_show_specific_survey":0,"_uf_disable_surveys":false,"footnotes":""},"categories":[1117],"tags":[451,103,53,429,104,102,115],"class_list":["post-25652","post","type-post","status-publish","format-standard","has-post-thumbnail","hentry","category-activitats-esplais","tag-activitats-destiu","tag-activitats-primavera","tag-campaments","tag-ccr","tag-colonies","tag-estiu","tag-rutes"],"yoast_head":"<!-- This site is optimized with the Yoast SEO plugin v27.4 - https:\/\/yoast.com\/product\/yoast-seo-wordpress\/ -->\n<title>Nou calendari de documentaci\u00f3 per campaments, col\u00f2nies i rutes de 2015 - Esplac<\/title>\n<meta name=\"robots\" content=\"index, follow, max-snippet:-1, max-image-preview:large, max-video-preview:-1\" \/>\n<link rel=\"canonical\" href=\"https:\/\/www.esplac.cat\/nou-calendari-documentacio-campaments-colonies-rutes\/\" \/>\n<meta property=\"og:locale\" content=\"es_ES\" \/>\n<meta property=\"og:type\" content=\"article\" \/>\n<meta property=\"og:title\" content=\"Nou calendari de documentaci\u00f3 per campaments, col\u00f2nies i rutes de 2015 - Esplac\" \/>\n<meta property=\"og:description\" content=\"La preparaci\u00f3 dels campaments, col\u00f2nies i rutes de primavera ja [&hellip;]\" \/>\n<meta property=\"og:url\" content=\"https:\/\/www.esplac.cat\/nou-calendari-documentacio-campaments-colonies-rutes\/\" \/>\n<meta property=\"og:site_name\" content=\"Esplac\" \/>\n<meta property=\"article:published_time\" content=\"2015-02-19T12:33:39+00:00\" \/>\n<meta property=\"og:image\" content=\"https:\/\/www.esplac.cat\/wp-content\/uploads\/2013\/02\/DSC08098.jpg\" \/>\n\t<meta property=\"og:image:width\" content=\"3872\" \/>\n\t<meta property=\"og:image:height\" content=\"2176\" \/>\n\t<meta property=\"og:image:type\" content=\"image\/jpeg\" \/>\n<meta name=\"author\" content=\"Comunicaci\u00f3 Esplac\" \/>\n<meta name=\"twitter:card\" content=\"summary_large_image\" \/>\n<meta name=\"twitter:label1\" content=\"Escrito por\" \/>\n\t<meta name=\"twitter:data1\" content=\"Comunicaci\u00f3 Esplac\" \/>\n\t<meta name=\"twitter:label2\" content=\"Tiempo de lectura\" \/>\n\t<meta name=\"twitter:data2\" content=\"1 minuto\" \/>\n<script type=\"application\/ld+json\" class=\"yoast-schema-graph\">{\"@context\":\"https:\\\/\\\/schema.org\",\"@graph\":[{\"@type\":\"Article\",\"@id\":\"https:\\\/\\\/www.esplac.cat\\\/nou-calendari-documentacio-campaments-colonies-rutes\\\/#article\",\"isPartOf\":{\"@id\":\"https:\\\/\\\/www.esplac.cat\\\/nou-calendari-documentacio-campaments-colonies-rutes\\\/\"},\"author\":{\"name\":\"Comunicaci\u00f3 Esplac\",\"@id\":\"https:\\\/\\\/www.esplac.cat\\\/#\\\/schema\\\/person\\\/908383cf240be18b68f8855d0583faca\"},\"headline\":\"Nou calendari de documentaci\u00f3 per campaments, col\u00f2nies i rutes de 2015\",\"datePublished\":\"2015-02-19T12:33:39+00:00\",\"mainEntityOfPage\":{\"@id\":\"https:\\\/\\\/www.esplac.cat\\\/nou-calendari-documentacio-campaments-colonies-rutes\\\/\"},\"wordCount\":200,\"commentCount\":0,\"publisher\":{\"@id\":\"https:\\\/\\\/www.esplac.cat\\\/#organization\"},\"image\":{\"@id\":\"https:\\\/\\\/www.esplac.cat\\\/nou-calendari-documentacio-campaments-colonies-rutes\\\/#primaryimage\"},\"thumbnailUrl\":\"https:\\\/\\\/www.esplac.cat\\\/wp-content\\\/uploads\\\/2013\\\/02\\\/DSC08098.jpg\",\"keywords\":[\"activitats d'estiu\",\"activitats primavera\",\"campaments\",\"CCR\",\"colonies\",\"estiu\",\"rutes\"],\"articleSection\":[\"Activitats esplais\"],\"inLanguage\":\"es\",\"potentialAction\":[{\"@type\":\"CommentAction\",\"name\":\"Comment\",\"target\":[\"https:\\\/\\\/www.esplac.cat\\\/nou-calendari-documentacio-campaments-colonies-rutes\\\/#respond\"]}]},{\"@type\":\"WebPage\",\"@id\":\"https:\\\/\\\/www.esplac.cat\\\/nou-calendari-documentacio-campaments-colonies-rutes\\\/\",\"url\":\"https:\\\/\\\/www.esplac.cat\\\/nou-calendari-documentacio-campaments-colonies-rutes\\\/\",\"name\":\"Nou calendari de documentaci\u00f3 per campaments, col\u00f2nies i rutes de 2015 - Esplac\",\"isPartOf\":{\"@id\":\"https:\\\/\\\/www.esplac.cat\\\/#website\"},\"primaryImageOfPage\":{\"@id\":\"https:\\\/\\\/www.esplac.cat\\\/nou-calendari-documentacio-campaments-colonies-rutes\\\/#primaryimage\"},\"image\":{\"@id\":\"https:\\\/\\\/www.esplac.cat\\\/nou-calendari-documentacio-campaments-colonies-rutes\\\/#primaryimage\"},\"thumbnailUrl\":\"https:\\\/\\\/www.esplac.cat\\\/wp-content\\\/uploads\\\/2013\\\/02\\\/DSC08098.jpg\",\"datePublished\":\"2015-02-19T12:33:39+00:00\",\"breadcrumb\":{\"@id\":\"https:\\\/\\\/www.esplac.cat\\\/nou-calendari-documentacio-campaments-colonies-rutes\\\/#breadcrumb\"},\"inLanguage\":\"es\",\"potentialAction\":[{\"@type\":\"ReadAction\",\"target\":[\"https:\\\/\\\/www.esplac.cat\\\/nou-calendari-documentacio-campaments-colonies-rutes\\\/\"]}]},{\"@type\":\"ImageObject\",\"inLanguage\":\"es\",\"@id\":\"https:\\\/\\\/www.esplac.cat\\\/nou-calendari-documentacio-campaments-colonies-rutes\\\/#primaryimage\",\"url\":\"https:\\\/\\\/www.esplac.cat\\\/wp-content\\\/uploads\\\/2013\\\/02\\\/DSC08098.jpg\",\"contentUrl\":\"https:\\\/\\\/www.esplac.cat\\\/wp-content\\\/uploads\\\/2013\\\/02\\\/DSC08098.jpg\",\"width\":3872,\"height\":2176},{\"@type\":\"BreadcrumbList\",\"@id\":\"https:\\\/\\\/www.esplac.cat\\\/nou-calendari-documentacio-campaments-colonies-rutes\\\/#breadcrumb\",\"itemListElement\":[{\"@type\":\"ListItem\",\"position\":1,\"name\":\"Inici\",\"item\":\"https:\\\/\\\/www.esplac.cat\\\/es\\\/\"},{\"@type\":\"ListItem\",\"position\":2,\"name\":\"Nou calendari de documentaci\u00f3 per campaments, col\u00f2nies i rutes de 2015\"}]},{\"@type\":\"WebSite\",\"@id\":\"https:\\\/\\\/www.esplac.cat\\\/#website\",\"url\":\"https:\\\/\\\/www.esplac.cat\\\/\",\"name\":\"Esplac\",\"description\":\"Esplais Catalans\",\"publisher\":{\"@id\":\"https:\\\/\\\/www.esplac.cat\\\/#organization\"},\"potentialAction\":[{\"@type\":\"SearchAction\",\"target\":{\"@type\":\"EntryPoint\",\"urlTemplate\":\"https:\\\/\\\/www.esplac.cat\\\/?s={search_term_string}\"},\"query-input\":{\"@type\":\"PropertyValueSpecification\",\"valueRequired\":true,\"valueName\":\"search_term_string\"}}],\"inLanguage\":\"es\"},{\"@type\":\"Organization\",\"@id\":\"https:\\\/\\\/www.esplac.cat\\\/#organization\",\"name\":\"Esplac\",\"url\":\"https:\\\/\\\/www.esplac.cat\\\/\",\"logo\":{\"@type\":\"ImageObject\",\"inLanguage\":\"es\",\"@id\":\"https:\\\/\\\/www.esplac.cat\\\/#\\\/schema\\\/logo\\\/image\\\/\",\"url\":\"https:\\\/\\\/www.esplac.cat\\\/wp-content\\\/uploads\\\/2019\\\/08\\\/logox2.png\",\"contentUrl\":\"https:\\\/\\\/www.esplac.cat\\\/wp-content\\\/uploads\\\/2019\\\/08\\\/logox2.png\",\"width\":600,\"height\":295,\"caption\":\"Esplac\"},\"image\":{\"@id\":\"https:\\\/\\\/www.esplac.cat\\\/#\\\/schema\\\/logo\\\/image\\\/\"}},{\"@type\":\"Person\",\"@id\":\"https:\\\/\\\/www.esplac.cat\\\/#\\\/schema\\\/person\\\/908383cf240be18b68f8855d0583faca\",\"name\":\"Comunicaci\u00f3 Esplac\",\"image\":{\"@type\":\"ImageObject\",\"inLanguage\":\"es\",\"@id\":\"https:\\\/\\\/secure.gravatar.com\\\/avatar\\\/7a4cf8feb412a76ea4a740ca02d95b06b2907b5a6c648c2dd0a1082a093c3141?s=96&d=mm&r=g\",\"url\":\"https:\\\/\\\/secure.gravatar.com\\\/avatar\\\/7a4cf8feb412a76ea4a740ca02d95b06b2907b5a6c648c2dd0a1082a093c3141?s=96&d=mm&r=g\",\"contentUrl\":\"https:\\\/\\\/secure.gravatar.com\\\/avatar\\\/7a4cf8feb412a76ea4a740ca02d95b06b2907b5a6c648c2dd0a1082a093c3141?s=96&d=mm&r=g\",\"caption\":\"Comunicaci\u00f3 Esplac\"}}]}<\/script>\n<!-- \/ Yoast SEO plugin. -->","yoast_head_json":{"title":"Nou calendari de documentaci\u00f3 per campaments, col\u00f2nies i rutes de 2015 - Esplac","robots":{"index":"index","follow":"follow","max-snippet":"max-snippet:-1","max-image-preview":"max-image-preview:large","max-video-preview":"max-video-preview:-1"},"canonical":"https:\/\/www.esplac.cat\/nou-calendari-documentacio-campaments-colonies-rutes\/","og_locale":"es_ES","og_type":"article","og_title":"Nou calendari de documentaci\u00f3 per campaments, col\u00f2nies i rutes de 2015 - Esplac","og_description":"La preparaci\u00f3 dels campaments, col\u00f2nies i rutes de primavera ja [&hellip;]","og_url":"https:\/\/www.esplac.cat\/nou-calendari-documentacio-campaments-colonies-rutes\/","og_site_name":"Esplac","article_published_time":"2015-02-19T12:33:39+00:00","og_image":[{"width":3872,"height":2176,"url":"https:\/\/www.esplac.cat\/wp-content\/uploads\/2013\/02\/DSC08098.jpg","type":"image\/jpeg"}],"author":"Comunicaci\u00f3 Esplac","twitter_card":"summary_large_image","twitter_misc":{"Escrito por":"Comunicaci\u00f3 Esplac","Tiempo de lectura":"1 minuto"},"schema":{"@context":"https:\/\/schema.org","@graph":[{"@type":"Article","@id":"https:\/\/www.esplac.cat\/nou-calendari-documentacio-campaments-colonies-rutes\/#article","isPartOf":{"@id":"https:\/\/www.esplac.cat\/nou-calendari-documentacio-campaments-colonies-rutes\/"},"author":{"name":"Comunicaci\u00f3 Esplac","@id":"https:\/\/www.esplac.cat\/#\/schema\/person\/908383cf240be18b68f8855d0583faca"},"headline":"Nou calendari de documentaci\u00f3 per campaments, col\u00f2nies i rutes de 2015","datePublished":"2015-02-19T12:33:39+00:00","mainEntityOfPage":{"@id":"https:\/\/www.esplac.cat\/nou-calendari-documentacio-campaments-colonies-rutes\/"},"wordCount":200,"commentCount":0,"publisher":{"@id":"https:\/\/www.esplac.cat\/#organization"},"image":{"@id":"https:\/\/www.esplac.cat\/nou-calendari-documentacio-campaments-colonies-rutes\/#primaryimage"},"thumbnailUrl":"https:\/\/www.esplac.cat\/wp-content\/uploads\/2013\/02\/DSC08098.jpg","keywords":["activitats d'estiu","activitats primavera","campaments","CCR","colonies","estiu","rutes"],"articleSection":["Activitats esplais"],"inLanguage":"es","potentialAction":[{"@type":"CommentAction","name":"Comment","target":["https:\/\/www.esplac.cat\/nou-calendari-documentacio-campaments-colonies-rutes\/#respond"]}]},{"@type":"WebPage","@id":"https:\/\/www.esplac.cat\/nou-calendari-documentacio-campaments-colonies-rutes\/","url":"https:\/\/www.esplac.cat\/nou-calendari-documentacio-campaments-colonies-rutes\/","name":"Nou calendari de documentaci\u00f3 per campaments, col\u00f2nies i rutes de 2015 - Esplac","isPartOf":{"@id":"https:\/\/www.esplac.cat\/#website"},"primaryImageOfPage":{"@id":"https:\/\/www.esplac.cat\/nou-calendari-documentacio-campaments-colonies-rutes\/#primaryimage"},"image":{"@id":"https:\/\/www.esplac.cat\/nou-calendari-documentacio-campaments-colonies-rutes\/#primaryimage"},"thumbnailUrl":"https:\/\/www.esplac.cat\/wp-content\/uploads\/2013\/02\/DSC08098.jpg","datePublished":"2015-02-19T12:33:39+00:00","breadcrumb":{"@id":"https:\/\/www.esplac.cat\/nou-calendari-documentacio-campaments-colonies-rutes\/#breadcrumb"},"inLanguage":"es","potentialAction":[{"@type":"ReadAction","target":["https:\/\/www.esplac.cat\/nou-calendari-documentacio-campaments-colonies-rutes\/"]}]},{"@type":"ImageObject","inLanguage":"es","@id":"https:\/\/www.esplac.cat\/nou-calendari-documentacio-campaments-colonies-rutes\/#primaryimage","url":"https:\/\/www.esplac.cat\/wp-content\/uploads\/2013\/02\/DSC08098.jpg","contentUrl":"https:\/\/www.esplac.cat\/wp-content\/uploads\/2013\/02\/DSC08098.jpg","width":3872,"height":2176},{"@type":"BreadcrumbList","@id":"https:\/\/www.esplac.cat\/nou-calendari-documentacio-campaments-colonies-rutes\/#breadcrumb","itemListElement":[{"@type":"ListItem","position":1,"name":"Inici","item":"https:\/\/www.esplac.cat\/es\/"},{"@type":"ListItem","position":2,"name":"Nou calendari de documentaci\u00f3 per campaments, col\u00f2nies i rutes de 2015"}]},{"@type":"WebSite","@id":"https:\/\/www.esplac.cat\/#website","url":"https:\/\/www.esplac.cat\/","name":"Esplac","description":"Esplais Catalans","publisher":{"@id":"https:\/\/www.esplac.cat\/#organization"},"potentialAction":[{"@type":"SearchAction","target":{"@type":"EntryPoint","urlTemplate":"https:\/\/www.esplac.cat\/?s={search_term_string}"},"query-input":{"@type":"PropertyValueSpecification","valueRequired":true,"valueName":"search_term_string"}}],"inLanguage":"es"},{"@type":"Organization","@id":"https:\/\/www.esplac.cat\/#organization","name":"Esplac","url":"https:\/\/www.esplac.cat\/","logo":{"@type":"ImageObject","inLanguage":"es","@id":"https:\/\/www.esplac.cat\/#\/schema\/logo\/image\/","url":"https:\/\/www.esplac.cat\/wp-content\/uploads\/2019\/08\/logox2.png","contentUrl":"https:\/\/www.esplac.cat\/wp-content\/uploads\/2019\/08\/logox2.png","width":600,"height":295,"caption":"Esplac"},"image":{"@id":"https:\/\/www.esplac.cat\/#\/schema\/logo\/image\/"}},{"@type":"Person","@id":"https:\/\/www.esplac.cat\/#\/schema\/person\/908383cf240be18b68f8855d0583faca","name":"Comunicaci\u00f3 Esplac","image":{"@type":"ImageObject","inLanguage":"es","@id":"https:\/\/secure.gravatar.com\/avatar\/7a4cf8feb412a76ea4a740ca02d95b06b2907b5a6c648c2dd0a1082a093c3141?s=96&d=mm&r=g","url":"https:\/\/secure.gravatar.com\/avatar\/7a4cf8feb412a76ea4a740ca02d95b06b2907b5a6c648c2dd0a1082a093c3141?s=96&d=mm&r=g","contentUrl":"https:\/\/secure.gravatar.com\/avatar\/7a4cf8feb412a76ea4a740ca02d95b06b2907b5a6c648c2dd0a1082a093c3141?s=96&d=mm&r=g","caption":"Comunicaci\u00f3 Esplac"}}]}},"_links":{"self":[{"href":"https:\/\/www.esplac.cat\/es\/wp-json\/wp\/v2\/posts\/25652","targetHints":{"allow":["GET"]}}],"collection":[{"href":"https:\/\/www.esplac.cat\/es\/wp-json\/wp\/v2\/posts"}],"about":[{"href":"https:\/\/www.esplac.cat\/es\/wp-json\/wp\/v2\/types\/post"}],"author":[{"embeddable":true,"href":"https:\/\/www.esplac.cat\/es\/wp-json\/wp\/v2\/users\/3"}],"replies":[{"embeddable":true,"href":"https:\/\/www.esplac.cat\/es\/wp-json\/wp\/v2\/comments?post=25652"}],"version-history":[{"count":0,"href":"https:\/\/www.esplac.cat\/es\/wp-json\/wp\/v2\/posts\/25652\/revisions"}],"wp:featuredmedia":[{"embeddable":true,"href":"https:\/\/www.esplac.cat\/es\/wp-json\/wp\/v2\/media\/25628"}],"wp:attachment":[{"href":"https:\/\/www.esplac.cat\/es\/wp-json\/wp\/v2\/media?parent=25652"}],"wp:term":[{"taxonomy":"category","embeddable":true,"href":"https:\/\/www.esplac.cat\/es\/wp-json\/wp\/v2\/categories?post=25652"},{"taxonomy":"post_tag","embeddable":true,"href":"https:\/\/www.esplac.cat\/es\/wp-json\/wp\/v2\/tags?post=25652"}],"curies":[{"name":"wp","href":"https:\/\/api.w.org\/{rel}","templated":true}]}}