{"id":25653,"date":"2015-02-19T13:31:03","date_gmt":"2015-02-19T11:31:03","guid":{"rendered":"http:\/\/esplac.cat\/?p=6267"},"modified":"2015-02-19T13:31:03","modified_gmt":"2015-02-19T11:31:03","slug":"campanya-stop-islamofobia-ucfr","status":"publish","type":"post","link":"https:\/\/www.esplac.cat\/es\/campanya-stop-islamofobia-ucfr\/","title":{"rendered":"Ens adherim a la campanya #StopIslamof\u00f2bia d&#8217;UCFR"},"content":{"rendered":"<p><!--:CA-->Esplais Catalans donem el nostre suport a la campanya<a title=\"Stop Islamof\u00f2bia\" href=\"https:\/\/unitatcontraelfeixisme.wordpress.com\/category\/stopislamofobia\/\" target=\"_blank\" rel=\"noopener noreferrer\"><strong> #StopIslamof\u00f2bia<\/strong><\/a>, impulsada per Unitat Contra el Feixisme i el Racisme (UCFR). Els esplais treballem cada dia per transformar la societat a trav\u00e9s de l&#8217;educaci\u00f3 en els drets dels infants i, per tant, el discurs de l&#8217;odi, ja sigui a trav\u00e9s del racisme, la homof\u00f2bia o qualsevol altra forma de discriminaci\u00f3, \u00e9s una amena\u00e7a pel nostre model de societat i per la conviv\u00e8ncia que cal combatre.<\/p>\n<p>Expressem, doncs, el nostre suport al manifest d&#8217;UCFR \u2013que ja han signat m\u00e9s de 80 entitats- i a les manifestacions que s\u2019estan preparant al voltant del Dia Internacional Contra el Feixisme i el Racisme, el proper dissabte 21 de mar\u00e7 de 2015. Tamb\u00e9 convidem a tothom a assistir a l&#8217;<strong>acte central de la campanya\u00a0contra la islamof\u00f2bia<\/strong>, previst per avui,\u00a0<strong>dijous 19 de febrer a les 18:00h<\/strong> a l&#8217;Aula Magna UB Raval (Carrer Montalegre, 6. Barcelona).<\/p>\n<p>Aturem la islamof\u00f2bia!<\/p>\n<p>Aquest \u00e9s el <strong>manifest<\/strong> de la campanya:<\/p>\n<h1 style=\"padding-left: 30px;\"><em>Stop Islamof\u00f2bia!\u00a0<\/em><em><strong>No deixem que els racistes i els feixistes ens divideixin<\/strong><\/em><\/h1>\n<p style=\"padding-left: 30px;\"><em>L\u2019atac a la seu de\u00a0Charlie Hebdo\u00a0i a un supermercat kosher a Par\u00eds s\u00f3n terribles i totalment injustificables; els condemnem incondicionalment. Condemnem especialment la naturalesa antisemita de l\u2019atac a persones jueves al supermercat kosher. Els atacs van ser dissenyats per sembrar el terror i la divisi\u00f3. Existeix el perill que l\u2019extrema dreta i els feixistes s\u2019aprofitin d\u2019aquest clima per fomentar l\u2019odi i explotar les pors contra la gent musulmana i jueva arreu d\u2019Europa.<\/em><\/p>\n<p style=\"padding-left: 30px;\"><em>Tristament, aquests atacs formen part d\u2019una s\u00e8rie de tr\u00e0gics esdeveniments \u2014a Occident, a l\u2019Orient Mitj\u00e0 i arreu del m\u00f3n\u2014 que al llarg dels \u00faltims anys s\u2019han cobrat centenars de milers de vides. Costar\u00e0 resoldre tota aquesta din\u00e0mica d\u2019odi i matances: hem d\u2019incidir on podem fer-ho.<\/em><\/p>\n<p style=\"padding-left: 30px;\"><em>Per aix\u00f2 advertim del greu risc per a la conviv\u00e8ncia, als nostres barris i municipis, que representa l\u2019auge de la islamof\u00f2bia arran de la trag\u00e8dia a Par\u00eds. De manera injustificable s\u2019intenta culpar tota la poblaci\u00f3 musulmana per les accions d\u2019uns pocs assassins que no la representen, igual que l\u2019assass\u00ed feixista Breivik no representa el conjunt de persones cristianes o noruegues.<\/em><\/p>\n<p style=\"padding-left: 30px;\"><em>L\u2019extrema dreta arreu d\u2019Europa \u2014des dels feixistes amb corbata del Front National a Fran\u00e7a, fins als nazis descarats d\u2019Alba Daurada a Gr\u00e8cia\u2014 intenta treure profit de la trag\u00e8dia, impulsant la islamof\u00f2bia. Intenta argumentar que els nostres ve\u00efns i ve\u00efnes de fe musulmana representen una \u201camena\u00e7a a la civilitzaci\u00f3 occidental\u201d. Alguns pol\u00edtics sense escr\u00fapols de partits institucionals impulsen idees semblants. Com vam veure als anys 30, qui realment amena\u00e7a la civilitzaci\u00f3 s\u00f3n els feixistes. Llavors, el principal boc expiatori va ser la gent jueva; ara promouen la islamof\u00f2bia \u2014ja hi ha hagut atemptats contra mesquites\u2014 sense abandonar l\u2019antisemitisme, la romaf\u00f2bia, el ref\u00fas vers les orientacions sexuals diferents de les seves i tota la resta. Igual que abans, amenacen qualsevol persona que no pensi com ells.<\/em><\/p>\n<p style=\"padding-left: 30px;\"><em>Per aix\u00f2, els moviments socials i l\u2019esquerra no podem ser neutrals davant la islamof\u00f2bia, ni molt menys fomentar-la. L\u2019hem de combatre com qualsevol altra forma de racisme.<\/em><\/p>\n<p style=\"padding-left: 30px;\"><em>No deixem que els feixistes i els racistes ens divideixin. Unim-nos sense importar les difer\u00e8ncies de religi\u00f3, d\u2019origen, de g\u00e8nere, de color de pell, d\u2019idioma, d\u2019orientaci\u00f3 sexual\u2026 Defensem la nostra conviv\u00e8ncia. No a la tornada de l\u2019antisemitisme! Aturem la islamof\u00f2bia!<\/em><\/p>\n<p style=\"padding-left: 30px;\"><em>Per tots aquests motius, fem una crida per donar el m\u00e0xim suport als moviments amplis contra el feixisme, el racisme i la islamof\u00f2bia arreu d\u2019Europa, i a la creaci\u00f3 d\u2019aquest tipus de moviments all\u00e0 on encara no existeixin. Expressem el nostre suport a les manifestacions que s\u2019estan preparant al voltant del Dia Internacional Contra el Feixisme i el Racisme, el proper dissabte 21 de mar\u00e7 de 2015.<\/em><\/p>\n<p style=\"padding-left: 30px;\"><em>Ens adherim a la declaraci\u00f3 i assumim com a objectiu propi treballar per eradicar la\u00a0 islamof\u00f2bia, fent p\u00fablica la nostra adhesi\u00f3 i divulgant els actes unitaris de la campanya <strong>#StopIslamof\u00f2bia<\/strong>.<\/em><\/p>\n<p><!--:--><!--:es-->&nbsp;<\/p>\n<p><!--:--><!--:en-->&nbsp;<\/p>\n<p><!--:--><!--:fr-->&nbsp;<\/p>\n<p><!--:--><\/p>\n","protected":false},"excerpt":{"rendered":"<p>Esplais Catalans donem el nostre suport a la campanya #StopIslamof\u00f2bia, [&hellip;]<\/p>\n","protected":false},"author":3,"featured_media":0,"comment_status":"open","ping_status":"open","sticky":false,"template":"","format":"standard","meta":{"om_disable_all_campaigns":false,"_monsterinsights_skip_tracking":false,"_monsterinsights_sitenote_active":false,"_monsterinsights_sitenote_note":"","_monsterinsights_sitenote_category":0,"_uf_show_specific_survey":0,"_uf_disable_surveys":false,"footnotes":""},"categories":[1127],"tags":[448,347,449,379,450],"class_list":["post-25653","post","type-post","status-publish","format-standard","hentry","category-comunicats-posicionaments","tag-stopislamofobia","tag-antiracisme","tag-islamofobia","tag-racisme","tag-ucfr"],"yoast_head":"<!-- This site is optimized with the Yoast SEO plugin v27.5 - https:\/\/yoast.com\/product\/yoast-seo-wordpress\/ -->\n<title>Ens adherim a la campanya #StopIslamof\u00f2bia d&#039;UCFR - Esplac<\/title>\n<meta name=\"robots\" content=\"index, follow, max-snippet:-1, max-image-preview:large, max-video-preview:-1\" \/>\n<link rel=\"canonical\" href=\"https:\/\/www.esplac.cat\/campanya-stop-islamofobia-ucfr\/\" \/>\n<meta property=\"og:locale\" content=\"es_ES\" \/>\n<meta property=\"og:type\" content=\"article\" \/>\n<meta property=\"og:title\" content=\"Ens adherim a la campanya #StopIslamof\u00f2bia d&#039;UCFR - Esplac\" \/>\n<meta property=\"og:description\" content=\"Esplais Catalans donem el nostre suport a la campanya #StopIslamof\u00f2bia, [&hellip;]\" \/>\n<meta property=\"og:url\" content=\"https:\/\/www.esplac.cat\/campanya-stop-islamofobia-ucfr\/\" \/>\n<meta property=\"og:site_name\" content=\"Esplac\" \/>\n<meta property=\"article:published_time\" content=\"2015-02-19T11:31:03+00:00\" \/>\n<meta property=\"og:image\" content=\"https:\/\/www.esplac.cat\/wp-content\/uploads\/2019\/11\/logo-open.jpg\" \/>\n\t<meta property=\"og:image:width\" content=\"1200\" \/>\n\t<meta property=\"og:image:height\" content=\"630\" \/>\n\t<meta property=\"og:image:type\" content=\"image\/jpeg\" \/>\n<meta name=\"author\" content=\"Comunicaci\u00f3 Esplac\" \/>\n<meta name=\"twitter:card\" content=\"summary_large_image\" \/>\n<meta name=\"twitter:label1\" content=\"Escrito por\" \/>\n\t<meta name=\"twitter:data1\" content=\"Comunicaci\u00f3 Esplac\" \/>\n\t<meta name=\"twitter:label2\" content=\"Tiempo de lectura\" \/>\n\t<meta name=\"twitter:data2\" content=\"4 minutos\" \/>\n<script type=\"application\/ld+json\" class=\"yoast-schema-graph\">{\"@context\":\"https:\\\/\\\/schema.org\",\"@graph\":[{\"@type\":\"Article\",\"@id\":\"https:\\\/\\\/www.esplac.cat\\\/campanya-stop-islamofobia-ucfr\\\/#article\",\"isPartOf\":{\"@id\":\"https:\\\/\\\/www.esplac.cat\\\/campanya-stop-islamofobia-ucfr\\\/\"},\"author\":{\"name\":\"Comunicaci\u00f3 Esplac\",\"@id\":\"https:\\\/\\\/www.esplac.cat\\\/#\\\/schema\\\/person\\\/908383cf240be18b68f8855d0583faca\"},\"headline\":\"Ens adherim a la campanya #StopIslamof\u00f2bia d&#8217;UCFR\",\"datePublished\":\"2015-02-19T11:31:03+00:00\",\"mainEntityOfPage\":{\"@id\":\"https:\\\/\\\/www.esplac.cat\\\/campanya-stop-islamofobia-ucfr\\\/\"},\"wordCount\":722,\"commentCount\":0,\"publisher\":{\"@id\":\"https:\\\/\\\/www.esplac.cat\\\/#organization\"},\"keywords\":[\"#stopislamof\u00f2bia\",\"antiracisme\",\"islamof\u00f2bia\",\"racisme\",\"UCFR\"],\"articleSection\":[\"Comunicats i posicionaments\"],\"inLanguage\":\"es\",\"potentialAction\":[{\"@type\":\"CommentAction\",\"name\":\"Comment\",\"target\":[\"https:\\\/\\\/www.esplac.cat\\\/campanya-stop-islamofobia-ucfr\\\/#respond\"]}]},{\"@type\":\"WebPage\",\"@id\":\"https:\\\/\\\/www.esplac.cat\\\/campanya-stop-islamofobia-ucfr\\\/\",\"url\":\"https:\\\/\\\/www.esplac.cat\\\/campanya-stop-islamofobia-ucfr\\\/\",\"name\":\"Ens adherim a la campanya #StopIslamof\u00f2bia d'UCFR - Esplac\",\"isPartOf\":{\"@id\":\"https:\\\/\\\/www.esplac.cat\\\/#website\"},\"datePublished\":\"2015-02-19T11:31:03+00:00\",\"breadcrumb\":{\"@id\":\"https:\\\/\\\/www.esplac.cat\\\/campanya-stop-islamofobia-ucfr\\\/#breadcrumb\"},\"inLanguage\":\"es\",\"potentialAction\":[{\"@type\":\"ReadAction\",\"target\":[\"https:\\\/\\\/www.esplac.cat\\\/campanya-stop-islamofobia-ucfr\\\/\"]}]},{\"@type\":\"BreadcrumbList\",\"@id\":\"https:\\\/\\\/www.esplac.cat\\\/campanya-stop-islamofobia-ucfr\\\/#breadcrumb\",\"itemListElement\":[{\"@type\":\"ListItem\",\"position\":1,\"name\":\"Inici\",\"item\":\"https:\\\/\\\/www.esplac.cat\\\/es\\\/\"},{\"@type\":\"ListItem\",\"position\":2,\"name\":\"Ens adherim a la campanya #StopIslamof\u00f2bia d&#8217;UCFR\"}]},{\"@type\":\"WebSite\",\"@id\":\"https:\\\/\\\/www.esplac.cat\\\/#website\",\"url\":\"https:\\\/\\\/www.esplac.cat\\\/\",\"name\":\"Esplac\",\"description\":\"Esplais Catalans\",\"publisher\":{\"@id\":\"https:\\\/\\\/www.esplac.cat\\\/#organization\"},\"potentialAction\":[{\"@type\":\"SearchAction\",\"target\":{\"@type\":\"EntryPoint\",\"urlTemplate\":\"https:\\\/\\\/www.esplac.cat\\\/?s={search_term_string}\"},\"query-input\":{\"@type\":\"PropertyValueSpecification\",\"valueRequired\":true,\"valueName\":\"search_term_string\"}}],\"inLanguage\":\"es\"},{\"@type\":\"Organization\",\"@id\":\"https:\\\/\\\/www.esplac.cat\\\/#organization\",\"name\":\"Esplac\",\"url\":\"https:\\\/\\\/www.esplac.cat\\\/\",\"logo\":{\"@type\":\"ImageObject\",\"inLanguage\":\"es\",\"@id\":\"https:\\\/\\\/www.esplac.cat\\\/#\\\/schema\\\/logo\\\/image\\\/\",\"url\":\"https:\\\/\\\/www.esplac.cat\\\/wp-content\\\/uploads\\\/2019\\\/08\\\/logox2.png\",\"contentUrl\":\"https:\\\/\\\/www.esplac.cat\\\/wp-content\\\/uploads\\\/2019\\\/08\\\/logox2.png\",\"width\":600,\"height\":295,\"caption\":\"Esplac\"},\"image\":{\"@id\":\"https:\\\/\\\/www.esplac.cat\\\/#\\\/schema\\\/logo\\\/image\\\/\"}},{\"@type\":\"Person\",\"@id\":\"https:\\\/\\\/www.esplac.cat\\\/#\\\/schema\\\/person\\\/908383cf240be18b68f8855d0583faca\",\"name\":\"Comunicaci\u00f3 Esplac\",\"image\":{\"@type\":\"ImageObject\",\"inLanguage\":\"es\",\"@id\":\"https:\\\/\\\/secure.gravatar.com\\\/avatar\\\/7a4cf8feb412a76ea4a740ca02d95b06b2907b5a6c648c2dd0a1082a093c3141?s=96&d=mm&r=g\",\"url\":\"https:\\\/\\\/secure.gravatar.com\\\/avatar\\\/7a4cf8feb412a76ea4a740ca02d95b06b2907b5a6c648c2dd0a1082a093c3141?s=96&d=mm&r=g\",\"contentUrl\":\"https:\\\/\\\/secure.gravatar.com\\\/avatar\\\/7a4cf8feb412a76ea4a740ca02d95b06b2907b5a6c648c2dd0a1082a093c3141?s=96&d=mm&r=g\",\"caption\":\"Comunicaci\u00f3 Esplac\"}}]}<\/script>\n<!-- \/ Yoast SEO plugin. -->","yoast_head_json":{"title":"Ens adherim a la campanya #StopIslamof\u00f2bia d'UCFR - Esplac","robots":{"index":"index","follow":"follow","max-snippet":"max-snippet:-1","max-image-preview":"max-image-preview:large","max-video-preview":"max-video-preview:-1"},"canonical":"https:\/\/www.esplac.cat\/campanya-stop-islamofobia-ucfr\/","og_locale":"es_ES","og_type":"article","og_title":"Ens adherim a la campanya #StopIslamof\u00f2bia d'UCFR - Esplac","og_description":"Esplais Catalans donem el nostre suport a la campanya #StopIslamof\u00f2bia, [&hellip;]","og_url":"https:\/\/www.esplac.cat\/campanya-stop-islamofobia-ucfr\/","og_site_name":"Esplac","article_published_time":"2015-02-19T11:31:03+00:00","og_image":[{"width":1200,"height":630,"url":"https:\/\/www.esplac.cat\/wp-content\/uploads\/2019\/11\/logo-open.jpg","type":"image\/jpeg"}],"author":"Comunicaci\u00f3 Esplac","twitter_card":"summary_large_image","twitter_misc":{"Escrito por":"Comunicaci\u00f3 Esplac","Tiempo de lectura":"4 minutos"},"schema":{"@context":"https:\/\/schema.org","@graph":[{"@type":"Article","@id":"https:\/\/www.esplac.cat\/campanya-stop-islamofobia-ucfr\/#article","isPartOf":{"@id":"https:\/\/www.esplac.cat\/campanya-stop-islamofobia-ucfr\/"},"author":{"name":"Comunicaci\u00f3 Esplac","@id":"https:\/\/www.esplac.cat\/#\/schema\/person\/908383cf240be18b68f8855d0583faca"},"headline":"Ens adherim a la campanya #StopIslamof\u00f2bia d&#8217;UCFR","datePublished":"2015-02-19T11:31:03+00:00","mainEntityOfPage":{"@id":"https:\/\/www.esplac.cat\/campanya-stop-islamofobia-ucfr\/"},"wordCount":722,"commentCount":0,"publisher":{"@id":"https:\/\/www.esplac.cat\/#organization"},"keywords":["#stopislamof\u00f2bia","antiracisme","islamof\u00f2bia","racisme","UCFR"],"articleSection":["Comunicats i posicionaments"],"inLanguage":"es","potentialAction":[{"@type":"CommentAction","name":"Comment","target":["https:\/\/www.esplac.cat\/campanya-stop-islamofobia-ucfr\/#respond"]}]},{"@type":"WebPage","@id":"https:\/\/www.esplac.cat\/campanya-stop-islamofobia-ucfr\/","url":"https:\/\/www.esplac.cat\/campanya-stop-islamofobia-ucfr\/","name":"Ens adherim a la campanya #StopIslamof\u00f2bia d'UCFR - Esplac","isPartOf":{"@id":"https:\/\/www.esplac.cat\/#website"},"datePublished":"2015-02-19T11:31:03+00:00","breadcrumb":{"@id":"https:\/\/www.esplac.cat\/campanya-stop-islamofobia-ucfr\/#breadcrumb"},"inLanguage":"es","potentialAction":[{"@type":"ReadAction","target":["https:\/\/www.esplac.cat\/campanya-stop-islamofobia-ucfr\/"]}]},{"@type":"BreadcrumbList","@id":"https:\/\/www.esplac.cat\/campanya-stop-islamofobia-ucfr\/#breadcrumb","itemListElement":[{"@type":"ListItem","position":1,"name":"Inici","item":"https:\/\/www.esplac.cat\/es\/"},{"@type":"ListItem","position":2,"name":"Ens adherim a la campanya #StopIslamof\u00f2bia d&#8217;UCFR"}]},{"@type":"WebSite","@id":"https:\/\/www.esplac.cat\/#website","url":"https:\/\/www.esplac.cat\/","name":"Esplac","description":"Esplais Catalans","publisher":{"@id":"https:\/\/www.esplac.cat\/#organization"},"potentialAction":[{"@type":"SearchAction","target":{"@type":"EntryPoint","urlTemplate":"https:\/\/www.esplac.cat\/?s={search_term_string}"},"query-input":{"@type":"PropertyValueSpecification","valueRequired":true,"valueName":"search_term_string"}}],"inLanguage":"es"},{"@type":"Organization","@id":"https:\/\/www.esplac.cat\/#organization","name":"Esplac","url":"https:\/\/www.esplac.cat\/","logo":{"@type":"ImageObject","inLanguage":"es","@id":"https:\/\/www.esplac.cat\/#\/schema\/logo\/image\/","url":"https:\/\/www.esplac.cat\/wp-content\/uploads\/2019\/08\/logox2.png","contentUrl":"https:\/\/www.esplac.cat\/wp-content\/uploads\/2019\/08\/logox2.png","width":600,"height":295,"caption":"Esplac"},"image":{"@id":"https:\/\/www.esplac.cat\/#\/schema\/logo\/image\/"}},{"@type":"Person","@id":"https:\/\/www.esplac.cat\/#\/schema\/person\/908383cf240be18b68f8855d0583faca","name":"Comunicaci\u00f3 Esplac","image":{"@type":"ImageObject","inLanguage":"es","@id":"https:\/\/secure.gravatar.com\/avatar\/7a4cf8feb412a76ea4a740ca02d95b06b2907b5a6c648c2dd0a1082a093c3141?s=96&d=mm&r=g","url":"https:\/\/secure.gravatar.com\/avatar\/7a4cf8feb412a76ea4a740ca02d95b06b2907b5a6c648c2dd0a1082a093c3141?s=96&d=mm&r=g","contentUrl":"https:\/\/secure.gravatar.com\/avatar\/7a4cf8feb412a76ea4a740ca02d95b06b2907b5a6c648c2dd0a1082a093c3141?s=96&d=mm&r=g","caption":"Comunicaci\u00f3 Esplac"}}]}},"_links":{"self":[{"href":"https:\/\/www.esplac.cat\/es\/wp-json\/wp\/v2\/posts\/25653","targetHints":{"allow":["GET"]}}],"collection":[{"href":"https:\/\/www.esplac.cat\/es\/wp-json\/wp\/v2\/posts"}],"about":[{"href":"https:\/\/www.esplac.cat\/es\/wp-json\/wp\/v2\/types\/post"}],"author":[{"embeddable":true,"href":"https:\/\/www.esplac.cat\/es\/wp-json\/wp\/v2\/users\/3"}],"replies":[{"embeddable":true,"href":"https:\/\/www.esplac.cat\/es\/wp-json\/wp\/v2\/comments?post=25653"}],"version-history":[{"count":0,"href":"https:\/\/www.esplac.cat\/es\/wp-json\/wp\/v2\/posts\/25653\/revisions"}],"wp:attachment":[{"href":"https:\/\/www.esplac.cat\/es\/wp-json\/wp\/v2\/media?parent=25653"}],"wp:term":[{"taxonomy":"category","embeddable":true,"href":"https:\/\/www.esplac.cat\/es\/wp-json\/wp\/v2\/categories?post=25653"},{"taxonomy":"post_tag","embeddable":true,"href":"https:\/\/www.esplac.cat\/es\/wp-json\/wp\/v2\/tags?post=25653"}],"curies":[{"name":"wp","href":"https:\/\/api.w.org\/{rel}","templated":true}]}}